{"id":970,"date":"2024-08-13T09:35:57","date_gmt":"2024-08-13T07:35:57","guid":{"rendered":"https:\/\/alimagro.es\/?p=970"},"modified":"2024-08-13T09:35:57","modified_gmt":"2024-08-13T07:35:57","slug":"alimagro-cumple-un-lustro-como-escaparate-del-sector-agrario-en-xinzo-de-limia","status":"publish","type":"post","link":"https:\/\/alimagro.es\/gl\/2024\/08\/13\/alimagro-cumple-un-lustro-como-escaparate-del-sector-agrario-en-xinzo-de-limia\/","title":{"rendered":"Alimagro cumpre cinco anos como escaparate do sector agrario en Xinzo de Limia"},"content":{"rendered":"<p>A&nbsp;<strong>V edici\u00f3n de&nbsp;<a href=\"https:\/\/alimagro.es\/gl\/\">Alimagro<\/a><\/strong>&nbsp;volver\u00e1 ser o escaparate do sector agrario en&nbsp;<strong>Xinzo de Limia (Ourense)<\/strong>,&nbsp;<strong>del 31 de agosto al 1 de septiembre<\/strong>, cunha exposici\u00f3n de maquinaria; a Feira d\u00e1 Pataca, que incl\u00fae a segunda Xornada T\u00e9cnica dedicada ao cultivo, e a Feira do Comercio.<\/p>\n<p>A presentaci\u00f3n deste evento tivo lugar este venres na Delegaci\u00f3n Territorial da Xunta de Galicia en Ourense. No acto participaron o&nbsp;<strong>delegado Territorial da Xunta,&nbsp;<\/strong>Manuel Pardo; el&nbsp;<strong>deputado provincial de Representaci\u00f3n Institucional,<\/strong>&nbsp;Rosendo Luis Fern\u00e1ndez; el&nbsp;<strong>alcalde de Xinzo de Limia,<\/strong>&nbsp;Amador D\u00edaz; la presidenta de ProLimia, Concepci\u00f3n Conde, y el&nbsp;<strong>director de Revista Campo,<\/strong>&nbsp;M\u00e1ximo G\u00f3mez.<\/p>\n<p>Esta feira, organizada polo Concello de Xinzo de Limia coa colaboraci\u00f3n da Deputaci\u00f3n de Ourense, a Xunta de Galicia, o Consello Regulador da Indicaci\u00f3n Xeogr\u00e1fica Protexida da Pataca de Galicia, o Inorde \u00a0e Coren, sit\u00faase entre as dez maiores feiras do sector a nivel nacional.<\/p>\n<p>El delegado Territorial da Xunta en Ourense, Manuel Pardo, ha querido poner en valor la celebraci\u00f3n de esta feria en la&nbsp;<strong>comarca de la Limia<\/strong>, na que \u201c<strong>m\u00e1is de 300 agricultores<\/strong>&nbsp;cultivan entre 3.500 e 3.800 hect\u00e1reas, das que extraen&nbsp;<strong>120 mill\u00f3ns de quilos de pataca<\/strong>\u201d. Un sector que conta co apoio da instituci\u00f3n rexional a trav\u00e9s de diversas medidas, como as recentes modernizaci\u00f3ns de regad\u00edos promovidas.&nbsp;<\/p>\n<p><img loading=\"lazy\" decoding=\"async\" class=\"aligncenter wp-image-972 size-full\" src=\"https:\/\/alimagro.es\/wp-content\/uploads\/2024\/08\/Presentacion-Alimagro-scaled.jpg\" alt=\"Delegado Territorial da Xunta, Manuel Pardo, en la presentaci\u00f3n de Alimagro 2024\" width=\"2560\" height=\"1707\" srcset=\"https:\/\/alimagro.es\/wp-content\/uploads\/2024\/08\/Presentacion-Alimagro-scaled.jpg 2560w, https:\/\/alimagro.es\/wp-content\/uploads\/2024\/08\/Presentacion-Alimagro-300x200.jpg 300w, https:\/\/alimagro.es\/wp-content\/uploads\/2024\/08\/Presentacion-Alimagro-1024x683.jpg 1024w, https:\/\/alimagro.es\/wp-content\/uploads\/2024\/08\/Presentacion-Alimagro-768x512.jpg 768w, https:\/\/alimagro.es\/wp-content\/uploads\/2024\/08\/Presentacion-Alimagro-1536x1024.jpg 1536w, https:\/\/alimagro.es\/wp-content\/uploads\/2024\/08\/Presentacion-Alimagro-2048x1365.jpg 2048w, https:\/\/alimagro.es\/wp-content\/uploads\/2024\/08\/Presentacion-Alimagro-18x12.jpg 18w, https:\/\/alimagro.es\/wp-content\/uploads\/2024\/08\/Presentacion-Alimagro-696x464.jpg 696w, https:\/\/alimagro.es\/wp-content\/uploads\/2024\/08\/Presentacion-Alimagro-1068x712.jpg 1068w, https:\/\/alimagro.es\/wp-content\/uploads\/2024\/08\/Presentacion-Alimagro-1920x1280.jpg 1920w\" sizes=\"auto, (max-width: 2560px) 100vw, 2560px\" \/><\/p>\n<p>Neste punto, \u201cAlimagro sup\u00f3n&nbsp;<strong>un aut\u00e9ntico escaparate da pataca<\/strong>\u201d, tal e como afirmou o deputado provincial de Representaci\u00f3n Institucional, Rosendo Luis Fern\u00e1ndez. \u201cA feira aposta por&nbsp;<strong>a mecanizaci\u00f3n e a tecnolox\u00eda<\/strong>&nbsp;para conseguir o mellor produto, ademais de cuesti\u00f3ns como \u201ca&nbsp;<strong>calidade, a formaci\u00f3n e a innovaci\u00f3n<\/strong>&nbsp;como claves para garantir o futuro do sector\u201d, sinalaba.<\/p>\n<p>\u201cAlimagro conta cun espazo de&nbsp;<strong>m\u00e1is de 20.000 metros cadrados&nbsp;<\/strong>e a exposici\u00f3n de m\u00e1is de<strong>&nbsp;100 marcas<\/strong>&nbsp;<strong>de maquinaria<\/strong>&nbsp;representadas, ademais de distintas actividades formativas, l\u00fadicas e de lecer\u201d, destacou o alcalde de Xinzo de Limia, Amador D\u00edaz.<\/p>\n<p>Esta seria tam\u00e9n ter\u00e1 un espazo para o debate, tal e como explicou M\u00e1ximo G\u00f3mez, director da Revista Campo, quen destacou a importancia de Galicia no cultivo, que&nbsp;<strong>lidera a ranking nacional<\/strong>&nbsp;de pataca cunha superficie de 13.835 hect\u00e1reas. \u201cAlimagro promove a&nbsp;<strong>profesionalizaci\u00f3n do sector<\/strong>&nbsp;a trav\u00e9s de distintas mesas debate nas que profesionais galegos e do \u00e1mbito nacional analizar\u00e1n cuesti\u00f3ns de especial relevancia como&nbsp;<strong>a semente, a sanidade ou os mercados<\/strong>\u201d, explicou. O obxectivo non \u00e9 outro que \u201ctrasladar o \u00e9xito da pataca galega ao resto de Espa\u00f1a e garantir a sustentabilidade econ\u00f3mica, social e ambiental dos profesionais do campo\u201d, conclu\u00edu.<\/p>\n<h2 class=\"wp-block-heading\">Diferentes espazos<\/h2>\n<p>A feira, que se converteu nun evento de referencia nacional, div\u00eddese en varios espazos: a&nbsp;<strong>exposici\u00f3n de maquinaria<\/strong>&nbsp;rodear\u00e1 o Parque do Toural e estenderase ao longo da avenida do Dous de Mayo, a carpa que acoller\u00e1 a&nbsp;<strong>Feira da Pataca<\/strong>&nbsp;ao final da citada avenida e&nbsp;<strong>a Feira do Comercio,&nbsp;<\/strong>dentro do Pavill\u00f3n de Deportes, que contrib\u00fae a facer m\u00e1is popular a convocatoria de Alimagro.<\/p>\n<figure id=\"attachment_973\" aria-describedby=\"caption-attachment-973\" style=\"width: 2560px\" class=\"wp-caption alignnone\"><img loading=\"lazy\" decoding=\"async\" class=\"wp-image-973 size-full\" src=\"https:\/\/alimagro.es\/wp-content\/uploads\/2024\/08\/Feria-de-la-Pataca-Xinzo-de-Limia-Alimagro-3-scaled.jpg\" alt=\"Alimagro 2023\" width=\"2560\" height=\"1920\" srcset=\"https:\/\/alimagro.es\/wp-content\/uploads\/2024\/08\/Feria-de-la-Pataca-Xinzo-de-Limia-Alimagro-3-scaled.jpg 2560w, https:\/\/alimagro.es\/wp-content\/uploads\/2024\/08\/Feria-de-la-Pataca-Xinzo-de-Limia-Alimagro-3-300x225.jpg 300w, https:\/\/alimagro.es\/wp-content\/uploads\/2024\/08\/Feria-de-la-Pataca-Xinzo-de-Limia-Alimagro-3-1024x768.jpg 1024w, https:\/\/alimagro.es\/wp-content\/uploads\/2024\/08\/Feria-de-la-Pataca-Xinzo-de-Limia-Alimagro-3-768x576.jpg 768w, https:\/\/alimagro.es\/wp-content\/uploads\/2024\/08\/Feria-de-la-Pataca-Xinzo-de-Limia-Alimagro-3-1536x1152.jpg 1536w, https:\/\/alimagro.es\/wp-content\/uploads\/2024\/08\/Feria-de-la-Pataca-Xinzo-de-Limia-Alimagro-3-2048x1536.jpg 2048w, https:\/\/alimagro.es\/wp-content\/uploads\/2024\/08\/Feria-de-la-Pataca-Xinzo-de-Limia-Alimagro-3-16x12.jpg 16w, https:\/\/alimagro.es\/wp-content\/uploads\/2024\/08\/Feria-de-la-Pataca-Xinzo-de-Limia-Alimagro-3-696x522.jpg 696w, https:\/\/alimagro.es\/wp-content\/uploads\/2024\/08\/Feria-de-la-Pataca-Xinzo-de-Limia-Alimagro-3-1068x801.jpg 1068w, https:\/\/alimagro.es\/wp-content\/uploads\/2024\/08\/Feria-de-la-Pataca-Xinzo-de-Limia-Alimagro-3-1920x1440.jpg 1920w\" sizes=\"auto, (max-width: 2560px) 100vw, 2560px\" \/><figcaption id=\"caption-attachment-973\" class=\"wp-caption-text\">Alimagro 2023<\/figcaption><\/figure>\n<p>A cita conta cun espazo moi importante dedicado a&nbsp;<strong>a innovaci\u00f3n vinculada \u00e1 maquinaria agr\u00edcola<\/strong>. O visitante poder\u00e1 co\u00f1ecer todas as novidades en relaci\u00f3n cos tractores e a maquinaria empregada nos principais cultivos da comarca e de Galicia, desde a pataca ao vi\u00f1edo.<\/p>\n<p>Estar\u00e1n presentes todas as grandes marcas que operan no mercado, o que reforza a condici\u00f3n de Alimagro como&nbsp;<strong>referente agrario do noroeste peninsular<\/strong>.<\/p>\n<h2 class=\"wp-block-heading\">II Jornada T\u00e9cnica de la Patata<\/h2>\n<p>Nese mesmo sentido, destaca a&nbsp;<strong>segunda edici\u00f3n da Jornada T\u00e9cnica de la Patata,<\/strong>&nbsp;que permitir\u00e1 aos asistentes analizar os principais retos que ten o cultivo, como a dificultade para conseguir pataca de sementa certificada.<\/p>\n<p>Outra dificultade reside na eliminaci\u00f3n de materias activas autorizadas para a loita contra as enfermidades da pataca, que en numerosas ocasi\u00f3ns afectan severamente os rendementos e ao aspecto do tub\u00e9rculo.<\/p>\n<p><img loading=\"lazy\" decoding=\"async\" class=\"aligncenter wp-image-974 size-full\" src=\"https:\/\/alimagro.es\/wp-content\/uploads\/2024\/08\/Presentacion-Alimagro-2024-2-scaled.jpg\" alt=\"Un momento de la presentaci\u00f3n de Alimagro 2024\" width=\"2560\" height=\"1707\" srcset=\"https:\/\/alimagro.es\/wp-content\/uploads\/2024\/08\/Presentacion-Alimagro-2024-2-scaled.jpg 2560w, https:\/\/alimagro.es\/wp-content\/uploads\/2024\/08\/Presentacion-Alimagro-2024-2-300x200.jpg 300w, https:\/\/alimagro.es\/wp-content\/uploads\/2024\/08\/Presentacion-Alimagro-2024-2-1024x683.jpg 1024w, https:\/\/alimagro.es\/wp-content\/uploads\/2024\/08\/Presentacion-Alimagro-2024-2-768x512.jpg 768w, https:\/\/alimagro.es\/wp-content\/uploads\/2024\/08\/Presentacion-Alimagro-2024-2-1536x1024.jpg 1536w, https:\/\/alimagro.es\/wp-content\/uploads\/2024\/08\/Presentacion-Alimagro-2024-2-2048x1365.jpg 2048w, https:\/\/alimagro.es\/wp-content\/uploads\/2024\/08\/Presentacion-Alimagro-2024-2-18x12.jpg 18w, https:\/\/alimagro.es\/wp-content\/uploads\/2024\/08\/Presentacion-Alimagro-2024-2-696x464.jpg 696w, https:\/\/alimagro.es\/wp-content\/uploads\/2024\/08\/Presentacion-Alimagro-2024-2-1068x712.jpg 1068w, https:\/\/alimagro.es\/wp-content\/uploads\/2024\/08\/Presentacion-Alimagro-2024-2-1920x1280.jpg 1920w\" sizes=\"auto, (max-width: 2560px) 100vw, 2560px\" \/><\/p>\n<p>A iniciativa, organizada por Revista Campo xunto co Concello de Xinzo, ter\u00e1 un car\u00e1cter m\u00e1is t\u00e9cnico, m\u00e1is profesional e m\u00e1is \u00fatil para o sector. Alimagro cel\u00e9brase nun contexto de bos prezos, cun mercado que leva meses aguantando o tipo e cunha t\u00f3nica que se manter\u00e1 en toda Espa\u00f1a durante os pr\u00f3ximos meses. Todo apunta a que eses niveis de prezos manteranse cando se empezo a arrincar a pataca na comarca da Limia, a finais de setembro.<\/p>\n<h2 class=\"wp-block-heading\">Pueblos Productores de Patata<\/h2>\n<p>Esta edici\u00f3n, ademais, contar\u00e1 coa representaci\u00f3n da&nbsp;<strong>Asociaci\u00f3n de Municipios Productores de Patata<\/strong>, que segue promovendo o Concello de Xinzo de Limia a trav\u00e9s da presidencia do seu alcalde, Amador D\u00edaz. Esta asociaci\u00f3n agrupa a localidades de diversos puntos de Espa\u00f1a e Portugal, e tam\u00e9n impulsa os irmandamentos con outros concellos situados en zonas produtoras.<\/p>","protected":false},"excerpt":{"rendered":"<p>La&nbsp;V edici\u00f3n de&nbsp;Alimagro&nbsp;volver\u00e1 a ser el escaparate del sector agrario en&nbsp;Xinzo de Limia (Ourense),&nbsp;del 31 de agosto al 1 de septiembre, con una exposici\u00f3n de maquinaria; la Feira da Pataca, que incluye la segunda Jornada T\u00e9cnica dedicada al cultivo, y la Feira do Comercio. La presentaci\u00f3n de este evento tuvo lugar este viernes en la [&hellip;]<\/p>","protected":false},"author":7,"featured_media":971,"comment_status":"closed","ping_status":"closed","sticky":false,"template":"","format":"standard","meta":{"ngg_post_thumbnail":0,"footnotes":""},"categories":[2],"tags":[67,18,23,69,22,70,19],"class_list":{"0":"post-970","1":"post","2":"type-post","3":"status-publish","4":"format-standard","5":"has-post-thumbnail","7":"category-featured","8":"tag-agricultura","9":"tag-alimagro","10":"tag-feria-da-pataca","11":"tag-feria-maquinaria","12":"tag-patata-gallega","13":"tag-patata-xinzo-de-limia","14":"tag-xinzo-de-limia"},"yoast_head":"<!-- This site is optimized with the Yoast SEO plugin v25.8 - https:\/\/yoast.com\/wordpress\/plugins\/seo\/ -->\n<title>Alimagro cumple un lustro como escaparate del sector agrario en Xinzo de Limia | Alimagro<\/title>\n<meta name=\"robots\" content=\"index, follow, max-snippet:-1, max-image-preview:large, max-video-preview:-1\" \/>\n<link rel=\"canonical\" href=\"https:\/\/alimagro.es\/gl\/2024\/08\/13\/alimagro-cumple-un-lustro-como-escaparate-del-sector-agrario-en-xinzo-de-limia\/\" \/>\n<meta property=\"og:locale\" content=\"gl_ES\" \/>\n<meta property=\"og:type\" content=\"article\" \/>\n<meta property=\"og:title\" content=\"Alimagro cumple un lustro como escaparate del sector agrario en Xinzo de Limia | Alimagro\" \/>\n<meta property=\"og:description\" content=\"La&nbsp;V edici\u00f3n de&nbsp;Alimagro&nbsp;volver\u00e1 a ser el escaparate del sector agrario en&nbsp;Xinzo de Limia (Ourense),&nbsp;del 31 de agosto al 1 de septiembre, con una exposici\u00f3n de maquinaria; la Feira da Pataca, que incluye la segunda Jornada T\u00e9cnica dedicada al cultivo, y la Feira do Comercio. La presentaci\u00f3n de este evento tuvo lugar este viernes en la [&hellip;]\" \/>\n<meta property=\"og:url\" content=\"https:\/\/alimagro.es\/gl\/2024\/08\/13\/alimagro-cumple-un-lustro-como-escaparate-del-sector-agrario-en-xinzo-de-limia\/\" \/>\n<meta property=\"og:site_name\" content=\"Alimagro\" \/>\n<meta property=\"article:publisher\" content=\"https:\/\/www.facebook.com\/people\/Alimagro\/100095025612077\/\" \/>\n<meta property=\"article:published_time\" content=\"2024-08-13T07:35:57+00:00\" \/>\n<meta property=\"og:image\" content=\"https:\/\/alimagro.es\/wp-content\/uploads\/2024\/08\/Presentacion-Alimagro-2024-1-scaled.jpg\" \/>\n\t<meta property=\"og:image:width\" content=\"2560\" \/>\n\t<meta property=\"og:image:height\" content=\"1707\" \/>\n\t<meta property=\"og:image:type\" content=\"image\/jpeg\" \/>\n<meta name=\"author\" content=\"Mar\u00eda \u00c1lvarez\" \/>\n<meta name=\"twitter:card\" content=\"summary_large_image\" \/>\n<meta name=\"twitter:label1\" content=\"Escrito por\" \/>\n\t<meta name=\"twitter:data1\" content=\"Mar\u00eda \u00c1lvarez\" \/>\n\t<meta name=\"twitter:label2\" content=\"Tempo de lectura\" \/>\n\t<meta name=\"twitter:data2\" content=\"5 minutos\" \/>\n<script type=\"application\/ld+json\" class=\"yoast-schema-graph\">{\"@context\":\"https:\/\/schema.org\",\"@graph\":[{\"@type\":\"Article\",\"@id\":\"https:\/\/alimagro.es\/2024\/08\/13\/alimagro-cumple-un-lustro-como-escaparate-del-sector-agrario-en-xinzo-de-limia\/#article\",\"isPartOf\":{\"@id\":\"https:\/\/alimagro.es\/2024\/08\/13\/alimagro-cumple-un-lustro-como-escaparate-del-sector-agrario-en-xinzo-de-limia\/\"},\"author\":{\"name\":\"Mar\u00eda \u00c1lvarez\",\"@id\":\"https:\/\/alimagro.es\/#\/schema\/person\/89860ad1bd667547b21c7a338776d78b\"},\"headline\":\"Alimagro cumple un lustro como escaparate del sector agrario en Xinzo de Limia\",\"datePublished\":\"2024-08-13T07:35:57+00:00\",\"mainEntityOfPage\":{\"@id\":\"https:\/\/alimagro.es\/2024\/08\/13\/alimagro-cumple-un-lustro-como-escaparate-del-sector-agrario-en-xinzo-de-limia\/\"},\"wordCount\":947,\"publisher\":{\"@id\":\"https:\/\/alimagro.es\/#organization\"},\"image\":{\"@id\":\"https:\/\/alimagro.es\/2024\/08\/13\/alimagro-cumple-un-lustro-como-escaparate-del-sector-agrario-en-xinzo-de-limia\/#primaryimage\"},\"thumbnailUrl\":\"https:\/\/alimagro.es\/wp-content\/uploads\/2024\/08\/Presentacion-Alimagro-2024-1-scaled.jpg\",\"keywords\":[\"agricultura\",\"Alimagro\",\"Feria da pataca\",\"Feria Maquinaria\",\"Patata Gallega\",\"Patata Xinzo de Limia\",\"Xinzo de Limia\"],\"articleSection\":[\"Featured\"],\"inLanguage\":\"gl-ES\"},{\"@type\":\"WebPage\",\"@id\":\"https:\/\/alimagro.es\/2024\/08\/13\/alimagro-cumple-un-lustro-como-escaparate-del-sector-agrario-en-xinzo-de-limia\/\",\"url\":\"https:\/\/alimagro.es\/2024\/08\/13\/alimagro-cumple-un-lustro-como-escaparate-del-sector-agrario-en-xinzo-de-limia\/\",\"name\":\"Alimagro cumple un lustro como escaparate del sector agrario en Xinzo de Limia | Alimagro\",\"isPartOf\":{\"@id\":\"https:\/\/alimagro.es\/#website\"},\"primaryImageOfPage\":{\"@id\":\"https:\/\/alimagro.es\/2024\/08\/13\/alimagro-cumple-un-lustro-como-escaparate-del-sector-agrario-en-xinzo-de-limia\/#primaryimage\"},\"image\":{\"@id\":\"https:\/\/alimagro.es\/2024\/08\/13\/alimagro-cumple-un-lustro-como-escaparate-del-sector-agrario-en-xinzo-de-limia\/#primaryimage\"},\"thumbnailUrl\":\"https:\/\/alimagro.es\/wp-content\/uploads\/2024\/08\/Presentacion-Alimagro-2024-1-scaled.jpg\",\"datePublished\":\"2024-08-13T07:35:57+00:00\",\"breadcrumb\":{\"@id\":\"https:\/\/alimagro.es\/2024\/08\/13\/alimagro-cumple-un-lustro-como-escaparate-del-sector-agrario-en-xinzo-de-limia\/#breadcrumb\"},\"inLanguage\":\"gl-ES\",\"potentialAction\":[{\"@type\":\"ReadAction\",\"target\":[\"https:\/\/alimagro.es\/2024\/08\/13\/alimagro-cumple-un-lustro-como-escaparate-del-sector-agrario-en-xinzo-de-limia\/\"]}]},{\"@type\":\"ImageObject\",\"inLanguage\":\"gl-ES\",\"@id\":\"https:\/\/alimagro.es\/2024\/08\/13\/alimagro-cumple-un-lustro-como-escaparate-del-sector-agrario-en-xinzo-de-limia\/#primaryimage\",\"url\":\"https:\/\/alimagro.es\/wp-content\/uploads\/2024\/08\/Presentacion-Alimagro-2024-1-scaled.jpg\",\"contentUrl\":\"https:\/\/alimagro.es\/wp-content\/uploads\/2024\/08\/Presentacion-Alimagro-2024-1-scaled.jpg\",\"width\":2560,\"height\":1707,\"caption\":\"Presentaci\u00f3n Alimagro Xinzo de Limia\"},{\"@type\":\"BreadcrumbList\",\"@id\":\"https:\/\/alimagro.es\/2024\/08\/13\/alimagro-cumple-un-lustro-como-escaparate-del-sector-agrario-en-xinzo-de-limia\/#breadcrumb\",\"itemListElement\":[{\"@type\":\"ListItem\",\"position\":1,\"name\":\"Portada\",\"item\":\"https:\/\/alimagro.es\/\"},{\"@type\":\"ListItem\",\"position\":2,\"name\":\"Alimagro cumple un lustro como escaparate del sector agrario en Xinzo de Limia\"}]},{\"@type\":\"WebSite\",\"@id\":\"https:\/\/alimagro.es\/#website\",\"url\":\"https:\/\/alimagro.es\/\",\"name\":\"Alimagro\",\"description\":\"Alimagro, un evento referente nacional que aglutina las novedades en cuanto al cultivo de patata y la maquinaria agr\u00edcola.\",\"publisher\":{\"@id\":\"https:\/\/alimagro.es\/#organization\"},\"alternateName\":\"Feria del Agro de la Limia\",\"potentialAction\":[{\"@type\":\"SearchAction\",\"target\":{\"@type\":\"EntryPoint\",\"urlTemplate\":\"https:\/\/alimagro.es\/?s={search_term_string}\"},\"query-input\":{\"@type\":\"PropertyValueSpecification\",\"valueRequired\":true,\"valueName\":\"search_term_string\"}}],\"inLanguage\":\"gl-ES\"},{\"@type\":\"Organization\",\"@id\":\"https:\/\/alimagro.es\/#organization\",\"name\":\"Alimagro\",\"url\":\"https:\/\/alimagro.es\/\",\"logo\":{\"@type\":\"ImageObject\",\"inLanguage\":\"gl-ES\",\"@id\":\"https:\/\/alimagro.es\/#\/schema\/logo\/image\/\",\"url\":\"https:\/\/alimagro.es\/wp-content\/uploads\/2023\/07\/alimagro-logo-verde.png\",\"contentUrl\":\"https:\/\/alimagro.es\/wp-content\/uploads\/2023\/07\/alimagro-logo-verde.png\",\"width\":500,\"height\":96,\"caption\":\"Alimagro\"},\"image\":{\"@id\":\"https:\/\/alimagro.es\/#\/schema\/logo\/image\/\"},\"sameAs\":[\"https:\/\/www.facebook.com\/people\/Alimagro\/100095025612077\/\",\"https:\/\/www.instagram.com\/alimagro_\/\"]},{\"@type\":\"Person\",\"@id\":\"https:\/\/alimagro.es\/#\/schema\/person\/89860ad1bd667547b21c7a338776d78b\",\"name\":\"Mar\u00eda \u00c1lvarez\",\"image\":{\"@type\":\"ImageObject\",\"inLanguage\":\"gl-ES\",\"@id\":\"https:\/\/alimagro.es\/#\/schema\/person\/image\/\",\"url\":\"https:\/\/secure.gravatar.com\/avatar\/073a70519b527b7f5caacb635da42b6721e0828f6a6609c38e1663e2b4ab460f?s=96&d=mm&r=g\",\"contentUrl\":\"https:\/\/secure.gravatar.com\/avatar\/073a70519b527b7f5caacb635da42b6721e0828f6a6609c38e1663e2b4ab460f?s=96&d=mm&r=g\",\"caption\":\"Mar\u00eda \u00c1lvarez\"},\"url\":\"https:\/\/alimagro.es\/gl\/author\/maria\/\"}]}<\/script>\n<!-- \/ Yoast SEO plugin. -->","yoast_head_json":{"title":"Alimagro cumple un lustro como escaparate del sector agrario en Xinzo de Limia | Alimagro","robots":{"index":"index","follow":"follow","max-snippet":"max-snippet:-1","max-image-preview":"max-image-preview:large","max-video-preview":"max-video-preview:-1"},"canonical":"https:\/\/alimagro.es\/gl\/2024\/08\/13\/alimagro-cumple-un-lustro-como-escaparate-del-sector-agrario-en-xinzo-de-limia\/","og_locale":"gl_ES","og_type":"article","og_title":"Alimagro cumple un lustro como escaparate del sector agrario en Xinzo de Limia | Alimagro","og_description":"La&nbsp;V edici\u00f3n de&nbsp;Alimagro&nbsp;volver\u00e1 a ser el escaparate del sector agrario en&nbsp;Xinzo de Limia (Ourense),&nbsp;del 31 de agosto al 1 de septiembre, con una exposici\u00f3n de maquinaria; la Feira da Pataca, que incluye la segunda Jornada T\u00e9cnica dedicada al cultivo, y la Feira do Comercio. La presentaci\u00f3n de este evento tuvo lugar este viernes en la [&hellip;]","og_url":"https:\/\/alimagro.es\/gl\/2024\/08\/13\/alimagro-cumple-un-lustro-como-escaparate-del-sector-agrario-en-xinzo-de-limia\/","og_site_name":"Alimagro","article_publisher":"https:\/\/www.facebook.com\/people\/Alimagro\/100095025612077\/","article_published_time":"2024-08-13T07:35:57+00:00","og_image":[{"width":2560,"height":1707,"url":"https:\/\/alimagro.es\/wp-content\/uploads\/2024\/08\/Presentacion-Alimagro-2024-1-scaled.jpg","type":"image\/jpeg"}],"author":"Mar\u00eda \u00c1lvarez","twitter_card":"summary_large_image","twitter_misc":{"Escrito por":"Mar\u00eda \u00c1lvarez","Tempo de lectura":"5 minutos"},"schema":{"@context":"https:\/\/schema.org","@graph":[{"@type":"Article","@id":"https:\/\/alimagro.es\/2024\/08\/13\/alimagro-cumple-un-lustro-como-escaparate-del-sector-agrario-en-xinzo-de-limia\/#article","isPartOf":{"@id":"https:\/\/alimagro.es\/2024\/08\/13\/alimagro-cumple-un-lustro-como-escaparate-del-sector-agrario-en-xinzo-de-limia\/"},"author":{"name":"Mar\u00eda \u00c1lvarez","@id":"https:\/\/alimagro.es\/#\/schema\/person\/89860ad1bd667547b21c7a338776d78b"},"headline":"Alimagro cumple un lustro como escaparate del sector agrario en Xinzo de Limia","datePublished":"2024-08-13T07:35:57+00:00","mainEntityOfPage":{"@id":"https:\/\/alimagro.es\/2024\/08\/13\/alimagro-cumple-un-lustro-como-escaparate-del-sector-agrario-en-xinzo-de-limia\/"},"wordCount":947,"publisher":{"@id":"https:\/\/alimagro.es\/#organization"},"image":{"@id":"https:\/\/alimagro.es\/2024\/08\/13\/alimagro-cumple-un-lustro-como-escaparate-del-sector-agrario-en-xinzo-de-limia\/#primaryimage"},"thumbnailUrl":"https:\/\/alimagro.es\/wp-content\/uploads\/2024\/08\/Presentacion-Alimagro-2024-1-scaled.jpg","keywords":["agricultura","Alimagro","Feria da pataca","Feria Maquinaria","Patata Gallega","Patata Xinzo de Limia","Xinzo de Limia"],"articleSection":["Featured"],"inLanguage":"gl-ES"},{"@type":"WebPage","@id":"https:\/\/alimagro.es\/2024\/08\/13\/alimagro-cumple-un-lustro-como-escaparate-del-sector-agrario-en-xinzo-de-limia\/","url":"https:\/\/alimagro.es\/2024\/08\/13\/alimagro-cumple-un-lustro-como-escaparate-del-sector-agrario-en-xinzo-de-limia\/","name":"Alimagro cumple un lustro como escaparate del sector agrario en Xinzo de Limia | Alimagro","isPartOf":{"@id":"https:\/\/alimagro.es\/#website"},"primaryImageOfPage":{"@id":"https:\/\/alimagro.es\/2024\/08\/13\/alimagro-cumple-un-lustro-como-escaparate-del-sector-agrario-en-xinzo-de-limia\/#primaryimage"},"image":{"@id":"https:\/\/alimagro.es\/2024\/08\/13\/alimagro-cumple-un-lustro-como-escaparate-del-sector-agrario-en-xinzo-de-limia\/#primaryimage"},"thumbnailUrl":"https:\/\/alimagro.es\/wp-content\/uploads\/2024\/08\/Presentacion-Alimagro-2024-1-scaled.jpg","datePublished":"2024-08-13T07:35:57+00:00","breadcrumb":{"@id":"https:\/\/alimagro.es\/2024\/08\/13\/alimagro-cumple-un-lustro-como-escaparate-del-sector-agrario-en-xinzo-de-limia\/#breadcrumb"},"inLanguage":"gl-ES","potentialAction":[{"@type":"ReadAction","target":["https:\/\/alimagro.es\/2024\/08\/13\/alimagro-cumple-un-lustro-como-escaparate-del-sector-agrario-en-xinzo-de-limia\/"]}]},{"@type":"ImageObject","inLanguage":"gl-ES","@id":"https:\/\/alimagro.es\/2024\/08\/13\/alimagro-cumple-un-lustro-como-escaparate-del-sector-agrario-en-xinzo-de-limia\/#primaryimage","url":"https:\/\/alimagro.es\/wp-content\/uploads\/2024\/08\/Presentacion-Alimagro-2024-1-scaled.jpg","contentUrl":"https:\/\/alimagro.es\/wp-content\/uploads\/2024\/08\/Presentacion-Alimagro-2024-1-scaled.jpg","width":2560,"height":1707,"caption":"Presentaci\u00f3n Alimagro Xinzo de Limia"},{"@type":"BreadcrumbList","@id":"https:\/\/alimagro.es\/2024\/08\/13\/alimagro-cumple-un-lustro-como-escaparate-del-sector-agrario-en-xinzo-de-limia\/#breadcrumb","itemListElement":[{"@type":"ListItem","position":1,"name":"Portada","item":"https:\/\/alimagro.es\/"},{"@type":"ListItem","position":2,"name":"Alimagro cumple un lustro como escaparate del sector agrario en Xinzo de Limia"}]},{"@type":"WebSite","@id":"https:\/\/alimagro.es\/#website","url":"https:\/\/alimagro.es\/","name":"Alimagro","description":"Alimagro, un evento referente nacional que aglutina las novedades en cuanto al cultivo de patata y la maquinaria agr\u00edcola.","publisher":{"@id":"https:\/\/alimagro.es\/#organization"},"alternateName":"Feria del Agro de la Limia","potentialAction":[{"@type":"SearchAction","target":{"@type":"EntryPoint","urlTemplate":"https:\/\/alimagro.es\/?s={search_term_string}"},"query-input":{"@type":"PropertyValueSpecification","valueRequired":true,"valueName":"search_term_string"}}],"inLanguage":"gl-ES"},{"@type":"Organization","@id":"https:\/\/alimagro.es\/#organization","name":"Alimagro","url":"https:\/\/alimagro.es\/","logo":{"@type":"ImageObject","inLanguage":"gl-ES","@id":"https:\/\/alimagro.es\/#\/schema\/logo\/image\/","url":"https:\/\/alimagro.es\/wp-content\/uploads\/2023\/07\/alimagro-logo-verde.png","contentUrl":"https:\/\/alimagro.es\/wp-content\/uploads\/2023\/07\/alimagro-logo-verde.png","width":500,"height":96,"caption":"Alimagro"},"image":{"@id":"https:\/\/alimagro.es\/#\/schema\/logo\/image\/"},"sameAs":["https:\/\/www.facebook.com\/people\/Alimagro\/100095025612077\/","https:\/\/www.instagram.com\/alimagro_\/"]},{"@type":"Person","@id":"https:\/\/alimagro.es\/#\/schema\/person\/89860ad1bd667547b21c7a338776d78b","name":"Mar\u00eda \u00c1lvarez","image":{"@type":"ImageObject","inLanguage":"gl-ES","@id":"https:\/\/alimagro.es\/#\/schema\/person\/image\/","url":"https:\/\/secure.gravatar.com\/avatar\/073a70519b527b7f5caacb635da42b6721e0828f6a6609c38e1663e2b4ab460f?s=96&d=mm&r=g","contentUrl":"https:\/\/secure.gravatar.com\/avatar\/073a70519b527b7f5caacb635da42b6721e0828f6a6609c38e1663e2b4ab460f?s=96&d=mm&r=g","caption":"Mar\u00eda \u00c1lvarez"},"url":"https:\/\/alimagro.es\/gl\/author\/maria\/"}]}},"_links":{"self":[{"href":"https:\/\/alimagro.es\/gl\/wp-json\/wp\/v2\/posts\/970","targetHints":{"allow":["GET"]}}],"collection":[{"href":"https:\/\/alimagro.es\/gl\/wp-json\/wp\/v2\/posts"}],"about":[{"href":"https:\/\/alimagro.es\/gl\/wp-json\/wp\/v2\/types\/post"}],"author":[{"embeddable":true,"href":"https:\/\/alimagro.es\/gl\/wp-json\/wp\/v2\/users\/7"}],"replies":[{"embeddable":true,"href":"https:\/\/alimagro.es\/gl\/wp-json\/wp\/v2\/comments?post=970"}],"version-history":[{"count":1,"href":"https:\/\/alimagro.es\/gl\/wp-json\/wp\/v2\/posts\/970\/revisions"}],"predecessor-version":[{"id":975,"href":"https:\/\/alimagro.es\/gl\/wp-json\/wp\/v2\/posts\/970\/revisions\/975"}],"wp:featuredmedia":[{"embeddable":true,"href":"https:\/\/alimagro.es\/gl\/wp-json\/wp\/v2\/media\/971"}],"wp:attachment":[{"href":"https:\/\/alimagro.es\/gl\/wp-json\/wp\/v2\/media?parent=970"}],"wp:term":[{"taxonomy":"category","embeddable":true,"href":"https:\/\/alimagro.es\/gl\/wp-json\/wp\/v2\/categories?post=970"},{"taxonomy":"post_tag","embeddable":true,"href":"https:\/\/alimagro.es\/gl\/wp-json\/wp\/v2\/tags?post=970"}],"curies":[{"name":"wp","href":"https:\/\/api.w.org\/{rel}","templated":true}]}}