{"id":964,"date":"2024-08-05T09:27:42","date_gmt":"2024-08-05T07:27:42","guid":{"rendered":"https:\/\/alimagro.es\/?p=964"},"modified":"2024-08-13T09:50:24","modified_gmt":"2024-08-13T07:50:24","slug":"la-feria-alimagro-ayuda-al-sector-de-la-patata-a-decidir-su-rumbo","status":"publish","type":"post","link":"https:\/\/alimagro.es\/gl\/2024\/08\/05\/la-feria-alimagro-ayuda-al-sector-de-la-patata-a-decidir-su-rumbo\/","title":{"rendered":"A feira Alimagro axuda ao sector da pataca a \"decidir o seu rumbo\""},"content":{"rendered":"<p><strong>Xinzo de Limia (Ourense) acoge durante tres d\u00edas<\/strong>&nbsp;la quinta edici\u00f3n de la feria Alimagro, que volver\u00e1 a atraer a miles de personas procedentes de toda Galicia y del norte de Portugal.<\/p>\n<p><strong>Se trata de una cita muy completa,<\/strong>&nbsp;con una exposici\u00f3n de maquinaria que rodea el Parque do Toural y se extiende a lo largo de la avenida del Dos de Mayo.<\/p>\n<p>El p\u00fablico visitante llegar\u00e1 a la carpa que acoja la&nbsp;<strong>Feira da Pataca,<\/strong>&nbsp;que incluye la segunda Jornada T\u00e9cnica dedicada al cultivo.<\/p>\n<p>Al final del recorrido se sit\u00faa la&nbsp;<strong>Feira do Comercio,&nbsp;<\/strong>dentro do Pavill\u00f3n de Deportes, que contrib\u00fae a facer m\u00e1is popular a convocatoria de Alimagro.<\/p>\n<p>Para el alcalde de Xinzo de Limia, Amador D\u00edaz, la convocatoria se hace m\u00e1s ambiciosa y atraer\u00e1 a m\u00e1s p\u00fablico que en otras ediciones, \u201cpero al mismo tiempo seguimos apostando por darle un car\u00e1cter m\u00e1s t\u00e9cnico, m\u00e1s profesional, para que la feria sea cada vez un encuentro m\u00e1s \u00fatil para el sector; que le ayude a decidir qu\u00e9 rumbo tomar\u201d.<\/p>\n<h2 class=\"wp-block-heading\">Maquinaria agr\u00edcola<\/h2>\n<p>La cita cuenta con un espacio muy importante dedicado a la innovaci\u00f3n vinculada a la maquinaria agr\u00edcola. El visitante podr\u00e1 conocer todas las novedades en relaci\u00f3n con&nbsp;<strong>los tractores y la maquinaria&nbsp;<\/strong>empleada en los principales cultivos de la comarca y de Galicia, desde la patata al vi\u00f1edo.<\/p>\n<p>Estar\u00e1n presentes todas las<strong>&nbsp;grandes marcas<\/strong>&nbsp;que operan en el mercado, lo que refuerza la condici\u00f3n de Alimagro como referente agrario del noroeste peninsular.<\/p>\n<p><img loading=\"lazy\" decoding=\"async\" class=\"aligncenter wp-image-966 size-full\" src=\"https:\/\/alimagro.es\/wp-content\/uploads\/2024\/08\/Alimagro-scaled-1.jpg\" alt=\"Feria de maquinaria en Xinzo de Limia \" width=\"1440\" height=\"1080\" srcset=\"https:\/\/alimagro.es\/wp-content\/uploads\/2024\/08\/Alimagro-scaled-1.jpg 1440w, https:\/\/alimagro.es\/wp-content\/uploads\/2024\/08\/Alimagro-scaled-1-300x225.jpg 300w, https:\/\/alimagro.es\/wp-content\/uploads\/2024\/08\/Alimagro-scaled-1-1024x768.jpg 1024w, https:\/\/alimagro.es\/wp-content\/uploads\/2024\/08\/Alimagro-scaled-1-768x576.jpg 768w, https:\/\/alimagro.es\/wp-content\/uploads\/2024\/08\/Alimagro-scaled-1-16x12.jpg 16w, https:\/\/alimagro.es\/wp-content\/uploads\/2024\/08\/Alimagro-scaled-1-696x522.jpg 696w, https:\/\/alimagro.es\/wp-content\/uploads\/2024\/08\/Alimagro-scaled-1-1068x801.jpg 1068w\" sizes=\"auto, (max-width: 1440px) 100vw, 1440px\" \/><\/p>\n<p>En ese mismo sentido destaca la segunda edici\u00f3n de la Jornada T\u00e9cnica de la Patata, que permitir\u00e1 a los asistentes analizar los principales retos que tiene el cultivo, como la dificultad para conseguir patata de siembra certificada.<\/p>\n<p>Otra dificultad reside en la eliminaci\u00f3n de&nbsp;<strong>materias activas&nbsp;<\/strong>autorizadas para la lucha contra las enfermedades de la patata, que en numerosas ocasiones afectan severamente a los rendimientos y al aspecto del tub\u00e9rculo.<\/p>\n<p>Tambi\u00e9n se hablar\u00e1 de mercados, \u201cporque sin rentabilidad el cultivo nunca ser\u00e1 sostenible\u201d, recalca el alcalde.<\/p>\n<h2 class=\"wp-block-heading\">Un contexto de buenos precios<\/h2>\n<p><strong>Alimagro se celebra en un contexto de<\/strong>&nbsp;<strong>buenos precios,<\/strong>&nbsp;con un mercado que lleva meses aguantando el tipo y con una t\u00f3nica que se mantendr\u00e1 en toda Espa\u00f1a durante los pr\u00f3ximos meses. Todo apunta a que esos niveles de precios se mantendr\u00e1n cuando se empiece a arrancar la patata en la comarca de A Limia, a finales de septiembre.<\/p>\n<p>Para Amador D\u00edaz, \u201cla patata sigue siendo un producto muy conocido y muy demandado en Galicia y en el conjunto de Espa\u00f1a. Entidades como el Consejo Regulador de la&nbsp;<strong>IXP Pataca de Galicia<\/strong>&nbsp;trabajan por mantener los niveles de consumo, y seguimos con esa lucha\u201d.<\/p>\n<p><img loading=\"lazy\" decoding=\"async\" class=\"size-medium wp-image-968 aligncenter\" src=\"https:\/\/alimagro.es\/wp-content\/uploads\/2024\/08\/Feria-de-la-Pataca-Xinzo-de-Limia-Alimagro-2-300x225.jpg\" alt=\"Feria de la Pataca Xinzo de Limia Alimagro\" width=\"300\" height=\"225\" srcset=\"https:\/\/alimagro.es\/wp-content\/uploads\/2024\/08\/Feria-de-la-Pataca-Xinzo-de-Limia-Alimagro-2-300x225.jpg 300w, https:\/\/alimagro.es\/wp-content\/uploads\/2024\/08\/Feria-de-la-Pataca-Xinzo-de-Limia-Alimagro-2-1024x768.jpg 1024w, https:\/\/alimagro.es\/wp-content\/uploads\/2024\/08\/Feria-de-la-Pataca-Xinzo-de-Limia-Alimagro-2-768x576.jpg 768w, https:\/\/alimagro.es\/wp-content\/uploads\/2024\/08\/Feria-de-la-Pataca-Xinzo-de-Limia-Alimagro-2-1536x1152.jpg 1536w, https:\/\/alimagro.es\/wp-content\/uploads\/2024\/08\/Feria-de-la-Pataca-Xinzo-de-Limia-Alimagro-2-2048x1536.jpg 2048w, https:\/\/alimagro.es\/wp-content\/uploads\/2024\/08\/Feria-de-la-Pataca-Xinzo-de-Limia-Alimagro-2-16x12.jpg 16w, https:\/\/alimagro.es\/wp-content\/uploads\/2024\/08\/Feria-de-la-Pataca-Xinzo-de-Limia-Alimagro-2-696x522.jpg 696w, https:\/\/alimagro.es\/wp-content\/uploads\/2024\/08\/Feria-de-la-Pataca-Xinzo-de-Limia-Alimagro-2-1068x801.jpg 1068w, https:\/\/alimagro.es\/wp-content\/uploads\/2024\/08\/Feria-de-la-Pataca-Xinzo-de-Limia-Alimagro-2-1920x1440.jpg 1920w\" sizes=\"auto, (max-width: 300px) 100vw, 300px\" \/><\/p>\n<p>\u201cEl p\u00fablico sabe bien que la patata es producto de temporada y que no pasa nada por elaborar un plato tradicional gallego con una patata que provenga de otra parte de Espa\u00f1a o Portugal. Por eso las campa\u00f1as de promoci\u00f3n del consumo son positivas para todos\u201d.<\/p>\n<p>En esa l\u00ednea, el Concello sigue promoviendo la&nbsp;<strong>Asociaci\u00f3n de Municipios Productores de Patata,<\/strong>&nbsp;que agrupa a localidades de diversos puntos de&nbsp;<strong>Espa\u00f1a y Portugal,<\/strong>&nbsp;y tambi\u00e9n impulsa los hermanamientos con otros ayuntamientos situados en zonas productoras. \u201cSon iniciativas que impulsan tanto el consumo como las relaciones comerciales\u201d, recalca el primer edil.<\/p>","protected":false},"excerpt":{"rendered":"<p>Xinzo de Limia (Ourense) acoge durante tres d\u00edas&nbsp;la quinta edici\u00f3n de la feria Alimagro, que volver\u00e1 a atraer a miles de personas procedentes de toda Galicia y del norte de Portugal. Se trata de una cita muy completa,&nbsp;con una exposici\u00f3n de maquinaria que rodea el Parque do Toural y se extiende a lo largo de [&hellip;]<\/p>","protected":false},"author":7,"featured_media":965,"comment_status":"closed","ping_status":"closed","sticky":false,"template":"","format":"standard","meta":{"ngg_post_thumbnail":0,"footnotes":""},"categories":[2],"tags":[],"class_list":{"0":"post-964","1":"post","2":"type-post","3":"status-publish","4":"format-standard","5":"has-post-thumbnail","7":"category-featured"},"yoast_head":"<!-- This site is optimized with the Yoast SEO plugin v25.8 - https:\/\/yoast.com\/wordpress\/plugins\/seo\/ -->\n<title>La feria Alimagro ayuda al sector de la patata \u201ca decidir su rumbo\u201d | Alimagro<\/title>\n<meta name=\"robots\" content=\"index, follow, max-snippet:-1, max-image-preview:large, max-video-preview:-1\" \/>\n<link rel=\"canonical\" href=\"https:\/\/alimagro.es\/gl\/2024\/08\/05\/la-feria-alimagro-ayuda-al-sector-de-la-patata-a-decidir-su-rumbo\/\" \/>\n<meta property=\"og:locale\" content=\"gl_ES\" \/>\n<meta property=\"og:type\" content=\"article\" \/>\n<meta property=\"og:title\" content=\"La feria Alimagro ayuda al sector de la patata \u201ca decidir su rumbo\u201d | Alimagro\" \/>\n<meta property=\"og:description\" content=\"Xinzo de Limia (Ourense) acoge durante tres d\u00edas&nbsp;la quinta edici\u00f3n de la feria Alimagro, que volver\u00e1 a atraer a miles de personas procedentes de toda Galicia y del norte de Portugal. Se trata de una cita muy completa,&nbsp;con una exposici\u00f3n de maquinaria que rodea el Parque do Toural y se extiende a lo largo de [&hellip;]\" \/>\n<meta property=\"og:url\" content=\"https:\/\/alimagro.es\/gl\/2024\/08\/05\/la-feria-alimagro-ayuda-al-sector-de-la-patata-a-decidir-su-rumbo\/\" \/>\n<meta property=\"og:site_name\" content=\"Alimagro\" \/>\n<meta property=\"article:publisher\" content=\"https:\/\/www.facebook.com\/people\/Alimagro\/100095025612077\/\" \/>\n<meta property=\"article:published_time\" content=\"2024-08-05T07:27:42+00:00\" \/>\n<meta property=\"article:modified_time\" content=\"2024-08-13T07:50:24+00:00\" \/>\n<meta property=\"og:image\" content=\"https:\/\/alimagro.es\/wp-content\/uploads\/2024\/08\/Feira-maquinaria-agricola-Xinzo-de-Limia-1-1024x682.jpg\" \/>\n\t<meta property=\"og:image:width\" content=\"1024\" \/>\n\t<meta property=\"og:image:height\" content=\"682\" \/>\n\t<meta property=\"og:image:type\" content=\"image\/jpeg\" \/>\n<meta name=\"author\" content=\"Mar\u00eda \u00c1lvarez\" \/>\n<meta name=\"twitter:card\" content=\"summary_large_image\" \/>\n<meta name=\"twitter:label1\" content=\"Escrito por\" \/>\n\t<meta name=\"twitter:data1\" content=\"Mar\u00eda \u00c1lvarez\" \/>\n\t<meta name=\"twitter:label2\" content=\"Tempo de lectura\" \/>\n\t<meta name=\"twitter:data2\" content=\"4 minutos\" \/>\n<script type=\"application\/ld+json\" class=\"yoast-schema-graph\">{\"@context\":\"https:\/\/schema.org\",\"@graph\":[{\"@type\":\"Article\",\"@id\":\"https:\/\/alimagro.es\/2024\/08\/05\/la-feria-alimagro-ayuda-al-sector-de-la-patata-a-decidir-su-rumbo\/#article\",\"isPartOf\":{\"@id\":\"https:\/\/alimagro.es\/2024\/08\/05\/la-feria-alimagro-ayuda-al-sector-de-la-patata-a-decidir-su-rumbo\/\"},\"author\":{\"name\":\"Mar\u00eda \u00c1lvarez\",\"@id\":\"https:\/\/alimagro.es\/#\/schema\/person\/89860ad1bd667547b21c7a338776d78b\"},\"headline\":\"La feria Alimagro ayuda al sector de la patata \u201ca decidir su rumbo\u201d\",\"datePublished\":\"2024-08-05T07:27:42+00:00\",\"dateModified\":\"2024-08-13T07:50:24+00:00\",\"mainEntityOfPage\":{\"@id\":\"https:\/\/alimagro.es\/2024\/08\/05\/la-feria-alimagro-ayuda-al-sector-de-la-patata-a-decidir-su-rumbo\/\"},\"wordCount\":613,\"publisher\":{\"@id\":\"https:\/\/alimagro.es\/#organization\"},\"image\":{\"@id\":\"https:\/\/alimagro.es\/2024\/08\/05\/la-feria-alimagro-ayuda-al-sector-de-la-patata-a-decidir-su-rumbo\/#primaryimage\"},\"thumbnailUrl\":\"https:\/\/alimagro.es\/wp-content\/uploads\/2024\/08\/Feira-maquinaria-agricola-Xinzo-de-Limia-1.jpg\",\"articleSection\":[\"Featured\"],\"inLanguage\":\"gl-ES\"},{\"@type\":\"WebPage\",\"@id\":\"https:\/\/alimagro.es\/2024\/08\/05\/la-feria-alimagro-ayuda-al-sector-de-la-patata-a-decidir-su-rumbo\/\",\"url\":\"https:\/\/alimagro.es\/2024\/08\/05\/la-feria-alimagro-ayuda-al-sector-de-la-patata-a-decidir-su-rumbo\/\",\"name\":\"La feria Alimagro ayuda al sector de la patata \u201ca decidir su rumbo\u201d | Alimagro\",\"isPartOf\":{\"@id\":\"https:\/\/alimagro.es\/#website\"},\"primaryImageOfPage\":{\"@id\":\"https:\/\/alimagro.es\/2024\/08\/05\/la-feria-alimagro-ayuda-al-sector-de-la-patata-a-decidir-su-rumbo\/#primaryimage\"},\"image\":{\"@id\":\"https:\/\/alimagro.es\/2024\/08\/05\/la-feria-alimagro-ayuda-al-sector-de-la-patata-a-decidir-su-rumbo\/#primaryimage\"},\"thumbnailUrl\":\"https:\/\/alimagro.es\/wp-content\/uploads\/2024\/08\/Feira-maquinaria-agricola-Xinzo-de-Limia-1.jpg\",\"datePublished\":\"2024-08-05T07:27:42+00:00\",\"dateModified\":\"2024-08-13T07:50:24+00:00\",\"breadcrumb\":{\"@id\":\"https:\/\/alimagro.es\/2024\/08\/05\/la-feria-alimagro-ayuda-al-sector-de-la-patata-a-decidir-su-rumbo\/#breadcrumb\"},\"inLanguage\":\"gl-ES\",\"potentialAction\":[{\"@type\":\"ReadAction\",\"target\":[\"https:\/\/alimagro.es\/2024\/08\/05\/la-feria-alimagro-ayuda-al-sector-de-la-patata-a-decidir-su-rumbo\/\"]}]},{\"@type\":\"ImageObject\",\"inLanguage\":\"gl-ES\",\"@id\":\"https:\/\/alimagro.es\/2024\/08\/05\/la-feria-alimagro-ayuda-al-sector-de-la-patata-a-decidir-su-rumbo\/#primaryimage\",\"url\":\"https:\/\/alimagro.es\/wp-content\/uploads\/2024\/08\/Feira-maquinaria-agricola-Xinzo-de-Limia-1.jpg\",\"contentUrl\":\"https:\/\/alimagro.es\/wp-content\/uploads\/2024\/08\/Feira-maquinaria-agricola-Xinzo-de-Limia-1.jpg\",\"width\":2048,\"height\":1364,\"caption\":\"Feria de maquinaria Xinzo de Limia\"},{\"@type\":\"BreadcrumbList\",\"@id\":\"https:\/\/alimagro.es\/2024\/08\/05\/la-feria-alimagro-ayuda-al-sector-de-la-patata-a-decidir-su-rumbo\/#breadcrumb\",\"itemListElement\":[{\"@type\":\"ListItem\",\"position\":1,\"name\":\"Portada\",\"item\":\"https:\/\/alimagro.es\/\"},{\"@type\":\"ListItem\",\"position\":2,\"name\":\"La feria Alimagro ayuda al sector de la patata \u201ca decidir su rumbo\u201d\"}]},{\"@type\":\"WebSite\",\"@id\":\"https:\/\/alimagro.es\/#website\",\"url\":\"https:\/\/alimagro.es\/\",\"name\":\"Alimagro\",\"description\":\"Alimagro, un evento referente nacional que aglutina las novedades en cuanto al cultivo de patata y la maquinaria agr\u00edcola.\",\"publisher\":{\"@id\":\"https:\/\/alimagro.es\/#organization\"},\"alternateName\":\"Feria del Agro de la Limia\",\"potentialAction\":[{\"@type\":\"SearchAction\",\"target\":{\"@type\":\"EntryPoint\",\"urlTemplate\":\"https:\/\/alimagro.es\/?s={search_term_string}\"},\"query-input\":{\"@type\":\"PropertyValueSpecification\",\"valueRequired\":true,\"valueName\":\"search_term_string\"}}],\"inLanguage\":\"gl-ES\"},{\"@type\":\"Organization\",\"@id\":\"https:\/\/alimagro.es\/#organization\",\"name\":\"Alimagro\",\"url\":\"https:\/\/alimagro.es\/\",\"logo\":{\"@type\":\"ImageObject\",\"inLanguage\":\"gl-ES\",\"@id\":\"https:\/\/alimagro.es\/#\/schema\/logo\/image\/\",\"url\":\"https:\/\/alimagro.es\/wp-content\/uploads\/2023\/07\/alimagro-logo-verde.png\",\"contentUrl\":\"https:\/\/alimagro.es\/wp-content\/uploads\/2023\/07\/alimagro-logo-verde.png\",\"width\":500,\"height\":96,\"caption\":\"Alimagro\"},\"image\":{\"@id\":\"https:\/\/alimagro.es\/#\/schema\/logo\/image\/\"},\"sameAs\":[\"https:\/\/www.facebook.com\/people\/Alimagro\/100095025612077\/\",\"https:\/\/www.instagram.com\/alimagro_\/\"]},{\"@type\":\"Person\",\"@id\":\"https:\/\/alimagro.es\/#\/schema\/person\/89860ad1bd667547b21c7a338776d78b\",\"name\":\"Mar\u00eda \u00c1lvarez\",\"image\":{\"@type\":\"ImageObject\",\"inLanguage\":\"gl-ES\",\"@id\":\"https:\/\/alimagro.es\/#\/schema\/person\/image\/\",\"url\":\"https:\/\/secure.gravatar.com\/avatar\/073a70519b527b7f5caacb635da42b6721e0828f6a6609c38e1663e2b4ab460f?s=96&d=mm&r=g\",\"contentUrl\":\"https:\/\/secure.gravatar.com\/avatar\/073a70519b527b7f5caacb635da42b6721e0828f6a6609c38e1663e2b4ab460f?s=96&d=mm&r=g\",\"caption\":\"Mar\u00eda \u00c1lvarez\"},\"url\":\"https:\/\/alimagro.es\/gl\/author\/maria\/\"}]}<\/script>\n<!-- \/ Yoast SEO plugin. -->","yoast_head_json":{"title":"La feria Alimagro ayuda al sector de la patata \u201ca decidir su rumbo\u201d | Alimagro","robots":{"index":"index","follow":"follow","max-snippet":"max-snippet:-1","max-image-preview":"max-image-preview:large","max-video-preview":"max-video-preview:-1"},"canonical":"https:\/\/alimagro.es\/gl\/2024\/08\/05\/la-feria-alimagro-ayuda-al-sector-de-la-patata-a-decidir-su-rumbo\/","og_locale":"gl_ES","og_type":"article","og_title":"La feria Alimagro ayuda al sector de la patata \u201ca decidir su rumbo\u201d | Alimagro","og_description":"Xinzo de Limia (Ourense) acoge durante tres d\u00edas&nbsp;la quinta edici\u00f3n de la feria Alimagro, que volver\u00e1 a atraer a miles de personas procedentes de toda Galicia y del norte de Portugal. Se trata de una cita muy completa,&nbsp;con una exposici\u00f3n de maquinaria que rodea el Parque do Toural y se extiende a lo largo de [&hellip;]","og_url":"https:\/\/alimagro.es\/gl\/2024\/08\/05\/la-feria-alimagro-ayuda-al-sector-de-la-patata-a-decidir-su-rumbo\/","og_site_name":"Alimagro","article_publisher":"https:\/\/www.facebook.com\/people\/Alimagro\/100095025612077\/","article_published_time":"2024-08-05T07:27:42+00:00","article_modified_time":"2024-08-13T07:50:24+00:00","og_image":[{"width":1024,"height":682,"url":"https:\/\/alimagro.es\/wp-content\/uploads\/2024\/08\/Feira-maquinaria-agricola-Xinzo-de-Limia-1-1024x682.jpg","type":"image\/jpeg"}],"author":"Mar\u00eda \u00c1lvarez","twitter_card":"summary_large_image","twitter_misc":{"Escrito por":"Mar\u00eda \u00c1lvarez","Tempo de lectura":"4 minutos"},"schema":{"@context":"https:\/\/schema.org","@graph":[{"@type":"Article","@id":"https:\/\/alimagro.es\/2024\/08\/05\/la-feria-alimagro-ayuda-al-sector-de-la-patata-a-decidir-su-rumbo\/#article","isPartOf":{"@id":"https:\/\/alimagro.es\/2024\/08\/05\/la-feria-alimagro-ayuda-al-sector-de-la-patata-a-decidir-su-rumbo\/"},"author":{"name":"Mar\u00eda \u00c1lvarez","@id":"https:\/\/alimagro.es\/#\/schema\/person\/89860ad1bd667547b21c7a338776d78b"},"headline":"La feria Alimagro ayuda al sector de la patata \u201ca decidir su rumbo\u201d","datePublished":"2024-08-05T07:27:42+00:00","dateModified":"2024-08-13T07:50:24+00:00","mainEntityOfPage":{"@id":"https:\/\/alimagro.es\/2024\/08\/05\/la-feria-alimagro-ayuda-al-sector-de-la-patata-a-decidir-su-rumbo\/"},"wordCount":613,"publisher":{"@id":"https:\/\/alimagro.es\/#organization"},"image":{"@id":"https:\/\/alimagro.es\/2024\/08\/05\/la-feria-alimagro-ayuda-al-sector-de-la-patata-a-decidir-su-rumbo\/#primaryimage"},"thumbnailUrl":"https:\/\/alimagro.es\/wp-content\/uploads\/2024\/08\/Feira-maquinaria-agricola-Xinzo-de-Limia-1.jpg","articleSection":["Featured"],"inLanguage":"gl-ES"},{"@type":"WebPage","@id":"https:\/\/alimagro.es\/2024\/08\/05\/la-feria-alimagro-ayuda-al-sector-de-la-patata-a-decidir-su-rumbo\/","url":"https:\/\/alimagro.es\/2024\/08\/05\/la-feria-alimagro-ayuda-al-sector-de-la-patata-a-decidir-su-rumbo\/","name":"La feria Alimagro ayuda al sector de la patata \u201ca decidir su rumbo\u201d | Alimagro","isPartOf":{"@id":"https:\/\/alimagro.es\/#website"},"primaryImageOfPage":{"@id":"https:\/\/alimagro.es\/2024\/08\/05\/la-feria-alimagro-ayuda-al-sector-de-la-patata-a-decidir-su-rumbo\/#primaryimage"},"image":{"@id":"https:\/\/alimagro.es\/2024\/08\/05\/la-feria-alimagro-ayuda-al-sector-de-la-patata-a-decidir-su-rumbo\/#primaryimage"},"thumbnailUrl":"https:\/\/alimagro.es\/wp-content\/uploads\/2024\/08\/Feira-maquinaria-agricola-Xinzo-de-Limia-1.jpg","datePublished":"2024-08-05T07:27:42+00:00","dateModified":"2024-08-13T07:50:24+00:00","breadcrumb":{"@id":"https:\/\/alimagro.es\/2024\/08\/05\/la-feria-alimagro-ayuda-al-sector-de-la-patata-a-decidir-su-rumbo\/#breadcrumb"},"inLanguage":"gl-ES","potentialAction":[{"@type":"ReadAction","target":["https:\/\/alimagro.es\/2024\/08\/05\/la-feria-alimagro-ayuda-al-sector-de-la-patata-a-decidir-su-rumbo\/"]}]},{"@type":"ImageObject","inLanguage":"gl-ES","@id":"https:\/\/alimagro.es\/2024\/08\/05\/la-feria-alimagro-ayuda-al-sector-de-la-patata-a-decidir-su-rumbo\/#primaryimage","url":"https:\/\/alimagro.es\/wp-content\/uploads\/2024\/08\/Feira-maquinaria-agricola-Xinzo-de-Limia-1.jpg","contentUrl":"https:\/\/alimagro.es\/wp-content\/uploads\/2024\/08\/Feira-maquinaria-agricola-Xinzo-de-Limia-1.jpg","width":2048,"height":1364,"caption":"Feria de maquinaria Xinzo de Limia"},{"@type":"BreadcrumbList","@id":"https:\/\/alimagro.es\/2024\/08\/05\/la-feria-alimagro-ayuda-al-sector-de-la-patata-a-decidir-su-rumbo\/#breadcrumb","itemListElement":[{"@type":"ListItem","position":1,"name":"Portada","item":"https:\/\/alimagro.es\/"},{"@type":"ListItem","position":2,"name":"La feria Alimagro ayuda al sector de la patata \u201ca decidir su rumbo\u201d"}]},{"@type":"WebSite","@id":"https:\/\/alimagro.es\/#website","url":"https:\/\/alimagro.es\/","name":"Alimagro","description":"Alimagro, un evento referente nacional que aglutina las novedades en cuanto al cultivo de patata y la maquinaria agr\u00edcola.","publisher":{"@id":"https:\/\/alimagro.es\/#organization"},"alternateName":"Feria del Agro de la Limia","potentialAction":[{"@type":"SearchAction","target":{"@type":"EntryPoint","urlTemplate":"https:\/\/alimagro.es\/?s={search_term_string}"},"query-input":{"@type":"PropertyValueSpecification","valueRequired":true,"valueName":"search_term_string"}}],"inLanguage":"gl-ES"},{"@type":"Organization","@id":"https:\/\/alimagro.es\/#organization","name":"Alimagro","url":"https:\/\/alimagro.es\/","logo":{"@type":"ImageObject","inLanguage":"gl-ES","@id":"https:\/\/alimagro.es\/#\/schema\/logo\/image\/","url":"https:\/\/alimagro.es\/wp-content\/uploads\/2023\/07\/alimagro-logo-verde.png","contentUrl":"https:\/\/alimagro.es\/wp-content\/uploads\/2023\/07\/alimagro-logo-verde.png","width":500,"height":96,"caption":"Alimagro"},"image":{"@id":"https:\/\/alimagro.es\/#\/schema\/logo\/image\/"},"sameAs":["https:\/\/www.facebook.com\/people\/Alimagro\/100095025612077\/","https:\/\/www.instagram.com\/alimagro_\/"]},{"@type":"Person","@id":"https:\/\/alimagro.es\/#\/schema\/person\/89860ad1bd667547b21c7a338776d78b","name":"Mar\u00eda \u00c1lvarez","image":{"@type":"ImageObject","inLanguage":"gl-ES","@id":"https:\/\/alimagro.es\/#\/schema\/person\/image\/","url":"https:\/\/secure.gravatar.com\/avatar\/073a70519b527b7f5caacb635da42b6721e0828f6a6609c38e1663e2b4ab460f?s=96&d=mm&r=g","contentUrl":"https:\/\/secure.gravatar.com\/avatar\/073a70519b527b7f5caacb635da42b6721e0828f6a6609c38e1663e2b4ab460f?s=96&d=mm&r=g","caption":"Mar\u00eda \u00c1lvarez"},"url":"https:\/\/alimagro.es\/gl\/author\/maria\/"}]}},"_links":{"self":[{"href":"https:\/\/alimagro.es\/gl\/wp-json\/wp\/v2\/posts\/964","targetHints":{"allow":["GET"]}}],"collection":[{"href":"https:\/\/alimagro.es\/gl\/wp-json\/wp\/v2\/posts"}],"about":[{"href":"https:\/\/alimagro.es\/gl\/wp-json\/wp\/v2\/types\/post"}],"author":[{"embeddable":true,"href":"https:\/\/alimagro.es\/gl\/wp-json\/wp\/v2\/users\/7"}],"replies":[{"embeddable":true,"href":"https:\/\/alimagro.es\/gl\/wp-json\/wp\/v2\/comments?post=964"}],"version-history":[{"count":3,"href":"https:\/\/alimagro.es\/gl\/wp-json\/wp\/v2\/posts\/964\/revisions"}],"predecessor-version":[{"id":977,"href":"https:\/\/alimagro.es\/gl\/wp-json\/wp\/v2\/posts\/964\/revisions\/977"}],"wp:featuredmedia":[{"embeddable":true,"href":"https:\/\/alimagro.es\/gl\/wp-json\/wp\/v2\/media\/965"}],"wp:attachment":[{"href":"https:\/\/alimagro.es\/gl\/wp-json\/wp\/v2\/media?parent=964"}],"wp:term":[{"taxonomy":"category","embeddable":true,"href":"https:\/\/alimagro.es\/gl\/wp-json\/wp\/v2\/categories?post=964"},{"taxonomy":"post_tag","embeddable":true,"href":"https:\/\/alimagro.es\/gl\/wp-json\/wp\/v2\/tags?post=964"}],"curies":[{"name":"wp","href":"https:\/\/api.w.org\/{rel}","templated":true}]}}