{"id":759,"date":"2023-08-29T10:45:40","date_gmt":"2023-08-29T08:45:40","guid":{"rendered":"https:\/\/alimagro.es\/?p=759"},"modified":"2023-08-29T10:35:00","modified_gmt":"2023-08-29T08:35:00","slug":"los-nuevos-retos-del-sector-colofon-de-la-jornada-de-la-patata","status":"publish","type":"post","link":"https:\/\/alimagro.es\/gl\/2023\/08\/29\/los-nuevos-retos-del-sector-colofon-de-la-jornada-de-la-patata\/","title":{"rendered":"Os novos retos do sector, colof\u00f3n do D\u00eda da Pataca"},"content":{"rendered":"<p>La Jornada de la Patata tiene su colof\u00f3n en una&nbsp;<strong>mesa redonda<\/strong>&nbsp;destinada a analizar los \u2018Nuevos retos para el sector\u2019. Los participantes ofrecer\u00e1n su visi\u00f3n sobre un panorama marcado por la escasez de agua, las aportaciones de la I+D aplicada a la agricultura, la Ley de la Cadena Alimentaria y la campa\u00f1a 2023 en la pen\u00ednsula ib\u00e9rica.<\/p>\n<p>En la mesa, moderada por M\u00e1ximo G\u00f3mez, de CAMPO, participan <strong>Jos\u00e9 Gonz\u00e1lez,<\/strong>&nbsp;conselleiro do Medio Rural de la Xunta de Galicia;&nbsp;<strong>Servando \u00c1lvarez Pousa,<\/strong>&nbsp;director t\u00e9cnico del Centro de Desenvolvemento Agrogandeiro, perteneciente al INORDE;&nbsp;<strong>Roberto Garc\u00eda,<\/strong>&nbsp;responsable de Unions Agrarias;&nbsp;<strong>Jos\u00e9 Manuel G\u00f3mez,<\/strong>&nbsp;presidente del Consejo Regulador de la IGP Pataca de Galicia;&nbsp;<strong>Juan Manuel Coello,<\/strong>&nbsp;director de Operaciones de Patatas Mel\u00e9ndez, y&nbsp;<strong>Daniel Alves,<\/strong>&nbsp;responsable de la cooperativa portuguesa Coopbarroso.<\/p>","protected":false},"excerpt":{"rendered":"<p>La Jornada de la Patata tiene su colof\u00f3n en una&nbsp;mesa redonda&nbsp;destinada a analizar los \u2018Nuevos retos para el sector\u2019. Los participantes ofrecer\u00e1n su visi\u00f3n sobre un panorama marcado por la escasez de agua, las aportaciones de la I+D aplicada a la agricultura, la Ley de la Cadena Alimentaria y la campa\u00f1a 2023 en la pen\u00ednsula [&hellip;]<\/p>","protected":false},"author":1,"featured_media":762,"comment_status":"closed","ping_status":"closed","sticky":false,"template":"","format":"standard","meta":{"ngg_post_thumbnail":0,"footnotes":""},"categories":[1],"tags":[67,55,65,21,68,66],"class_list":{"0":"post-759","1":"post","2":"type-post","3":"status-publish","4":"format-standard","5":"has-post-thumbnail","7":"category-sin-categoria","8":"tag-agricultura","9":"tag-jornada-tecnica","10":"tag-mesa-redonda","11":"tag-patata","12":"tag-retos","13":"tag-sector"},"yoast_head":"<!-- This site is optimized with the Yoast SEO plugin v25.8 - https:\/\/yoast.com\/wordpress\/plugins\/seo\/ -->\n<title>Los nuevos retos del sector, colof\u00f3n de la Jornada de la Patata | Alimagro<\/title>\n<meta name=\"robots\" content=\"index, follow, max-snippet:-1, max-image-preview:large, max-video-preview:-1\" \/>\n<link rel=\"canonical\" href=\"https:\/\/alimagro.es\/gl\/2023\/08\/29\/los-nuevos-retos-del-sector-colofon-de-la-jornada-de-la-patata\/\" \/>\n<meta property=\"og:locale\" content=\"gl_ES\" \/>\n<meta property=\"og:type\" content=\"article\" \/>\n<meta property=\"og:title\" content=\"Los nuevos retos del sector, colof\u00f3n de la Jornada de la Patata | Alimagro\" \/>\n<meta property=\"og:description\" content=\"La Jornada de la Patata tiene su colof\u00f3n en una&nbsp;mesa redonda&nbsp;destinada a analizar los \u2018Nuevos retos para el sector\u2019. Los participantes ofrecer\u00e1n su visi\u00f3n sobre un panorama marcado por la escasez de agua, las aportaciones de la I+D aplicada a la agricultura, la Ley de la Cadena Alimentaria y la campa\u00f1a 2023 en la pen\u00ednsula [&hellip;]\" \/>\n<meta property=\"og:url\" content=\"https:\/\/alimagro.es\/gl\/2023\/08\/29\/los-nuevos-retos-del-sector-colofon-de-la-jornada-de-la-patata\/\" \/>\n<meta property=\"og:site_name\" content=\"Alimagro\" \/>\n<meta property=\"article:publisher\" content=\"https:\/\/www.facebook.com\/people\/Alimagro\/100095025612077\/\" \/>\n<meta property=\"article:published_time\" content=\"2023-08-29T08:45:40+00:00\" \/>\n<meta property=\"og:image\" content=\"https:\/\/alimagro.es\/wp-content\/uploads\/2023\/08\/tractor-agricultural-machine-cultivating-field-scaled.jpg\" \/>\n\t<meta property=\"og:image:width\" content=\"2560\" \/>\n\t<meta property=\"og:image:height\" content=\"1709\" \/>\n\t<meta property=\"og:image:type\" content=\"image\/jpeg\" \/>\n<meta name=\"author\" content=\"Aleanny\" \/>\n<meta name=\"twitter:card\" content=\"summary_large_image\" \/>\n<meta name=\"twitter:label1\" content=\"Escrito por\" \/>\n\t<meta name=\"twitter:data1\" content=\"Aleanny\" \/>\n\t<meta name=\"twitter:label2\" content=\"Tempo de lectura\" \/>\n\t<meta name=\"twitter:data2\" content=\"1 minuto\" \/>\n<script type=\"application\/ld+json\" class=\"yoast-schema-graph\">{\"@context\":\"https:\/\/schema.org\",\"@graph\":[{\"@type\":\"Article\",\"@id\":\"https:\/\/alimagro.es\/2023\/08\/29\/los-nuevos-retos-del-sector-colofon-de-la-jornada-de-la-patata\/#article\",\"isPartOf\":{\"@id\":\"https:\/\/alimagro.es\/2023\/08\/29\/los-nuevos-retos-del-sector-colofon-de-la-jornada-de-la-patata\/\"},\"author\":{\"name\":\"Aleanny\",\"@id\":\"https:\/\/alimagro.es\/#\/schema\/person\/0dada84c4cae6b8f7d9042d214d44f5f\"},\"headline\":\"Los nuevos retos del sector, colof\u00f3n de la Jornada de la Patata\",\"datePublished\":\"2023-08-29T08:45:40+00:00\",\"mainEntityOfPage\":{\"@id\":\"https:\/\/alimagro.es\/2023\/08\/29\/los-nuevos-retos-del-sector-colofon-de-la-jornada-de-la-patata\/\"},\"wordCount\":168,\"publisher\":{\"@id\":\"https:\/\/alimagro.es\/#organization\"},\"image\":{\"@id\":\"https:\/\/alimagro.es\/2023\/08\/29\/los-nuevos-retos-del-sector-colofon-de-la-jornada-de-la-patata\/#primaryimage\"},\"thumbnailUrl\":\"https:\/\/alimagro.es\/wp-content\/uploads\/2023\/08\/tractor-agricultural-machine-cultivating-field-scaled.jpg\",\"keywords\":[\"agricultura\",\"jornada t\u00e9cnica\",\"mesa redonda\",\"Patata\",\"retos\",\"sector\"],\"articleSection\":[\"Sin categor\u00eda\"],\"inLanguage\":\"gl-ES\"},{\"@type\":\"WebPage\",\"@id\":\"https:\/\/alimagro.es\/2023\/08\/29\/los-nuevos-retos-del-sector-colofon-de-la-jornada-de-la-patata\/\",\"url\":\"https:\/\/alimagro.es\/2023\/08\/29\/los-nuevos-retos-del-sector-colofon-de-la-jornada-de-la-patata\/\",\"name\":\"Los nuevos retos del sector, colof\u00f3n de la Jornada de la Patata | Alimagro\",\"isPartOf\":{\"@id\":\"https:\/\/alimagro.es\/#website\"},\"primaryImageOfPage\":{\"@id\":\"https:\/\/alimagro.es\/2023\/08\/29\/los-nuevos-retos-del-sector-colofon-de-la-jornada-de-la-patata\/#primaryimage\"},\"image\":{\"@id\":\"https:\/\/alimagro.es\/2023\/08\/29\/los-nuevos-retos-del-sector-colofon-de-la-jornada-de-la-patata\/#primaryimage\"},\"thumbnailUrl\":\"https:\/\/alimagro.es\/wp-content\/uploads\/2023\/08\/tractor-agricultural-machine-cultivating-field-scaled.jpg\",\"datePublished\":\"2023-08-29T08:45:40+00:00\",\"breadcrumb\":{\"@id\":\"https:\/\/alimagro.es\/2023\/08\/29\/los-nuevos-retos-del-sector-colofon-de-la-jornada-de-la-patata\/#breadcrumb\"},\"inLanguage\":\"gl-ES\",\"potentialAction\":[{\"@type\":\"ReadAction\",\"target\":[\"https:\/\/alimagro.es\/2023\/08\/29\/los-nuevos-retos-del-sector-colofon-de-la-jornada-de-la-patata\/\"]}]},{\"@type\":\"ImageObject\",\"inLanguage\":\"gl-ES\",\"@id\":\"https:\/\/alimagro.es\/2023\/08\/29\/los-nuevos-retos-del-sector-colofon-de-la-jornada-de-la-patata\/#primaryimage\",\"url\":\"https:\/\/alimagro.es\/wp-content\/uploads\/2023\/08\/tractor-agricultural-machine-cultivating-field-scaled.jpg\",\"contentUrl\":\"https:\/\/alimagro.es\/wp-content\/uploads\/2023\/08\/tractor-agricultural-machine-cultivating-field-scaled.jpg\",\"width\":2560,\"height\":1709,\"caption\":\"Tractor agricultural machine cultivating field.\"},{\"@type\":\"BreadcrumbList\",\"@id\":\"https:\/\/alimagro.es\/2023\/08\/29\/los-nuevos-retos-del-sector-colofon-de-la-jornada-de-la-patata\/#breadcrumb\",\"itemListElement\":[{\"@type\":\"ListItem\",\"position\":1,\"name\":\"Portada\",\"item\":\"https:\/\/alimagro.es\/\"},{\"@type\":\"ListItem\",\"position\":2,\"name\":\"Los nuevos retos del sector, colof\u00f3n de la Jornada de la Patata\"}]},{\"@type\":\"WebSite\",\"@id\":\"https:\/\/alimagro.es\/#website\",\"url\":\"https:\/\/alimagro.es\/\",\"name\":\"Alimagro\",\"description\":\"Alimagro, un evento referente nacional que aglutina las novedades en cuanto al cultivo de patata y la maquinaria agr\u00edcola.\",\"publisher\":{\"@id\":\"https:\/\/alimagro.es\/#organization\"},\"alternateName\":\"Feria del Agro de la Limia\",\"potentialAction\":[{\"@type\":\"SearchAction\",\"target\":{\"@type\":\"EntryPoint\",\"urlTemplate\":\"https:\/\/alimagro.es\/?s={search_term_string}\"},\"query-input\":{\"@type\":\"PropertyValueSpecification\",\"valueRequired\":true,\"valueName\":\"search_term_string\"}}],\"inLanguage\":\"gl-ES\"},{\"@type\":\"Organization\",\"@id\":\"https:\/\/alimagro.es\/#organization\",\"name\":\"Alimagro\",\"url\":\"https:\/\/alimagro.es\/\",\"logo\":{\"@type\":\"ImageObject\",\"inLanguage\":\"gl-ES\",\"@id\":\"https:\/\/alimagro.es\/#\/schema\/logo\/image\/\",\"url\":\"https:\/\/alimagro.es\/wp-content\/uploads\/2023\/07\/alimagro-logo-verde.png\",\"contentUrl\":\"https:\/\/alimagro.es\/wp-content\/uploads\/2023\/07\/alimagro-logo-verde.png\",\"width\":500,\"height\":96,\"caption\":\"Alimagro\"},\"image\":{\"@id\":\"https:\/\/alimagro.es\/#\/schema\/logo\/image\/\"},\"sameAs\":[\"https:\/\/www.facebook.com\/people\/Alimagro\/100095025612077\/\",\"https:\/\/www.instagram.com\/alimagro_\/\"]},{\"@type\":\"Person\",\"@id\":\"https:\/\/alimagro.es\/#\/schema\/person\/0dada84c4cae6b8f7d9042d214d44f5f\",\"name\":\"Aleanny\",\"image\":{\"@type\":\"ImageObject\",\"inLanguage\":\"gl-ES\",\"@id\":\"https:\/\/alimagro.es\/#\/schema\/person\/image\/\",\"url\":\"https:\/\/secure.gravatar.com\/avatar\/1544aab85306f224c87f68de5c747842347b929b2ce65b3c9b4288505c86ee0d?s=96&d=mm&r=g\",\"contentUrl\":\"https:\/\/secure.gravatar.com\/avatar\/1544aab85306f224c87f68de5c747842347b929b2ce65b3c9b4288505c86ee0d?s=96&d=mm&r=g\",\"caption\":\"Aleanny\"},\"sameAs\":[\"https:\/\/alimagro.es\"],\"url\":\"https:\/\/alimagro.es\/gl\/author\/aleanny\/\"}]}<\/script>\n<!-- \/ Yoast SEO plugin. -->","yoast_head_json":{"title":"Los nuevos retos del sector, colof\u00f3n de la Jornada de la Patata | Alimagro","robots":{"index":"index","follow":"follow","max-snippet":"max-snippet:-1","max-image-preview":"max-image-preview:large","max-video-preview":"max-video-preview:-1"},"canonical":"https:\/\/alimagro.es\/gl\/2023\/08\/29\/los-nuevos-retos-del-sector-colofon-de-la-jornada-de-la-patata\/","og_locale":"gl_ES","og_type":"article","og_title":"Los nuevos retos del sector, colof\u00f3n de la Jornada de la Patata | Alimagro","og_description":"La Jornada de la Patata tiene su colof\u00f3n en una&nbsp;mesa redonda&nbsp;destinada a analizar los \u2018Nuevos retos para el sector\u2019. Los participantes ofrecer\u00e1n su visi\u00f3n sobre un panorama marcado por la escasez de agua, las aportaciones de la I+D aplicada a la agricultura, la Ley de la Cadena Alimentaria y la campa\u00f1a 2023 en la pen\u00ednsula [&hellip;]","og_url":"https:\/\/alimagro.es\/gl\/2023\/08\/29\/los-nuevos-retos-del-sector-colofon-de-la-jornada-de-la-patata\/","og_site_name":"Alimagro","article_publisher":"https:\/\/www.facebook.com\/people\/Alimagro\/100095025612077\/","article_published_time":"2023-08-29T08:45:40+00:00","og_image":[{"width":2560,"height":1709,"url":"https:\/\/alimagro.es\/wp-content\/uploads\/2023\/08\/tractor-agricultural-machine-cultivating-field-scaled.jpg","type":"image\/jpeg"}],"author":"Aleanny","twitter_card":"summary_large_image","twitter_misc":{"Escrito por":"Aleanny","Tempo de lectura":"1 minuto"},"schema":{"@context":"https:\/\/schema.org","@graph":[{"@type":"Article","@id":"https:\/\/alimagro.es\/2023\/08\/29\/los-nuevos-retos-del-sector-colofon-de-la-jornada-de-la-patata\/#article","isPartOf":{"@id":"https:\/\/alimagro.es\/2023\/08\/29\/los-nuevos-retos-del-sector-colofon-de-la-jornada-de-la-patata\/"},"author":{"name":"Aleanny","@id":"https:\/\/alimagro.es\/#\/schema\/person\/0dada84c4cae6b8f7d9042d214d44f5f"},"headline":"Los nuevos retos del sector, colof\u00f3n de la Jornada de la Patata","datePublished":"2023-08-29T08:45:40+00:00","mainEntityOfPage":{"@id":"https:\/\/alimagro.es\/2023\/08\/29\/los-nuevos-retos-del-sector-colofon-de-la-jornada-de-la-patata\/"},"wordCount":168,"publisher":{"@id":"https:\/\/alimagro.es\/#organization"},"image":{"@id":"https:\/\/alimagro.es\/2023\/08\/29\/los-nuevos-retos-del-sector-colofon-de-la-jornada-de-la-patata\/#primaryimage"},"thumbnailUrl":"https:\/\/alimagro.es\/wp-content\/uploads\/2023\/08\/tractor-agricultural-machine-cultivating-field-scaled.jpg","keywords":["agricultura","jornada t\u00e9cnica","mesa redonda","Patata","retos","sector"],"articleSection":["Sin categor\u00eda"],"inLanguage":"gl-ES"},{"@type":"WebPage","@id":"https:\/\/alimagro.es\/2023\/08\/29\/los-nuevos-retos-del-sector-colofon-de-la-jornada-de-la-patata\/","url":"https:\/\/alimagro.es\/2023\/08\/29\/los-nuevos-retos-del-sector-colofon-de-la-jornada-de-la-patata\/","name":"Los nuevos retos del sector, colof\u00f3n de la Jornada de la Patata | Alimagro","isPartOf":{"@id":"https:\/\/alimagro.es\/#website"},"primaryImageOfPage":{"@id":"https:\/\/alimagro.es\/2023\/08\/29\/los-nuevos-retos-del-sector-colofon-de-la-jornada-de-la-patata\/#primaryimage"},"image":{"@id":"https:\/\/alimagro.es\/2023\/08\/29\/los-nuevos-retos-del-sector-colofon-de-la-jornada-de-la-patata\/#primaryimage"},"thumbnailUrl":"https:\/\/alimagro.es\/wp-content\/uploads\/2023\/08\/tractor-agricultural-machine-cultivating-field-scaled.jpg","datePublished":"2023-08-29T08:45:40+00:00","breadcrumb":{"@id":"https:\/\/alimagro.es\/2023\/08\/29\/los-nuevos-retos-del-sector-colofon-de-la-jornada-de-la-patata\/#breadcrumb"},"inLanguage":"gl-ES","potentialAction":[{"@type":"ReadAction","target":["https:\/\/alimagro.es\/2023\/08\/29\/los-nuevos-retos-del-sector-colofon-de-la-jornada-de-la-patata\/"]}]},{"@type":"ImageObject","inLanguage":"gl-ES","@id":"https:\/\/alimagro.es\/2023\/08\/29\/los-nuevos-retos-del-sector-colofon-de-la-jornada-de-la-patata\/#primaryimage","url":"https:\/\/alimagro.es\/wp-content\/uploads\/2023\/08\/tractor-agricultural-machine-cultivating-field-scaled.jpg","contentUrl":"https:\/\/alimagro.es\/wp-content\/uploads\/2023\/08\/tractor-agricultural-machine-cultivating-field-scaled.jpg","width":2560,"height":1709,"caption":"Tractor agricultural machine cultivating field."},{"@type":"BreadcrumbList","@id":"https:\/\/alimagro.es\/2023\/08\/29\/los-nuevos-retos-del-sector-colofon-de-la-jornada-de-la-patata\/#breadcrumb","itemListElement":[{"@type":"ListItem","position":1,"name":"Portada","item":"https:\/\/alimagro.es\/"},{"@type":"ListItem","position":2,"name":"Los nuevos retos del sector, colof\u00f3n de la Jornada de la Patata"}]},{"@type":"WebSite","@id":"https:\/\/alimagro.es\/#website","url":"https:\/\/alimagro.es\/","name":"Alimagro","description":"Alimagro, un evento referente nacional que aglutina las novedades en cuanto al cultivo de patata y la maquinaria agr\u00edcola.","publisher":{"@id":"https:\/\/alimagro.es\/#organization"},"alternateName":"Feria del Agro de la Limia","potentialAction":[{"@type":"SearchAction","target":{"@type":"EntryPoint","urlTemplate":"https:\/\/alimagro.es\/?s={search_term_string}"},"query-input":{"@type":"PropertyValueSpecification","valueRequired":true,"valueName":"search_term_string"}}],"inLanguage":"gl-ES"},{"@type":"Organization","@id":"https:\/\/alimagro.es\/#organization","name":"Alimagro","url":"https:\/\/alimagro.es\/","logo":{"@type":"ImageObject","inLanguage":"gl-ES","@id":"https:\/\/alimagro.es\/#\/schema\/logo\/image\/","url":"https:\/\/alimagro.es\/wp-content\/uploads\/2023\/07\/alimagro-logo-verde.png","contentUrl":"https:\/\/alimagro.es\/wp-content\/uploads\/2023\/07\/alimagro-logo-verde.png","width":500,"height":96,"caption":"Alimagro"},"image":{"@id":"https:\/\/alimagro.es\/#\/schema\/logo\/image\/"},"sameAs":["https:\/\/www.facebook.com\/people\/Alimagro\/100095025612077\/","https:\/\/www.instagram.com\/alimagro_\/"]},{"@type":"Person","@id":"https:\/\/alimagro.es\/#\/schema\/person\/0dada84c4cae6b8f7d9042d214d44f5f","name":"Aleanny","image":{"@type":"ImageObject","inLanguage":"gl-ES","@id":"https:\/\/alimagro.es\/#\/schema\/person\/image\/","url":"https:\/\/secure.gravatar.com\/avatar\/1544aab85306f224c87f68de5c747842347b929b2ce65b3c9b4288505c86ee0d?s=96&d=mm&r=g","contentUrl":"https:\/\/secure.gravatar.com\/avatar\/1544aab85306f224c87f68de5c747842347b929b2ce65b3c9b4288505c86ee0d?s=96&d=mm&r=g","caption":"Aleanny"},"sameAs":["https:\/\/alimagro.es"],"url":"https:\/\/alimagro.es\/gl\/author\/aleanny\/"}]}},"_links":{"self":[{"href":"https:\/\/alimagro.es\/gl\/wp-json\/wp\/v2\/posts\/759","targetHints":{"allow":["GET"]}}],"collection":[{"href":"https:\/\/alimagro.es\/gl\/wp-json\/wp\/v2\/posts"}],"about":[{"href":"https:\/\/alimagro.es\/gl\/wp-json\/wp\/v2\/types\/post"}],"author":[{"embeddable":true,"href":"https:\/\/alimagro.es\/gl\/wp-json\/wp\/v2\/users\/1"}],"replies":[{"embeddable":true,"href":"https:\/\/alimagro.es\/gl\/wp-json\/wp\/v2\/comments?post=759"}],"version-history":[{"count":1,"href":"https:\/\/alimagro.es\/gl\/wp-json\/wp\/v2\/posts\/759\/revisions"}],"predecessor-version":[{"id":763,"href":"https:\/\/alimagro.es\/gl\/wp-json\/wp\/v2\/posts\/759\/revisions\/763"}],"wp:featuredmedia":[{"embeddable":true,"href":"https:\/\/alimagro.es\/gl\/wp-json\/wp\/v2\/media\/762"}],"wp:attachment":[{"href":"https:\/\/alimagro.es\/gl\/wp-json\/wp\/v2\/media?parent=759"}],"wp:term":[{"taxonomy":"category","embeddable":true,"href":"https:\/\/alimagro.es\/gl\/wp-json\/wp\/v2\/categories?post=759"},{"taxonomy":"post_tag","embeddable":true,"href":"https:\/\/alimagro.es\/gl\/wp-json\/wp\/v2\/tags?post=759"}],"curies":[{"name":"wp","href":"https:\/\/api.w.org\/{rel}","templated":true}]}}