{"id":756,"date":"2023-08-29T08:15:25","date_gmt":"2023-08-29T06:15:25","guid":{"rendered":"https:\/\/alimagro.es\/?p=756"},"modified":"2023-08-29T08:11:16","modified_gmt":"2023-08-29T06:11:16","slug":"carlos-garcia-agrofield-2023-sera-un-ano-para-conservar","status":"publish","type":"post","link":"https:\/\/alimagro.es\/gl\/2023\/08\/29\/carlos-garcia-agrofield-2023-sera-un-ano-para-conservar\/","title":{"rendered":"Carlos Garc\u00eda, de Agrofield, dar\u00e1 as claves dun bo rendemento da pataca"},"content":{"rendered":"<p>Adem\u00e1s de las ponencias de <a href=\"https:\/\/alimagro.es\/gl\/2023\/08\/28\/ventajas-del-riego-por-goteo-sera-la-primera-ponencia-de-la-jornada-tecnica-de-la-patata\/\" target=\"_blank\" rel=\"noopener\">Guillermo Pellegrino (Netafim)<\/a> y <a href=\"https:\/\/alimagro.es\/gl\/2023\/08\/28\/manuel-gil-de-hispatec-destacara-la-digitalizacion-en-el-campo-como-una-prioridad\/\" target=\"_blank\" rel=\"noopener\">Manuel Gil (Hispatec)<\/a>, durante la Jornada T\u00e9cnica de la Patata en Xinzo de Limia tambi\u00e9n hablar\u00e1 de conservaci\u00f3n <strong>Carlos Garc\u00eda<\/strong>, de la compa\u00f1\u00eda <strong>Agrofield,<\/strong> para quien ser\u00e1 \u201cun a\u00f1o para conservar mucho m\u00e1s producto que el anterior\u201d.<\/p>\n<p>Para \u00e9l la soluci\u00f3n comercial para la patata espa\u00f1ola pasa por \u201cregular\u201d la actividad, es decir, por<strong>&nbsp;almacenar el producto<\/strong>&nbsp;con garant\u00edas. \u201cPero tenemos poca infraestructura para hacerlo de forma adecuada\u201d, advierte.<\/p>\n<p>Actualmente, la conservaci\u00f3n durante meses requiere tres elementos: una nave cerrada, cajones y fr\u00edo, \u201cpero solo el 10% de los almacenes espa\u00f1oles los re\u00fane\u201d, seg\u00fan \u00e9l.<\/p>\n<p>\u00bfQu\u00e9 ha sucedido? Por un lado, la prohibici\u00f3n de productos como el&nbsp;<strong>CIPC.&nbsp;<\/strong>Por otro, un cambio clim\u00e1tico que ya hace imposible ventilar las patatas de tres a seis de la ma\u00f1ana para conservarlas.<\/p>\n<p>\u201cHoy las&nbsp;<strong>temperaturas m\u00ednimas<\/strong>&nbsp;no son tan bajas como antes por culpa del cambio clim\u00e1tico, con lo que la \u00fanica soluci\u00f3n para por el fr\u00edo\u201d. \u201cHay zonas productoras como la de Vallelado, en Segovia, que ya no son un valle helado y que deber\u00edan cambiar de nombre\u201d, bromea.<\/p>\n<p>Son muy pocos lo que aguantan con la patata hasta febrero o marzo. \u201cQuien lo consiga es capit\u00e1n general porque su competencia no ser\u00e1 capaz\u201d, recalca. \u201cTendr\u00e1s una <strong>plusval\u00eda&nbsp;<\/strong>quiz\u00e1 de 15 c\u00e9ntimos el kilo, de modo que para ti ser\u00e1 rentable el esfuerzo y la inversi\u00f3n de tener un buen sistema de conservaci\u00f3n con fr\u00edo\u201d.<\/p>\n<p>El <strong>nuevo escenario<\/strong>&nbsp;obliga a todos a replantear su actividad y empezar a hacer bien las cosas. Por ejemplo, retrasar la siembra de las variedades para conservar, \u201cporque solo si actuamos en fecha de siembra, en elecci\u00f3n de variedades, en fertilizaci\u00f3n y en fecha de arranque estaremos en condiciones de atender al mercado durante m\u00e1s tiempo\u201d, destaca el responsable de Agrofield.<\/p>","protected":false},"excerpt":{"rendered":"<p>Adem\u00e1s de las ponencias de Guillermo Pellegrino (Netafim) y Manuel Gil (Hispatec), durante la Jornada T\u00e9cnica de la Patata en Xinzo de Limia tambi\u00e9n hablar\u00e1 de conservaci\u00f3n Carlos Garc\u00eda, de la compa\u00f1\u00eda Agrofield, para quien ser\u00e1 \u201cun a\u00f1o para conservar mucho m\u00e1s producto que el anterior\u201d. Para \u00e9l la soluci\u00f3n comercial para la patata espa\u00f1ola [&hellip;]<\/p>","protected":false},"author":1,"featured_media":757,"comment_status":"closed","ping_status":"closed","sticky":false,"template":"","format":"standard","meta":{"ngg_post_thumbnail":0,"footnotes":""},"categories":[1],"tags":[62,18,61,64,63,21,19],"class_list":{"0":"post-756","1":"post","2":"type-post","3":"status-publish","4":"format-standard","5":"has-post-thumbnail","7":"category-sin-categoria","8":"tag-agrofield","9":"tag-alimagro","10":"tag-conservar","11":"tag-frio","12":"tag-nave","13":"tag-patata","14":"tag-xinzo-de-limia"},"yoast_head":"<!-- This site is optimized with the Yoast SEO plugin v25.8 - https:\/\/yoast.com\/wordpress\/plugins\/seo\/ -->\n<title>Carlos Garc\u00eda, de Agrofield, dar\u00e1 las claves para un buen funcionamiento de la patata | Alimagro<\/title>\n<meta name=\"robots\" content=\"index, follow, max-snippet:-1, max-image-preview:large, max-video-preview:-1\" \/>\n<link rel=\"canonical\" href=\"https:\/\/alimagro.es\/gl\/2023\/08\/29\/carlos-garcia-agrofield-2023-sera-un-ano-para-conservar\/\" \/>\n<meta property=\"og:locale\" content=\"gl_ES\" \/>\n<meta property=\"og:type\" content=\"article\" \/>\n<meta property=\"og:title\" content=\"Carlos Garc\u00eda, de Agrofield, dar\u00e1 las claves para un buen funcionamiento de la patata | Alimagro\" \/>\n<meta property=\"og:description\" content=\"Adem\u00e1s de las ponencias de Guillermo Pellegrino (Netafim) y Manuel Gil (Hispatec), durante la Jornada T\u00e9cnica de la Patata en Xinzo de Limia tambi\u00e9n hablar\u00e1 de conservaci\u00f3n Carlos Garc\u00eda, de la compa\u00f1\u00eda Agrofield, para quien ser\u00e1 \u201cun a\u00f1o para conservar mucho m\u00e1s producto que el anterior\u201d. Para \u00e9l la soluci\u00f3n comercial para la patata espa\u00f1ola [&hellip;]\" \/>\n<meta property=\"og:url\" content=\"https:\/\/alimagro.es\/gl\/2023\/08\/29\/carlos-garcia-agrofield-2023-sera-un-ano-para-conservar\/\" \/>\n<meta property=\"og:site_name\" content=\"Alimagro\" \/>\n<meta property=\"article:publisher\" content=\"https:\/\/www.facebook.com\/people\/Alimagro\/100095025612077\/\" \/>\n<meta property=\"article:published_time\" content=\"2023-08-29T06:15:25+00:00\" \/>\n<meta property=\"og:image\" content=\"https:\/\/alimagro.es\/wp-content\/uploads\/2023\/08\/bg-pueblos-1.jpg\" \/>\n\t<meta property=\"og:image:width\" content=\"1920\" \/>\n\t<meta property=\"og:image:height\" content=\"1080\" \/>\n\t<meta property=\"og:image:type\" content=\"image\/jpeg\" \/>\n<meta name=\"author\" content=\"Aleanny\" \/>\n<meta name=\"twitter:card\" content=\"summary_large_image\" \/>\n<meta name=\"twitter:label1\" content=\"Escrito por\" \/>\n\t<meta name=\"twitter:data1\" content=\"Aleanny\" \/>\n\t<meta name=\"twitter:label2\" content=\"Tempo de lectura\" \/>\n\t<meta name=\"twitter:data2\" content=\"2 minutos\" \/>\n<script type=\"application\/ld+json\" class=\"yoast-schema-graph\">{\"@context\":\"https:\/\/schema.org\",\"@graph\":[{\"@type\":\"Article\",\"@id\":\"https:\/\/alimagro.es\/2023\/08\/29\/carlos-garcia-agrofield-2023-sera-un-ano-para-conservar\/#article\",\"isPartOf\":{\"@id\":\"https:\/\/alimagro.es\/2023\/08\/29\/carlos-garcia-agrofield-2023-sera-un-ano-para-conservar\/\"},\"author\":{\"name\":\"Aleanny\",\"@id\":\"https:\/\/alimagro.es\/#\/schema\/person\/0dada84c4cae6b8f7d9042d214d44f5f\"},\"headline\":\"Carlos Garc\u00eda, de Agrofield, dar\u00e1 las claves para un buen funcionamiento de la patata\",\"datePublished\":\"2023-08-29T06:15:25+00:00\",\"mainEntityOfPage\":{\"@id\":\"https:\/\/alimagro.es\/2023\/08\/29\/carlos-garcia-agrofield-2023-sera-un-ano-para-conservar\/\"},\"wordCount\":358,\"publisher\":{\"@id\":\"https:\/\/alimagro.es\/#organization\"},\"image\":{\"@id\":\"https:\/\/alimagro.es\/2023\/08\/29\/carlos-garcia-agrofield-2023-sera-un-ano-para-conservar\/#primaryimage\"},\"thumbnailUrl\":\"https:\/\/alimagro.es\/wp-content\/uploads\/2023\/08\/bg-pueblos-1.jpg\",\"keywords\":[\"agrofield\",\"Alimagro\",\"conservar\",\"fr\u00edo\",\"nave\",\"Patata\",\"Xinzo de Limia\"],\"articleSection\":[\"Sin categor\u00eda\"],\"inLanguage\":\"gl-ES\"},{\"@type\":\"WebPage\",\"@id\":\"https:\/\/alimagro.es\/2023\/08\/29\/carlos-garcia-agrofield-2023-sera-un-ano-para-conservar\/\",\"url\":\"https:\/\/alimagro.es\/2023\/08\/29\/carlos-garcia-agrofield-2023-sera-un-ano-para-conservar\/\",\"name\":\"Carlos Garc\u00eda, de Agrofield, dar\u00e1 las claves para un buen funcionamiento de la patata | Alimagro\",\"isPartOf\":{\"@id\":\"https:\/\/alimagro.es\/#website\"},\"primaryImageOfPage\":{\"@id\":\"https:\/\/alimagro.es\/2023\/08\/29\/carlos-garcia-agrofield-2023-sera-un-ano-para-conservar\/#primaryimage\"},\"image\":{\"@id\":\"https:\/\/alimagro.es\/2023\/08\/29\/carlos-garcia-agrofield-2023-sera-un-ano-para-conservar\/#primaryimage\"},\"thumbnailUrl\":\"https:\/\/alimagro.es\/wp-content\/uploads\/2023\/08\/bg-pueblos-1.jpg\",\"datePublished\":\"2023-08-29T06:15:25+00:00\",\"breadcrumb\":{\"@id\":\"https:\/\/alimagro.es\/2023\/08\/29\/carlos-garcia-agrofield-2023-sera-un-ano-para-conservar\/#breadcrumb\"},\"inLanguage\":\"gl-ES\",\"potentialAction\":[{\"@type\":\"ReadAction\",\"target\":[\"https:\/\/alimagro.es\/2023\/08\/29\/carlos-garcia-agrofield-2023-sera-un-ano-para-conservar\/\"]}]},{\"@type\":\"ImageObject\",\"inLanguage\":\"gl-ES\",\"@id\":\"https:\/\/alimagro.es\/2023\/08\/29\/carlos-garcia-agrofield-2023-sera-un-ano-para-conservar\/#primaryimage\",\"url\":\"https:\/\/alimagro.es\/wp-content\/uploads\/2023\/08\/bg-pueblos-1.jpg\",\"contentUrl\":\"https:\/\/alimagro.es\/wp-content\/uploads\/2023\/08\/bg-pueblos-1.jpg\",\"width\":1920,\"height\":1080},{\"@type\":\"BreadcrumbList\",\"@id\":\"https:\/\/alimagro.es\/2023\/08\/29\/carlos-garcia-agrofield-2023-sera-un-ano-para-conservar\/#breadcrumb\",\"itemListElement\":[{\"@type\":\"ListItem\",\"position\":1,\"name\":\"Portada\",\"item\":\"https:\/\/alimagro.es\/\"},{\"@type\":\"ListItem\",\"position\":2,\"name\":\"Carlos Garc\u00eda, de Agrofield, dar\u00e1 las claves para un buen funcionamiento de la patata\"}]},{\"@type\":\"WebSite\",\"@id\":\"https:\/\/alimagro.es\/#website\",\"url\":\"https:\/\/alimagro.es\/\",\"name\":\"Alimagro\",\"description\":\"Alimagro, un evento referente nacional que aglutina las novedades en cuanto al cultivo de patata y la maquinaria agr\u00edcola.\",\"publisher\":{\"@id\":\"https:\/\/alimagro.es\/#organization\"},\"alternateName\":\"Feria del Agro de la Limia\",\"potentialAction\":[{\"@type\":\"SearchAction\",\"target\":{\"@type\":\"EntryPoint\",\"urlTemplate\":\"https:\/\/alimagro.es\/?s={search_term_string}\"},\"query-input\":{\"@type\":\"PropertyValueSpecification\",\"valueRequired\":true,\"valueName\":\"search_term_string\"}}],\"inLanguage\":\"gl-ES\"},{\"@type\":\"Organization\",\"@id\":\"https:\/\/alimagro.es\/#organization\",\"name\":\"Alimagro\",\"url\":\"https:\/\/alimagro.es\/\",\"logo\":{\"@type\":\"ImageObject\",\"inLanguage\":\"gl-ES\",\"@id\":\"https:\/\/alimagro.es\/#\/schema\/logo\/image\/\",\"url\":\"https:\/\/alimagro.es\/wp-content\/uploads\/2023\/07\/alimagro-logo-verde.png\",\"contentUrl\":\"https:\/\/alimagro.es\/wp-content\/uploads\/2023\/07\/alimagro-logo-verde.png\",\"width\":500,\"height\":96,\"caption\":\"Alimagro\"},\"image\":{\"@id\":\"https:\/\/alimagro.es\/#\/schema\/logo\/image\/\"},\"sameAs\":[\"https:\/\/www.facebook.com\/people\/Alimagro\/100095025612077\/\",\"https:\/\/www.instagram.com\/alimagro_\/\"]},{\"@type\":\"Person\",\"@id\":\"https:\/\/alimagro.es\/#\/schema\/person\/0dada84c4cae6b8f7d9042d214d44f5f\",\"name\":\"Aleanny\",\"image\":{\"@type\":\"ImageObject\",\"inLanguage\":\"gl-ES\",\"@id\":\"https:\/\/alimagro.es\/#\/schema\/person\/image\/\",\"url\":\"https:\/\/secure.gravatar.com\/avatar\/1544aab85306f224c87f68de5c747842347b929b2ce65b3c9b4288505c86ee0d?s=96&d=mm&r=g\",\"contentUrl\":\"https:\/\/secure.gravatar.com\/avatar\/1544aab85306f224c87f68de5c747842347b929b2ce65b3c9b4288505c86ee0d?s=96&d=mm&r=g\",\"caption\":\"Aleanny\"},\"sameAs\":[\"https:\/\/alimagro.es\"],\"url\":\"https:\/\/alimagro.es\/gl\/author\/aleanny\/\"}]}<\/script>\n<!-- \/ Yoast SEO plugin. -->","yoast_head_json":{"title":"Carlos Garc\u00eda, de Agrofield, dar\u00e1 las claves para un buen funcionamiento de la patata | Alimagro","robots":{"index":"index","follow":"follow","max-snippet":"max-snippet:-1","max-image-preview":"max-image-preview:large","max-video-preview":"max-video-preview:-1"},"canonical":"https:\/\/alimagro.es\/gl\/2023\/08\/29\/carlos-garcia-agrofield-2023-sera-un-ano-para-conservar\/","og_locale":"gl_ES","og_type":"article","og_title":"Carlos Garc\u00eda, de Agrofield, dar\u00e1 las claves para un buen funcionamiento de la patata | Alimagro","og_description":"Adem\u00e1s de las ponencias de Guillermo Pellegrino (Netafim) y Manuel Gil (Hispatec), durante la Jornada T\u00e9cnica de la Patata en Xinzo de Limia tambi\u00e9n hablar\u00e1 de conservaci\u00f3n Carlos Garc\u00eda, de la compa\u00f1\u00eda Agrofield, para quien ser\u00e1 \u201cun a\u00f1o para conservar mucho m\u00e1s producto que el anterior\u201d. Para \u00e9l la soluci\u00f3n comercial para la patata espa\u00f1ola [&hellip;]","og_url":"https:\/\/alimagro.es\/gl\/2023\/08\/29\/carlos-garcia-agrofield-2023-sera-un-ano-para-conservar\/","og_site_name":"Alimagro","article_publisher":"https:\/\/www.facebook.com\/people\/Alimagro\/100095025612077\/","article_published_time":"2023-08-29T06:15:25+00:00","og_image":[{"width":1920,"height":1080,"url":"https:\/\/alimagro.es\/wp-content\/uploads\/2023\/08\/bg-pueblos-1.jpg","type":"image\/jpeg"}],"author":"Aleanny","twitter_card":"summary_large_image","twitter_misc":{"Escrito por":"Aleanny","Tempo de lectura":"2 minutos"},"schema":{"@context":"https:\/\/schema.org","@graph":[{"@type":"Article","@id":"https:\/\/alimagro.es\/2023\/08\/29\/carlos-garcia-agrofield-2023-sera-un-ano-para-conservar\/#article","isPartOf":{"@id":"https:\/\/alimagro.es\/2023\/08\/29\/carlos-garcia-agrofield-2023-sera-un-ano-para-conservar\/"},"author":{"name":"Aleanny","@id":"https:\/\/alimagro.es\/#\/schema\/person\/0dada84c4cae6b8f7d9042d214d44f5f"},"headline":"Carlos Garc\u00eda, de Agrofield, dar\u00e1 las claves para un buen funcionamiento de la patata","datePublished":"2023-08-29T06:15:25+00:00","mainEntityOfPage":{"@id":"https:\/\/alimagro.es\/2023\/08\/29\/carlos-garcia-agrofield-2023-sera-un-ano-para-conservar\/"},"wordCount":358,"publisher":{"@id":"https:\/\/alimagro.es\/#organization"},"image":{"@id":"https:\/\/alimagro.es\/2023\/08\/29\/carlos-garcia-agrofield-2023-sera-un-ano-para-conservar\/#primaryimage"},"thumbnailUrl":"https:\/\/alimagro.es\/wp-content\/uploads\/2023\/08\/bg-pueblos-1.jpg","keywords":["agrofield","Alimagro","conservar","fr\u00edo","nave","Patata","Xinzo de Limia"],"articleSection":["Sin categor\u00eda"],"inLanguage":"gl-ES"},{"@type":"WebPage","@id":"https:\/\/alimagro.es\/2023\/08\/29\/carlos-garcia-agrofield-2023-sera-un-ano-para-conservar\/","url":"https:\/\/alimagro.es\/2023\/08\/29\/carlos-garcia-agrofield-2023-sera-un-ano-para-conservar\/","name":"Carlos Garc\u00eda, de Agrofield, dar\u00e1 las claves para un buen funcionamiento de la patata | Alimagro","isPartOf":{"@id":"https:\/\/alimagro.es\/#website"},"primaryImageOfPage":{"@id":"https:\/\/alimagro.es\/2023\/08\/29\/carlos-garcia-agrofield-2023-sera-un-ano-para-conservar\/#primaryimage"},"image":{"@id":"https:\/\/alimagro.es\/2023\/08\/29\/carlos-garcia-agrofield-2023-sera-un-ano-para-conservar\/#primaryimage"},"thumbnailUrl":"https:\/\/alimagro.es\/wp-content\/uploads\/2023\/08\/bg-pueblos-1.jpg","datePublished":"2023-08-29T06:15:25+00:00","breadcrumb":{"@id":"https:\/\/alimagro.es\/2023\/08\/29\/carlos-garcia-agrofield-2023-sera-un-ano-para-conservar\/#breadcrumb"},"inLanguage":"gl-ES","potentialAction":[{"@type":"ReadAction","target":["https:\/\/alimagro.es\/2023\/08\/29\/carlos-garcia-agrofield-2023-sera-un-ano-para-conservar\/"]}]},{"@type":"ImageObject","inLanguage":"gl-ES","@id":"https:\/\/alimagro.es\/2023\/08\/29\/carlos-garcia-agrofield-2023-sera-un-ano-para-conservar\/#primaryimage","url":"https:\/\/alimagro.es\/wp-content\/uploads\/2023\/08\/bg-pueblos-1.jpg","contentUrl":"https:\/\/alimagro.es\/wp-content\/uploads\/2023\/08\/bg-pueblos-1.jpg","width":1920,"height":1080},{"@type":"BreadcrumbList","@id":"https:\/\/alimagro.es\/2023\/08\/29\/carlos-garcia-agrofield-2023-sera-un-ano-para-conservar\/#breadcrumb","itemListElement":[{"@type":"ListItem","position":1,"name":"Portada","item":"https:\/\/alimagro.es\/"},{"@type":"ListItem","position":2,"name":"Carlos Garc\u00eda, de Agrofield, dar\u00e1 las claves para un buen funcionamiento de la patata"}]},{"@type":"WebSite","@id":"https:\/\/alimagro.es\/#website","url":"https:\/\/alimagro.es\/","name":"Alimagro","description":"Alimagro, un evento referente nacional que aglutina las novedades en cuanto al cultivo de patata y la maquinaria agr\u00edcola.","publisher":{"@id":"https:\/\/alimagro.es\/#organization"},"alternateName":"Feria del Agro de la Limia","potentialAction":[{"@type":"SearchAction","target":{"@type":"EntryPoint","urlTemplate":"https:\/\/alimagro.es\/?s={search_term_string}"},"query-input":{"@type":"PropertyValueSpecification","valueRequired":true,"valueName":"search_term_string"}}],"inLanguage":"gl-ES"},{"@type":"Organization","@id":"https:\/\/alimagro.es\/#organization","name":"Alimagro","url":"https:\/\/alimagro.es\/","logo":{"@type":"ImageObject","inLanguage":"gl-ES","@id":"https:\/\/alimagro.es\/#\/schema\/logo\/image\/","url":"https:\/\/alimagro.es\/wp-content\/uploads\/2023\/07\/alimagro-logo-verde.png","contentUrl":"https:\/\/alimagro.es\/wp-content\/uploads\/2023\/07\/alimagro-logo-verde.png","width":500,"height":96,"caption":"Alimagro"},"image":{"@id":"https:\/\/alimagro.es\/#\/schema\/logo\/image\/"},"sameAs":["https:\/\/www.facebook.com\/people\/Alimagro\/100095025612077\/","https:\/\/www.instagram.com\/alimagro_\/"]},{"@type":"Person","@id":"https:\/\/alimagro.es\/#\/schema\/person\/0dada84c4cae6b8f7d9042d214d44f5f","name":"Aleanny","image":{"@type":"ImageObject","inLanguage":"gl-ES","@id":"https:\/\/alimagro.es\/#\/schema\/person\/image\/","url":"https:\/\/secure.gravatar.com\/avatar\/1544aab85306f224c87f68de5c747842347b929b2ce65b3c9b4288505c86ee0d?s=96&d=mm&r=g","contentUrl":"https:\/\/secure.gravatar.com\/avatar\/1544aab85306f224c87f68de5c747842347b929b2ce65b3c9b4288505c86ee0d?s=96&d=mm&r=g","caption":"Aleanny"},"sameAs":["https:\/\/alimagro.es"],"url":"https:\/\/alimagro.es\/gl\/author\/aleanny\/"}]}},"_links":{"self":[{"href":"https:\/\/alimagro.es\/gl\/wp-json\/wp\/v2\/posts\/756","targetHints":{"allow":["GET"]}}],"collection":[{"href":"https:\/\/alimagro.es\/gl\/wp-json\/wp\/v2\/posts"}],"about":[{"href":"https:\/\/alimagro.es\/gl\/wp-json\/wp\/v2\/types\/post"}],"author":[{"embeddable":true,"href":"https:\/\/alimagro.es\/gl\/wp-json\/wp\/v2\/users\/1"}],"replies":[{"embeddable":true,"href":"https:\/\/alimagro.es\/gl\/wp-json\/wp\/v2\/comments?post=756"}],"version-history":[{"count":2,"href":"https:\/\/alimagro.es\/gl\/wp-json\/wp\/v2\/posts\/756\/revisions"}],"predecessor-version":[{"id":760,"href":"https:\/\/alimagro.es\/gl\/wp-json\/wp\/v2\/posts\/756\/revisions\/760"}],"wp:featuredmedia":[{"embeddable":true,"href":"https:\/\/alimagro.es\/gl\/wp-json\/wp\/v2\/media\/757"}],"wp:attachment":[{"href":"https:\/\/alimagro.es\/gl\/wp-json\/wp\/v2\/media?parent=756"}],"wp:term":[{"taxonomy":"category","embeddable":true,"href":"https:\/\/alimagro.es\/gl\/wp-json\/wp\/v2\/categories?post=756"},{"taxonomy":"post_tag","embeddable":true,"href":"https:\/\/alimagro.es\/gl\/wp-json\/wp\/v2\/tags?post=756"}],"curies":[{"name":"wp","href":"https:\/\/api.w.org\/{rel}","templated":true}]}}