{"id":448,"date":"2023-08-17T14:07:07","date_gmt":"2023-08-17T12:07:07","guid":{"rendered":"https:\/\/alimagro.es\/?p=448"},"modified":"2023-08-28T15:05:07","modified_gmt":"2023-08-28T13:05:07","slug":"hermanamiento-de-ciudades-patateras","status":"publish","type":"post","link":"https:\/\/alimagro.es\/gl\/2023\/08\/17\/hermanamiento-de-ciudades-patateras\/","title":{"rendered":"Irmandamento de cidades da pataca"},"content":{"rendered":"<p>En la misma l\u00ednea de reforzar v\u00ednculos comerciales y humanos, la feria contar\u00e1 con un acto formal y tambi\u00e9n entra\u00f1able, consistente en el&nbsp;<strong>hermanamiento de localidades hispanolusas&nbsp;<\/strong>en las que la patata tiene una relevancia especial. Entre las localidades que ya han confirmado su presencia est\u00e1n La Ba\u00f1eza (Le\u00f3n), El Carpio (Valladolid) o Coristanco (A Coru\u00f1a).<\/p>\n<p>En la comarca de A Limia la patata se siembra entre mediados de abril y principios de mayo, mientras que se arranca en la segunda mitad de septiembre y octubre.<\/p>\n<p>Se cultivan tres variedades amparadas por la&nbsp;<strong>IGP Pataca de Galicia,&nbsp;<\/strong>como son la&nbsp;<strong>Kennebec,<\/strong>&nbsp;la&nbsp;<strong>Agria&nbsp;<\/strong>y la&nbsp;<strong>Fina de Carballo.<\/strong>&nbsp;Las dos primeras suponen el 80% de la producci\u00f3n de la comarca de A Limia.<\/p>\n<p>Como destaca Amador D\u00edaz, la Kennebec \u201ccorresponde a los cachelos que tanta fama han dado a la gastronom\u00eda gallega\u201d, mientras que la Agria es \u201cla gran desconocida por el p\u00fablico\u201d, con unas propiedades agron\u00f3micas muy positivas y una gran capacidad para ser almacenada y puesta a disposici\u00f3n de la industria a lo largo de gran parte del a\u00f1o.<\/p>","protected":false},"excerpt":{"rendered":"<p>En la misma l\u00ednea de reforzar v\u00ednculos comerciales y humanos, la feria contar\u00e1 con un acto formal y tambi\u00e9n entra\u00f1able, consistente en el&nbsp;hermanamiento de localidades hispanolusas&nbsp;en las que la patata tiene una relevancia especial. Entre las localidades que ya han confirmado su presencia est\u00e1n La Ba\u00f1eza (Le\u00f3n), El Carpio (Valladolid) o Coristanco (A Coru\u00f1a). En [&hellip;]<\/p>","protected":false},"author":1,"featured_media":449,"comment_status":"closed","ping_status":"closed","sticky":false,"template":"","format":"standard","meta":{"ngg_post_thumbnail":0,"footnotes":""},"categories":[2],"tags":[28,29,21,25],"class_list":{"0":"post-448","1":"post","2":"type-post","3":"status-publish","4":"format-standard","5":"has-post-thumbnail","7":"category-featured","8":"tag-ciudades-de-patata","9":"tag-hermanamiento-de-ciudades-de-patata","11":"tag-patata-espanola"},"yoast_head":"<!-- This site is optimized with the Yoast SEO plugin v25.8 - https:\/\/yoast.com\/wordpress\/plugins\/seo\/ -->\n<title>Hermanamiento de ciudades patateras | Alimagro<\/title>\n<meta name=\"robots\" content=\"index, follow, max-snippet:-1, max-image-preview:large, max-video-preview:-1\" \/>\n<link rel=\"canonical\" href=\"https:\/\/alimagro.es\/gl\/2023\/08\/17\/hermanamiento-de-ciudades-patateras\/\" \/>\n<meta property=\"og:locale\" content=\"gl_ES\" \/>\n<meta property=\"og:type\" content=\"article\" \/>\n<meta property=\"og:title\" content=\"Hermanamiento de ciudades patateras | Alimagro\" \/>\n<meta property=\"og:description\" content=\"En la misma l\u00ednea de reforzar v\u00ednculos comerciales y humanos, la feria contar\u00e1 con un acto formal y tambi\u00e9n entra\u00f1able, consistente en el&nbsp;hermanamiento de localidades hispanolusas&nbsp;en las que la patata tiene una relevancia especial. Entre las localidades que ya han confirmado su presencia est\u00e1n La Ba\u00f1eza (Le\u00f3n), El Carpio (Valladolid) o Coristanco (A Coru\u00f1a). En [&hellip;]\" \/>\n<meta property=\"og:url\" content=\"https:\/\/alimagro.es\/gl\/2023\/08\/17\/hermanamiento-de-ciudades-patateras\/\" \/>\n<meta property=\"og:site_name\" content=\"Alimagro\" \/>\n<meta property=\"article:publisher\" content=\"https:\/\/www.facebook.com\/people\/Alimagro\/100095025612077\/\" \/>\n<meta property=\"article:published_time\" content=\"2023-08-17T12:07:07+00:00\" \/>\n<meta property=\"article:modified_time\" content=\"2023-08-28T13:05:07+00:00\" \/>\n<meta property=\"og:image\" content=\"https:\/\/alimagro.es\/wp-content\/uploads\/2023\/08\/Noticia-campo-15.png\" \/>\n\t<meta property=\"og:image:width\" content=\"1000\" \/>\n\t<meta property=\"og:image:height\" content=\"588\" \/>\n\t<meta property=\"og:image:type\" content=\"image\/png\" \/>\n<meta name=\"author\" content=\"Aleanny\" \/>\n<meta name=\"twitter:card\" content=\"summary_large_image\" \/>\n<meta name=\"twitter:label1\" content=\"Escrito por\" \/>\n\t<meta name=\"twitter:data1\" content=\"Aleanny\" \/>\n\t<meta name=\"twitter:label2\" content=\"Tempo de lectura\" \/>\n\t<meta name=\"twitter:data2\" content=\"1 minuto\" \/>\n<script type=\"application\/ld+json\" class=\"yoast-schema-graph\">{\"@context\":\"https:\/\/schema.org\",\"@graph\":[{\"@type\":\"Article\",\"@id\":\"https:\/\/alimagro.es\/2023\/08\/17\/hermanamiento-de-ciudades-patateras\/#article\",\"isPartOf\":{\"@id\":\"https:\/\/alimagro.es\/2023\/08\/17\/hermanamiento-de-ciudades-patateras\/\"},\"author\":{\"name\":\"Aleanny\",\"@id\":\"https:\/\/alimagro.es\/#\/schema\/person\/0dada84c4cae6b8f7d9042d214d44f5f\"},\"headline\":\"Hermanamiento de ciudades patateras\",\"datePublished\":\"2023-08-17T12:07:07+00:00\",\"dateModified\":\"2023-08-28T13:05:07+00:00\",\"mainEntityOfPage\":{\"@id\":\"https:\/\/alimagro.es\/2023\/08\/17\/hermanamiento-de-ciudades-patateras\/\"},\"wordCount\":209,\"publisher\":{\"@id\":\"https:\/\/alimagro.es\/#organization\"},\"image\":{\"@id\":\"https:\/\/alimagro.es\/2023\/08\/17\/hermanamiento-de-ciudades-patateras\/#primaryimage\"},\"thumbnailUrl\":\"https:\/\/alimagro.es\/wp-content\/uploads\/2023\/08\/Noticia-campo-15.png\",\"keywords\":[\"ciudades de patata\",\"hermanamiento de ciudades de patata\",\"Patata\",\"patata espa\u00f1ola\"],\"articleSection\":[\"Featured\"],\"inLanguage\":\"gl-ES\"},{\"@type\":\"WebPage\",\"@id\":\"https:\/\/alimagro.es\/2023\/08\/17\/hermanamiento-de-ciudades-patateras\/\",\"url\":\"https:\/\/alimagro.es\/2023\/08\/17\/hermanamiento-de-ciudades-patateras\/\",\"name\":\"Hermanamiento de ciudades patateras | Alimagro\",\"isPartOf\":{\"@id\":\"https:\/\/alimagro.es\/#website\"},\"primaryImageOfPage\":{\"@id\":\"https:\/\/alimagro.es\/2023\/08\/17\/hermanamiento-de-ciudades-patateras\/#primaryimage\"},\"image\":{\"@id\":\"https:\/\/alimagro.es\/2023\/08\/17\/hermanamiento-de-ciudades-patateras\/#primaryimage\"},\"thumbnailUrl\":\"https:\/\/alimagro.es\/wp-content\/uploads\/2023\/08\/Noticia-campo-15.png\",\"datePublished\":\"2023-08-17T12:07:07+00:00\",\"dateModified\":\"2023-08-28T13:05:07+00:00\",\"breadcrumb\":{\"@id\":\"https:\/\/alimagro.es\/2023\/08\/17\/hermanamiento-de-ciudades-patateras\/#breadcrumb\"},\"inLanguage\":\"gl-ES\",\"potentialAction\":[{\"@type\":\"ReadAction\",\"target\":[\"https:\/\/alimagro.es\/2023\/08\/17\/hermanamiento-de-ciudades-patateras\/\"]}]},{\"@type\":\"ImageObject\",\"inLanguage\":\"gl-ES\",\"@id\":\"https:\/\/alimagro.es\/2023\/08\/17\/hermanamiento-de-ciudades-patateras\/#primaryimage\",\"url\":\"https:\/\/alimagro.es\/wp-content\/uploads\/2023\/08\/Noticia-campo-15.png\",\"contentUrl\":\"https:\/\/alimagro.es\/wp-content\/uploads\/2023\/08\/Noticia-campo-15.png\",\"width\":1000,\"height\":588},{\"@type\":\"BreadcrumbList\",\"@id\":\"https:\/\/alimagro.es\/2023\/08\/17\/hermanamiento-de-ciudades-patateras\/#breadcrumb\",\"itemListElement\":[{\"@type\":\"ListItem\",\"position\":1,\"name\":\"Portada\",\"item\":\"https:\/\/alimagro.es\/\"},{\"@type\":\"ListItem\",\"position\":2,\"name\":\"Hermanamiento de ciudades patateras\"}]},{\"@type\":\"WebSite\",\"@id\":\"https:\/\/alimagro.es\/#website\",\"url\":\"https:\/\/alimagro.es\/\",\"name\":\"Alimagro\",\"description\":\"Alimagro, un evento referente nacional que aglutina las novedades en cuanto al cultivo de patata y la maquinaria agr\u00edcola.\",\"publisher\":{\"@id\":\"https:\/\/alimagro.es\/#organization\"},\"alternateName\":\"Feria del Agro de la Limia\",\"potentialAction\":[{\"@type\":\"SearchAction\",\"target\":{\"@type\":\"EntryPoint\",\"urlTemplate\":\"https:\/\/alimagro.es\/?s={search_term_string}\"},\"query-input\":{\"@type\":\"PropertyValueSpecification\",\"valueRequired\":true,\"valueName\":\"search_term_string\"}}],\"inLanguage\":\"gl-ES\"},{\"@type\":\"Organization\",\"@id\":\"https:\/\/alimagro.es\/#organization\",\"name\":\"Alimagro\",\"url\":\"https:\/\/alimagro.es\/\",\"logo\":{\"@type\":\"ImageObject\",\"inLanguage\":\"gl-ES\",\"@id\":\"https:\/\/alimagro.es\/#\/schema\/logo\/image\/\",\"url\":\"https:\/\/alimagro.es\/wp-content\/uploads\/2023\/07\/alimagro-logo-verde.png\",\"contentUrl\":\"https:\/\/alimagro.es\/wp-content\/uploads\/2023\/07\/alimagro-logo-verde.png\",\"width\":500,\"height\":96,\"caption\":\"Alimagro\"},\"image\":{\"@id\":\"https:\/\/alimagro.es\/#\/schema\/logo\/image\/\"},\"sameAs\":[\"https:\/\/www.facebook.com\/people\/Alimagro\/100095025612077\/\",\"https:\/\/www.instagram.com\/alimagro_\/\"]},{\"@type\":\"Person\",\"@id\":\"https:\/\/alimagro.es\/#\/schema\/person\/0dada84c4cae6b8f7d9042d214d44f5f\",\"name\":\"Aleanny\",\"image\":{\"@type\":\"ImageObject\",\"inLanguage\":\"gl-ES\",\"@id\":\"https:\/\/alimagro.es\/#\/schema\/person\/image\/\",\"url\":\"https:\/\/secure.gravatar.com\/avatar\/1544aab85306f224c87f68de5c747842347b929b2ce65b3c9b4288505c86ee0d?s=96&d=mm&r=g\",\"contentUrl\":\"https:\/\/secure.gravatar.com\/avatar\/1544aab85306f224c87f68de5c747842347b929b2ce65b3c9b4288505c86ee0d?s=96&d=mm&r=g\",\"caption\":\"Aleanny\"},\"sameAs\":[\"https:\/\/alimagro.es\"],\"url\":\"https:\/\/alimagro.es\/gl\/author\/aleanny\/\"}]}<\/script>\n<!-- \/ Yoast SEO plugin. -->","yoast_head_json":{"title":"Hermanamiento de ciudades patateras | Alimagro","robots":{"index":"index","follow":"follow","max-snippet":"max-snippet:-1","max-image-preview":"max-image-preview:large","max-video-preview":"max-video-preview:-1"},"canonical":"https:\/\/alimagro.es\/gl\/2023\/08\/17\/hermanamiento-de-ciudades-patateras\/","og_locale":"gl_ES","og_type":"article","og_title":"Hermanamiento de ciudades patateras | Alimagro","og_description":"En la misma l\u00ednea de reforzar v\u00ednculos comerciales y humanos, la feria contar\u00e1 con un acto formal y tambi\u00e9n entra\u00f1able, consistente en el&nbsp;hermanamiento de localidades hispanolusas&nbsp;en las que la patata tiene una relevancia especial. Entre las localidades que ya han confirmado su presencia est\u00e1n La Ba\u00f1eza (Le\u00f3n), El Carpio (Valladolid) o Coristanco (A Coru\u00f1a). En [&hellip;]","og_url":"https:\/\/alimagro.es\/gl\/2023\/08\/17\/hermanamiento-de-ciudades-patateras\/","og_site_name":"Alimagro","article_publisher":"https:\/\/www.facebook.com\/people\/Alimagro\/100095025612077\/","article_published_time":"2023-08-17T12:07:07+00:00","article_modified_time":"2023-08-28T13:05:07+00:00","og_image":[{"width":1000,"height":588,"url":"https:\/\/alimagro.es\/wp-content\/uploads\/2023\/08\/Noticia-campo-15.png","type":"image\/png"}],"author":"Aleanny","twitter_card":"summary_large_image","twitter_misc":{"Escrito por":"Aleanny","Tempo de lectura":"1 minuto"},"schema":{"@context":"https:\/\/schema.org","@graph":[{"@type":"Article","@id":"https:\/\/alimagro.es\/2023\/08\/17\/hermanamiento-de-ciudades-patateras\/#article","isPartOf":{"@id":"https:\/\/alimagro.es\/2023\/08\/17\/hermanamiento-de-ciudades-patateras\/"},"author":{"name":"Aleanny","@id":"https:\/\/alimagro.es\/#\/schema\/person\/0dada84c4cae6b8f7d9042d214d44f5f"},"headline":"Hermanamiento de ciudades patateras","datePublished":"2023-08-17T12:07:07+00:00","dateModified":"2023-08-28T13:05:07+00:00","mainEntityOfPage":{"@id":"https:\/\/alimagro.es\/2023\/08\/17\/hermanamiento-de-ciudades-patateras\/"},"wordCount":209,"publisher":{"@id":"https:\/\/alimagro.es\/#organization"},"image":{"@id":"https:\/\/alimagro.es\/2023\/08\/17\/hermanamiento-de-ciudades-patateras\/#primaryimage"},"thumbnailUrl":"https:\/\/alimagro.es\/wp-content\/uploads\/2023\/08\/Noticia-campo-15.png","keywords":["ciudades de patata","hermanamiento de ciudades de patata","Patata","patata espa\u00f1ola"],"articleSection":["Featured"],"inLanguage":"gl-ES"},{"@type":"WebPage","@id":"https:\/\/alimagro.es\/2023\/08\/17\/hermanamiento-de-ciudades-patateras\/","url":"https:\/\/alimagro.es\/2023\/08\/17\/hermanamiento-de-ciudades-patateras\/","name":"Hermanamiento de ciudades patateras | Alimagro","isPartOf":{"@id":"https:\/\/alimagro.es\/#website"},"primaryImageOfPage":{"@id":"https:\/\/alimagro.es\/2023\/08\/17\/hermanamiento-de-ciudades-patateras\/#primaryimage"},"image":{"@id":"https:\/\/alimagro.es\/2023\/08\/17\/hermanamiento-de-ciudades-patateras\/#primaryimage"},"thumbnailUrl":"https:\/\/alimagro.es\/wp-content\/uploads\/2023\/08\/Noticia-campo-15.png","datePublished":"2023-08-17T12:07:07+00:00","dateModified":"2023-08-28T13:05:07+00:00","breadcrumb":{"@id":"https:\/\/alimagro.es\/2023\/08\/17\/hermanamiento-de-ciudades-patateras\/#breadcrumb"},"inLanguage":"gl-ES","potentialAction":[{"@type":"ReadAction","target":["https:\/\/alimagro.es\/2023\/08\/17\/hermanamiento-de-ciudades-patateras\/"]}]},{"@type":"ImageObject","inLanguage":"gl-ES","@id":"https:\/\/alimagro.es\/2023\/08\/17\/hermanamiento-de-ciudades-patateras\/#primaryimage","url":"https:\/\/alimagro.es\/wp-content\/uploads\/2023\/08\/Noticia-campo-15.png","contentUrl":"https:\/\/alimagro.es\/wp-content\/uploads\/2023\/08\/Noticia-campo-15.png","width":1000,"height":588},{"@type":"BreadcrumbList","@id":"https:\/\/alimagro.es\/2023\/08\/17\/hermanamiento-de-ciudades-patateras\/#breadcrumb","itemListElement":[{"@type":"ListItem","position":1,"name":"Portada","item":"https:\/\/alimagro.es\/"},{"@type":"ListItem","position":2,"name":"Hermanamiento de ciudades patateras"}]},{"@type":"WebSite","@id":"https:\/\/alimagro.es\/#website","url":"https:\/\/alimagro.es\/","name":"Alimagro","description":"Alimagro, un evento referente nacional que aglutina las novedades en cuanto al cultivo de patata y la maquinaria agr\u00edcola.","publisher":{"@id":"https:\/\/alimagro.es\/#organization"},"alternateName":"Feria del Agro de la Limia","potentialAction":[{"@type":"SearchAction","target":{"@type":"EntryPoint","urlTemplate":"https:\/\/alimagro.es\/?s={search_term_string}"},"query-input":{"@type":"PropertyValueSpecification","valueRequired":true,"valueName":"search_term_string"}}],"inLanguage":"gl-ES"},{"@type":"Organization","@id":"https:\/\/alimagro.es\/#organization","name":"Alimagro","url":"https:\/\/alimagro.es\/","logo":{"@type":"ImageObject","inLanguage":"gl-ES","@id":"https:\/\/alimagro.es\/#\/schema\/logo\/image\/","url":"https:\/\/alimagro.es\/wp-content\/uploads\/2023\/07\/alimagro-logo-verde.png","contentUrl":"https:\/\/alimagro.es\/wp-content\/uploads\/2023\/07\/alimagro-logo-verde.png","width":500,"height":96,"caption":"Alimagro"},"image":{"@id":"https:\/\/alimagro.es\/#\/schema\/logo\/image\/"},"sameAs":["https:\/\/www.facebook.com\/people\/Alimagro\/100095025612077\/","https:\/\/www.instagram.com\/alimagro_\/"]},{"@type":"Person","@id":"https:\/\/alimagro.es\/#\/schema\/person\/0dada84c4cae6b8f7d9042d214d44f5f","name":"Aleanny","image":{"@type":"ImageObject","inLanguage":"gl-ES","@id":"https:\/\/alimagro.es\/#\/schema\/person\/image\/","url":"https:\/\/secure.gravatar.com\/avatar\/1544aab85306f224c87f68de5c747842347b929b2ce65b3c9b4288505c86ee0d?s=96&d=mm&r=g","contentUrl":"https:\/\/secure.gravatar.com\/avatar\/1544aab85306f224c87f68de5c747842347b929b2ce65b3c9b4288505c86ee0d?s=96&d=mm&r=g","caption":"Aleanny"},"sameAs":["https:\/\/alimagro.es"],"url":"https:\/\/alimagro.es\/gl\/author\/aleanny\/"}]}},"_links":{"self":[{"href":"https:\/\/alimagro.es\/gl\/wp-json\/wp\/v2\/posts\/448","targetHints":{"allow":["GET"]}}],"collection":[{"href":"https:\/\/alimagro.es\/gl\/wp-json\/wp\/v2\/posts"}],"about":[{"href":"https:\/\/alimagro.es\/gl\/wp-json\/wp\/v2\/types\/post"}],"author":[{"embeddable":true,"href":"https:\/\/alimagro.es\/gl\/wp-json\/wp\/v2\/users\/1"}],"replies":[{"embeddable":true,"href":"https:\/\/alimagro.es\/gl\/wp-json\/wp\/v2\/comments?post=448"}],"version-history":[{"count":1,"href":"https:\/\/alimagro.es\/gl\/wp-json\/wp\/v2\/posts\/448\/revisions"}],"predecessor-version":[{"id":450,"href":"https:\/\/alimagro.es\/gl\/wp-json\/wp\/v2\/posts\/448\/revisions\/450"}],"wp:featuredmedia":[{"embeddable":true,"href":"https:\/\/alimagro.es\/gl\/wp-json\/wp\/v2\/media\/449"}],"wp:attachment":[{"href":"https:\/\/alimagro.es\/gl\/wp-json\/wp\/v2\/media?parent=448"}],"wp:term":[{"taxonomy":"category","embeddable":true,"href":"https:\/\/alimagro.es\/gl\/wp-json\/wp\/v2\/categories?post=448"},{"taxonomy":"post_tag","embeddable":true,"href":"https:\/\/alimagro.es\/gl\/wp-json\/wp\/v2\/tags?post=448"}],"curies":[{"name":"wp","href":"https:\/\/api.w.org\/{rel}","templated":true}]}}