{"id":442,"date":"2023-08-17T14:02:03","date_gmt":"2023-08-17T12:02:03","guid":{"rendered":"https:\/\/alimagro.es\/?p=442"},"modified":"2023-08-28T15:04:42","modified_gmt":"2023-08-28T13:04:42","slug":"jornada-tecnica-de-patata-pistoletazo-de-salida-a-alimagro","status":"publish","type":"post","link":"https:\/\/alimagro.es\/gl\/2023\/08\/17\/jornada-tecnica-de-patata-pistoletazo-de-salida-a-alimagro\/","title":{"rendered":"Jornada t\u00e9cnica de patata, pistoletazo de salida a Alimagro"},"content":{"rendered":"<p>A&nbsp;<a href=\"https:\/\/alimagro.es\/gl\/\">Feria Alimagro&nbsp;<\/a>recoger\u00e1 en Xinzo de Limia (Ourense) del&nbsp;<strong>1 al 3 de septiembre<\/strong>&nbsp;las \u00faltimas novedades en cuanto al cultivo de patata y maquinaria agr\u00edcola. Este es el marco elegido por CAMPO para desarrollar una&nbsp;<strong>jornada t\u00e9cnica<\/strong>&nbsp;en torno a uno de los cultivos&nbsp;<strong>referentes en Galicia<\/strong>.<\/p>\n<p>El encuentro se celebrar\u00e1 la ma\u00f1ana del viernes 1 de septiembre y servir\u00e1 como preludio de Alimagro, un evento referente nacional. El programa dise\u00f1ado por CAMPO profundiza en cuestiones como la importancia de la digitalizaci\u00f3n y la apuesta por la tecnolog\u00eda en la rentabilidad de las explotaciones.<\/p>\n<h2 class=\"wp-block-heading\">Tecnolog\u00eda y digitalizaci\u00f3n<\/h2>\n<p>As\u00ed, se analizar\u00e1n las&nbsp;<strong>ventajas del riego por goteo en patata<\/strong>, una t\u00e9cnica que permite mejorar el&nbsp;<strong>aprovechamiento del agua<\/strong>&nbsp;y, en consecuencia, hacer&nbsp;<strong>m\u00e1s eficientes<\/strong>&nbsp;las explotaciones. Para este punto, se contar\u00e1 con la presencia de la compa\u00f1\u00eda&nbsp;<strong>Netafim<\/strong>,&nbsp;<strong>l\u00edder mundial&nbsp;<\/strong>en la industria del riego por goteo.<\/p>\n<p>A&nbsp;<strong>digitalizaci\u00f3n<\/strong>&nbsp;tambi\u00e9n tendr\u00e1 un papel importante en la jornada t\u00e9cnica. Los datos son en estos momentos uno de los grandes&nbsp;<strong>aliados del agricultor<\/strong>. Diferentes soluciones tecnol\u00f3gicas permiten la gesti\u00f3n de la explotaci\u00f3n de forma integral e inteligente, lo que favorece la&nbsp;<strong>sostenibilidad<\/strong>&nbsp;de los negocios agrarios. La compa\u00f1\u00eda&nbsp;<strong>Hispatec<\/strong>&nbsp;expondr\u00e1 c\u00f3mo la \u201cagrointeligencia\u201d supone ya una oportunidad real para el campo.<\/p>\n<h2 class=\"wp-block-heading\">Almacenamiento<\/h2>\n<p>En un mercado tan vol\u00e1til como el actual, el&nbsp;<strong>almacenamiento de la patata<\/strong>&nbsp;se ha vuelto una cuesti\u00f3n de gran relevancia tanto para el agricultor, como para la industria. En este punto, es imprescindible atender ciertos factores para que la conservaci\u00f3n sea la adecuada a lo largo de los meses.<\/p>\n<p><strong>Agrofield<\/strong>, compa\u00f1\u00eda&nbsp;<strong>l\u00edder en servicios antigeminativos<\/strong>&nbsp;para patata, nos dar\u00e1 las claves para un buen almacenamiento de patata.<\/p>\n<h2 class=\"wp-block-heading\">A debate: nuevos retos para el sector<\/h2>\n<p>Tecnolog\u00eda, sostenibilidad, costes de producci\u00f3n, almacenamiento,&nbsp;<strong>Ley de Cadena Alimentaria<\/strong>\u2026 son numerosos los retos a los que se enfrenta el sector de la patata.<\/p>\n<p>En la mesa redonda, que analizar\u00e1 estas y otras cuestiones, participar\u00e1n&nbsp;<strong>Jos\u00e9 Gonz\u00e1lez V\u00e1zquez<\/strong>, conselleiro de Medio Rural de la Xunta de Galicia;&nbsp;<strong>Roberto Garc\u00eda Gonz\u00e1lez<\/strong>, de Unions Agrarias;<strong>&nbsp;Jos\u00e9 Manuel G\u00f3mez<\/strong>, presidente del Consejo Regulador Pataca de Galicia;&nbsp;<strong>Juan Manuel Coello<\/strong>, director de Operaciones de Patatas Mel\u00e9ndez, y&nbsp;<strong>Daniel Alves<\/strong>, de Coopbarroso.<\/p>","protected":false},"excerpt":{"rendered":"<p>La&nbsp;Feria Alimagro&nbsp;recoger\u00e1 en Xinzo de Limia (Ourense) del&nbsp;1 al 3 de septiembre&nbsp;las \u00faltimas novedades en cuanto al cultivo de patata y maquinaria agr\u00edcola. Este es el marco elegido por CAMPO para desarrollar una&nbsp;jornada t\u00e9cnica&nbsp;en torno a uno de los cultivos&nbsp;referentes en Galicia. El encuentro se celebrar\u00e1 la ma\u00f1ana del viernes 1 de septiembre y servir\u00e1 [&hellip;]<\/p>","protected":false},"author":1,"featured_media":447,"comment_status":"closed","ping_status":"closed","sticky":false,"template":"","format":"standard","meta":{"ngg_post_thumbnail":0,"footnotes":""},"categories":[2],"tags":[18,26,20,24,25,22,27],"class_list":{"0":"post-442","1":"post","2":"type-post","3":"status-publish","4":"format-standard","5":"has-post-thumbnail","7":"category-featured","8":"tag-alimagro","9":"tag-conservacion-de-patata","10":"tag-feria-da-limia","12":"tag-patata-espanola","13":"tag-patata-gallega","14":"tag-riego-por-goteo"},"yoast_head":"<!-- This site is optimized with the Yoast SEO plugin v25.8 - https:\/\/yoast.com\/wordpress\/plugins\/seo\/ -->\n<title>Jornada t\u00e9cnica de patata, pistoletazo de salida a Alimagro | Alimagro<\/title>\n<meta name=\"robots\" content=\"index, follow, max-snippet:-1, max-image-preview:large, max-video-preview:-1\" \/>\n<link rel=\"canonical\" href=\"https:\/\/alimagro.es\/gl\/2023\/08\/17\/jornada-tecnica-de-patata-pistoletazo-de-salida-a-alimagro\/\" \/>\n<meta property=\"og:locale\" content=\"gl_ES\" \/>\n<meta property=\"og:type\" content=\"article\" \/>\n<meta property=\"og:title\" content=\"Jornada t\u00e9cnica de patata, pistoletazo de salida a Alimagro | Alimagro\" \/>\n<meta property=\"og:description\" content=\"La&nbsp;Feria Alimagro&nbsp;recoger\u00e1 en Xinzo de Limia (Ourense) del&nbsp;1 al 3 de septiembre&nbsp;las \u00faltimas novedades en cuanto al cultivo de patata y maquinaria agr\u00edcola. Este es el marco elegido por CAMPO para desarrollar una&nbsp;jornada t\u00e9cnica&nbsp;en torno a uno de los cultivos&nbsp;referentes en Galicia. El encuentro se celebrar\u00e1 la ma\u00f1ana del viernes 1 de septiembre y servir\u00e1 [&hellip;]\" \/>\n<meta property=\"og:url\" content=\"https:\/\/alimagro.es\/gl\/2023\/08\/17\/jornada-tecnica-de-patata-pistoletazo-de-salida-a-alimagro\/\" \/>\n<meta property=\"og:site_name\" content=\"Alimagro\" \/>\n<meta property=\"article:publisher\" content=\"https:\/\/www.facebook.com\/people\/Alimagro\/100095025612077\/\" \/>\n<meta property=\"article:published_time\" content=\"2023-08-17T12:02:03+00:00\" \/>\n<meta property=\"article:modified_time\" content=\"2023-08-28T13:04:42+00:00\" \/>\n<meta property=\"og:image\" content=\"https:\/\/alimagro.es\/wp-content\/uploads\/2023\/08\/Noticia-campo-14.png\" \/>\n\t<meta property=\"og:image:width\" content=\"1000\" \/>\n\t<meta property=\"og:image:height\" content=\"588\" \/>\n\t<meta property=\"og:image:type\" content=\"image\/png\" \/>\n<meta name=\"author\" content=\"Aleanny\" \/>\n<meta name=\"twitter:card\" content=\"summary_large_image\" \/>\n<meta name=\"twitter:label1\" content=\"Escrito por\" \/>\n\t<meta name=\"twitter:data1\" content=\"Aleanny\" \/>\n\t<meta name=\"twitter:label2\" content=\"Tempo de lectura\" \/>\n\t<meta name=\"twitter:data2\" content=\"2 minutos\" \/>\n<script type=\"application\/ld+json\" class=\"yoast-schema-graph\">{\"@context\":\"https:\/\/schema.org\",\"@graph\":[{\"@type\":\"Article\",\"@id\":\"https:\/\/alimagro.es\/2023\/08\/17\/jornada-tecnica-de-patata-pistoletazo-de-salida-a-alimagro\/#article\",\"isPartOf\":{\"@id\":\"https:\/\/alimagro.es\/2023\/08\/17\/jornada-tecnica-de-patata-pistoletazo-de-salida-a-alimagro\/\"},\"author\":{\"name\":\"Aleanny\",\"@id\":\"https:\/\/alimagro.es\/#\/schema\/person\/0dada84c4cae6b8f7d9042d214d44f5f\"},\"headline\":\"Jornada t\u00e9cnica de patata, pistoletazo de salida a Alimagro\",\"datePublished\":\"2023-08-17T12:02:03+00:00\",\"dateModified\":\"2023-08-28T13:04:42+00:00\",\"mainEntityOfPage\":{\"@id\":\"https:\/\/alimagro.es\/2023\/08\/17\/jornada-tecnica-de-patata-pistoletazo-de-salida-a-alimagro\/\"},\"wordCount\":437,\"publisher\":{\"@id\":\"https:\/\/alimagro.es\/#organization\"},\"image\":{\"@id\":\"https:\/\/alimagro.es\/2023\/08\/17\/jornada-tecnica-de-patata-pistoletazo-de-salida-a-alimagro\/#primaryimage\"},\"thumbnailUrl\":\"https:\/\/alimagro.es\/wp-content\/uploads\/2023\/08\/Noticia-campo-14.png\",\"keywords\":[\"Alimagro\",\"conservaci\u00f3n de patata\",\"Feria da Limia\",\"jornada patata\",\"patata espa\u00f1ola\",\"Patata Gallega\",\"riego por goteo\"],\"articleSection\":[\"Featured\"],\"inLanguage\":\"gl-ES\"},{\"@type\":\"WebPage\",\"@id\":\"https:\/\/alimagro.es\/2023\/08\/17\/jornada-tecnica-de-patata-pistoletazo-de-salida-a-alimagro\/\",\"url\":\"https:\/\/alimagro.es\/2023\/08\/17\/jornada-tecnica-de-patata-pistoletazo-de-salida-a-alimagro\/\",\"name\":\"Jornada t\u00e9cnica de patata, pistoletazo de salida a Alimagro | Alimagro\",\"isPartOf\":{\"@id\":\"https:\/\/alimagro.es\/#website\"},\"primaryImageOfPage\":{\"@id\":\"https:\/\/alimagro.es\/2023\/08\/17\/jornada-tecnica-de-patata-pistoletazo-de-salida-a-alimagro\/#primaryimage\"},\"image\":{\"@id\":\"https:\/\/alimagro.es\/2023\/08\/17\/jornada-tecnica-de-patata-pistoletazo-de-salida-a-alimagro\/#primaryimage\"},\"thumbnailUrl\":\"https:\/\/alimagro.es\/wp-content\/uploads\/2023\/08\/Noticia-campo-14.png\",\"datePublished\":\"2023-08-17T12:02:03+00:00\",\"dateModified\":\"2023-08-28T13:04:42+00:00\",\"breadcrumb\":{\"@id\":\"https:\/\/alimagro.es\/2023\/08\/17\/jornada-tecnica-de-patata-pistoletazo-de-salida-a-alimagro\/#breadcrumb\"},\"inLanguage\":\"gl-ES\",\"potentialAction\":[{\"@type\":\"ReadAction\",\"target\":[\"https:\/\/alimagro.es\/2023\/08\/17\/jornada-tecnica-de-patata-pistoletazo-de-salida-a-alimagro\/\"]}]},{\"@type\":\"ImageObject\",\"inLanguage\":\"gl-ES\",\"@id\":\"https:\/\/alimagro.es\/2023\/08\/17\/jornada-tecnica-de-patata-pistoletazo-de-salida-a-alimagro\/#primaryimage\",\"url\":\"https:\/\/alimagro.es\/wp-content\/uploads\/2023\/08\/Noticia-campo-14.png\",\"contentUrl\":\"https:\/\/alimagro.es\/wp-content\/uploads\/2023\/08\/Noticia-campo-14.png\",\"width\":1000,\"height\":588},{\"@type\":\"BreadcrumbList\",\"@id\":\"https:\/\/alimagro.es\/2023\/08\/17\/jornada-tecnica-de-patata-pistoletazo-de-salida-a-alimagro\/#breadcrumb\",\"itemListElement\":[{\"@type\":\"ListItem\",\"position\":1,\"name\":\"Portada\",\"item\":\"https:\/\/alimagro.es\/\"},{\"@type\":\"ListItem\",\"position\":2,\"name\":\"Jornada t\u00e9cnica de patata, pistoletazo de salida a Alimagro\"}]},{\"@type\":\"WebSite\",\"@id\":\"https:\/\/alimagro.es\/#website\",\"url\":\"https:\/\/alimagro.es\/\",\"name\":\"Alimagro\",\"description\":\"Alimagro, un evento referente nacional que aglutina las novedades en cuanto al cultivo de patata y la maquinaria agr\u00edcola.\",\"publisher\":{\"@id\":\"https:\/\/alimagro.es\/#organization\"},\"alternateName\":\"Feria del Agro de la Limia\",\"potentialAction\":[{\"@type\":\"SearchAction\",\"target\":{\"@type\":\"EntryPoint\",\"urlTemplate\":\"https:\/\/alimagro.es\/?s={search_term_string}\"},\"query-input\":{\"@type\":\"PropertyValueSpecification\",\"valueRequired\":true,\"valueName\":\"search_term_string\"}}],\"inLanguage\":\"gl-ES\"},{\"@type\":\"Organization\",\"@id\":\"https:\/\/alimagro.es\/#organization\",\"name\":\"Alimagro\",\"url\":\"https:\/\/alimagro.es\/\",\"logo\":{\"@type\":\"ImageObject\",\"inLanguage\":\"gl-ES\",\"@id\":\"https:\/\/alimagro.es\/#\/schema\/logo\/image\/\",\"url\":\"https:\/\/alimagro.es\/wp-content\/uploads\/2023\/07\/alimagro-logo-verde.png\",\"contentUrl\":\"https:\/\/alimagro.es\/wp-content\/uploads\/2023\/07\/alimagro-logo-verde.png\",\"width\":500,\"height\":96,\"caption\":\"Alimagro\"},\"image\":{\"@id\":\"https:\/\/alimagro.es\/#\/schema\/logo\/image\/\"},\"sameAs\":[\"https:\/\/www.facebook.com\/people\/Alimagro\/100095025612077\/\",\"https:\/\/www.instagram.com\/alimagro_\/\"]},{\"@type\":\"Person\",\"@id\":\"https:\/\/alimagro.es\/#\/schema\/person\/0dada84c4cae6b8f7d9042d214d44f5f\",\"name\":\"Aleanny\",\"image\":{\"@type\":\"ImageObject\",\"inLanguage\":\"gl-ES\",\"@id\":\"https:\/\/alimagro.es\/#\/schema\/person\/image\/\",\"url\":\"https:\/\/secure.gravatar.com\/avatar\/1544aab85306f224c87f68de5c747842347b929b2ce65b3c9b4288505c86ee0d?s=96&d=mm&r=g\",\"contentUrl\":\"https:\/\/secure.gravatar.com\/avatar\/1544aab85306f224c87f68de5c747842347b929b2ce65b3c9b4288505c86ee0d?s=96&d=mm&r=g\",\"caption\":\"Aleanny\"},\"sameAs\":[\"https:\/\/alimagro.es\"],\"url\":\"https:\/\/alimagro.es\/gl\/author\/aleanny\/\"}]}<\/script>\n<!-- \/ Yoast SEO plugin. -->","yoast_head_json":{"title":"Jornada t\u00e9cnica de patata, pistoletazo de salida a Alimagro | Alimagro","robots":{"index":"index","follow":"follow","max-snippet":"max-snippet:-1","max-image-preview":"max-image-preview:large","max-video-preview":"max-video-preview:-1"},"canonical":"https:\/\/alimagro.es\/gl\/2023\/08\/17\/jornada-tecnica-de-patata-pistoletazo-de-salida-a-alimagro\/","og_locale":"gl_ES","og_type":"article","og_title":"Jornada t\u00e9cnica de patata, pistoletazo de salida a Alimagro | Alimagro","og_description":"La&nbsp;Feria Alimagro&nbsp;recoger\u00e1 en Xinzo de Limia (Ourense) del&nbsp;1 al 3 de septiembre&nbsp;las \u00faltimas novedades en cuanto al cultivo de patata y maquinaria agr\u00edcola. Este es el marco elegido por CAMPO para desarrollar una&nbsp;jornada t\u00e9cnica&nbsp;en torno a uno de los cultivos&nbsp;referentes en Galicia. El encuentro se celebrar\u00e1 la ma\u00f1ana del viernes 1 de septiembre y servir\u00e1 [&hellip;]","og_url":"https:\/\/alimagro.es\/gl\/2023\/08\/17\/jornada-tecnica-de-patata-pistoletazo-de-salida-a-alimagro\/","og_site_name":"Alimagro","article_publisher":"https:\/\/www.facebook.com\/people\/Alimagro\/100095025612077\/","article_published_time":"2023-08-17T12:02:03+00:00","article_modified_time":"2023-08-28T13:04:42+00:00","og_image":[{"width":1000,"height":588,"url":"https:\/\/alimagro.es\/wp-content\/uploads\/2023\/08\/Noticia-campo-14.png","type":"image\/png"}],"author":"Aleanny","twitter_card":"summary_large_image","twitter_misc":{"Escrito por":"Aleanny","Tempo de lectura":"2 minutos"},"schema":{"@context":"https:\/\/schema.org","@graph":[{"@type":"Article","@id":"https:\/\/alimagro.es\/2023\/08\/17\/jornada-tecnica-de-patata-pistoletazo-de-salida-a-alimagro\/#article","isPartOf":{"@id":"https:\/\/alimagro.es\/2023\/08\/17\/jornada-tecnica-de-patata-pistoletazo-de-salida-a-alimagro\/"},"author":{"name":"Aleanny","@id":"https:\/\/alimagro.es\/#\/schema\/person\/0dada84c4cae6b8f7d9042d214d44f5f"},"headline":"Jornada t\u00e9cnica de patata, pistoletazo de salida a Alimagro","datePublished":"2023-08-17T12:02:03+00:00","dateModified":"2023-08-28T13:04:42+00:00","mainEntityOfPage":{"@id":"https:\/\/alimagro.es\/2023\/08\/17\/jornada-tecnica-de-patata-pistoletazo-de-salida-a-alimagro\/"},"wordCount":437,"publisher":{"@id":"https:\/\/alimagro.es\/#organization"},"image":{"@id":"https:\/\/alimagro.es\/2023\/08\/17\/jornada-tecnica-de-patata-pistoletazo-de-salida-a-alimagro\/#primaryimage"},"thumbnailUrl":"https:\/\/alimagro.es\/wp-content\/uploads\/2023\/08\/Noticia-campo-14.png","keywords":["Alimagro","conservaci\u00f3n de patata","Feria da Limia","jornada patata","patata espa\u00f1ola","Patata Gallega","riego por goteo"],"articleSection":["Featured"],"inLanguage":"gl-ES"},{"@type":"WebPage","@id":"https:\/\/alimagro.es\/2023\/08\/17\/jornada-tecnica-de-patata-pistoletazo-de-salida-a-alimagro\/","url":"https:\/\/alimagro.es\/2023\/08\/17\/jornada-tecnica-de-patata-pistoletazo-de-salida-a-alimagro\/","name":"Jornada t\u00e9cnica de patata, pistoletazo de salida a Alimagro | Alimagro","isPartOf":{"@id":"https:\/\/alimagro.es\/#website"},"primaryImageOfPage":{"@id":"https:\/\/alimagro.es\/2023\/08\/17\/jornada-tecnica-de-patata-pistoletazo-de-salida-a-alimagro\/#primaryimage"},"image":{"@id":"https:\/\/alimagro.es\/2023\/08\/17\/jornada-tecnica-de-patata-pistoletazo-de-salida-a-alimagro\/#primaryimage"},"thumbnailUrl":"https:\/\/alimagro.es\/wp-content\/uploads\/2023\/08\/Noticia-campo-14.png","datePublished":"2023-08-17T12:02:03+00:00","dateModified":"2023-08-28T13:04:42+00:00","breadcrumb":{"@id":"https:\/\/alimagro.es\/2023\/08\/17\/jornada-tecnica-de-patata-pistoletazo-de-salida-a-alimagro\/#breadcrumb"},"inLanguage":"gl-ES","potentialAction":[{"@type":"ReadAction","target":["https:\/\/alimagro.es\/2023\/08\/17\/jornada-tecnica-de-patata-pistoletazo-de-salida-a-alimagro\/"]}]},{"@type":"ImageObject","inLanguage":"gl-ES","@id":"https:\/\/alimagro.es\/2023\/08\/17\/jornada-tecnica-de-patata-pistoletazo-de-salida-a-alimagro\/#primaryimage","url":"https:\/\/alimagro.es\/wp-content\/uploads\/2023\/08\/Noticia-campo-14.png","contentUrl":"https:\/\/alimagro.es\/wp-content\/uploads\/2023\/08\/Noticia-campo-14.png","width":1000,"height":588},{"@type":"BreadcrumbList","@id":"https:\/\/alimagro.es\/2023\/08\/17\/jornada-tecnica-de-patata-pistoletazo-de-salida-a-alimagro\/#breadcrumb","itemListElement":[{"@type":"ListItem","position":1,"name":"Portada","item":"https:\/\/alimagro.es\/"},{"@type":"ListItem","position":2,"name":"Jornada t\u00e9cnica de patata, pistoletazo de salida a Alimagro"}]},{"@type":"WebSite","@id":"https:\/\/alimagro.es\/#website","url":"https:\/\/alimagro.es\/","name":"Alimagro","description":"Alimagro, un evento referente nacional que aglutina las novedades en cuanto al cultivo de patata y la maquinaria agr\u00edcola.","publisher":{"@id":"https:\/\/alimagro.es\/#organization"},"alternateName":"Feria del Agro de la Limia","potentialAction":[{"@type":"SearchAction","target":{"@type":"EntryPoint","urlTemplate":"https:\/\/alimagro.es\/?s={search_term_string}"},"query-input":{"@type":"PropertyValueSpecification","valueRequired":true,"valueName":"search_term_string"}}],"inLanguage":"gl-ES"},{"@type":"Organization","@id":"https:\/\/alimagro.es\/#organization","name":"Alimagro","url":"https:\/\/alimagro.es\/","logo":{"@type":"ImageObject","inLanguage":"gl-ES","@id":"https:\/\/alimagro.es\/#\/schema\/logo\/image\/","url":"https:\/\/alimagro.es\/wp-content\/uploads\/2023\/07\/alimagro-logo-verde.png","contentUrl":"https:\/\/alimagro.es\/wp-content\/uploads\/2023\/07\/alimagro-logo-verde.png","width":500,"height":96,"caption":"Alimagro"},"image":{"@id":"https:\/\/alimagro.es\/#\/schema\/logo\/image\/"},"sameAs":["https:\/\/www.facebook.com\/people\/Alimagro\/100095025612077\/","https:\/\/www.instagram.com\/alimagro_\/"]},{"@type":"Person","@id":"https:\/\/alimagro.es\/#\/schema\/person\/0dada84c4cae6b8f7d9042d214d44f5f","name":"Aleanny","image":{"@type":"ImageObject","inLanguage":"gl-ES","@id":"https:\/\/alimagro.es\/#\/schema\/person\/image\/","url":"https:\/\/secure.gravatar.com\/avatar\/1544aab85306f224c87f68de5c747842347b929b2ce65b3c9b4288505c86ee0d?s=96&d=mm&r=g","contentUrl":"https:\/\/secure.gravatar.com\/avatar\/1544aab85306f224c87f68de5c747842347b929b2ce65b3c9b4288505c86ee0d?s=96&d=mm&r=g","caption":"Aleanny"},"sameAs":["https:\/\/alimagro.es"],"url":"https:\/\/alimagro.es\/gl\/author\/aleanny\/"}]}},"_links":{"self":[{"href":"https:\/\/alimagro.es\/gl\/wp-json\/wp\/v2\/posts\/442","targetHints":{"allow":["GET"]}}],"collection":[{"href":"https:\/\/alimagro.es\/gl\/wp-json\/wp\/v2\/posts"}],"about":[{"href":"https:\/\/alimagro.es\/gl\/wp-json\/wp\/v2\/types\/post"}],"author":[{"embeddable":true,"href":"https:\/\/alimagro.es\/gl\/wp-json\/wp\/v2\/users\/1"}],"replies":[{"embeddable":true,"href":"https:\/\/alimagro.es\/gl\/wp-json\/wp\/v2\/comments?post=442"}],"version-history":[{"count":1,"href":"https:\/\/alimagro.es\/gl\/wp-json\/wp\/v2\/posts\/442\/revisions"}],"predecessor-version":[{"id":443,"href":"https:\/\/alimagro.es\/gl\/wp-json\/wp\/v2\/posts\/442\/revisions\/443"}],"wp:featuredmedia":[{"embeddable":true,"href":"https:\/\/alimagro.es\/gl\/wp-json\/wp\/v2\/media\/447"}],"wp:attachment":[{"href":"https:\/\/alimagro.es\/gl\/wp-json\/wp\/v2\/media?parent=442"}],"wp:term":[{"taxonomy":"category","embeddable":true,"href":"https:\/\/alimagro.es\/gl\/wp-json\/wp\/v2\/categories?post=442"},{"taxonomy":"post_tag","embeddable":true,"href":"https:\/\/alimagro.es\/gl\/wp-json\/wp\/v2\/tags?post=442"}],"curies":[{"name":"wp","href":"https:\/\/api.w.org\/{rel}","templated":true}]}}