{"id":1643,"date":"2026-08-31T14:35:35","date_gmt":"2026-08-31T12:35:35","guid":{"rendered":"https:\/\/alimagro.es\/?p=1643"},"modified":"2026-08-31T14:35:48","modified_gmt":"2026-08-31T12:35:48","slug":"las-nueve-variedades-de-la-ii-cata-nacional-de-patatas-ya-estan-en-camino-a-alimagro","status":"publish","type":"post","link":"https:\/\/alimagro.es\/gl\/2026\/08\/31\/las-nueve-variedades-de-la-ii-cata-nacional-de-patatas-ya-estan-en-camino-a-alimagro\/","title":{"rendered":"As nove variedades da II Cata Nacional de Patacas xa est\u00e1n en cami\u00f1o a Alimagro"},"content":{"rendered":"<p class=\"wp-block-paragraph\">As nove variedades que competir\u00e1n na&nbsp;<strong>II Cata Nacional de Patacas<\/strong>&nbsp;xa foron enviadas e est\u00e1n listas para presentarse en Xinzo de Limia. Tras o \u00e9xito da primeira edici\u00f3n, os participantes volven cumprir coa tradici\u00f3n e preparan as s\u00faas variedades para unha nova cita que reunir\u00e1 a pobos produtores de diferentes puntos de Espa\u00f1a ao redor dun dos cultivos m\u00e1is representativos do territorio.<\/p>\n\n\n\n<p class=\"wp-block-paragraph\">A cata celebrarase o pr\u00f3ximo&nbsp;<strong>venres 4 de setembro, \u00e1s 19.00 horas<\/strong>venres 4 de setembro, \u00e1s 19.00 horas&nbsp;<strong>Alimagro<\/strong>, que ter\u00e1 lugar en Xinzo de Limia os d\u00edas 5 e 6 de setembro. O encontro organizado pola Asociaci\u00f3n de pobos Produtores de Pataca volver\u00e1 po\u00f1er o foco na diversidade da pataca e nas diferenzas que existen entre variedades, territorios e usos gastron\u00f3micos.<\/p>\n\n\n\n<h2 class=\"wp-block-heading\"><strong>Nove variedades participantes<\/strong><\/h2>\n\n\n\n<p class=\"wp-block-paragraph\">Nesta segunda edici\u00f3n participar\u00e1n&nbsp;<strong>nove variedades<\/strong>:<\/p>\n\n\n\n<ul class=\"wp-block-list\">\n<li>&nbsp;<strong>Spunta<\/strong>, de Sanl\u00facar de Barrameda (C\u00e1diz)<\/li>\n\n\n\n<li>&nbsp;<strong>Soprano<\/strong>, de Cartagena (Murcia)<\/li>\n\n\n\n<li><strong>Alegr\u00eda<\/strong>, de Medina del Campo (Valladolid)<\/li>\n\n\n\n<li>&nbsp;<strong>Kennebec<\/strong>, de Coristanco (A Coru\u00f1a)<\/li>\n\n\n\n<li>&nbsp;<strong>Donata<\/strong>, de Xinzo de Limia (Ourense)<\/li>\n\n\n\n<li><strong>Captiva<\/strong>, de La Rinconada (Sevilla)<\/li>\n\n\n\n<li><strong>Agria<\/strong>, de Vilar del Barrio (Ourense)<\/li>\n\n\n\n<li>&nbsp;<strong>Monalisa<\/strong>, de la Cooperativa Udapa (Pa\u00eds Vasco)<\/li>\n\n\n\n<li>&nbsp;<strong>Soprano<\/strong>, de Villamanrique de Tajo (Madrid)<\/li>\n<\/ul>\n\n\n\n<p class=\"wp-block-paragraph\">As d\u00faas \u00faltimas incorporaci\u00f3ns ampl\u00edan a representaci\u00f3n territorial do certame.&nbsp;<strong>Pa\u00eds Vasco e Comunidad de Madrid participan como territorios invitados<\/strong>, sum\u00e1ndose a unha iniciativa que busca reunir en Xinzo de Limia diferentes zonas produtoras e seguir fortalecendo os v\u00ednculos entre os municipios que forman parte da Rede de Pobos Produtores de Pataca.<\/p>\n\n\n\n<p class=\"wp-block-paragraph\">Durante a cata, as variedades presentaranse&nbsp;<strong>e forma an\u00f3nima<\/strong>, para que poidan ser valoradas sen que os participantes co\u00f1ezan previamente a s\u00faa procedencia.<\/p>\n\n\n\n<p class=\"wp-block-paragraph\">&nbsp;, para que poidan ser valoradas sen que vos participantes co\u00f1ezan previamente a s\u00faa procedencia.&nbsp;<strong>mellor pataca en termos xenerais<\/strong>&nbsp;mellor pataca en termos xenerais&nbsp;<strong>fritura e cocci\u00f3n<\/strong>, d\u00faas das elaboraci\u00f3ns previstas para a degustaci\u00f3n.<\/p>\n\n\n\n<p class=\"wp-block-paragraph\">Coas patacas xa enviadas, todo est\u00e1 preparado para que o pr\u00f3ximo 4 de setembro comece a competici\u00f3n. Unha nova oportunidade para co\u00f1ecer, probar e po\u00f1er en valor a riqueza varietal da pataca espa\u00f1ola e para converter a Xinzo de Limia, unha vez m\u00e1is, en punto de encontro dos pobos produtores.<\/p>","protected":false},"excerpt":{"rendered":"<p>Las nueve variedades que competir\u00e1n en la&nbsp;II Cata Nacional de Patatas&nbsp;ya han sido enviadas y est\u00e1n listas para presentarse en Xinzo de Limia. Tras el \u00e9xito de la primera edici\u00f3n, los participantes vuelven a cumplir con la tradici\u00f3n y preparan sus variedades para una nueva cita que reunir\u00e1 a pueblos productores de diferentes puntos de [&hellip;]<\/p>\n","protected":false},"author":11,"featured_media":1644,"comment_status":"closed","ping_status":"closed","sticky":false,"template":"","format":"standard","meta":{"ngg_post_thumbnail":0,"footnotes":""},"categories":[1],"tags":[],"class_list":["post-1643","post","type-post","status-publish","format-standard","has-post-thumbnail","category-sin-categoria"],"yoast_head":"<!-- This site is optimized with the Yoast SEO plugin v28.3 - https:\/\/yoast.com\/product\/yoast-seo-wordpress\/ -->\n<title>Las nueve variedades de la II Cata Nacional de Patatas ya est\u00e1n en camino a Alimagro | Alimagro<\/title>\n<meta name=\"robots\" content=\"index, follow, max-snippet:-1, max-image-preview:large, max-video-preview:-1\" \/>\n<link rel=\"canonical\" href=\"https:\/\/alimagro.es\/gl\/2026\/08\/31\/las-nueve-variedades-de-la-ii-cata-nacional-de-patatas-ya-estan-en-camino-a-alimagro\/\" \/>\n<meta property=\"og:locale\" content=\"gl_ES\" \/>\n<meta property=\"og:type\" content=\"article\" \/>\n<meta property=\"og:title\" content=\"Las nueve variedades de la II Cata Nacional de Patatas ya est\u00e1n en camino a Alimagro | Alimagro\" \/>\n<meta property=\"og:description\" content=\"Las nueve variedades que competir\u00e1n en la&nbsp;II Cata Nacional de Patatas&nbsp;ya han sido enviadas y est\u00e1n listas para presentarse en Xinzo de Limia. Tras el \u00e9xito de la primera edici\u00f3n, los participantes vuelven a cumplir con la tradici\u00f3n y preparan sus variedades para una nueva cita que reunir\u00e1 a pueblos productores de diferentes puntos de [&hellip;]\" \/>\n<meta property=\"og:url\" content=\"https:\/\/alimagro.es\/gl\/2026\/08\/31\/las-nueve-variedades-de-la-ii-cata-nacional-de-patatas-ya-estan-en-camino-a-alimagro\/\" \/>\n<meta property=\"og:site_name\" content=\"Alimagro\" \/>\n<meta property=\"article:publisher\" content=\"https:\/\/www.facebook.com\/people\/Alimagro\/100095025612077\/\" \/>\n<meta property=\"article:published_time\" content=\"2026-08-31T12:35:35+00:00\" \/>\n<meta property=\"article:modified_time\" content=\"2026-08-31T12:35:48+00:00\" \/>\n<meta property=\"og:image\" content=\"https:\/\/alimagro.es\/wp-content\/uploads\/2026\/08\/Version-horizontal-Cata-de-Patatas-2026-1068x601-1.jpg\" \/>\n\t<meta property=\"og:image:width\" content=\"1068\" \/>\n\t<meta property=\"og:image:height\" content=\"601\" \/>\n\t<meta property=\"og:image:type\" content=\"image\/jpeg\" \/>\n<meta name=\"author\" content=\"Natalia Lozano\" \/>\n<meta name=\"twitter:card\" content=\"summary_large_image\" \/>\n<meta name=\"twitter:label1\" content=\"Escrito por\" \/>\n\t<meta name=\"twitter:data1\" content=\"Natalia Lozano\" \/>\n\t<meta name=\"twitter:label2\" content=\"Tempo de lectura\" \/>\n\t<meta name=\"twitter:data2\" content=\"2 minutos\" \/>\n<script type=\"application\/ld+json\" class=\"yoast-schema-graph\">{\"@context\":\"https:\\\/\\\/schema.org\",\"@graph\":[{\"@type\":\"Article\",\"@id\":\"https:\\\/\\\/alimagro.es\\\/2026\\\/08\\\/31\\\/las-nueve-variedades-de-la-ii-cata-nacional-de-patatas-ya-estan-en-camino-a-alimagro\\\/#article\",\"isPartOf\":{\"@id\":\"https:\\\/\\\/alimagro.es\\\/2026\\\/08\\\/31\\\/las-nueve-variedades-de-la-ii-cata-nacional-de-patatas-ya-estan-en-camino-a-alimagro\\\/\"},\"author\":{\"name\":\"Natalia Lozano\",\"@id\":\"https:\\\/\\\/alimagro.es\\\/#\\\/schema\\\/person\\\/bc44f5e9369a82c257b6986e3f8975c0\"},\"headline\":\"Las nueve variedades de la II Cata Nacional de Patatas ya est\u00e1n en camino a Alimagro\",\"datePublished\":\"2026-08-31T12:35:35+00:00\",\"dateModified\":\"2026-08-31T12:35:48+00:00\",\"mainEntityOfPage\":{\"@id\":\"https:\\\/\\\/alimagro.es\\\/2026\\\/08\\\/31\\\/las-nueve-variedades-de-la-ii-cata-nacional-de-patatas-ya-estan-en-camino-a-alimagro\\\/\"},\"wordCount\":437,\"publisher\":{\"@id\":\"https:\\\/\\\/alimagro.es\\\/#organization\"},\"image\":{\"@id\":\"https:\\\/\\\/alimagro.es\\\/2026\\\/08\\\/31\\\/las-nueve-variedades-de-la-ii-cata-nacional-de-patatas-ya-estan-en-camino-a-alimagro\\\/#primaryimage\"},\"thumbnailUrl\":\"https:\\\/\\\/alimagro.es\\\/wp-content\\\/uploads\\\/2026\\\/08\\\/Version-horizontal-Cata-de-Patatas-2026-1068x601-1.jpg\",\"articleSection\":[\"Sin categor\u00eda\"],\"inLanguage\":\"gl-ES\"},{\"@type\":\"WebPage\",\"@id\":\"https:\\\/\\\/alimagro.es\\\/2026\\\/08\\\/31\\\/las-nueve-variedades-de-la-ii-cata-nacional-de-patatas-ya-estan-en-camino-a-alimagro\\\/\",\"url\":\"https:\\\/\\\/alimagro.es\\\/2026\\\/08\\\/31\\\/las-nueve-variedades-de-la-ii-cata-nacional-de-patatas-ya-estan-en-camino-a-alimagro\\\/\",\"name\":\"Las nueve variedades de la II Cata Nacional de Patatas ya est\u00e1n en camino a Alimagro | Alimagro\",\"isPartOf\":{\"@id\":\"https:\\\/\\\/alimagro.es\\\/#website\"},\"primaryImageOfPage\":{\"@id\":\"https:\\\/\\\/alimagro.es\\\/2026\\\/08\\\/31\\\/las-nueve-variedades-de-la-ii-cata-nacional-de-patatas-ya-estan-en-camino-a-alimagro\\\/#primaryimage\"},\"image\":{\"@id\":\"https:\\\/\\\/alimagro.es\\\/2026\\\/08\\\/31\\\/las-nueve-variedades-de-la-ii-cata-nacional-de-patatas-ya-estan-en-camino-a-alimagro\\\/#primaryimage\"},\"thumbnailUrl\":\"https:\\\/\\\/alimagro.es\\\/wp-content\\\/uploads\\\/2026\\\/08\\\/Version-horizontal-Cata-de-Patatas-2026-1068x601-1.jpg\",\"datePublished\":\"2026-08-31T12:35:35+00:00\",\"dateModified\":\"2026-08-31T12:35:48+00:00\",\"breadcrumb\":{\"@id\":\"https:\\\/\\\/alimagro.es\\\/2026\\\/08\\\/31\\\/las-nueve-variedades-de-la-ii-cata-nacional-de-patatas-ya-estan-en-camino-a-alimagro\\\/#breadcrumb\"},\"inLanguage\":\"gl-ES\",\"potentialAction\":[{\"@type\":\"ReadAction\",\"target\":[\"https:\\\/\\\/alimagro.es\\\/2026\\\/08\\\/31\\\/las-nueve-variedades-de-la-ii-cata-nacional-de-patatas-ya-estan-en-camino-a-alimagro\\\/\"]}]},{\"@type\":\"ImageObject\",\"inLanguage\":\"gl-ES\",\"@id\":\"https:\\\/\\\/alimagro.es\\\/2026\\\/08\\\/31\\\/las-nueve-variedades-de-la-ii-cata-nacional-de-patatas-ya-estan-en-camino-a-alimagro\\\/#primaryimage\",\"url\":\"https:\\\/\\\/alimagro.es\\\/wp-content\\\/uploads\\\/2026\\\/08\\\/Version-horizontal-Cata-de-Patatas-2026-1068x601-1.jpg\",\"contentUrl\":\"https:\\\/\\\/alimagro.es\\\/wp-content\\\/uploads\\\/2026\\\/08\\\/Version-horizontal-Cata-de-Patatas-2026-1068x601-1.jpg\",\"width\":1068,\"height\":601},{\"@type\":\"BreadcrumbList\",\"@id\":\"https:\\\/\\\/alimagro.es\\\/2026\\\/08\\\/31\\\/las-nueve-variedades-de-la-ii-cata-nacional-de-patatas-ya-estan-en-camino-a-alimagro\\\/#breadcrumb\",\"itemListElement\":[{\"@type\":\"ListItem\",\"position\":1,\"name\":\"Portada\",\"item\":\"https:\\\/\\\/alimagro.es\\\/\"},{\"@type\":\"ListItem\",\"position\":2,\"name\":\"Las nueve variedades de la II Cata Nacional de Patatas ya est\u00e1n en camino a Alimagro\"}]},{\"@type\":\"WebSite\",\"@id\":\"https:\\\/\\\/alimagro.es\\\/#website\",\"url\":\"https:\\\/\\\/alimagro.es\\\/\",\"name\":\"Alimagro\",\"description\":\"Alimagro, un evento referente nacional que aglutina las novedades en cuanto al cultivo de patata y la maquinaria agr\u00edcola.\",\"publisher\":{\"@id\":\"https:\\\/\\\/alimagro.es\\\/#organization\"},\"alternateName\":\"Feria del Agro de la Limia\",\"potentialAction\":[{\"@type\":\"SearchAction\",\"target\":{\"@type\":\"EntryPoint\",\"urlTemplate\":\"https:\\\/\\\/alimagro.es\\\/?s={search_term_string}\"},\"query-input\":{\"@type\":\"PropertyValueSpecification\",\"valueRequired\":true,\"valueName\":\"search_term_string\"}}],\"inLanguage\":\"gl-ES\"},{\"@type\":\"Organization\",\"@id\":\"https:\\\/\\\/alimagro.es\\\/#organization\",\"name\":\"Alimagro\",\"url\":\"https:\\\/\\\/alimagro.es\\\/\",\"logo\":{\"@type\":\"ImageObject\",\"inLanguage\":\"gl-ES\",\"@id\":\"https:\\\/\\\/alimagro.es\\\/#\\\/schema\\\/logo\\\/image\\\/\",\"url\":\"https:\\\/\\\/alimagro.es\\\/wp-content\\\/uploads\\\/2023\\\/07\\\/alimagro-logo-verde.png\",\"contentUrl\":\"https:\\\/\\\/alimagro.es\\\/wp-content\\\/uploads\\\/2023\\\/07\\\/alimagro-logo-verde.png\",\"width\":500,\"height\":96,\"caption\":\"Alimagro\"},\"image\":{\"@id\":\"https:\\\/\\\/alimagro.es\\\/#\\\/schema\\\/logo\\\/image\\\/\"},\"sameAs\":[\"https:\\\/\\\/www.facebook.com\\\/people\\\/Alimagro\\\/100095025612077\\\/\",\"https:\\\/\\\/www.instagram.com\\\/alimagro_\\\/\"]},{\"@type\":\"Person\",\"@id\":\"https:\\\/\\\/alimagro.es\\\/#\\\/schema\\\/person\\\/bc44f5e9369a82c257b6986e3f8975c0\",\"name\":\"Natalia Lozano\",\"image\":{\"@type\":\"ImageObject\",\"inLanguage\":\"gl-ES\",\"@id\":\"https:\\\/\\\/secure.gravatar.com\\\/avatar\\\/991138ad631ca80bc76a5a37776a93fa95e294a4ec8574aad5d9b638272a4290?s=96&d=mm&r=g\",\"url\":\"https:\\\/\\\/secure.gravatar.com\\\/avatar\\\/991138ad631ca80bc76a5a37776a93fa95e294a4ec8574aad5d9b638272a4290?s=96&d=mm&r=g\",\"contentUrl\":\"https:\\\/\\\/secure.gravatar.com\\\/avatar\\\/991138ad631ca80bc76a5a37776a93fa95e294a4ec8574aad5d9b638272a4290?s=96&d=mm&r=g\",\"caption\":\"Natalia Lozano\"},\"url\":\"https:\\\/\\\/alimagro.es\\\/gl\\\/author\\\/natali\\\/\"}]}<\/script>\n<!-- \/ Yoast SEO plugin. -->","yoast_head_json":{"title":"Las nueve variedades de la II Cata Nacional de Patatas ya est\u00e1n en camino a Alimagro | Alimagro","robots":{"index":"index","follow":"follow","max-snippet":"max-snippet:-1","max-image-preview":"max-image-preview:large","max-video-preview":"max-video-preview:-1"},"canonical":"https:\/\/alimagro.es\/gl\/2026\/08\/31\/las-nueve-variedades-de-la-ii-cata-nacional-de-patatas-ya-estan-en-camino-a-alimagro\/","og_locale":"gl_ES","og_type":"article","og_title":"Las nueve variedades de la II Cata Nacional de Patatas ya est\u00e1n en camino a Alimagro | Alimagro","og_description":"Las nueve variedades que competir\u00e1n en la&nbsp;II Cata Nacional de Patatas&nbsp;ya han sido enviadas y est\u00e1n listas para presentarse en Xinzo de Limia. Tras el \u00e9xito de la primera edici\u00f3n, los participantes vuelven a cumplir con la tradici\u00f3n y preparan sus variedades para una nueva cita que reunir\u00e1 a pueblos productores de diferentes puntos de [&hellip;]","og_url":"https:\/\/alimagro.es\/gl\/2026\/08\/31\/las-nueve-variedades-de-la-ii-cata-nacional-de-patatas-ya-estan-en-camino-a-alimagro\/","og_site_name":"Alimagro","article_publisher":"https:\/\/www.facebook.com\/people\/Alimagro\/100095025612077\/","article_published_time":"2026-08-31T12:35:35+00:00","article_modified_time":"2026-08-31T12:35:48+00:00","og_image":[{"width":1068,"height":601,"url":"https:\/\/alimagro.es\/wp-content\/uploads\/2026\/08\/Version-horizontal-Cata-de-Patatas-2026-1068x601-1.jpg","type":"image\/jpeg"}],"author":"Natalia Lozano","twitter_card":"summary_large_image","twitter_misc":{"Escrito por":"Natalia Lozano","Tempo de lectura":"2 minutos"},"schema":{"@context":"https:\/\/schema.org","@graph":[{"@type":"Article","@id":"https:\/\/alimagro.es\/2026\/08\/31\/las-nueve-variedades-de-la-ii-cata-nacional-de-patatas-ya-estan-en-camino-a-alimagro\/#article","isPartOf":{"@id":"https:\/\/alimagro.es\/2026\/08\/31\/las-nueve-variedades-de-la-ii-cata-nacional-de-patatas-ya-estan-en-camino-a-alimagro\/"},"author":{"name":"Natalia Lozano","@id":"https:\/\/alimagro.es\/#\/schema\/person\/bc44f5e9369a82c257b6986e3f8975c0"},"headline":"Las nueve variedades de la II Cata Nacional de Patatas ya est\u00e1n en camino a Alimagro","datePublished":"2026-08-31T12:35:35+00:00","dateModified":"2026-08-31T12:35:48+00:00","mainEntityOfPage":{"@id":"https:\/\/alimagro.es\/2026\/08\/31\/las-nueve-variedades-de-la-ii-cata-nacional-de-patatas-ya-estan-en-camino-a-alimagro\/"},"wordCount":437,"publisher":{"@id":"https:\/\/alimagro.es\/#organization"},"image":{"@id":"https:\/\/alimagro.es\/2026\/08\/31\/las-nueve-variedades-de-la-ii-cata-nacional-de-patatas-ya-estan-en-camino-a-alimagro\/#primaryimage"},"thumbnailUrl":"https:\/\/alimagro.es\/wp-content\/uploads\/2026\/08\/Version-horizontal-Cata-de-Patatas-2026-1068x601-1.jpg","articleSection":["Sin categor\u00eda"],"inLanguage":"gl-ES"},{"@type":"WebPage","@id":"https:\/\/alimagro.es\/2026\/08\/31\/las-nueve-variedades-de-la-ii-cata-nacional-de-patatas-ya-estan-en-camino-a-alimagro\/","url":"https:\/\/alimagro.es\/2026\/08\/31\/las-nueve-variedades-de-la-ii-cata-nacional-de-patatas-ya-estan-en-camino-a-alimagro\/","name":"Las nueve variedades de la II Cata Nacional de Patatas ya est\u00e1n en camino a Alimagro | Alimagro","isPartOf":{"@id":"https:\/\/alimagro.es\/#website"},"primaryImageOfPage":{"@id":"https:\/\/alimagro.es\/2026\/08\/31\/las-nueve-variedades-de-la-ii-cata-nacional-de-patatas-ya-estan-en-camino-a-alimagro\/#primaryimage"},"image":{"@id":"https:\/\/alimagro.es\/2026\/08\/31\/las-nueve-variedades-de-la-ii-cata-nacional-de-patatas-ya-estan-en-camino-a-alimagro\/#primaryimage"},"thumbnailUrl":"https:\/\/alimagro.es\/wp-content\/uploads\/2026\/08\/Version-horizontal-Cata-de-Patatas-2026-1068x601-1.jpg","datePublished":"2026-08-31T12:35:35+00:00","dateModified":"2026-08-31T12:35:48+00:00","breadcrumb":{"@id":"https:\/\/alimagro.es\/2026\/08\/31\/las-nueve-variedades-de-la-ii-cata-nacional-de-patatas-ya-estan-en-camino-a-alimagro\/#breadcrumb"},"inLanguage":"gl-ES","potentialAction":[{"@type":"ReadAction","target":["https:\/\/alimagro.es\/2026\/08\/31\/las-nueve-variedades-de-la-ii-cata-nacional-de-patatas-ya-estan-en-camino-a-alimagro\/"]}]},{"@type":"ImageObject","inLanguage":"gl-ES","@id":"https:\/\/alimagro.es\/2026\/08\/31\/las-nueve-variedades-de-la-ii-cata-nacional-de-patatas-ya-estan-en-camino-a-alimagro\/#primaryimage","url":"https:\/\/alimagro.es\/wp-content\/uploads\/2026\/08\/Version-horizontal-Cata-de-Patatas-2026-1068x601-1.jpg","contentUrl":"https:\/\/alimagro.es\/wp-content\/uploads\/2026\/08\/Version-horizontal-Cata-de-Patatas-2026-1068x601-1.jpg","width":1068,"height":601},{"@type":"BreadcrumbList","@id":"https:\/\/alimagro.es\/2026\/08\/31\/las-nueve-variedades-de-la-ii-cata-nacional-de-patatas-ya-estan-en-camino-a-alimagro\/#breadcrumb","itemListElement":[{"@type":"ListItem","position":1,"name":"Portada","item":"https:\/\/alimagro.es\/"},{"@type":"ListItem","position":2,"name":"Las nueve variedades de la II Cata Nacional de Patatas ya est\u00e1n en camino a Alimagro"}]},{"@type":"WebSite","@id":"https:\/\/alimagro.es\/#website","url":"https:\/\/alimagro.es\/","name":"Alimagro","description":"Alimagro, un evento referente nacional que aglutina las novedades en cuanto al cultivo de patata y la maquinaria agr\u00edcola.","publisher":{"@id":"https:\/\/alimagro.es\/#organization"},"alternateName":"Feria del Agro de la Limia","potentialAction":[{"@type":"SearchAction","target":{"@type":"EntryPoint","urlTemplate":"https:\/\/alimagro.es\/?s={search_term_string}"},"query-input":{"@type":"PropertyValueSpecification","valueRequired":true,"valueName":"search_term_string"}}],"inLanguage":"gl-ES"},{"@type":"Organization","@id":"https:\/\/alimagro.es\/#organization","name":"Alimagro","url":"https:\/\/alimagro.es\/","logo":{"@type":"ImageObject","inLanguage":"gl-ES","@id":"https:\/\/alimagro.es\/#\/schema\/logo\/image\/","url":"https:\/\/alimagro.es\/wp-content\/uploads\/2023\/07\/alimagro-logo-verde.png","contentUrl":"https:\/\/alimagro.es\/wp-content\/uploads\/2023\/07\/alimagro-logo-verde.png","width":500,"height":96,"caption":"Alimagro"},"image":{"@id":"https:\/\/alimagro.es\/#\/schema\/logo\/image\/"},"sameAs":["https:\/\/www.facebook.com\/people\/Alimagro\/100095025612077\/","https:\/\/www.instagram.com\/alimagro_\/"]},{"@type":"Person","@id":"https:\/\/alimagro.es\/#\/schema\/person\/bc44f5e9369a82c257b6986e3f8975c0","name":"Natalia Lozano","image":{"@type":"ImageObject","inLanguage":"gl-ES","@id":"https:\/\/secure.gravatar.com\/avatar\/991138ad631ca80bc76a5a37776a93fa95e294a4ec8574aad5d9b638272a4290?s=96&d=mm&r=g","url":"https:\/\/secure.gravatar.com\/avatar\/991138ad631ca80bc76a5a37776a93fa95e294a4ec8574aad5d9b638272a4290?s=96&d=mm&r=g","contentUrl":"https:\/\/secure.gravatar.com\/avatar\/991138ad631ca80bc76a5a37776a93fa95e294a4ec8574aad5d9b638272a4290?s=96&d=mm&r=g","caption":"Natalia Lozano"},"url":"https:\/\/alimagro.es\/gl\/author\/natali\/"}]}},"_links":{"self":[{"href":"https:\/\/alimagro.es\/gl\/wp-json\/wp\/v2\/posts\/1643","targetHints":{"allow":["GET"]}}],"collection":[{"href":"https:\/\/alimagro.es\/gl\/wp-json\/wp\/v2\/posts"}],"about":[{"href":"https:\/\/alimagro.es\/gl\/wp-json\/wp\/v2\/types\/post"}],"author":[{"embeddable":true,"href":"https:\/\/alimagro.es\/gl\/wp-json\/wp\/v2\/users\/11"}],"replies":[{"embeddable":true,"href":"https:\/\/alimagro.es\/gl\/wp-json\/wp\/v2\/comments?post=1643"}],"version-history":[{"count":1,"href":"https:\/\/alimagro.es\/gl\/wp-json\/wp\/v2\/posts\/1643\/revisions"}],"predecessor-version":[{"id":1645,"href":"https:\/\/alimagro.es\/gl\/wp-json\/wp\/v2\/posts\/1643\/revisions\/1645"}],"wp:featuredmedia":[{"embeddable":true,"href":"https:\/\/alimagro.es\/gl\/wp-json\/wp\/v2\/media\/1644"}],"wp:attachment":[{"href":"https:\/\/alimagro.es\/gl\/wp-json\/wp\/v2\/media?parent=1643"}],"wp:term":[{"taxonomy":"category","embeddable":true,"href":"https:\/\/alimagro.es\/gl\/wp-json\/wp\/v2\/categories?post=1643"},{"taxonomy":"post_tag","embeddable":true,"href":"https:\/\/alimagro.es\/gl\/wp-json\/wp\/v2\/tags?post=1643"}],"curies":[{"name":"wp","href":"https:\/\/api.w.org\/{rel}","templated":true}]}}