{"id":1623,"date":"2026-08-31T12:26:24","date_gmt":"2026-08-31T10:26:24","guid":{"rendered":"https:\/\/alimagro.es\/?p=1623"},"modified":"2026-08-31T12:32:54","modified_gmt":"2026-08-31T10:32:54","slug":"las-maquinas-que-se-podran-ver-en-funcionamiento-en-demoalimagro","status":"publish","type":"post","link":"https:\/\/alimagro.es\/gl\/2026\/08\/31\/las-maquinas-que-se-podran-ver-en-funcionamiento-en-demoalimagro\/","title":{"rendered":"As m\u00e1quinas que se poder\u00e1n ver en funcionamento en Demoalimagro"},"content":{"rendered":"<p class=\"wp-block-paragraph\"><strong>Demoalimagro converter\u00e1 o campo nun gran escaparate de tecnolox\u00eda agr\u00edcola.<\/strong>&nbsp;A nova proposta de Alimagro permitir\u00e1 a agricultores e profesionais ver en funcionamento diferentes equipos destinados a algunhas das principais fases do traballo agr\u00edcola e, especialmente, do cultivo da pataca.<\/p>\n\n\n\n<p class=\"wp-block-paragraph\">A demostraci\u00f3n reunir\u00e1 maquinaria de empresas como&nbsp;<strong>Agr\u00edcola Su\u00e1rez, Maquinaria Agr\u00edcola Jaro y Tractolimia<\/strong>, con tractores de alta potencia, equipos para a preparaci\u00f3n do terreo, rozadoras e cosechadoras que permitir\u00e1n co\u00f1ecer sobre o terreo as soluci\u00f3ns tecnol\u00f3xicas dispo\u00f1ibles para mellorar a eficiencia das explotaci\u00f3ns.<\/p>\n\n\n\n<p class=\"wp-block-paragraph\">A xornada ofrecer\u00e1 as\u00ed unha oportunidade para comprobar directamente o comportamento das m\u00e1quinas, as s\u00faas prestaci\u00f3ns e as posibilidades que ofrecen para os distintos labores agr\u00edcolas.<\/p>\n\n\n\n<h2 class=\"wp-block-heading\"><strong>Tractores e equipos para preparar o terreo<\/strong><\/h2>\n\n\n\n<p class=\"wp-block-paragraph\">Entre las m\u00e1quinas que participar\u00e1n en la demostraci\u00f3n estar\u00e1n varios modelos de&nbsp;<strong>Fendt<\/strong>, entre eles os tractores&nbsp;<strong>Fendt 313 Vario<\/strong>&nbsp;y&nbsp;<strong>Fendt 718 Vario<\/strong><\/p>\n\n\n\n<figure class=\"wp-block-image size-full\"><img loading=\"lazy\" decoding=\"async\" width=\"663\" height=\"374\" src=\"https:\/\/alimagro.es\/wp-content\/uploads\/2026\/08\/image-1.png\" alt=\"\" class=\"wp-image-1624\" srcset=\"https:\/\/alimagro.es\/wp-content\/uploads\/2026\/08\/image-1.png 663w, https:\/\/alimagro.es\/wp-content\/uploads\/2026\/08\/image-1-300x169-1.png 300w, https:\/\/alimagro.es\/wp-content\/uploads\/2026\/08\/image-1-18x10.png 18w, https:\/\/alimagro.es\/wp-content\/uploads\/2026\/08\/image-1-323x182.png 323w\" sizes=\"auto, (max-width: 663px) 100vw, 663px\" \/><\/figure>\n\n\n\n<p class=\"wp-block-paragraph\">O Fendt 313 Vario incorpora tecnolox\u00edas como\u00a0<strong>DynamicPerformance<\/strong>, que proporciona potencia adicional cando \u00e9 necesaria, e o sistema de xesti\u00f3n dixital\u00a0<strong>FendtONE<\/strong>. A iso s\u00famanse elementos como a cabina VisioPlus, o asento xiratorio e a iluminaci\u00f3n LED, orientados a mellorar a visibilidade, o confort e a seguridade durante o traballo.<\/p>\n\n\n\n<figure class=\"wp-block-image size-full\"><img loading=\"lazy\" decoding=\"async\" width=\"714\" height=\"402\" src=\"https:\/\/alimagro.es\/wp-content\/uploads\/2026\/08\/image-11.png\" alt=\"\" class=\"wp-image-1625\" srcset=\"https:\/\/alimagro.es\/wp-content\/uploads\/2026\/08\/image-11.png 714w, https:\/\/alimagro.es\/wp-content\/uploads\/2026\/08\/image-11-18x10.png 18w, https:\/\/alimagro.es\/wp-content\/uploads\/2026\/08\/image-11-300x169.png 300w, https:\/\/alimagro.es\/wp-content\/uploads\/2026\/08\/image-11-298x168.png 298w, https:\/\/alimagro.es\/wp-content\/uploads\/2026\/08\/image-11-323x182.png 323w, https:\/\/alimagro.es\/wp-content\/uploads\/2026\/08\/image-11-694x391.png 694w\" sizes=\"auto, (max-width: 714px) 100vw, 714px\" \/><\/figure>\n\n\n\n<p class=\"wp-block-paragraph\">Pola s\u00faa banda, o\u00a0<strong>Fendt 718 Vario<\/strong>\u00a0alcanza ata 237 CV e combina a transmisi\u00f3n continua VarioDrive coas ferramentas dixitais de FendtONE. A s\u00faa versatilidade perm\u00edtelle afrontar labores como o arado, sem\u00e9ntaa, a pulverizaci\u00f3n, o empacado ou o transporte.<\/p>\n\n\n\n<figure class=\"wp-block-image size-full\"><img loading=\"lazy\" decoding=\"async\" width=\"710\" height=\"400\" src=\"https:\/\/alimagro.es\/wp-content\/uploads\/2026\/08\/image-2.png\" alt=\"\" class=\"wp-image-1626\" srcset=\"https:\/\/alimagro.es\/wp-content\/uploads\/2026\/08\/image-2.png 710w, https:\/\/alimagro.es\/wp-content\/uploads\/2026\/08\/image-2-300x169-1.png 300w, https:\/\/alimagro.es\/wp-content\/uploads\/2026\/08\/image-2-18x10.png 18w, https:\/\/alimagro.es\/wp-content\/uploads\/2026\/08\/image-2-323x182.png 323w, https:\/\/alimagro.es\/wp-content\/uploads\/2026\/08\/image-2-696x392.png 696w\" sizes=\"auto, (max-width: 710px) 100vw, 710px\" \/><\/figure>\n\n\n\n<p class=\"wp-block-paragraph\">A preparaci\u00f3n do chan contar\u00e1 tam\u00e9n coa presenza do\u00a0<strong>BEDNAR TN 3000<\/strong>, un subsolador suspendido dese\u00f1ado para traballar con tractores a partir de 150 CV e alcanzar, segundo a versi\u00f3n e as condici\u00f3ns do terreo, profundidades de ata 65 cent\u00edmetros. Os seus sistemas de protecci\u00f3n mec\u00e1nica ou hidr\u00e1ulica est\u00e1n orientados a garantir un traballo seguro e eficaz.<\/p>\n\n\n\n<figure class=\"wp-block-image size-full\"><img loading=\"lazy\" decoding=\"async\" width=\"695\" height=\"425\" src=\"https:\/\/alimagro.es\/wp-content\/uploads\/2026\/08\/image-10-695x425-1.png\" alt=\"\" class=\"wp-image-1627\" srcset=\"https:\/\/alimagro.es\/wp-content\/uploads\/2026\/08\/image-10-695x425-1.png 695w, https:\/\/alimagro.es\/wp-content\/uploads\/2026\/08\/image-10-695x425-1-18x11.png 18w, https:\/\/alimagro.es\/wp-content\/uploads\/2026\/08\/image-10-695x425-1-300x183.png 300w, https:\/\/alimagro.es\/wp-content\/uploads\/2026\/08\/image-10-695x425-1-299x183.png 299w, https:\/\/alimagro.es\/wp-content\/uploads\/2026\/08\/image-10-695x425-1-324x198.png 324w\" sizes=\"auto, (max-width: 695px) 100vw, 695px\" \/><\/figure>\n\n\n\n<h2 class=\"wp-block-heading\"><strong>Tecnolox\u00eda CLAAS para diferentes traballos agr\u00edcolas<\/strong><\/h2>\n\n\n\n<p class=\"wp-block-paragraph\">A demostraci\u00f3n incluir\u00e1 ademais os tractores\u00a0<strong>CLAAS Arion 660 CMATIC<\/strong>\u00a0y\u00a0<strong>CLAAS Axion 870 CMATIC<\/strong>, distribu\u00eddos por Maquinaria Agr\u00edcola Jaro.<\/p>\n\n\n\n<figure class=\"wp-block-image size-full\"><img loading=\"lazy\" decoding=\"async\" width=\"696\" height=\"521\" src=\"https:\/\/alimagro.es\/wp-content\/uploads\/2026\/08\/image-13-696x521-1.png\" alt=\"\" class=\"wp-image-1628\" srcset=\"https:\/\/alimagro.es\/wp-content\/uploads\/2026\/08\/image-13-696x521-1.png 696w, https:\/\/alimagro.es\/wp-content\/uploads\/2026\/08\/image-13-696x521-1-300x225.png 300w, https:\/\/alimagro.es\/wp-content\/uploads\/2026\/08\/image-13-696x521-1-200x150.png 200w, https:\/\/alimagro.es\/wp-content\/uploads\/2026\/08\/image-13-696x521-1-299x224.png 299w, https:\/\/alimagro.es\/wp-content\/uploads\/2026\/08\/image-13-696x521-1-16x12.png 16w, https:\/\/alimagro.es\/wp-content\/uploads\/2026\/08\/image-13-696x521-1-323x242.png 323w, https:\/\/alimagro.es\/wp-content\/uploads\/2026\/08\/image-13-696x521-1-480x359.png 480w\" sizes=\"auto, (max-width: 696px) 100vw, 696px\" \/><\/figure>\n\n\n\n<p class=\"wp-block-paragraph\">O Arion 660 CMATIC combina 205 CV cunha transmisi\u00f3n continua dese\u00f1ada para ofrecer un funcionamento suave, potente e eficiente, tanto no campo como nos desprazamentos por estrada.<\/p>\n\n\n\n<figure class=\"wp-block-image size-full\"><img loading=\"lazy\" decoding=\"async\" width=\"623\" height=\"467\" src=\"https:\/\/alimagro.es\/wp-content\/uploads\/2026\/08\/image-8.png\" alt=\"\" class=\"wp-image-1629\" srcset=\"https:\/\/alimagro.es\/wp-content\/uploads\/2026\/08\/image-8.png 623w, https:\/\/alimagro.es\/wp-content\/uploads\/2026\/08\/image-8-16x12.png 16w, https:\/\/alimagro.es\/wp-content\/uploads\/2026\/08\/image-8-300x225.png 300w, https:\/\/alimagro.es\/wp-content\/uploads\/2026\/08\/image-8-200x150.png 200w, https:\/\/alimagro.es\/wp-content\/uploads\/2026\/08\/image-8-299x224.png 299w, https:\/\/alimagro.es\/wp-content\/uploads\/2026\/08\/image-8-323x242.png 323w, https:\/\/alimagro.es\/wp-content\/uploads\/2026\/08\/image-8-480x360.png 480w\" sizes=\"auto, (max-width: 623px) 100vw, 623px\" \/><\/figure>\n\n\n\n<p class=\"wp-block-paragraph\">O Axion 870 CMATIC, pola s\u00faa banda, est\u00e1 concibido para as xornadas de traballo m\u00e1is esixentes, con especial atenci\u00f3n \u00e1 tecnolox\u00eda, a facilidade de manexo e o confort de conduci\u00f3n.<\/p>\n\n\n\n<figure class=\"wp-block-image size-full\"><img loading=\"lazy\" decoding=\"async\" width=\"656\" height=\"405\" src=\"https:\/\/alimagro.es\/wp-content\/uploads\/2026\/08\/image-9.png\" alt=\"\" class=\"wp-image-1630\" srcset=\"https:\/\/alimagro.es\/wp-content\/uploads\/2026\/08\/image-9.png 656w, https:\/\/alimagro.es\/wp-content\/uploads\/2026\/08\/image-9-18x11.png 18w, https:\/\/alimagro.es\/wp-content\/uploads\/2026\/08\/image-9-300x185-1.png 300w, https:\/\/alimagro.es\/wp-content\/uploads\/2026\/08\/image-9-324x200.png 324w\" sizes=\"auto, (max-width: 656px) 100vw, 656px\" \/><\/figure>\n\n\n\n<h2 class=\"wp-block-heading\"><strong>Da preparaci\u00f3n do cultivo \u00e1 colleita da pataca<\/strong><\/h2>\n\n\n\n<p class=\"wp-block-paragraph\">A pataca ter\u00e1 un protagonismo especial en Demoalimagro, con maquinaria espec\u00edfica para diferentes momentos do ciclo do cultivo.<\/p>\n\n\n\n<p class=\"wp-block-paragraph\">Agr\u00edcola Su\u00e1rez presentar\u00e1 a\u00a0<strong>AVR Spirit 4*75<\/strong>, unha rozadora equipada con enganche de tres puntos dianteiro e traseiro que permite diferentes configuraci\u00f3ns de traballo. O seu eixo reforzado e o seu sistema de coitelas, cunha velocidade de rotaci\u00f3n de 1.320 rpm, buscan ofrecer un traballo eficaz sobre o cultivo.<\/p>\n\n\n\n<p class=\"wp-block-paragraph\"><a href=\"https:\/\/www.revistacampo.es\/wp-content\/uploads\/2026\/08\/image-7.png\"><\/a><\/p>\n\n\n\n<figure class=\"wp-block-image size-full\"><img loading=\"lazy\" decoding=\"async\" width=\"618\" height=\"464\" src=\"https:\/\/alimagro.es\/wp-content\/uploads\/2026\/08\/image-7.png\" alt=\"\" class=\"wp-image-1631\" srcset=\"https:\/\/alimagro.es\/wp-content\/uploads\/2026\/08\/image-7.png 618w, https:\/\/alimagro.es\/wp-content\/uploads\/2026\/08\/image-7-16x12.png 16w, https:\/\/alimagro.es\/wp-content\/uploads\/2026\/08\/image-7-199x149.png 199w, https:\/\/alimagro.es\/wp-content\/uploads\/2026\/08\/image-7-300x225-1.png 300w, https:\/\/alimagro.es\/wp-content\/uploads\/2026\/08\/image-7-324x243.png 324w, https:\/\/alimagro.es\/wp-content\/uploads\/2026\/08\/image-7-479x360.png 479w\" sizes=\"auto, (max-width: 618px) 100vw, 618px\" \/><\/figure>\n\n\n\n<p class=\"wp-block-paragraph\">No \u00e1mbito da recolecci\u00f3n, poder\u00e1 verse a\u00a0<strong>AVR Spirit 7200<\/strong>, unha cosechadora remolcada de dobre fileira e evoluci\u00f3n da Spirit 6200. A m\u00e1quina incorpora un sistema de cambio r\u00e1pido para adaptarse a diferentes cultivos, al\u00e9n dunha ampla mesa de selecci\u00f3n con capacidade para traballar ata seis persoas.<\/p>\n\n\n\n<figure class=\"wp-block-image size-full\"><img loading=\"lazy\" decoding=\"async\" width=\"576\" height=\"384\" src=\"https:\/\/alimagro.es\/wp-content\/uploads\/2026\/08\/image-4.png\" alt=\"\" class=\"wp-image-1632\" srcset=\"https:\/\/alimagro.es\/wp-content\/uploads\/2026\/08\/image-4.png 576w, https:\/\/alimagro.es\/wp-content\/uploads\/2026\/08\/image-4-300x200-1.png 300w, https:\/\/alimagro.es\/wp-content\/uploads\/2026\/08\/image-4-18x12.png 18w, https:\/\/alimagro.es\/wp-content\/uploads\/2026\/08\/image-4-324x216.png 324w\" sizes=\"auto, (max-width: 576px) 100vw, 576px\" \/><\/figure>\n\n\n\n<p class=\"wp-block-paragraph\">Tractolimia levar\u00e1 tam\u00e9n dous equipos especializados no cultivo da pataca. A\u00a0<strong>GRIMME KS 75-4<\/strong>\u00a0\u00e9 unha rozadora de catro fileiras dese\u00f1ada para eliminar a parte a\u00e9rea das plantas antes da recolecci\u00f3n, facilitando as\u00ed as posteriores operaci\u00f3ns de recollida.<\/p>\n\n\n\n<figure class=\"wp-block-image size-full\"><img loading=\"lazy\" decoding=\"async\" width=\"623\" height=\"623\" src=\"https:\/\/alimagro.es\/wp-content\/uploads\/2026\/08\/image-6.png\" alt=\"\" class=\"wp-image-1633\" srcset=\"https:\/\/alimagro.es\/wp-content\/uploads\/2026\/08\/image-6.png 623w, https:\/\/alimagro.es\/wp-content\/uploads\/2026\/08\/image-6-12x12.png 12w, https:\/\/alimagro.es\/wp-content\/uploads\/2026\/08\/image-6-300x300-1.png 300w, https:\/\/alimagro.es\/wp-content\/uploads\/2026\/08\/image-6-150x150-1.png 150w, https:\/\/alimagro.es\/wp-content\/uploads\/2026\/08\/image-6-324x324.png 324w, https:\/\/alimagro.es\/wp-content\/uploads\/2026\/08\/image-6-360x360.png 360w\" sizes=\"auto, (max-width: 623px) 100vw, 623px\" \/><\/figure>\n\n\n\n<p class=\"wp-block-paragraph\">A demostraci\u00f3n completarase coa\u00a0<strong>GRIMME SE 75-55<\/strong>, unha cosechadora dunha fileira equipada cunha tolva de 5,5 toneladas. Os seus sistemas de separaci\u00f3n permiten eliminar follas, pedras e terrones, mentres que a s\u00faa mesa de clasificaci\u00f3n pode acoller ata seis persoas. As tecnolox\u00edas CleanControl e Speedtronic facilitan a regulaci\u00f3n da m\u00e1quina e a protecci\u00f3n da colleita.<\/p>\n\n\n\n<figure class=\"wp-block-image size-full\"><img loading=\"lazy\" decoding=\"async\" width=\"645\" height=\"485\" src=\"https:\/\/alimagro.es\/wp-content\/uploads\/2026\/08\/image-5.png\" alt=\"\" class=\"wp-image-1634\" srcset=\"https:\/\/alimagro.es\/wp-content\/uploads\/2026\/08\/image-5.png 645w, https:\/\/alimagro.es\/wp-content\/uploads\/2026\/08\/image-5-300x226.png 300w, https:\/\/alimagro.es\/wp-content\/uploads\/2026\/08\/image-5-16x12.png 16w, https:\/\/alimagro.es\/wp-content\/uploads\/2026\/08\/image-5-199x150.png 199w, https:\/\/alimagro.es\/wp-content\/uploads\/2026\/08\/image-5-299x225.png 299w, https:\/\/alimagro.es\/wp-content\/uploads\/2026\/08\/image-5-323x243.png 323w, https:\/\/alimagro.es\/wp-content\/uploads\/2026\/08\/image-5-478x359.png 478w\" sizes=\"auto, (max-width: 645px) 100vw, 645px\" \/><\/figure>\n\n\n\n<h2 class=\"wp-block-heading\"><strong>Unha oportunidade para ver a maquinaria traballando<\/strong><\/h2>\n\n\n\n<p class=\"wp-block-paragraph\">M\u00e1is al\u00f3 de co\u00f1ecer as caracter\u00edsticas t\u00e9cnicas de cada modelo, o principal atractivo de Demoalimagro ser\u00e1 a posibilidade de&nbsp;<strong>ver a maquinaria en funcionamento e en condici\u00f3ns reais de traballo<\/strong>.<\/p>\n\n\n\n<p class=\"wp-block-paragraph\">A iniciativa estr\u00e9ase este ano dentro da programaci\u00f3n de Alimagro e trasladar\u00e1 parte da feira directamente ao terreo de cultivo. Tractores, equipos de preparaci\u00f3n do chan, rozadoras e cosechadoras permitir\u00e1n mostrar sobre o campo algunhas das tecnolox\u00edas que est\u00e1n a contribu\u00edr a transformar a mecanizaci\u00f3n agr\u00edcola.<\/p>\n\n\n\n<p class=\"wp-block-paragraph\"><strong>Demoalimagro celebrarase o s\u00e1bado 5 de setembro, de 10.00 a 13.30 horas<\/strong>, na&nbsp;<strong>finca de ensayo de INORDE<\/strong>&nbsp;en Xinzo de Limia, como unha das principais novidades da s\u00e9tima edici\u00f3n de Alimagro.<\/p>","protected":false},"excerpt":{"rendered":"<p>Demoalimagro convertir\u00e1 el campo en un gran escaparate de tecnolog\u00eda agr\u00edcola.&nbsp;La nueva propuesta de Alimagro permitir\u00e1 a agricultores y profesionales ver en funcionamiento diferentes equipos destinados a algunas de las principales fases del trabajo agr\u00edcola y, especialmente, del cultivo de la patata. La demostraci\u00f3n reunir\u00e1 maquinaria de empresas como&nbsp;Agr\u00edcola Su\u00e1rez, Maquinaria Agr\u00edcola Jaro y Tractolimia, [&hellip;]<\/p>\n","protected":false},"author":11,"featured_media":1635,"comment_status":"closed","ping_status":"closed","sticky":false,"template":"","format":"standard","meta":{"ngg_post_thumbnail":0,"footnotes":""},"categories":[1],"tags":[18,79],"class_list":["post-1623","post","type-post","status-publish","format-standard","has-post-thumbnail","category-sin-categoria","tag-alimagro","tag-maquinaria"],"yoast_head":"<!-- This site is optimized with the Yoast SEO plugin v28.3 - https:\/\/yoast.com\/product\/yoast-seo-wordpress\/ -->\n<title>Las m\u00e1quinas que se podr\u00e1n ver en funcionamiento en Demoalimagro | Alimagro<\/title>\n<meta name=\"robots\" content=\"index, follow, max-snippet:-1, max-image-preview:large, max-video-preview:-1\" \/>\n<link rel=\"canonical\" href=\"https:\/\/alimagro.es\/gl\/2026\/08\/31\/las-maquinas-que-se-podran-ver-en-funcionamiento-en-demoalimagro\/\" \/>\n<meta property=\"og:locale\" content=\"gl_ES\" \/>\n<meta property=\"og:type\" content=\"article\" \/>\n<meta property=\"og:title\" content=\"Las m\u00e1quinas que se podr\u00e1n ver en funcionamiento en Demoalimagro | Alimagro\" \/>\n<meta property=\"og:description\" content=\"Demoalimagro convertir\u00e1 el campo en un gran escaparate de tecnolog\u00eda agr\u00edcola.&nbsp;La nueva propuesta de Alimagro permitir\u00e1 a agricultores y profesionales ver en funcionamiento diferentes equipos destinados a algunas de las principales fases del trabajo agr\u00edcola y, especialmente, del cultivo de la patata. La demostraci\u00f3n reunir\u00e1 maquinaria de empresas como&nbsp;Agr\u00edcola Su\u00e1rez, Maquinaria Agr\u00edcola Jaro y Tractolimia, [&hellip;]\" \/>\n<meta property=\"og:url\" content=\"https:\/\/alimagro.es\/gl\/2026\/08\/31\/las-maquinas-que-se-podran-ver-en-funcionamiento-en-demoalimagro\/\" \/>\n<meta property=\"og:site_name\" content=\"Alimagro\" \/>\n<meta property=\"article:publisher\" content=\"https:\/\/www.facebook.com\/people\/Alimagro\/100095025612077\/\" \/>\n<meta property=\"article:published_time\" content=\"2026-08-31T10:26:24+00:00\" \/>\n<meta property=\"article:modified_time\" content=\"2026-08-31T10:32:54+00:00\" \/>\n<meta property=\"og:image\" content=\"https:\/\/alimagro.es\/wp-content\/uploads\/2026\/08\/image-13.png\" \/>\n\t<meta property=\"og:image:width\" content=\"708\" \/>\n\t<meta property=\"og:image:height\" content=\"530\" \/>\n\t<meta property=\"og:image:type\" content=\"image\/png\" \/>\n<meta name=\"author\" content=\"Natalia Lozano\" \/>\n<meta name=\"twitter:card\" content=\"summary_large_image\" \/>\n<meta name=\"twitter:label1\" content=\"Escrito por\" \/>\n\t<meta name=\"twitter:data1\" content=\"Natalia Lozano\" \/>\n\t<meta name=\"twitter:label2\" content=\"Tempo de lectura\" \/>\n\t<meta name=\"twitter:data2\" content=\"6 minutos\" \/>\n<script type=\"application\/ld+json\" class=\"yoast-schema-graph\">{\"@context\":\"https:\\\/\\\/schema.org\",\"@graph\":[{\"@type\":\"Article\",\"@id\":\"https:\\\/\\\/alimagro.es\\\/2026\\\/08\\\/31\\\/las-maquinas-que-se-podran-ver-en-funcionamiento-en-demoalimagro\\\/#article\",\"isPartOf\":{\"@id\":\"https:\\\/\\\/alimagro.es\\\/2026\\\/08\\\/31\\\/las-maquinas-que-se-podran-ver-en-funcionamiento-en-demoalimagro\\\/\"},\"author\":{\"name\":\"Natalia Lozano\",\"@id\":\"https:\\\/\\\/alimagro.es\\\/#\\\/schema\\\/person\\\/bc44f5e9369a82c257b6986e3f8975c0\"},\"headline\":\"Las m\u00e1quinas que se podr\u00e1n ver en funcionamiento en Demoalimagro\",\"datePublished\":\"2026-08-31T10:26:24+00:00\",\"dateModified\":\"2026-08-31T10:32:54+00:00\",\"mainEntityOfPage\":{\"@id\":\"https:\\\/\\\/alimagro.es\\\/2026\\\/08\\\/31\\\/las-maquinas-que-se-podran-ver-en-funcionamiento-en-demoalimagro\\\/\"},\"wordCount\":810,\"publisher\":{\"@id\":\"https:\\\/\\\/alimagro.es\\\/#organization\"},\"image\":{\"@id\":\"https:\\\/\\\/alimagro.es\\\/2026\\\/08\\\/31\\\/las-maquinas-que-se-podran-ver-en-funcionamiento-en-demoalimagro\\\/#primaryimage\"},\"thumbnailUrl\":\"https:\\\/\\\/alimagro.es\\\/wp-content\\\/uploads\\\/2026\\\/08\\\/image-13.png\",\"keywords\":[\"Alimagro\",\"maquinaria\"],\"articleSection\":[\"Sin categor\u00eda\"],\"inLanguage\":\"gl-ES\"},{\"@type\":\"WebPage\",\"@id\":\"https:\\\/\\\/alimagro.es\\\/2026\\\/08\\\/31\\\/las-maquinas-que-se-podran-ver-en-funcionamiento-en-demoalimagro\\\/\",\"url\":\"https:\\\/\\\/alimagro.es\\\/2026\\\/08\\\/31\\\/las-maquinas-que-se-podran-ver-en-funcionamiento-en-demoalimagro\\\/\",\"name\":\"Las m\u00e1quinas que se podr\u00e1n ver en funcionamiento en Demoalimagro | Alimagro\",\"isPartOf\":{\"@id\":\"https:\\\/\\\/alimagro.es\\\/#website\"},\"primaryImageOfPage\":{\"@id\":\"https:\\\/\\\/alimagro.es\\\/2026\\\/08\\\/31\\\/las-maquinas-que-se-podran-ver-en-funcionamiento-en-demoalimagro\\\/#primaryimage\"},\"image\":{\"@id\":\"https:\\\/\\\/alimagro.es\\\/2026\\\/08\\\/31\\\/las-maquinas-que-se-podran-ver-en-funcionamiento-en-demoalimagro\\\/#primaryimage\"},\"thumbnailUrl\":\"https:\\\/\\\/alimagro.es\\\/wp-content\\\/uploads\\\/2026\\\/08\\\/image-13.png\",\"datePublished\":\"2026-08-31T10:26:24+00:00\",\"dateModified\":\"2026-08-31T10:32:54+00:00\",\"breadcrumb\":{\"@id\":\"https:\\\/\\\/alimagro.es\\\/2026\\\/08\\\/31\\\/las-maquinas-que-se-podran-ver-en-funcionamiento-en-demoalimagro\\\/#breadcrumb\"},\"inLanguage\":\"gl-ES\",\"potentialAction\":[{\"@type\":\"ReadAction\",\"target\":[\"https:\\\/\\\/alimagro.es\\\/2026\\\/08\\\/31\\\/las-maquinas-que-se-podran-ver-en-funcionamiento-en-demoalimagro\\\/\"]}]},{\"@type\":\"ImageObject\",\"inLanguage\":\"gl-ES\",\"@id\":\"https:\\\/\\\/alimagro.es\\\/2026\\\/08\\\/31\\\/las-maquinas-que-se-podran-ver-en-funcionamiento-en-demoalimagro\\\/#primaryimage\",\"url\":\"https:\\\/\\\/alimagro.es\\\/wp-content\\\/uploads\\\/2026\\\/08\\\/image-13.png\",\"contentUrl\":\"https:\\\/\\\/alimagro.es\\\/wp-content\\\/uploads\\\/2026\\\/08\\\/image-13.png\",\"width\":708,\"height\":530},{\"@type\":\"BreadcrumbList\",\"@id\":\"https:\\\/\\\/alimagro.es\\\/2026\\\/08\\\/31\\\/las-maquinas-que-se-podran-ver-en-funcionamiento-en-demoalimagro\\\/#breadcrumb\",\"itemListElement\":[{\"@type\":\"ListItem\",\"position\":1,\"name\":\"Portada\",\"item\":\"https:\\\/\\\/alimagro.es\\\/\"},{\"@type\":\"ListItem\",\"position\":2,\"name\":\"Las m\u00e1quinas que se podr\u00e1n ver en funcionamiento en Demoalimagro\"}]},{\"@type\":\"WebSite\",\"@id\":\"https:\\\/\\\/alimagro.es\\\/#website\",\"url\":\"https:\\\/\\\/alimagro.es\\\/\",\"name\":\"Alimagro\",\"description\":\"Alimagro, un evento referente nacional que aglutina las novedades en cuanto al cultivo de patata y la maquinaria agr\u00edcola.\",\"publisher\":{\"@id\":\"https:\\\/\\\/alimagro.es\\\/#organization\"},\"alternateName\":\"Feria del Agro de la Limia\",\"potentialAction\":[{\"@type\":\"SearchAction\",\"target\":{\"@type\":\"EntryPoint\",\"urlTemplate\":\"https:\\\/\\\/alimagro.es\\\/?s={search_term_string}\"},\"query-input\":{\"@type\":\"PropertyValueSpecification\",\"valueRequired\":true,\"valueName\":\"search_term_string\"}}],\"inLanguage\":\"gl-ES\"},{\"@type\":\"Organization\",\"@id\":\"https:\\\/\\\/alimagro.es\\\/#organization\",\"name\":\"Alimagro\",\"url\":\"https:\\\/\\\/alimagro.es\\\/\",\"logo\":{\"@type\":\"ImageObject\",\"inLanguage\":\"gl-ES\",\"@id\":\"https:\\\/\\\/alimagro.es\\\/#\\\/schema\\\/logo\\\/image\\\/\",\"url\":\"https:\\\/\\\/alimagro.es\\\/wp-content\\\/uploads\\\/2023\\\/07\\\/alimagro-logo-verde.png\",\"contentUrl\":\"https:\\\/\\\/alimagro.es\\\/wp-content\\\/uploads\\\/2023\\\/07\\\/alimagro-logo-verde.png\",\"width\":500,\"height\":96,\"caption\":\"Alimagro\"},\"image\":{\"@id\":\"https:\\\/\\\/alimagro.es\\\/#\\\/schema\\\/logo\\\/image\\\/\"},\"sameAs\":[\"https:\\\/\\\/www.facebook.com\\\/people\\\/Alimagro\\\/100095025612077\\\/\",\"https:\\\/\\\/www.instagram.com\\\/alimagro_\\\/\"]},{\"@type\":\"Person\",\"@id\":\"https:\\\/\\\/alimagro.es\\\/#\\\/schema\\\/person\\\/bc44f5e9369a82c257b6986e3f8975c0\",\"name\":\"Natalia Lozano\",\"image\":{\"@type\":\"ImageObject\",\"inLanguage\":\"gl-ES\",\"@id\":\"https:\\\/\\\/secure.gravatar.com\\\/avatar\\\/991138ad631ca80bc76a5a37776a93fa95e294a4ec8574aad5d9b638272a4290?s=96&d=mm&r=g\",\"url\":\"https:\\\/\\\/secure.gravatar.com\\\/avatar\\\/991138ad631ca80bc76a5a37776a93fa95e294a4ec8574aad5d9b638272a4290?s=96&d=mm&r=g\",\"contentUrl\":\"https:\\\/\\\/secure.gravatar.com\\\/avatar\\\/991138ad631ca80bc76a5a37776a93fa95e294a4ec8574aad5d9b638272a4290?s=96&d=mm&r=g\",\"caption\":\"Natalia Lozano\"},\"url\":\"https:\\\/\\\/alimagro.es\\\/gl\\\/author\\\/natali\\\/\"}]}<\/script>\n<!-- \/ Yoast SEO plugin. -->","yoast_head_json":{"title":"Las m\u00e1quinas que se podr\u00e1n ver en funcionamiento en Demoalimagro | Alimagro","robots":{"index":"index","follow":"follow","max-snippet":"max-snippet:-1","max-image-preview":"max-image-preview:large","max-video-preview":"max-video-preview:-1"},"canonical":"https:\/\/alimagro.es\/gl\/2026\/08\/31\/las-maquinas-que-se-podran-ver-en-funcionamiento-en-demoalimagro\/","og_locale":"gl_ES","og_type":"article","og_title":"Las m\u00e1quinas que se podr\u00e1n ver en funcionamiento en Demoalimagro | Alimagro","og_description":"Demoalimagro convertir\u00e1 el campo en un gran escaparate de tecnolog\u00eda agr\u00edcola.&nbsp;La nueva propuesta de Alimagro permitir\u00e1 a agricultores y profesionales ver en funcionamiento diferentes equipos destinados a algunas de las principales fases del trabajo agr\u00edcola y, especialmente, del cultivo de la patata. La demostraci\u00f3n reunir\u00e1 maquinaria de empresas como&nbsp;Agr\u00edcola Su\u00e1rez, Maquinaria Agr\u00edcola Jaro y Tractolimia, [&hellip;]","og_url":"https:\/\/alimagro.es\/gl\/2026\/08\/31\/las-maquinas-que-se-podran-ver-en-funcionamiento-en-demoalimagro\/","og_site_name":"Alimagro","article_publisher":"https:\/\/www.facebook.com\/people\/Alimagro\/100095025612077\/","article_published_time":"2026-08-31T10:26:24+00:00","article_modified_time":"2026-08-31T10:32:54+00:00","og_image":[{"width":708,"height":530,"url":"https:\/\/alimagro.es\/wp-content\/uploads\/2026\/08\/image-13.png","type":"image\/png"}],"author":"Natalia Lozano","twitter_card":"summary_large_image","twitter_misc":{"Escrito por":"Natalia Lozano","Tempo de lectura":"6 minutos"},"schema":{"@context":"https:\/\/schema.org","@graph":[{"@type":"Article","@id":"https:\/\/alimagro.es\/2026\/08\/31\/las-maquinas-que-se-podran-ver-en-funcionamiento-en-demoalimagro\/#article","isPartOf":{"@id":"https:\/\/alimagro.es\/2026\/08\/31\/las-maquinas-que-se-podran-ver-en-funcionamiento-en-demoalimagro\/"},"author":{"name":"Natalia Lozano","@id":"https:\/\/alimagro.es\/#\/schema\/person\/bc44f5e9369a82c257b6986e3f8975c0"},"headline":"Las m\u00e1quinas que se podr\u00e1n ver en funcionamiento en Demoalimagro","datePublished":"2026-08-31T10:26:24+00:00","dateModified":"2026-08-31T10:32:54+00:00","mainEntityOfPage":{"@id":"https:\/\/alimagro.es\/2026\/08\/31\/las-maquinas-que-se-podran-ver-en-funcionamiento-en-demoalimagro\/"},"wordCount":810,"publisher":{"@id":"https:\/\/alimagro.es\/#organization"},"image":{"@id":"https:\/\/alimagro.es\/2026\/08\/31\/las-maquinas-que-se-podran-ver-en-funcionamiento-en-demoalimagro\/#primaryimage"},"thumbnailUrl":"https:\/\/alimagro.es\/wp-content\/uploads\/2026\/08\/image-13.png","keywords":["Alimagro","maquinaria"],"articleSection":["Sin categor\u00eda"],"inLanguage":"gl-ES"},{"@type":"WebPage","@id":"https:\/\/alimagro.es\/2026\/08\/31\/las-maquinas-que-se-podran-ver-en-funcionamiento-en-demoalimagro\/","url":"https:\/\/alimagro.es\/2026\/08\/31\/las-maquinas-que-se-podran-ver-en-funcionamiento-en-demoalimagro\/","name":"Las m\u00e1quinas que se podr\u00e1n ver en funcionamiento en Demoalimagro | Alimagro","isPartOf":{"@id":"https:\/\/alimagro.es\/#website"},"primaryImageOfPage":{"@id":"https:\/\/alimagro.es\/2026\/08\/31\/las-maquinas-que-se-podran-ver-en-funcionamiento-en-demoalimagro\/#primaryimage"},"image":{"@id":"https:\/\/alimagro.es\/2026\/08\/31\/las-maquinas-que-se-podran-ver-en-funcionamiento-en-demoalimagro\/#primaryimage"},"thumbnailUrl":"https:\/\/alimagro.es\/wp-content\/uploads\/2026\/08\/image-13.png","datePublished":"2026-08-31T10:26:24+00:00","dateModified":"2026-08-31T10:32:54+00:00","breadcrumb":{"@id":"https:\/\/alimagro.es\/2026\/08\/31\/las-maquinas-que-se-podran-ver-en-funcionamiento-en-demoalimagro\/#breadcrumb"},"inLanguage":"gl-ES","potentialAction":[{"@type":"ReadAction","target":["https:\/\/alimagro.es\/2026\/08\/31\/las-maquinas-que-se-podran-ver-en-funcionamiento-en-demoalimagro\/"]}]},{"@type":"ImageObject","inLanguage":"gl-ES","@id":"https:\/\/alimagro.es\/2026\/08\/31\/las-maquinas-que-se-podran-ver-en-funcionamiento-en-demoalimagro\/#primaryimage","url":"https:\/\/alimagro.es\/wp-content\/uploads\/2026\/08\/image-13.png","contentUrl":"https:\/\/alimagro.es\/wp-content\/uploads\/2026\/08\/image-13.png","width":708,"height":530},{"@type":"BreadcrumbList","@id":"https:\/\/alimagro.es\/2026\/08\/31\/las-maquinas-que-se-podran-ver-en-funcionamiento-en-demoalimagro\/#breadcrumb","itemListElement":[{"@type":"ListItem","position":1,"name":"Portada","item":"https:\/\/alimagro.es\/"},{"@type":"ListItem","position":2,"name":"Las m\u00e1quinas que se podr\u00e1n ver en funcionamiento en Demoalimagro"}]},{"@type":"WebSite","@id":"https:\/\/alimagro.es\/#website","url":"https:\/\/alimagro.es\/","name":"Alimagro","description":"Alimagro, un evento referente nacional que aglutina las novedades en cuanto al cultivo de patata y la maquinaria agr\u00edcola.","publisher":{"@id":"https:\/\/alimagro.es\/#organization"},"alternateName":"Feria del Agro de la Limia","potentialAction":[{"@type":"SearchAction","target":{"@type":"EntryPoint","urlTemplate":"https:\/\/alimagro.es\/?s={search_term_string}"},"query-input":{"@type":"PropertyValueSpecification","valueRequired":true,"valueName":"search_term_string"}}],"inLanguage":"gl-ES"},{"@type":"Organization","@id":"https:\/\/alimagro.es\/#organization","name":"Alimagro","url":"https:\/\/alimagro.es\/","logo":{"@type":"ImageObject","inLanguage":"gl-ES","@id":"https:\/\/alimagro.es\/#\/schema\/logo\/image\/","url":"https:\/\/alimagro.es\/wp-content\/uploads\/2023\/07\/alimagro-logo-verde.png","contentUrl":"https:\/\/alimagro.es\/wp-content\/uploads\/2023\/07\/alimagro-logo-verde.png","width":500,"height":96,"caption":"Alimagro"},"image":{"@id":"https:\/\/alimagro.es\/#\/schema\/logo\/image\/"},"sameAs":["https:\/\/www.facebook.com\/people\/Alimagro\/100095025612077\/","https:\/\/www.instagram.com\/alimagro_\/"]},{"@type":"Person","@id":"https:\/\/alimagro.es\/#\/schema\/person\/bc44f5e9369a82c257b6986e3f8975c0","name":"Natalia Lozano","image":{"@type":"ImageObject","inLanguage":"gl-ES","@id":"https:\/\/secure.gravatar.com\/avatar\/991138ad631ca80bc76a5a37776a93fa95e294a4ec8574aad5d9b638272a4290?s=96&d=mm&r=g","url":"https:\/\/secure.gravatar.com\/avatar\/991138ad631ca80bc76a5a37776a93fa95e294a4ec8574aad5d9b638272a4290?s=96&d=mm&r=g","contentUrl":"https:\/\/secure.gravatar.com\/avatar\/991138ad631ca80bc76a5a37776a93fa95e294a4ec8574aad5d9b638272a4290?s=96&d=mm&r=g","caption":"Natalia Lozano"},"url":"https:\/\/alimagro.es\/gl\/author\/natali\/"}]}},"_links":{"self":[{"href":"https:\/\/alimagro.es\/gl\/wp-json\/wp\/v2\/posts\/1623","targetHints":{"allow":["GET"]}}],"collection":[{"href":"https:\/\/alimagro.es\/gl\/wp-json\/wp\/v2\/posts"}],"about":[{"href":"https:\/\/alimagro.es\/gl\/wp-json\/wp\/v2\/types\/post"}],"author":[{"embeddable":true,"href":"https:\/\/alimagro.es\/gl\/wp-json\/wp\/v2\/users\/11"}],"replies":[{"embeddable":true,"href":"https:\/\/alimagro.es\/gl\/wp-json\/wp\/v2\/comments?post=1623"}],"version-history":[{"count":1,"href":"https:\/\/alimagro.es\/gl\/wp-json\/wp\/v2\/posts\/1623\/revisions"}],"predecessor-version":[{"id":1636,"href":"https:\/\/alimagro.es\/gl\/wp-json\/wp\/v2\/posts\/1623\/revisions\/1636"}],"wp:featuredmedia":[{"embeddable":true,"href":"https:\/\/alimagro.es\/gl\/wp-json\/wp\/v2\/media\/1635"}],"wp:attachment":[{"href":"https:\/\/alimagro.es\/gl\/wp-json\/wp\/v2\/media?parent=1623"}],"wp:term":[{"taxonomy":"category","embeddable":true,"href":"https:\/\/alimagro.es\/gl\/wp-json\/wp\/v2\/categories?post=1623"},{"taxonomy":"post_tag","embeddable":true,"href":"https:\/\/alimagro.es\/gl\/wp-json\/wp\/v2\/tags?post=1623"}],"curies":[{"name":"wp","href":"https:\/\/api.w.org\/{rel}","templated":true}]}}