{"id":1342,"date":"2025-09-03T14:36:19","date_gmt":"2025-09-03T12:36:19","guid":{"rendered":"https:\/\/alimagro.es\/?p=1342"},"modified":"2025-09-03T15:07:53","modified_gmt":"2025-09-03T13:07:53","slug":"la-patata-como-ingrediente-principal-del-taller-de-cocina-infantil","status":"publish","type":"post","link":"https:\/\/alimagro.es\/gl\/2025\/09\/03\/la-patata-como-ingrediente-principal-del-taller-de-cocina-infantil\/","title":{"rendered":"A pataca como ingrediente principal do taller de coci\u00f1a infantil"},"content":{"rendered":"<p>En esta jornada tambi\u00e9n se quiere acercar el cultivo de la patata al p\u00fablico infantil. Por ello, desde la organizaci\u00f3n de la feria proponen un taller de comida en la que el ingrediente principal ser\u00e1 la patata.<\/p>\n\n\n\n<p>De esta forma quieren incentivar tambi\u00e9n el consumo de patata en los ni\u00f1os y acercarles a este cultivo tan importante y caracter\u00edstico en la zona.<\/p>\n\n\n\n<p>El taller se impartir\u00e1 en la carpa de la feria el 5 de septiembre a las 17:00h.<\/p>\n\n\n\n<p>Un taller divertido en el que los asistentes podr\u00e1n desarrollar su creatividad culinaria y experimentar con la patata.<\/p>\n\n\n\n<p>Te esperamos el 5 de septiembre en la carpa principal a las 17:00h.<\/p>\n\n\n\n<p><\/p>","protected":false},"excerpt":{"rendered":"<p>En esta jornada tambi\u00e9n se quiere acercar el cultivo de la patata al p\u00fablico infantil. Por ello, desde la organizaci\u00f3n de la feria proponen un taller de comida en la que el ingrediente principal ser\u00e1 la patata. De esta forma quieren incentivar tambi\u00e9n el consumo de patata en los ni\u00f1os y acercarles a este cultivo [&hellip;]<\/p>","protected":false},"author":11,"featured_media":1346,"comment_status":"closed","ping_status":"closed","sticky":false,"template":"","format":"standard","meta":{"ngg_post_thumbnail":0,"footnotes":""},"categories":[76],"tags":[100,21,98],"class_list":{"0":"post-1342","1":"post","2":"type-post","3":"status-publish","4":"format-standard","5":"has-post-thumbnail","7":"category-general","8":"tag-infantil","9":"tag-patata","10":"tag-taller"},"yoast_head":"<!-- This site is optimized with the Yoast SEO plugin v25.8 - https:\/\/yoast.com\/wordpress\/plugins\/seo\/ -->\n<title>La patata como ingrediente principal del taller de cocina infantil | Alimagro<\/title>\n<meta name=\"robots\" content=\"index, follow, max-snippet:-1, max-image-preview:large, max-video-preview:-1\" \/>\n<link rel=\"canonical\" href=\"https:\/\/alimagro.es\/gl\/2025\/09\/03\/la-patata-como-ingrediente-principal-del-taller-de-cocina-infantil\/\" \/>\n<meta property=\"og:locale\" content=\"gl_ES\" \/>\n<meta property=\"og:type\" content=\"article\" \/>\n<meta property=\"og:title\" content=\"La patata como ingrediente principal del taller de cocina infantil | Alimagro\" \/>\n<meta property=\"og:description\" content=\"En esta jornada tambi\u00e9n se quiere acercar el cultivo de la patata al p\u00fablico infantil. Por ello, desde la organizaci\u00f3n de la feria proponen un taller de comida en la que el ingrediente principal ser\u00e1 la patata. De esta forma quieren incentivar tambi\u00e9n el consumo de patata en los ni\u00f1os y acercarles a este cultivo [&hellip;]\" \/>\n<meta property=\"og:url\" content=\"https:\/\/alimagro.es\/gl\/2025\/09\/03\/la-patata-como-ingrediente-principal-del-taller-de-cocina-infantil\/\" \/>\n<meta property=\"og:site_name\" content=\"Alimagro\" \/>\n<meta property=\"article:publisher\" content=\"https:\/\/www.facebook.com\/people\/Alimagro\/100095025612077\/\" \/>\n<meta property=\"article:published_time\" content=\"2025-09-03T12:36:19+00:00\" \/>\n<meta property=\"article:modified_time\" content=\"2025-09-03T13:07:53+00:00\" \/>\n<meta property=\"og:image\" content=\"https:\/\/alimagro.es\/wp-content\/uploads\/2025\/09\/Cocina-infantil-Alimagro-2025-2.jpg\" \/>\n\t<meta property=\"og:image:width\" content=\"1200\" \/>\n\t<meta property=\"og:image:height\" content=\"1200\" \/>\n\t<meta property=\"og:image:type\" content=\"image\/jpeg\" \/>\n<meta name=\"author\" content=\"Natalia Lozano\" \/>\n<meta name=\"twitter:card\" content=\"summary_large_image\" \/>\n<meta name=\"twitter:label1\" content=\"Escrito por\" \/>\n\t<meta name=\"twitter:data1\" content=\"Natalia Lozano\" \/>\n\t<meta name=\"twitter:label2\" content=\"Tempo de lectura\" \/>\n\t<meta name=\"twitter:data2\" content=\"1 minuto\" \/>\n<script type=\"application\/ld+json\" class=\"yoast-schema-graph\">{\"@context\":\"https:\/\/schema.org\",\"@graph\":[{\"@type\":\"Article\",\"@id\":\"https:\/\/alimagro.es\/2025\/09\/03\/la-patata-como-ingrediente-principal-del-taller-de-cocina-infantil\/#article\",\"isPartOf\":{\"@id\":\"https:\/\/alimagro.es\/2025\/09\/03\/la-patata-como-ingrediente-principal-del-taller-de-cocina-infantil\/\"},\"author\":{\"name\":\"Natalia Lozano\",\"@id\":\"https:\/\/alimagro.es\/#\/schema\/person\/bc44f5e9369a82c257b6986e3f8975c0\"},\"headline\":\"La patata como ingrediente principal del taller de cocina infantil\",\"datePublished\":\"2025-09-03T12:36:19+00:00\",\"dateModified\":\"2025-09-03T13:07:53+00:00\",\"mainEntityOfPage\":{\"@id\":\"https:\/\/alimagro.es\/2025\/09\/03\/la-patata-como-ingrediente-principal-del-taller-de-cocina-infantil\/\"},\"wordCount\":125,\"publisher\":{\"@id\":\"https:\/\/alimagro.es\/#organization\"},\"image\":{\"@id\":\"https:\/\/alimagro.es\/2025\/09\/03\/la-patata-como-ingrediente-principal-del-taller-de-cocina-infantil\/#primaryimage\"},\"thumbnailUrl\":\"https:\/\/alimagro.es\/wp-content\/uploads\/2025\/09\/Cocina-infantil-Alimagro-2025-2.jpg\",\"keywords\":[\"infantil\",\"Patata\",\"taller\"],\"articleSection\":[\"General\"],\"inLanguage\":\"gl-ES\"},{\"@type\":\"WebPage\",\"@id\":\"https:\/\/alimagro.es\/2025\/09\/03\/la-patata-como-ingrediente-principal-del-taller-de-cocina-infantil\/\",\"url\":\"https:\/\/alimagro.es\/2025\/09\/03\/la-patata-como-ingrediente-principal-del-taller-de-cocina-infantil\/\",\"name\":\"La patata como ingrediente principal del taller de cocina infantil | Alimagro\",\"isPartOf\":{\"@id\":\"https:\/\/alimagro.es\/#website\"},\"primaryImageOfPage\":{\"@id\":\"https:\/\/alimagro.es\/2025\/09\/03\/la-patata-como-ingrediente-principal-del-taller-de-cocina-infantil\/#primaryimage\"},\"image\":{\"@id\":\"https:\/\/alimagro.es\/2025\/09\/03\/la-patata-como-ingrediente-principal-del-taller-de-cocina-infantil\/#primaryimage\"},\"thumbnailUrl\":\"https:\/\/alimagro.es\/wp-content\/uploads\/2025\/09\/Cocina-infantil-Alimagro-2025-2.jpg\",\"datePublished\":\"2025-09-03T12:36:19+00:00\",\"dateModified\":\"2025-09-03T13:07:53+00:00\",\"breadcrumb\":{\"@id\":\"https:\/\/alimagro.es\/2025\/09\/03\/la-patata-como-ingrediente-principal-del-taller-de-cocina-infantil\/#breadcrumb\"},\"inLanguage\":\"gl-ES\",\"potentialAction\":[{\"@type\":\"ReadAction\",\"target\":[\"https:\/\/alimagro.es\/2025\/09\/03\/la-patata-como-ingrediente-principal-del-taller-de-cocina-infantil\/\"]}]},{\"@type\":\"ImageObject\",\"inLanguage\":\"gl-ES\",\"@id\":\"https:\/\/alimagro.es\/2025\/09\/03\/la-patata-como-ingrediente-principal-del-taller-de-cocina-infantil\/#primaryimage\",\"url\":\"https:\/\/alimagro.es\/wp-content\/uploads\/2025\/09\/Cocina-infantil-Alimagro-2025-2.jpg\",\"contentUrl\":\"https:\/\/alimagro.es\/wp-content\/uploads\/2025\/09\/Cocina-infantil-Alimagro-2025-2.jpg\",\"width\":1200,\"height\":1200},{\"@type\":\"BreadcrumbList\",\"@id\":\"https:\/\/alimagro.es\/2025\/09\/03\/la-patata-como-ingrediente-principal-del-taller-de-cocina-infantil\/#breadcrumb\",\"itemListElement\":[{\"@type\":\"ListItem\",\"position\":1,\"name\":\"Portada\",\"item\":\"https:\/\/alimagro.es\/\"},{\"@type\":\"ListItem\",\"position\":2,\"name\":\"La patata como ingrediente principal del taller de cocina infantil\"}]},{\"@type\":\"WebSite\",\"@id\":\"https:\/\/alimagro.es\/#website\",\"url\":\"https:\/\/alimagro.es\/\",\"name\":\"Alimagro\",\"description\":\"Alimagro, un evento referente nacional que aglutina las novedades en cuanto al cultivo de patata y la maquinaria agr\u00edcola.\",\"publisher\":{\"@id\":\"https:\/\/alimagro.es\/#organization\"},\"alternateName\":\"Feria del Agro de la Limia\",\"potentialAction\":[{\"@type\":\"SearchAction\",\"target\":{\"@type\":\"EntryPoint\",\"urlTemplate\":\"https:\/\/alimagro.es\/?s={search_term_string}\"},\"query-input\":{\"@type\":\"PropertyValueSpecification\",\"valueRequired\":true,\"valueName\":\"search_term_string\"}}],\"inLanguage\":\"gl-ES\"},{\"@type\":\"Organization\",\"@id\":\"https:\/\/alimagro.es\/#organization\",\"name\":\"Alimagro\",\"url\":\"https:\/\/alimagro.es\/\",\"logo\":{\"@type\":\"ImageObject\",\"inLanguage\":\"gl-ES\",\"@id\":\"https:\/\/alimagro.es\/#\/schema\/logo\/image\/\",\"url\":\"https:\/\/alimagro.es\/wp-content\/uploads\/2023\/07\/alimagro-logo-verde.png\",\"contentUrl\":\"https:\/\/alimagro.es\/wp-content\/uploads\/2023\/07\/alimagro-logo-verde.png\",\"width\":500,\"height\":96,\"caption\":\"Alimagro\"},\"image\":{\"@id\":\"https:\/\/alimagro.es\/#\/schema\/logo\/image\/\"},\"sameAs\":[\"https:\/\/www.facebook.com\/people\/Alimagro\/100095025612077\/\",\"https:\/\/www.instagram.com\/alimagro_\/\"]},{\"@type\":\"Person\",\"@id\":\"https:\/\/alimagro.es\/#\/schema\/person\/bc44f5e9369a82c257b6986e3f8975c0\",\"name\":\"Natalia Lozano\",\"image\":{\"@type\":\"ImageObject\",\"inLanguage\":\"gl-ES\",\"@id\":\"https:\/\/alimagro.es\/#\/schema\/person\/image\/\",\"url\":\"https:\/\/secure.gravatar.com\/avatar\/991138ad631ca80bc76a5a37776a93fa95e294a4ec8574aad5d9b638272a4290?s=96&d=mm&r=g\",\"contentUrl\":\"https:\/\/secure.gravatar.com\/avatar\/991138ad631ca80bc76a5a37776a93fa95e294a4ec8574aad5d9b638272a4290?s=96&d=mm&r=g\",\"caption\":\"Natalia Lozano\"},\"url\":\"https:\/\/alimagro.es\/gl\/author\/natali\/\"}]}<\/script>\n<!-- \/ Yoast SEO plugin. -->","yoast_head_json":{"title":"La patata como ingrediente principal del taller de cocina infantil | Alimagro","robots":{"index":"index","follow":"follow","max-snippet":"max-snippet:-1","max-image-preview":"max-image-preview:large","max-video-preview":"max-video-preview:-1"},"canonical":"https:\/\/alimagro.es\/gl\/2025\/09\/03\/la-patata-como-ingrediente-principal-del-taller-de-cocina-infantil\/","og_locale":"gl_ES","og_type":"article","og_title":"La patata como ingrediente principal del taller de cocina infantil | Alimagro","og_description":"En esta jornada tambi\u00e9n se quiere acercar el cultivo de la patata al p\u00fablico infantil. Por ello, desde la organizaci\u00f3n de la feria proponen un taller de comida en la que el ingrediente principal ser\u00e1 la patata. De esta forma quieren incentivar tambi\u00e9n el consumo de patata en los ni\u00f1os y acercarles a este cultivo [&hellip;]","og_url":"https:\/\/alimagro.es\/gl\/2025\/09\/03\/la-patata-como-ingrediente-principal-del-taller-de-cocina-infantil\/","og_site_name":"Alimagro","article_publisher":"https:\/\/www.facebook.com\/people\/Alimagro\/100095025612077\/","article_published_time":"2025-09-03T12:36:19+00:00","article_modified_time":"2025-09-03T13:07:53+00:00","og_image":[{"width":1200,"height":1200,"url":"https:\/\/alimagro.es\/wp-content\/uploads\/2025\/09\/Cocina-infantil-Alimagro-2025-2.jpg","type":"image\/jpeg"}],"author":"Natalia Lozano","twitter_card":"summary_large_image","twitter_misc":{"Escrito por":"Natalia Lozano","Tempo de lectura":"1 minuto"},"schema":{"@context":"https:\/\/schema.org","@graph":[{"@type":"Article","@id":"https:\/\/alimagro.es\/2025\/09\/03\/la-patata-como-ingrediente-principal-del-taller-de-cocina-infantil\/#article","isPartOf":{"@id":"https:\/\/alimagro.es\/2025\/09\/03\/la-patata-como-ingrediente-principal-del-taller-de-cocina-infantil\/"},"author":{"name":"Natalia Lozano","@id":"https:\/\/alimagro.es\/#\/schema\/person\/bc44f5e9369a82c257b6986e3f8975c0"},"headline":"La patata como ingrediente principal del taller de cocina infantil","datePublished":"2025-09-03T12:36:19+00:00","dateModified":"2025-09-03T13:07:53+00:00","mainEntityOfPage":{"@id":"https:\/\/alimagro.es\/2025\/09\/03\/la-patata-como-ingrediente-principal-del-taller-de-cocina-infantil\/"},"wordCount":125,"publisher":{"@id":"https:\/\/alimagro.es\/#organization"},"image":{"@id":"https:\/\/alimagro.es\/2025\/09\/03\/la-patata-como-ingrediente-principal-del-taller-de-cocina-infantil\/#primaryimage"},"thumbnailUrl":"https:\/\/alimagro.es\/wp-content\/uploads\/2025\/09\/Cocina-infantil-Alimagro-2025-2.jpg","keywords":["infantil","Patata","taller"],"articleSection":["General"],"inLanguage":"gl-ES"},{"@type":"WebPage","@id":"https:\/\/alimagro.es\/2025\/09\/03\/la-patata-como-ingrediente-principal-del-taller-de-cocina-infantil\/","url":"https:\/\/alimagro.es\/2025\/09\/03\/la-patata-como-ingrediente-principal-del-taller-de-cocina-infantil\/","name":"La patata como ingrediente principal del taller de cocina infantil | Alimagro","isPartOf":{"@id":"https:\/\/alimagro.es\/#website"},"primaryImageOfPage":{"@id":"https:\/\/alimagro.es\/2025\/09\/03\/la-patata-como-ingrediente-principal-del-taller-de-cocina-infantil\/#primaryimage"},"image":{"@id":"https:\/\/alimagro.es\/2025\/09\/03\/la-patata-como-ingrediente-principal-del-taller-de-cocina-infantil\/#primaryimage"},"thumbnailUrl":"https:\/\/alimagro.es\/wp-content\/uploads\/2025\/09\/Cocina-infantil-Alimagro-2025-2.jpg","datePublished":"2025-09-03T12:36:19+00:00","dateModified":"2025-09-03T13:07:53+00:00","breadcrumb":{"@id":"https:\/\/alimagro.es\/2025\/09\/03\/la-patata-como-ingrediente-principal-del-taller-de-cocina-infantil\/#breadcrumb"},"inLanguage":"gl-ES","potentialAction":[{"@type":"ReadAction","target":["https:\/\/alimagro.es\/2025\/09\/03\/la-patata-como-ingrediente-principal-del-taller-de-cocina-infantil\/"]}]},{"@type":"ImageObject","inLanguage":"gl-ES","@id":"https:\/\/alimagro.es\/2025\/09\/03\/la-patata-como-ingrediente-principal-del-taller-de-cocina-infantil\/#primaryimage","url":"https:\/\/alimagro.es\/wp-content\/uploads\/2025\/09\/Cocina-infantil-Alimagro-2025-2.jpg","contentUrl":"https:\/\/alimagro.es\/wp-content\/uploads\/2025\/09\/Cocina-infantil-Alimagro-2025-2.jpg","width":1200,"height":1200},{"@type":"BreadcrumbList","@id":"https:\/\/alimagro.es\/2025\/09\/03\/la-patata-como-ingrediente-principal-del-taller-de-cocina-infantil\/#breadcrumb","itemListElement":[{"@type":"ListItem","position":1,"name":"Portada","item":"https:\/\/alimagro.es\/"},{"@type":"ListItem","position":2,"name":"La patata como ingrediente principal del taller de cocina infantil"}]},{"@type":"WebSite","@id":"https:\/\/alimagro.es\/#website","url":"https:\/\/alimagro.es\/","name":"Alimagro","description":"Alimagro, un evento referente nacional que aglutina las novedades en cuanto al cultivo de patata y la maquinaria agr\u00edcola.","publisher":{"@id":"https:\/\/alimagro.es\/#organization"},"alternateName":"Feria del Agro de la Limia","potentialAction":[{"@type":"SearchAction","target":{"@type":"EntryPoint","urlTemplate":"https:\/\/alimagro.es\/?s={search_term_string}"},"query-input":{"@type":"PropertyValueSpecification","valueRequired":true,"valueName":"search_term_string"}}],"inLanguage":"gl-ES"},{"@type":"Organization","@id":"https:\/\/alimagro.es\/#organization","name":"Alimagro","url":"https:\/\/alimagro.es\/","logo":{"@type":"ImageObject","inLanguage":"gl-ES","@id":"https:\/\/alimagro.es\/#\/schema\/logo\/image\/","url":"https:\/\/alimagro.es\/wp-content\/uploads\/2023\/07\/alimagro-logo-verde.png","contentUrl":"https:\/\/alimagro.es\/wp-content\/uploads\/2023\/07\/alimagro-logo-verde.png","width":500,"height":96,"caption":"Alimagro"},"image":{"@id":"https:\/\/alimagro.es\/#\/schema\/logo\/image\/"},"sameAs":["https:\/\/www.facebook.com\/people\/Alimagro\/100095025612077\/","https:\/\/www.instagram.com\/alimagro_\/"]},{"@type":"Person","@id":"https:\/\/alimagro.es\/#\/schema\/person\/bc44f5e9369a82c257b6986e3f8975c0","name":"Natalia Lozano","image":{"@type":"ImageObject","inLanguage":"gl-ES","@id":"https:\/\/alimagro.es\/#\/schema\/person\/image\/","url":"https:\/\/secure.gravatar.com\/avatar\/991138ad631ca80bc76a5a37776a93fa95e294a4ec8574aad5d9b638272a4290?s=96&d=mm&r=g","contentUrl":"https:\/\/secure.gravatar.com\/avatar\/991138ad631ca80bc76a5a37776a93fa95e294a4ec8574aad5d9b638272a4290?s=96&d=mm&r=g","caption":"Natalia Lozano"},"url":"https:\/\/alimagro.es\/gl\/author\/natali\/"}]}},"_links":{"self":[{"href":"https:\/\/alimagro.es\/gl\/wp-json\/wp\/v2\/posts\/1342","targetHints":{"allow":["GET"]}}],"collection":[{"href":"https:\/\/alimagro.es\/gl\/wp-json\/wp\/v2\/posts"}],"about":[{"href":"https:\/\/alimagro.es\/gl\/wp-json\/wp\/v2\/types\/post"}],"author":[{"embeddable":true,"href":"https:\/\/alimagro.es\/gl\/wp-json\/wp\/v2\/users\/11"}],"replies":[{"embeddable":true,"href":"https:\/\/alimagro.es\/gl\/wp-json\/wp\/v2\/comments?post=1342"}],"version-history":[{"count":2,"href":"https:\/\/alimagro.es\/gl\/wp-json\/wp\/v2\/posts\/1342\/revisions"}],"predecessor-version":[{"id":1350,"href":"https:\/\/alimagro.es\/gl\/wp-json\/wp\/v2\/posts\/1342\/revisions\/1350"}],"wp:featuredmedia":[{"embeddable":true,"href":"https:\/\/alimagro.es\/gl\/wp-json\/wp\/v2\/media\/1346"}],"wp:attachment":[{"href":"https:\/\/alimagro.es\/gl\/wp-json\/wp\/v2\/media?parent=1342"}],"wp:term":[{"taxonomy":"category","embeddable":true,"href":"https:\/\/alimagro.es\/gl\/wp-json\/wp\/v2\/categories?post=1342"},{"taxonomy":"post_tag","embeddable":true,"href":"https:\/\/alimagro.es\/gl\/wp-json\/wp\/v2\/tags?post=1342"}],"curies":[{"name":"wp","href":"https:\/\/api.w.org\/{rel}","templated":true}]}}