{"id":1320,"date":"2025-08-29T14:02:10","date_gmt":"2025-08-29T12:02:10","guid":{"rendered":"https:\/\/alimagro.es\/?p=1320"},"modified":"2025-08-29T14:02:12","modified_gmt":"2025-08-29T12:02:12","slug":"mildiu-de-la-patata-ciencia-adaptacion-y-resiliencia-en-tiempos-de-cambio","status":"publish","type":"post","link":"https:\/\/alimagro.es\/gl\/2025\/08\/29\/mildiu-de-la-patata-ciencia-adaptacion-y-resiliencia-en-tiempos-de-cambio\/","title":{"rendered":"Mildiu da pataca: ciencia, adaptaci\u00f3n e resiliencia en tempos de cambio"},"content":{"rendered":"<p><strong>Baixo leste titulo Laura Meno Fari\u00f1as, Enxe\u00f1er\u00eda Agraria Universidade de Vigo, presentar\u00e1 o seu relatorio, unha das enfermidades m\u00e1is desafiantes para o cultivo da pataca <\/strong><strong><\/strong><\/p>\n\n\n\n<p><br>\u00a0Nunha dos relatorios da <strong>terceira edici\u00f3n<\/strong>\u00a0de la\u00a0<strong>Xornada T\u00e9cnica da Pataca da Revista Campo<\/strong>, Laura Meno Fari\u00f1as, Enxe\u00f1er\u00eda Agraria Universidade de Vigo, falar\u00e1 do mildiu da pataca, unha das enfermidades m\u00e1is importantes e desafiantes para este cultivo. \u201cImos percorrer desde a base cient\u00edfica \u2014como se desenvolve o pat\u00f3geno e que factores clim\u00e1ticos favor\u00e9ceno\u2014 ata as ferramentas actuais de manexo para a s\u00faa prevenci\u00f3n e control\u201d, indica Laura Meno. Ademais, po\u00f1eranse sobre a mesa temas como as pr\u00e1cticas de manexo integrado, o apoio de modelos de predici\u00f3n ou a resposta de diferentes variedades e o uso da tecnolox\u00eda. Tam\u00e9n, ter\u00e1n a oportunidade de reflexionar sobre a resiliencia do sector nun contexto de cambio clim\u00e1tico, \u201conde os retos aumentan, pero tam\u00e9n se abren oportunidades para innovar e ser m\u00e1is sostibles\u201d.<\/p>\n\n\n\n<p>As principais claves da charla ser\u00e1n:<\/p>\n\n\n\n<ul class=\"wp-block-list\">\n<li><strong>Comprender ao inimigo<\/strong>: como act\u00faa o mildiu e por que segue sendo unha ameaza global.<\/li>\n\n\n\n<li><strong>Cambio clim\u00e1tico<\/strong>: como as novas condici\u00f3ns ambientais poden modificar a incidencia e severidade da enfermidade (A favor ou en contra).<\/li>\n\n\n\n<li><strong>Ferramentas de adaptaci\u00f3n<\/strong>: desde a xen\u00e9tica ata a dixitalizaci\u00f3n e o uso de sistemas de aviso.<\/li>\n\n\n\n<li><strong>Resiliencia do sector<\/strong>: a importancia da cooperaci\u00f3n entre agricultores, t\u00e9cnicos, centros de investigaci\u00f3n, industria e gobernantes para manter a competitividade.<\/li>\n<\/ul>\n\n\n\n<h2 class=\"wp-block-heading\"><strong>Achega destes relatorios ao sector<\/strong><\/h2>\n\n\n\n<p>Estas charlas son espazos de intercambio moi valiosos onde os agricultores acceden a informaci\u00f3n actualizada e pr\u00e1ctica, que poden aplicar directamente nas s\u00faas explotaci\u00f3ns.<\/p>\n\n\n\n<p>\u201cAo agricultor perm\u00edtelle escoitar experiencias doutros, compartir problemas com\u00fans e co\u00f1ecer soluci\u00f3ns innovadoras. Ao mesmo tempo, xeran un v\u00ednculo entre a ciencia e o campo, facendo que a investigaci\u00f3n se traduza en beneficios reais para este sector\u201d, sinala a relatora.<\/p>\n\n\n\n<p>Feiras como ALIMAGRO \u201cnon s\u00f3 visibilizan a importancia da pataca na nosa econom\u00eda e cultura, sen\u00f3n que ademais xeran comunidade e po\u00f1en en contacto a toda a cadea de valor: agricultores, empresas, distribuidores, investigadores, consumidores e autoridades competentes en materia de agricultura\u201d.<\/p>\n\n\n\n<p>&nbsp;Estas xornadas serven de plataforma para dinamizar o sector, difunden innovaci\u00f3n e axudan a reforzar o reco\u00f1ecemento dun cultivo que, a\u00ednda que coti\u00e1n, require dun gran esforzo e co\u00f1ecemento para producirse con calidade e sustentabilidade.<\/p>","protected":false},"excerpt":{"rendered":"<p>Bajo este titulo Laura Meno Fari\u00f1as, Ingenier\u00eda Agraria Universidad de Vigo, presentar\u00e1 su ponencia, una de las enfermedades m\u00e1s desafiantes para el cultivo de la patata \u00a0En una de las ponencias de la tercera edici\u00f3n\u00a0de la\u00a0Jornada T\u00e9cnica de la Pataca de la Revista Campo, Laura Meno Fari\u00f1as, Ingenier\u00eda Agraria Universidad de Vigo, hablar\u00e1 del mildiu [&hellip;]<\/p>","protected":false},"author":11,"featured_media":1323,"comment_status":"closed","ping_status":"closed","sticky":false,"template":"","format":"standard","meta":{"ngg_post_thumbnail":0,"footnotes":""},"categories":[1],"tags":[18,90,92,89,21,91],"class_list":{"0":"post-1320","1":"post","2":"type-post","3":"status-publish","4":"format-standard","5":"has-post-thumbnail","7":"category-sin-categoria","8":"tag-alimagro","9":"tag-jornada","10":"tag-laura-meno","11":"tag-mildiu","12":"tag-patata","13":"tag-ponencias"},"yoast_head":"<!-- This site is optimized with the Yoast SEO plugin v25.8 - https:\/\/yoast.com\/wordpress\/plugins\/seo\/ -->\n<title>Mildiu de la patata: ciencia, adaptaci\u00f3n y resiliencia en tiempos de cambio | Alimagro<\/title>\n<meta name=\"robots\" content=\"index, follow, max-snippet:-1, max-image-preview:large, max-video-preview:-1\" \/>\n<link rel=\"canonical\" href=\"https:\/\/alimagro.es\/gl\/2025\/08\/29\/mildiu-de-la-patata-ciencia-adaptacion-y-resiliencia-en-tiempos-de-cambio\/\" \/>\n<meta property=\"og:locale\" content=\"gl_ES\" \/>\n<meta property=\"og:type\" content=\"article\" \/>\n<meta property=\"og:title\" content=\"Mildiu de la patata: ciencia, adaptaci\u00f3n y resiliencia en tiempos de cambio | Alimagro\" \/>\n<meta property=\"og:description\" content=\"Bajo este titulo Laura Meno Fari\u00f1as, Ingenier\u00eda Agraria Universidad de Vigo, presentar\u00e1 su ponencia, una de las enfermedades m\u00e1s desafiantes para el cultivo de la patata \u00a0En una de las ponencias de la tercera edici\u00f3n\u00a0de la\u00a0Jornada T\u00e9cnica de la Pataca de la Revista Campo, Laura Meno Fari\u00f1as, Ingenier\u00eda Agraria Universidad de Vigo, hablar\u00e1 del mildiu [&hellip;]\" \/>\n<meta property=\"og:url\" content=\"https:\/\/alimagro.es\/gl\/2025\/08\/29\/mildiu-de-la-patata-ciencia-adaptacion-y-resiliencia-en-tiempos-de-cambio\/\" \/>\n<meta property=\"og:site_name\" content=\"Alimagro\" \/>\n<meta property=\"article:publisher\" content=\"https:\/\/www.facebook.com\/people\/Alimagro\/100095025612077\/\" \/>\n<meta property=\"article:published_time\" content=\"2025-08-29T12:02:10+00:00\" \/>\n<meta property=\"article:modified_time\" content=\"2025-08-29T12:02:12+00:00\" \/>\n<meta property=\"og:image\" content=\"https:\/\/alimagro.es\/wp-content\/uploads\/2025\/08\/P1010021-scaled.jpg\" \/>\n\t<meta property=\"og:image:width\" content=\"2560\" \/>\n\t<meta property=\"og:image:height\" content=\"1442\" \/>\n\t<meta property=\"og:image:type\" content=\"image\/jpeg\" \/>\n<meta name=\"author\" content=\"Natalia Lozano\" \/>\n<meta name=\"twitter:card\" content=\"summary_large_image\" \/>\n<meta name=\"twitter:label1\" content=\"Escrito por\" \/>\n\t<meta name=\"twitter:data1\" content=\"Natalia Lozano\" \/>\n\t<meta name=\"twitter:label2\" content=\"Tempo de lectura\" \/>\n\t<meta name=\"twitter:data2\" content=\"3 minutos\" \/>\n<script type=\"application\/ld+json\" class=\"yoast-schema-graph\">{\"@context\":\"https:\/\/schema.org\",\"@graph\":[{\"@type\":\"Article\",\"@id\":\"https:\/\/alimagro.es\/2025\/08\/29\/mildiu-de-la-patata-ciencia-adaptacion-y-resiliencia-en-tiempos-de-cambio\/#article\",\"isPartOf\":{\"@id\":\"https:\/\/alimagro.es\/2025\/08\/29\/mildiu-de-la-patata-ciencia-adaptacion-y-resiliencia-en-tiempos-de-cambio\/\"},\"author\":{\"name\":\"Natalia Lozano\",\"@id\":\"https:\/\/alimagro.es\/#\/schema\/person\/bc44f5e9369a82c257b6986e3f8975c0\"},\"headline\":\"Mildiu de la patata: ciencia, adaptaci\u00f3n y resiliencia en tiempos de cambio\",\"datePublished\":\"2025-08-29T12:02:10+00:00\",\"dateModified\":\"2025-08-29T12:02:12+00:00\",\"mainEntityOfPage\":{\"@id\":\"https:\/\/alimagro.es\/2025\/08\/29\/mildiu-de-la-patata-ciencia-adaptacion-y-resiliencia-en-tiempos-de-cambio\/\"},\"wordCount\":454,\"publisher\":{\"@id\":\"https:\/\/alimagro.es\/#organization\"},\"image\":{\"@id\":\"https:\/\/alimagro.es\/2025\/08\/29\/mildiu-de-la-patata-ciencia-adaptacion-y-resiliencia-en-tiempos-de-cambio\/#primaryimage\"},\"thumbnailUrl\":\"https:\/\/alimagro.es\/wp-content\/uploads\/2025\/08\/P1010021-scaled.jpg\",\"keywords\":[\"Alimagro\",\"jornada\",\"Laura Meno\",\"Mildiu\",\"Patata\",\"ponencias\"],\"articleSection\":[\"Sin categor\u00eda\"],\"inLanguage\":\"gl-ES\"},{\"@type\":\"WebPage\",\"@id\":\"https:\/\/alimagro.es\/2025\/08\/29\/mildiu-de-la-patata-ciencia-adaptacion-y-resiliencia-en-tiempos-de-cambio\/\",\"url\":\"https:\/\/alimagro.es\/2025\/08\/29\/mildiu-de-la-patata-ciencia-adaptacion-y-resiliencia-en-tiempos-de-cambio\/\",\"name\":\"Mildiu de la patata: ciencia, adaptaci\u00f3n y resiliencia en tiempos de cambio | Alimagro\",\"isPartOf\":{\"@id\":\"https:\/\/alimagro.es\/#website\"},\"primaryImageOfPage\":{\"@id\":\"https:\/\/alimagro.es\/2025\/08\/29\/mildiu-de-la-patata-ciencia-adaptacion-y-resiliencia-en-tiempos-de-cambio\/#primaryimage\"},\"image\":{\"@id\":\"https:\/\/alimagro.es\/2025\/08\/29\/mildiu-de-la-patata-ciencia-adaptacion-y-resiliencia-en-tiempos-de-cambio\/#primaryimage\"},\"thumbnailUrl\":\"https:\/\/alimagro.es\/wp-content\/uploads\/2025\/08\/P1010021-scaled.jpg\",\"datePublished\":\"2025-08-29T12:02:10+00:00\",\"dateModified\":\"2025-08-29T12:02:12+00:00\",\"breadcrumb\":{\"@id\":\"https:\/\/alimagro.es\/2025\/08\/29\/mildiu-de-la-patata-ciencia-adaptacion-y-resiliencia-en-tiempos-de-cambio\/#breadcrumb\"},\"inLanguage\":\"gl-ES\",\"potentialAction\":[{\"@type\":\"ReadAction\",\"target\":[\"https:\/\/alimagro.es\/2025\/08\/29\/mildiu-de-la-patata-ciencia-adaptacion-y-resiliencia-en-tiempos-de-cambio\/\"]}]},{\"@type\":\"ImageObject\",\"inLanguage\":\"gl-ES\",\"@id\":\"https:\/\/alimagro.es\/2025\/08\/29\/mildiu-de-la-patata-ciencia-adaptacion-y-resiliencia-en-tiempos-de-cambio\/#primaryimage\",\"url\":\"https:\/\/alimagro.es\/wp-content\/uploads\/2025\/08\/P1010021-scaled.jpg\",\"contentUrl\":\"https:\/\/alimagro.es\/wp-content\/uploads\/2025\/08\/P1010021-scaled.jpg\",\"width\":2560,\"height\":1442},{\"@type\":\"BreadcrumbList\",\"@id\":\"https:\/\/alimagro.es\/2025\/08\/29\/mildiu-de-la-patata-ciencia-adaptacion-y-resiliencia-en-tiempos-de-cambio\/#breadcrumb\",\"itemListElement\":[{\"@type\":\"ListItem\",\"position\":1,\"name\":\"Portada\",\"item\":\"https:\/\/alimagro.es\/\"},{\"@type\":\"ListItem\",\"position\":2,\"name\":\"Mildiu de la patata: ciencia, adaptaci\u00f3n y resiliencia en tiempos de cambio\"}]},{\"@type\":\"WebSite\",\"@id\":\"https:\/\/alimagro.es\/#website\",\"url\":\"https:\/\/alimagro.es\/\",\"name\":\"Alimagro\",\"description\":\"Alimagro, un evento referente nacional que aglutina las novedades en cuanto al cultivo de patata y la maquinaria agr\u00edcola.\",\"publisher\":{\"@id\":\"https:\/\/alimagro.es\/#organization\"},\"alternateName\":\"Feria del Agro de la Limia\",\"potentialAction\":[{\"@type\":\"SearchAction\",\"target\":{\"@type\":\"EntryPoint\",\"urlTemplate\":\"https:\/\/alimagro.es\/?s={search_term_string}\"},\"query-input\":{\"@type\":\"PropertyValueSpecification\",\"valueRequired\":true,\"valueName\":\"search_term_string\"}}],\"inLanguage\":\"gl-ES\"},{\"@type\":\"Organization\",\"@id\":\"https:\/\/alimagro.es\/#organization\",\"name\":\"Alimagro\",\"url\":\"https:\/\/alimagro.es\/\",\"logo\":{\"@type\":\"ImageObject\",\"inLanguage\":\"gl-ES\",\"@id\":\"https:\/\/alimagro.es\/#\/schema\/logo\/image\/\",\"url\":\"https:\/\/alimagro.es\/wp-content\/uploads\/2023\/07\/alimagro-logo-verde.png\",\"contentUrl\":\"https:\/\/alimagro.es\/wp-content\/uploads\/2023\/07\/alimagro-logo-verde.png\",\"width\":500,\"height\":96,\"caption\":\"Alimagro\"},\"image\":{\"@id\":\"https:\/\/alimagro.es\/#\/schema\/logo\/image\/\"},\"sameAs\":[\"https:\/\/www.facebook.com\/people\/Alimagro\/100095025612077\/\",\"https:\/\/www.instagram.com\/alimagro_\/\"]},{\"@type\":\"Person\",\"@id\":\"https:\/\/alimagro.es\/#\/schema\/person\/bc44f5e9369a82c257b6986e3f8975c0\",\"name\":\"Natalia Lozano\",\"image\":{\"@type\":\"ImageObject\",\"inLanguage\":\"gl-ES\",\"@id\":\"https:\/\/alimagro.es\/#\/schema\/person\/image\/\",\"url\":\"https:\/\/secure.gravatar.com\/avatar\/991138ad631ca80bc76a5a37776a93fa95e294a4ec8574aad5d9b638272a4290?s=96&d=mm&r=g\",\"contentUrl\":\"https:\/\/secure.gravatar.com\/avatar\/991138ad631ca80bc76a5a37776a93fa95e294a4ec8574aad5d9b638272a4290?s=96&d=mm&r=g\",\"caption\":\"Natalia Lozano\"},\"url\":\"https:\/\/alimagro.es\/gl\/author\/natali\/\"}]}<\/script>\n<!-- \/ Yoast SEO plugin. -->","yoast_head_json":{"title":"Mildiu de la patata: ciencia, adaptaci\u00f3n y resiliencia en tiempos de cambio | Alimagro","robots":{"index":"index","follow":"follow","max-snippet":"max-snippet:-1","max-image-preview":"max-image-preview:large","max-video-preview":"max-video-preview:-1"},"canonical":"https:\/\/alimagro.es\/gl\/2025\/08\/29\/mildiu-de-la-patata-ciencia-adaptacion-y-resiliencia-en-tiempos-de-cambio\/","og_locale":"gl_ES","og_type":"article","og_title":"Mildiu de la patata: ciencia, adaptaci\u00f3n y resiliencia en tiempos de cambio | Alimagro","og_description":"Bajo este titulo Laura Meno Fari\u00f1as, Ingenier\u00eda Agraria Universidad de Vigo, presentar\u00e1 su ponencia, una de las enfermedades m\u00e1s desafiantes para el cultivo de la patata \u00a0En una de las ponencias de la tercera edici\u00f3n\u00a0de la\u00a0Jornada T\u00e9cnica de la Pataca de la Revista Campo, Laura Meno Fari\u00f1as, Ingenier\u00eda Agraria Universidad de Vigo, hablar\u00e1 del mildiu [&hellip;]","og_url":"https:\/\/alimagro.es\/gl\/2025\/08\/29\/mildiu-de-la-patata-ciencia-adaptacion-y-resiliencia-en-tiempos-de-cambio\/","og_site_name":"Alimagro","article_publisher":"https:\/\/www.facebook.com\/people\/Alimagro\/100095025612077\/","article_published_time":"2025-08-29T12:02:10+00:00","article_modified_time":"2025-08-29T12:02:12+00:00","og_image":[{"width":2560,"height":1442,"url":"https:\/\/alimagro.es\/wp-content\/uploads\/2025\/08\/P1010021-scaled.jpg","type":"image\/jpeg"}],"author":"Natalia Lozano","twitter_card":"summary_large_image","twitter_misc":{"Escrito por":"Natalia Lozano","Tempo de lectura":"3 minutos"},"schema":{"@context":"https:\/\/schema.org","@graph":[{"@type":"Article","@id":"https:\/\/alimagro.es\/2025\/08\/29\/mildiu-de-la-patata-ciencia-adaptacion-y-resiliencia-en-tiempos-de-cambio\/#article","isPartOf":{"@id":"https:\/\/alimagro.es\/2025\/08\/29\/mildiu-de-la-patata-ciencia-adaptacion-y-resiliencia-en-tiempos-de-cambio\/"},"author":{"name":"Natalia Lozano","@id":"https:\/\/alimagro.es\/#\/schema\/person\/bc44f5e9369a82c257b6986e3f8975c0"},"headline":"Mildiu de la patata: ciencia, adaptaci\u00f3n y resiliencia en tiempos de cambio","datePublished":"2025-08-29T12:02:10+00:00","dateModified":"2025-08-29T12:02:12+00:00","mainEntityOfPage":{"@id":"https:\/\/alimagro.es\/2025\/08\/29\/mildiu-de-la-patata-ciencia-adaptacion-y-resiliencia-en-tiempos-de-cambio\/"},"wordCount":454,"publisher":{"@id":"https:\/\/alimagro.es\/#organization"},"image":{"@id":"https:\/\/alimagro.es\/2025\/08\/29\/mildiu-de-la-patata-ciencia-adaptacion-y-resiliencia-en-tiempos-de-cambio\/#primaryimage"},"thumbnailUrl":"https:\/\/alimagro.es\/wp-content\/uploads\/2025\/08\/P1010021-scaled.jpg","keywords":["Alimagro","jornada","Laura Meno","Mildiu","Patata","ponencias"],"articleSection":["Sin categor\u00eda"],"inLanguage":"gl-ES"},{"@type":"WebPage","@id":"https:\/\/alimagro.es\/2025\/08\/29\/mildiu-de-la-patata-ciencia-adaptacion-y-resiliencia-en-tiempos-de-cambio\/","url":"https:\/\/alimagro.es\/2025\/08\/29\/mildiu-de-la-patata-ciencia-adaptacion-y-resiliencia-en-tiempos-de-cambio\/","name":"Mildiu de la patata: ciencia, adaptaci\u00f3n y resiliencia en tiempos de cambio | Alimagro","isPartOf":{"@id":"https:\/\/alimagro.es\/#website"},"primaryImageOfPage":{"@id":"https:\/\/alimagro.es\/2025\/08\/29\/mildiu-de-la-patata-ciencia-adaptacion-y-resiliencia-en-tiempos-de-cambio\/#primaryimage"},"image":{"@id":"https:\/\/alimagro.es\/2025\/08\/29\/mildiu-de-la-patata-ciencia-adaptacion-y-resiliencia-en-tiempos-de-cambio\/#primaryimage"},"thumbnailUrl":"https:\/\/alimagro.es\/wp-content\/uploads\/2025\/08\/P1010021-scaled.jpg","datePublished":"2025-08-29T12:02:10+00:00","dateModified":"2025-08-29T12:02:12+00:00","breadcrumb":{"@id":"https:\/\/alimagro.es\/2025\/08\/29\/mildiu-de-la-patata-ciencia-adaptacion-y-resiliencia-en-tiempos-de-cambio\/#breadcrumb"},"inLanguage":"gl-ES","potentialAction":[{"@type":"ReadAction","target":["https:\/\/alimagro.es\/2025\/08\/29\/mildiu-de-la-patata-ciencia-adaptacion-y-resiliencia-en-tiempos-de-cambio\/"]}]},{"@type":"ImageObject","inLanguage":"gl-ES","@id":"https:\/\/alimagro.es\/2025\/08\/29\/mildiu-de-la-patata-ciencia-adaptacion-y-resiliencia-en-tiempos-de-cambio\/#primaryimage","url":"https:\/\/alimagro.es\/wp-content\/uploads\/2025\/08\/P1010021-scaled.jpg","contentUrl":"https:\/\/alimagro.es\/wp-content\/uploads\/2025\/08\/P1010021-scaled.jpg","width":2560,"height":1442},{"@type":"BreadcrumbList","@id":"https:\/\/alimagro.es\/2025\/08\/29\/mildiu-de-la-patata-ciencia-adaptacion-y-resiliencia-en-tiempos-de-cambio\/#breadcrumb","itemListElement":[{"@type":"ListItem","position":1,"name":"Portada","item":"https:\/\/alimagro.es\/"},{"@type":"ListItem","position":2,"name":"Mildiu de la patata: ciencia, adaptaci\u00f3n y resiliencia en tiempos de cambio"}]},{"@type":"WebSite","@id":"https:\/\/alimagro.es\/#website","url":"https:\/\/alimagro.es\/","name":"Alimagro","description":"Alimagro, un evento referente nacional que aglutina las novedades en cuanto al cultivo de patata y la maquinaria agr\u00edcola.","publisher":{"@id":"https:\/\/alimagro.es\/#organization"},"alternateName":"Feria del Agro de la Limia","potentialAction":[{"@type":"SearchAction","target":{"@type":"EntryPoint","urlTemplate":"https:\/\/alimagro.es\/?s={search_term_string}"},"query-input":{"@type":"PropertyValueSpecification","valueRequired":true,"valueName":"search_term_string"}}],"inLanguage":"gl-ES"},{"@type":"Organization","@id":"https:\/\/alimagro.es\/#organization","name":"Alimagro","url":"https:\/\/alimagro.es\/","logo":{"@type":"ImageObject","inLanguage":"gl-ES","@id":"https:\/\/alimagro.es\/#\/schema\/logo\/image\/","url":"https:\/\/alimagro.es\/wp-content\/uploads\/2023\/07\/alimagro-logo-verde.png","contentUrl":"https:\/\/alimagro.es\/wp-content\/uploads\/2023\/07\/alimagro-logo-verde.png","width":500,"height":96,"caption":"Alimagro"},"image":{"@id":"https:\/\/alimagro.es\/#\/schema\/logo\/image\/"},"sameAs":["https:\/\/www.facebook.com\/people\/Alimagro\/100095025612077\/","https:\/\/www.instagram.com\/alimagro_\/"]},{"@type":"Person","@id":"https:\/\/alimagro.es\/#\/schema\/person\/bc44f5e9369a82c257b6986e3f8975c0","name":"Natalia Lozano","image":{"@type":"ImageObject","inLanguage":"gl-ES","@id":"https:\/\/alimagro.es\/#\/schema\/person\/image\/","url":"https:\/\/secure.gravatar.com\/avatar\/991138ad631ca80bc76a5a37776a93fa95e294a4ec8574aad5d9b638272a4290?s=96&d=mm&r=g","contentUrl":"https:\/\/secure.gravatar.com\/avatar\/991138ad631ca80bc76a5a37776a93fa95e294a4ec8574aad5d9b638272a4290?s=96&d=mm&r=g","caption":"Natalia Lozano"},"url":"https:\/\/alimagro.es\/gl\/author\/natali\/"}]}},"_links":{"self":[{"href":"https:\/\/alimagro.es\/gl\/wp-json\/wp\/v2\/posts\/1320","targetHints":{"allow":["GET"]}}],"collection":[{"href":"https:\/\/alimagro.es\/gl\/wp-json\/wp\/v2\/posts"}],"about":[{"href":"https:\/\/alimagro.es\/gl\/wp-json\/wp\/v2\/types\/post"}],"author":[{"embeddable":true,"href":"https:\/\/alimagro.es\/gl\/wp-json\/wp\/v2\/users\/11"}],"replies":[{"embeddable":true,"href":"https:\/\/alimagro.es\/gl\/wp-json\/wp\/v2\/comments?post=1320"}],"version-history":[{"count":2,"href":"https:\/\/alimagro.es\/gl\/wp-json\/wp\/v2\/posts\/1320\/revisions"}],"predecessor-version":[{"id":1324,"href":"https:\/\/alimagro.es\/gl\/wp-json\/wp\/v2\/posts\/1320\/revisions\/1324"}],"wp:featuredmedia":[{"embeddable":true,"href":"https:\/\/alimagro.es\/gl\/wp-json\/wp\/v2\/media\/1323"}],"wp:attachment":[{"href":"https:\/\/alimagro.es\/gl\/wp-json\/wp\/v2\/media?parent=1320"}],"wp:term":[{"taxonomy":"category","embeddable":true,"href":"https:\/\/alimagro.es\/gl\/wp-json\/wp\/v2\/categories?post=1320"},{"taxonomy":"post_tag","embeddable":true,"href":"https:\/\/alimagro.es\/gl\/wp-json\/wp\/v2\/tags?post=1320"}],"curies":[{"name":"wp","href":"https:\/\/api.w.org\/{rel}","templated":true}]}}