{"id":1307,"date":"2025-08-28T14:46:27","date_gmt":"2025-08-28T12:46:27","guid":{"rendered":"https:\/\/alimagro.es\/?p=1307"},"modified":"2025-08-28T14:56:28","modified_gmt":"2025-08-28T12:56:28","slug":"estas-jornadas-son-necesarias-para-conocer-las-diversas-realidades-que-tiene-el-sector","status":"publish","type":"post","link":"https:\/\/alimagro.es\/gl\/2025\/08\/28\/estas-jornadas-son-necesarias-para-conocer-las-diversas-realidades-que-tiene-el-sector\/","title":{"rendered":"\u201cEstas xornadas son necesarias para co\u00f1ecer as diversas realidades que ten o sector\u201d"},"content":{"rendered":"<p><\/p>\n\n\n\n<p>Jos\u00e9 Casar\u00edo de Fertiberia ser\u00e1 o encargado de abrir a Xornada T\u00e9cnica da Pataca co seu relatorio \u00abEstou en zona vulnerable a Nitratos e agora que?\u00bb<\/p>\n\n\n\n<p>A terceira edici\u00f3n da Xornada da Revista Campo, que se celebrar\u00e1 o pr\u00f3ximo 4 de setembro no marco da feira de Alimagro, servir\u00e1 para <strong>poner en valor uno de los productos estrella de A Limia: lana patata.<\/strong><\/p>\n\n\n\n<p>Este evento congregar\u00e1 a agricultores, produtores e t\u00e9cnicos, tanto galegos como chegados doutras partes de Espa\u00f1a, e abordar\u00e1 temas de gran relevancia para a produci\u00f3n pataqueira a trav\u00e9s dun <strong>completo programa t\u00e9cnico e un debate con expertos do sector.<\/strong><\/p>\n\n\n\n<p>A xornada arrincar\u00e1 \u00e1s 19:15 h.\u00a0 da man de Jos\u00e9 Casar\u00edo (Fertiberia), quen ofrecer\u00e1 o relatorio \u00abEstou en zona vulnerable a Nitratos e agora que?\u00bb.<\/p>\n\n\n\n<p>\u201cO obxectivo \u00e9 informar os agricultores e gandeiros que nos acompa\u00f1en, \u00e1 III xornada t\u00e9cnica da pataca, que te\u00f1en que ter en conta se alg\u00fan dos municipios nos que te\u00f1en a s\u00faa explotaci\u00f3n agr\u00edcola \u00e9 declarado como zona vulnerable\u201d, aclara Casar\u00edo.<\/p>\n\n\n\n<p>Na charla dunha forma breve, pero \u00e1 vez necesaria, explicar\u00e1n que normativas levan a que haxa zonas que se declaren como vulnerables.\u00a0 \u201cUnha vez que ti explotaci\u00f3n \u00e9 zona vulnerable contaremos que aspectos cambian con respecto ao que o agricultor estaba a facer ata o de agora\u201d, indica Casar\u00edo.<\/p>\n\n\n<div class=\"wp-block-image\">\n<figure class=\"alignleft size-large is-resized\"><img loading=\"lazy\" decoding=\"async\" width=\"1024\" height=\"768\" src=\"https:\/\/alimagro.es\/wp-content\/uploads\/2025\/08\/DSCF6228-1024x768.jpg\" alt=\"\" class=\"wp-image-1308\" style=\"width:354px;height:auto\" srcset=\"https:\/\/alimagro.es\/wp-content\/uploads\/2025\/08\/DSCF6228-1024x768.jpg 1024w, https:\/\/alimagro.es\/wp-content\/uploads\/2025\/08\/DSCF6228-300x225.jpg 300w, https:\/\/alimagro.es\/wp-content\/uploads\/2025\/08\/DSCF6228-768x576.jpg 768w, https:\/\/alimagro.es\/wp-content\/uploads\/2025\/08\/DSCF6228-1536x1152.jpg 1536w, https:\/\/alimagro.es\/wp-content\/uploads\/2025\/08\/DSCF6228-2048x1536.jpg 2048w, https:\/\/alimagro.es\/wp-content\/uploads\/2025\/08\/DSCF6228-16x12.jpg 16w, https:\/\/alimagro.es\/wp-content\/uploads\/2025\/08\/DSCF6228-696x522.jpg 696w, https:\/\/alimagro.es\/wp-content\/uploads\/2025\/08\/DSCF6228-1068x801.jpg 1068w, https:\/\/alimagro.es\/wp-content\/uploads\/2025\/08\/DSCF6228-1920x1440.jpg 1920w\" sizes=\"auto, (max-width: 1024px) 100vw, 1024px\" \/><\/figure>\n<\/div>\n\n\n<p>Tam\u00e9n aclarar\u00e1n aspectos coma se ao estar en zona vulnerable p\u00f3dense seguir aplicando xurros e en que cantidade.<\/p>\n\n\n\n<p>Alimagro converteuse no principal escaparate para os profesionais do sector, grazas \u00e1 s\u00faa combinaci\u00f3n dunha completa exposici\u00f3n de maquinaria agr\u00edcola das principais marcas, ademais da promoci\u00f3n dos produtos locais e as \u00faltimas innovaci\u00f3ns.<\/p>\n\n\n\n<p><\/p>\n\n\n\n<p>\u201cEstas xornadas son moi necesarias xa que unen aos distintos operadores que xestionan un cultivo tan importante como \u00e9 a pataca\u201d, indica o relator.<\/p>\n\n\n\n<p>Ademais, Casar\u00edo resalta un aspecto positivo destas xornadas. \u201cXuntar nun mesmo encontro a produtores de pataca de zonas moi distintas como pode ser Castela e Le\u00f3n, Galicia e Canarias isto fai enriquecer dunha forma moi grande o co\u00f1ecemento das diversas realidades que ten o sector\u201d.<\/p>","protected":false},"excerpt":{"rendered":"<p>Jos\u00e9 Cortijo de Fertiberia ser\u00e1 el encargado de abrir la Jornada T\u00e9cnica de la Pataca con su ponencia \u00ab\u00bfEstoy en zona vulnerable a Nitratos y ahora qu\u00e9?\u00bb La tercera edici\u00f3n de la Jornada de la Revista Campo, que se celebrar\u00e1 el pr\u00f3ximo 4 de septiembre en el marco de la feria de Alimagro, servir\u00e1 para [&hellip;]<\/p>","protected":false},"author":11,"featured_media":1309,"comment_status":"closed","ping_status":"closed","sticky":false,"template":"","format":"standard","meta":{"ngg_post_thumbnail":0,"footnotes":""},"categories":[77],"tags":[],"class_list":{"0":"post-1307","1":"post","2":"type-post","3":"status-publish","4":"format-standard","5":"has-post-thumbnail","7":"category-alimagro"},"yoast_head":"<!-- This site is optimized with the Yoast SEO plugin v25.8 - https:\/\/yoast.com\/wordpress\/plugins\/seo\/ -->\n<title>\u201cEstas jornadas son necesarias para conocer las diversas realidades que tiene el sector\u201d | Alimagro<\/title>\n<meta name=\"robots\" content=\"index, follow, max-snippet:-1, max-image-preview:large, max-video-preview:-1\" \/>\n<link rel=\"canonical\" href=\"https:\/\/alimagro.es\/gl\/2025\/08\/28\/estas-jornadas-son-necesarias-para-conocer-las-diversas-realidades-que-tiene-el-sector\/\" \/>\n<meta property=\"og:locale\" content=\"gl_ES\" \/>\n<meta property=\"og:type\" content=\"article\" \/>\n<meta property=\"og:title\" content=\"\u201cEstas jornadas son necesarias para conocer las diversas realidades que tiene el sector\u201d | Alimagro\" \/>\n<meta property=\"og:description\" content=\"Jos\u00e9 Cortijo de Fertiberia ser\u00e1 el encargado de abrir la Jornada T\u00e9cnica de la Pataca con su ponencia \u00ab\u00bfEstoy en zona vulnerable a Nitratos y ahora qu\u00e9?\u00bb La tercera edici\u00f3n de la Jornada de la Revista Campo, que se celebrar\u00e1 el pr\u00f3ximo 4 de septiembre en el marco de la feria de Alimagro, servir\u00e1 para [&hellip;]\" \/>\n<meta property=\"og:url\" content=\"https:\/\/alimagro.es\/gl\/2025\/08\/28\/estas-jornadas-son-necesarias-para-conocer-las-diversas-realidades-que-tiene-el-sector\/\" \/>\n<meta property=\"og:site_name\" content=\"Alimagro\" \/>\n<meta property=\"article:publisher\" content=\"https:\/\/www.facebook.com\/people\/Alimagro\/100095025612077\/\" \/>\n<meta property=\"article:published_time\" content=\"2025-08-28T12:46:27+00:00\" \/>\n<meta property=\"article:modified_time\" content=\"2025-08-28T12:56:28+00:00\" \/>\n<meta property=\"og:image\" content=\"https:\/\/alimagro.es\/wp-content\/uploads\/2025\/08\/alimagro-jornada-tecnica-5.jpg\" \/>\n\t<meta property=\"og:image:width\" content=\"1400\" \/>\n\t<meta property=\"og:image:height\" content=\"789\" \/>\n\t<meta property=\"og:image:type\" content=\"image\/jpeg\" \/>\n<meta name=\"author\" content=\"Natalia Lozano\" \/>\n<meta name=\"twitter:card\" content=\"summary_large_image\" \/>\n<meta name=\"twitter:label1\" content=\"Escrito por\" \/>\n\t<meta name=\"twitter:data1\" content=\"Natalia Lozano\" \/>\n\t<meta name=\"twitter:label2\" content=\"Tempo de lectura\" \/>\n\t<meta name=\"twitter:data2\" content=\"3 minutos\" \/>\n<script type=\"application\/ld+json\" class=\"yoast-schema-graph\">{\"@context\":\"https:\/\/schema.org\",\"@graph\":[{\"@type\":\"Article\",\"@id\":\"https:\/\/alimagro.es\/2025\/08\/28\/estas-jornadas-son-necesarias-para-conocer-las-diversas-realidades-que-tiene-el-sector\/#article\",\"isPartOf\":{\"@id\":\"https:\/\/alimagro.es\/2025\/08\/28\/estas-jornadas-son-necesarias-para-conocer-las-diversas-realidades-que-tiene-el-sector\/\"},\"author\":{\"name\":\"Natalia Lozano\",\"@id\":\"https:\/\/alimagro.es\/#\/schema\/person\/bc44f5e9369a82c257b6986e3f8975c0\"},\"headline\":\"\u201cEstas jornadas son necesarias para conocer las diversas realidades que tiene el sector\u201d\",\"datePublished\":\"2025-08-28T12:46:27+00:00\",\"dateModified\":\"2025-08-28T12:56:28+00:00\",\"mainEntityOfPage\":{\"@id\":\"https:\/\/alimagro.es\/2025\/08\/28\/estas-jornadas-son-necesarias-para-conocer-las-diversas-realidades-que-tiene-el-sector\/\"},\"wordCount\":400,\"publisher\":{\"@id\":\"https:\/\/alimagro.es\/#organization\"},\"image\":{\"@id\":\"https:\/\/alimagro.es\/2025\/08\/28\/estas-jornadas-son-necesarias-para-conocer-las-diversas-realidades-que-tiene-el-sector\/#primaryimage\"},\"thumbnailUrl\":\"https:\/\/alimagro.es\/wp-content\/uploads\/2025\/08\/alimagro-jornada-tecnica-5.jpg\",\"articleSection\":[\"Alimagro\"],\"inLanguage\":\"gl-ES\"},{\"@type\":\"WebPage\",\"@id\":\"https:\/\/alimagro.es\/2025\/08\/28\/estas-jornadas-son-necesarias-para-conocer-las-diversas-realidades-que-tiene-el-sector\/\",\"url\":\"https:\/\/alimagro.es\/2025\/08\/28\/estas-jornadas-son-necesarias-para-conocer-las-diversas-realidades-que-tiene-el-sector\/\",\"name\":\"\u201cEstas jornadas son necesarias para conocer las diversas realidades que tiene el sector\u201d | Alimagro\",\"isPartOf\":{\"@id\":\"https:\/\/alimagro.es\/#website\"},\"primaryImageOfPage\":{\"@id\":\"https:\/\/alimagro.es\/2025\/08\/28\/estas-jornadas-son-necesarias-para-conocer-las-diversas-realidades-que-tiene-el-sector\/#primaryimage\"},\"image\":{\"@id\":\"https:\/\/alimagro.es\/2025\/08\/28\/estas-jornadas-son-necesarias-para-conocer-las-diversas-realidades-que-tiene-el-sector\/#primaryimage\"},\"thumbnailUrl\":\"https:\/\/alimagro.es\/wp-content\/uploads\/2025\/08\/alimagro-jornada-tecnica-5.jpg\",\"datePublished\":\"2025-08-28T12:46:27+00:00\",\"dateModified\":\"2025-08-28T12:56:28+00:00\",\"breadcrumb\":{\"@id\":\"https:\/\/alimagro.es\/2025\/08\/28\/estas-jornadas-son-necesarias-para-conocer-las-diversas-realidades-que-tiene-el-sector\/#breadcrumb\"},\"inLanguage\":\"gl-ES\",\"potentialAction\":[{\"@type\":\"ReadAction\",\"target\":[\"https:\/\/alimagro.es\/2025\/08\/28\/estas-jornadas-son-necesarias-para-conocer-las-diversas-realidades-que-tiene-el-sector\/\"]}]},{\"@type\":\"ImageObject\",\"inLanguage\":\"gl-ES\",\"@id\":\"https:\/\/alimagro.es\/2025\/08\/28\/estas-jornadas-son-necesarias-para-conocer-las-diversas-realidades-que-tiene-el-sector\/#primaryimage\",\"url\":\"https:\/\/alimagro.es\/wp-content\/uploads\/2025\/08\/alimagro-jornada-tecnica-5.jpg\",\"contentUrl\":\"https:\/\/alimagro.es\/wp-content\/uploads\/2025\/08\/alimagro-jornada-tecnica-5.jpg\",\"width\":1400,\"height\":789},{\"@type\":\"BreadcrumbList\",\"@id\":\"https:\/\/alimagro.es\/2025\/08\/28\/estas-jornadas-son-necesarias-para-conocer-las-diversas-realidades-que-tiene-el-sector\/#breadcrumb\",\"itemListElement\":[{\"@type\":\"ListItem\",\"position\":1,\"name\":\"Portada\",\"item\":\"https:\/\/alimagro.es\/\"},{\"@type\":\"ListItem\",\"position\":2,\"name\":\"\u201cEstas jornadas son necesarias para conocer las diversas realidades que tiene el sector\u201d\"}]},{\"@type\":\"WebSite\",\"@id\":\"https:\/\/alimagro.es\/#website\",\"url\":\"https:\/\/alimagro.es\/\",\"name\":\"Alimagro\",\"description\":\"Alimagro, un evento referente nacional que aglutina las novedades en cuanto al cultivo de patata y la maquinaria agr\u00edcola.\",\"publisher\":{\"@id\":\"https:\/\/alimagro.es\/#organization\"},\"alternateName\":\"Feria del Agro de la Limia\",\"potentialAction\":[{\"@type\":\"SearchAction\",\"target\":{\"@type\":\"EntryPoint\",\"urlTemplate\":\"https:\/\/alimagro.es\/?s={search_term_string}\"},\"query-input\":{\"@type\":\"PropertyValueSpecification\",\"valueRequired\":true,\"valueName\":\"search_term_string\"}}],\"inLanguage\":\"gl-ES\"},{\"@type\":\"Organization\",\"@id\":\"https:\/\/alimagro.es\/#organization\",\"name\":\"Alimagro\",\"url\":\"https:\/\/alimagro.es\/\",\"logo\":{\"@type\":\"ImageObject\",\"inLanguage\":\"gl-ES\",\"@id\":\"https:\/\/alimagro.es\/#\/schema\/logo\/image\/\",\"url\":\"https:\/\/alimagro.es\/wp-content\/uploads\/2023\/07\/alimagro-logo-verde.png\",\"contentUrl\":\"https:\/\/alimagro.es\/wp-content\/uploads\/2023\/07\/alimagro-logo-verde.png\",\"width\":500,\"height\":96,\"caption\":\"Alimagro\"},\"image\":{\"@id\":\"https:\/\/alimagro.es\/#\/schema\/logo\/image\/\"},\"sameAs\":[\"https:\/\/www.facebook.com\/people\/Alimagro\/100095025612077\/\",\"https:\/\/www.instagram.com\/alimagro_\/\"]},{\"@type\":\"Person\",\"@id\":\"https:\/\/alimagro.es\/#\/schema\/person\/bc44f5e9369a82c257b6986e3f8975c0\",\"name\":\"Natalia Lozano\",\"image\":{\"@type\":\"ImageObject\",\"inLanguage\":\"gl-ES\",\"@id\":\"https:\/\/alimagro.es\/#\/schema\/person\/image\/\",\"url\":\"https:\/\/secure.gravatar.com\/avatar\/991138ad631ca80bc76a5a37776a93fa95e294a4ec8574aad5d9b638272a4290?s=96&d=mm&r=g\",\"contentUrl\":\"https:\/\/secure.gravatar.com\/avatar\/991138ad631ca80bc76a5a37776a93fa95e294a4ec8574aad5d9b638272a4290?s=96&d=mm&r=g\",\"caption\":\"Natalia Lozano\"},\"url\":\"https:\/\/alimagro.es\/gl\/author\/natali\/\"}]}<\/script>\n<!-- \/ Yoast SEO plugin. -->","yoast_head_json":{"title":"\u201cEstas jornadas son necesarias para conocer las diversas realidades que tiene el sector\u201d | Alimagro","robots":{"index":"index","follow":"follow","max-snippet":"max-snippet:-1","max-image-preview":"max-image-preview:large","max-video-preview":"max-video-preview:-1"},"canonical":"https:\/\/alimagro.es\/gl\/2025\/08\/28\/estas-jornadas-son-necesarias-para-conocer-las-diversas-realidades-que-tiene-el-sector\/","og_locale":"gl_ES","og_type":"article","og_title":"\u201cEstas jornadas son necesarias para conocer las diversas realidades que tiene el sector\u201d | Alimagro","og_description":"Jos\u00e9 Cortijo de Fertiberia ser\u00e1 el encargado de abrir la Jornada T\u00e9cnica de la Pataca con su ponencia \u00ab\u00bfEstoy en zona vulnerable a Nitratos y ahora qu\u00e9?\u00bb La tercera edici\u00f3n de la Jornada de la Revista Campo, que se celebrar\u00e1 el pr\u00f3ximo 4 de septiembre en el marco de la feria de Alimagro, servir\u00e1 para [&hellip;]","og_url":"https:\/\/alimagro.es\/gl\/2025\/08\/28\/estas-jornadas-son-necesarias-para-conocer-las-diversas-realidades-que-tiene-el-sector\/","og_site_name":"Alimagro","article_publisher":"https:\/\/www.facebook.com\/people\/Alimagro\/100095025612077\/","article_published_time":"2025-08-28T12:46:27+00:00","article_modified_time":"2025-08-28T12:56:28+00:00","og_image":[{"width":1400,"height":789,"url":"https:\/\/alimagro.es\/wp-content\/uploads\/2025\/08\/alimagro-jornada-tecnica-5.jpg","type":"image\/jpeg"}],"author":"Natalia Lozano","twitter_card":"summary_large_image","twitter_misc":{"Escrito por":"Natalia Lozano","Tempo de lectura":"3 minutos"},"schema":{"@context":"https:\/\/schema.org","@graph":[{"@type":"Article","@id":"https:\/\/alimagro.es\/2025\/08\/28\/estas-jornadas-son-necesarias-para-conocer-las-diversas-realidades-que-tiene-el-sector\/#article","isPartOf":{"@id":"https:\/\/alimagro.es\/2025\/08\/28\/estas-jornadas-son-necesarias-para-conocer-las-diversas-realidades-que-tiene-el-sector\/"},"author":{"name":"Natalia Lozano","@id":"https:\/\/alimagro.es\/#\/schema\/person\/bc44f5e9369a82c257b6986e3f8975c0"},"headline":"\u201cEstas jornadas son necesarias para conocer las diversas realidades que tiene el sector\u201d","datePublished":"2025-08-28T12:46:27+00:00","dateModified":"2025-08-28T12:56:28+00:00","mainEntityOfPage":{"@id":"https:\/\/alimagro.es\/2025\/08\/28\/estas-jornadas-son-necesarias-para-conocer-las-diversas-realidades-que-tiene-el-sector\/"},"wordCount":400,"publisher":{"@id":"https:\/\/alimagro.es\/#organization"},"image":{"@id":"https:\/\/alimagro.es\/2025\/08\/28\/estas-jornadas-son-necesarias-para-conocer-las-diversas-realidades-que-tiene-el-sector\/#primaryimage"},"thumbnailUrl":"https:\/\/alimagro.es\/wp-content\/uploads\/2025\/08\/alimagro-jornada-tecnica-5.jpg","articleSection":["Alimagro"],"inLanguage":"gl-ES"},{"@type":"WebPage","@id":"https:\/\/alimagro.es\/2025\/08\/28\/estas-jornadas-son-necesarias-para-conocer-las-diversas-realidades-que-tiene-el-sector\/","url":"https:\/\/alimagro.es\/2025\/08\/28\/estas-jornadas-son-necesarias-para-conocer-las-diversas-realidades-que-tiene-el-sector\/","name":"\u201cEstas jornadas son necesarias para conocer las diversas realidades que tiene el sector\u201d | Alimagro","isPartOf":{"@id":"https:\/\/alimagro.es\/#website"},"primaryImageOfPage":{"@id":"https:\/\/alimagro.es\/2025\/08\/28\/estas-jornadas-son-necesarias-para-conocer-las-diversas-realidades-que-tiene-el-sector\/#primaryimage"},"image":{"@id":"https:\/\/alimagro.es\/2025\/08\/28\/estas-jornadas-son-necesarias-para-conocer-las-diversas-realidades-que-tiene-el-sector\/#primaryimage"},"thumbnailUrl":"https:\/\/alimagro.es\/wp-content\/uploads\/2025\/08\/alimagro-jornada-tecnica-5.jpg","datePublished":"2025-08-28T12:46:27+00:00","dateModified":"2025-08-28T12:56:28+00:00","breadcrumb":{"@id":"https:\/\/alimagro.es\/2025\/08\/28\/estas-jornadas-son-necesarias-para-conocer-las-diversas-realidades-que-tiene-el-sector\/#breadcrumb"},"inLanguage":"gl-ES","potentialAction":[{"@type":"ReadAction","target":["https:\/\/alimagro.es\/2025\/08\/28\/estas-jornadas-son-necesarias-para-conocer-las-diversas-realidades-que-tiene-el-sector\/"]}]},{"@type":"ImageObject","inLanguage":"gl-ES","@id":"https:\/\/alimagro.es\/2025\/08\/28\/estas-jornadas-son-necesarias-para-conocer-las-diversas-realidades-que-tiene-el-sector\/#primaryimage","url":"https:\/\/alimagro.es\/wp-content\/uploads\/2025\/08\/alimagro-jornada-tecnica-5.jpg","contentUrl":"https:\/\/alimagro.es\/wp-content\/uploads\/2025\/08\/alimagro-jornada-tecnica-5.jpg","width":1400,"height":789},{"@type":"BreadcrumbList","@id":"https:\/\/alimagro.es\/2025\/08\/28\/estas-jornadas-son-necesarias-para-conocer-las-diversas-realidades-que-tiene-el-sector\/#breadcrumb","itemListElement":[{"@type":"ListItem","position":1,"name":"Portada","item":"https:\/\/alimagro.es\/"},{"@type":"ListItem","position":2,"name":"\u201cEstas jornadas son necesarias para conocer las diversas realidades que tiene el sector\u201d"}]},{"@type":"WebSite","@id":"https:\/\/alimagro.es\/#website","url":"https:\/\/alimagro.es\/","name":"Alimagro","description":"Alimagro, un evento referente nacional que aglutina las novedades en cuanto al cultivo de patata y la maquinaria agr\u00edcola.","publisher":{"@id":"https:\/\/alimagro.es\/#organization"},"alternateName":"Feria del Agro de la Limia","potentialAction":[{"@type":"SearchAction","target":{"@type":"EntryPoint","urlTemplate":"https:\/\/alimagro.es\/?s={search_term_string}"},"query-input":{"@type":"PropertyValueSpecification","valueRequired":true,"valueName":"search_term_string"}}],"inLanguage":"gl-ES"},{"@type":"Organization","@id":"https:\/\/alimagro.es\/#organization","name":"Alimagro","url":"https:\/\/alimagro.es\/","logo":{"@type":"ImageObject","inLanguage":"gl-ES","@id":"https:\/\/alimagro.es\/#\/schema\/logo\/image\/","url":"https:\/\/alimagro.es\/wp-content\/uploads\/2023\/07\/alimagro-logo-verde.png","contentUrl":"https:\/\/alimagro.es\/wp-content\/uploads\/2023\/07\/alimagro-logo-verde.png","width":500,"height":96,"caption":"Alimagro"},"image":{"@id":"https:\/\/alimagro.es\/#\/schema\/logo\/image\/"},"sameAs":["https:\/\/www.facebook.com\/people\/Alimagro\/100095025612077\/","https:\/\/www.instagram.com\/alimagro_\/"]},{"@type":"Person","@id":"https:\/\/alimagro.es\/#\/schema\/person\/bc44f5e9369a82c257b6986e3f8975c0","name":"Natalia Lozano","image":{"@type":"ImageObject","inLanguage":"gl-ES","@id":"https:\/\/alimagro.es\/#\/schema\/person\/image\/","url":"https:\/\/secure.gravatar.com\/avatar\/991138ad631ca80bc76a5a37776a93fa95e294a4ec8574aad5d9b638272a4290?s=96&d=mm&r=g","contentUrl":"https:\/\/secure.gravatar.com\/avatar\/991138ad631ca80bc76a5a37776a93fa95e294a4ec8574aad5d9b638272a4290?s=96&d=mm&r=g","caption":"Natalia Lozano"},"url":"https:\/\/alimagro.es\/gl\/author\/natali\/"}]}},"_links":{"self":[{"href":"https:\/\/alimagro.es\/gl\/wp-json\/wp\/v2\/posts\/1307","targetHints":{"allow":["GET"]}}],"collection":[{"href":"https:\/\/alimagro.es\/gl\/wp-json\/wp\/v2\/posts"}],"about":[{"href":"https:\/\/alimagro.es\/gl\/wp-json\/wp\/v2\/types\/post"}],"author":[{"embeddable":true,"href":"https:\/\/alimagro.es\/gl\/wp-json\/wp\/v2\/users\/11"}],"replies":[{"embeddable":true,"href":"https:\/\/alimagro.es\/gl\/wp-json\/wp\/v2\/comments?post=1307"}],"version-history":[{"count":2,"href":"https:\/\/alimagro.es\/gl\/wp-json\/wp\/v2\/posts\/1307\/revisions"}],"predecessor-version":[{"id":1311,"href":"https:\/\/alimagro.es\/gl\/wp-json\/wp\/v2\/posts\/1307\/revisions\/1311"}],"wp:featuredmedia":[{"embeddable":true,"href":"https:\/\/alimagro.es\/gl\/wp-json\/wp\/v2\/media\/1309"}],"wp:attachment":[{"href":"https:\/\/alimagro.es\/gl\/wp-json\/wp\/v2\/media?parent=1307"}],"wp:term":[{"taxonomy":"category","embeddable":true,"href":"https:\/\/alimagro.es\/gl\/wp-json\/wp\/v2\/categories?post=1307"},{"taxonomy":"post_tag","embeddable":true,"href":"https:\/\/alimagro.es\/gl\/wp-json\/wp\/v2\/tags?post=1307"}],"curies":[{"name":"wp","href":"https:\/\/api.w.org\/{rel}","templated":true}]}}