{"id":1298,"date":"2025-08-27T09:18:39","date_gmt":"2025-08-27T07:18:39","guid":{"rendered":"https:\/\/alimagro.es\/?p=1298"},"modified":"2025-08-27T09:18:41","modified_gmt":"2025-08-27T07:18:41","slug":"patatas-de-maxima-calidad-el-objetivo-de-patatas-conde","status":"publish","type":"post","link":"https:\/\/alimagro.es\/gl\/2025\/08\/27\/patatas-de-maxima-calidad-el-objetivo-de-patatas-conde\/","title":{"rendered":"Patacas de m\u00e1xima calidade, o obxectivo de Patacas Conde"},"content":{"rendered":"<p><strong>Patatas Conde<\/strong> volve estar presente un ano m\u00e1is en <strong>Alimagro 2025<\/strong>, unha cita que xa se converteu en imprescindible para o sector e tam\u00e9n para esta empresa. \u201cAlimagro \u00e9 o escaparate perfecto para ensinar todo o que facemos en Patacas Conde. Aqu\u00ed non s\u00f3 f\u00e1lase de negocio, aqu\u00ed comp\u00e1rtese a paix\u00f3n pola pataca e a oportunidade de dar valor ao que producimos na Limia\u201d, sinala <strong>Diego Conde<\/strong>. <\/p>\n\n\n\n<p>Desde os anos 70 foron avanzando e ampliando a s\u00faa venda por xunto traslad\u00e1ndose \u00e1 zona produtora de patacas por excelencia en Galicia, Xinzo de Limia.<\/p>\n\n\n\n<p>Este ano, na feira, queren resaltar o que lles move no d\u00eda a d\u00eda: \u201c<strong>ofrecer unha pataca da m\u00e1xima calidade, coidada desde o campo ata que chega \u00e1 mesa\u201d, sinala Diego Conde.<\/strong> Apostan pola innovaci\u00f3n e a sustentabilidade nos seus procesos, \u201csempre mantendo a esencia dun produto aut\u00e9ntico que fala da nosa terra\u201d, engade Conde.<\/p>\n\n\n\n<p>Actualmente, Patacas Conde act\u00faa nos tres grandes frontes que demanda o mercado, comercializando: Patacas para industria, patacas para consumo e patacas de semente de distintas variedades.<\/p>\n\n\n\n<h2 class=\"wp-block-heading\"><strong><strong>Ao d\u00eda en innovaci\u00f3n<\/strong><\/strong><\/h2>\n\n\n\n<p>A empresa conta con naves con innovaci\u00f3ns tecnol\u00f3xicas importantes, destacando a capacidade de conservaci\u00f3n en fr\u00edo e o lavado da pataca. Desde esas naves in\u00edciase a comercializaci\u00f3n de produto a todo o territorio espa\u00f1ol e tam\u00e9n \u00e1 exportaci\u00f3n a outros pa\u00edses.<\/p>\n\n\n\n<p>Desde ent\u00f3n Patacas Conde traballou en conxunto cos maiores produtores de pataca da comarca ourens\u00e1 da Limia e tam\u00e9n con outras zonas produtoras do resto do pa\u00eds. \u201cA supervisi\u00f3n de todo o proceso foi e \u00e9 o noso rol fundamental\u201d, afirma Conde.<\/p>\n\n\n\n<p><\/p>\n\n\n\n<p>\u201cEnc\u00e1ntanos atoparnos con agricultores, clientes e profesionais do sector para seguir constru\u00edndo xuntos o futuro da pataca. Esper\u00e1mosvos na nosa caseta para compartir experiencias e, sobre todo, a nosa paix\u00f3n polo que facemos\u201d, engade <strong>Diego Conde<\/strong>.<\/p>","protected":false},"excerpt":{"rendered":"<p>Patatas Conde vuelve a estar presente un a\u00f1o m\u00e1s en Alimagro 2025, una cita que ya se ha convertido en imprescindible para el sector y tambi\u00e9n para esta empresa. \u201cAlimagro es el escaparate perfecto para ense\u00f1ar todo lo que hacemos en Patatas Conde. Aqu\u00ed no solo se habla de negocio, aqu\u00ed se comparte la pasi\u00f3n [&hellip;]<\/p>","protected":false},"author":11,"featured_media":1299,"comment_status":"closed","ping_status":"closed","sticky":false,"template":"","format":"standard","meta":{"ngg_post_thumbnail":0,"footnotes":""},"categories":[1],"tags":[18,87,86],"class_list":{"0":"post-1298","1":"post","2":"type-post","3":"status-publish","4":"format-standard","5":"has-post-thumbnail","7":"category-sin-categoria","8":"tag-alimagro","9":"tag-conde","10":"tag-patatas"},"yoast_head":"<!-- This site is optimized with the Yoast SEO plugin v25.8 - https:\/\/yoast.com\/wordpress\/plugins\/seo\/ -->\n<title>Patatas de m\u00e1xima calidad, el objetivo de Patatas Conde | Alimagro<\/title>\n<meta name=\"robots\" content=\"index, follow, max-snippet:-1, max-image-preview:large, max-video-preview:-1\" \/>\n<link rel=\"canonical\" href=\"https:\/\/alimagro.es\/gl\/2025\/08\/27\/patatas-de-maxima-calidad-el-objetivo-de-patatas-conde\/\" \/>\n<meta property=\"og:locale\" content=\"gl_ES\" \/>\n<meta property=\"og:type\" content=\"article\" \/>\n<meta property=\"og:title\" content=\"Patatas de m\u00e1xima calidad, el objetivo de Patatas Conde | Alimagro\" \/>\n<meta property=\"og:description\" content=\"Patatas Conde vuelve a estar presente un a\u00f1o m\u00e1s en Alimagro 2025, una cita que ya se ha convertido en imprescindible para el sector y tambi\u00e9n para esta empresa. \u201cAlimagro es el escaparate perfecto para ense\u00f1ar todo lo que hacemos en Patatas Conde. Aqu\u00ed no solo se habla de negocio, aqu\u00ed se comparte la pasi\u00f3n [&hellip;]\" \/>\n<meta property=\"og:url\" content=\"https:\/\/alimagro.es\/gl\/2025\/08\/27\/patatas-de-maxima-calidad-el-objetivo-de-patatas-conde\/\" \/>\n<meta property=\"og:site_name\" content=\"Alimagro\" \/>\n<meta property=\"article:publisher\" content=\"https:\/\/www.facebook.com\/people\/Alimagro\/100095025612077\/\" \/>\n<meta property=\"article:published_time\" content=\"2025-08-27T07:18:39+00:00\" \/>\n<meta property=\"article:modified_time\" content=\"2025-08-27T07:18:41+00:00\" \/>\n<meta property=\"og:image\" content=\"https:\/\/alimagro.es\/wp-content\/uploads\/2025\/08\/image007.jpg\" \/>\n\t<meta property=\"og:image:width\" content=\"912\" \/>\n\t<meta property=\"og:image:height\" content=\"393\" \/>\n\t<meta property=\"og:image:type\" content=\"image\/jpeg\" \/>\n<meta name=\"author\" content=\"Natalia Lozano\" \/>\n<meta name=\"twitter:card\" content=\"summary_large_image\" \/>\n<meta name=\"twitter:label1\" content=\"Escrito por\" \/>\n\t<meta name=\"twitter:data1\" content=\"Natalia Lozano\" \/>\n\t<meta name=\"twitter:label2\" content=\"Tempo de lectura\" \/>\n\t<meta name=\"twitter:data2\" content=\"2 minutos\" \/>\n<script type=\"application\/ld+json\" class=\"yoast-schema-graph\">{\"@context\":\"https:\/\/schema.org\",\"@graph\":[{\"@type\":\"Article\",\"@id\":\"https:\/\/alimagro.es\/2025\/08\/27\/patatas-de-maxima-calidad-el-objetivo-de-patatas-conde\/#article\",\"isPartOf\":{\"@id\":\"https:\/\/alimagro.es\/2025\/08\/27\/patatas-de-maxima-calidad-el-objetivo-de-patatas-conde\/\"},\"author\":{\"name\":\"Natalia Lozano\",\"@id\":\"https:\/\/alimagro.es\/#\/schema\/person\/bc44f5e9369a82c257b6986e3f8975c0\"},\"headline\":\"Patatas de m\u00e1xima calidad, el objetivo de Patatas Conde\",\"datePublished\":\"2025-08-27T07:18:39+00:00\",\"dateModified\":\"2025-08-27T07:18:41+00:00\",\"mainEntityOfPage\":{\"@id\":\"https:\/\/alimagro.es\/2025\/08\/27\/patatas-de-maxima-calidad-el-objetivo-de-patatas-conde\/\"},\"wordCount\":363,\"publisher\":{\"@id\":\"https:\/\/alimagro.es\/#organization\"},\"image\":{\"@id\":\"https:\/\/alimagro.es\/2025\/08\/27\/patatas-de-maxima-calidad-el-objetivo-de-patatas-conde\/#primaryimage\"},\"thumbnailUrl\":\"https:\/\/alimagro.es\/wp-content\/uploads\/2025\/08\/image007.jpg\",\"keywords\":[\"Alimagro\",\"Conde\",\"Patatas\"],\"articleSection\":[\"Sin categor\u00eda\"],\"inLanguage\":\"gl-ES\"},{\"@type\":\"WebPage\",\"@id\":\"https:\/\/alimagro.es\/2025\/08\/27\/patatas-de-maxima-calidad-el-objetivo-de-patatas-conde\/\",\"url\":\"https:\/\/alimagro.es\/2025\/08\/27\/patatas-de-maxima-calidad-el-objetivo-de-patatas-conde\/\",\"name\":\"Patatas de m\u00e1xima calidad, el objetivo de Patatas Conde | Alimagro\",\"isPartOf\":{\"@id\":\"https:\/\/alimagro.es\/#website\"},\"primaryImageOfPage\":{\"@id\":\"https:\/\/alimagro.es\/2025\/08\/27\/patatas-de-maxima-calidad-el-objetivo-de-patatas-conde\/#primaryimage\"},\"image\":{\"@id\":\"https:\/\/alimagro.es\/2025\/08\/27\/patatas-de-maxima-calidad-el-objetivo-de-patatas-conde\/#primaryimage\"},\"thumbnailUrl\":\"https:\/\/alimagro.es\/wp-content\/uploads\/2025\/08\/image007.jpg\",\"datePublished\":\"2025-08-27T07:18:39+00:00\",\"dateModified\":\"2025-08-27T07:18:41+00:00\",\"breadcrumb\":{\"@id\":\"https:\/\/alimagro.es\/2025\/08\/27\/patatas-de-maxima-calidad-el-objetivo-de-patatas-conde\/#breadcrumb\"},\"inLanguage\":\"gl-ES\",\"potentialAction\":[{\"@type\":\"ReadAction\",\"target\":[\"https:\/\/alimagro.es\/2025\/08\/27\/patatas-de-maxima-calidad-el-objetivo-de-patatas-conde\/\"]}]},{\"@type\":\"ImageObject\",\"inLanguage\":\"gl-ES\",\"@id\":\"https:\/\/alimagro.es\/2025\/08\/27\/patatas-de-maxima-calidad-el-objetivo-de-patatas-conde\/#primaryimage\",\"url\":\"https:\/\/alimagro.es\/wp-content\/uploads\/2025\/08\/image007.jpg\",\"contentUrl\":\"https:\/\/alimagro.es\/wp-content\/uploads\/2025\/08\/image007.jpg\",\"width\":912,\"height\":393},{\"@type\":\"BreadcrumbList\",\"@id\":\"https:\/\/alimagro.es\/2025\/08\/27\/patatas-de-maxima-calidad-el-objetivo-de-patatas-conde\/#breadcrumb\",\"itemListElement\":[{\"@type\":\"ListItem\",\"position\":1,\"name\":\"Portada\",\"item\":\"https:\/\/alimagro.es\/\"},{\"@type\":\"ListItem\",\"position\":2,\"name\":\"Patatas de m\u00e1xima calidad, el objetivo de Patatas Conde\"}]},{\"@type\":\"WebSite\",\"@id\":\"https:\/\/alimagro.es\/#website\",\"url\":\"https:\/\/alimagro.es\/\",\"name\":\"Alimagro\",\"description\":\"Alimagro, un evento referente nacional que aglutina las novedades en cuanto al cultivo de patata y la maquinaria agr\u00edcola.\",\"publisher\":{\"@id\":\"https:\/\/alimagro.es\/#organization\"},\"alternateName\":\"Feria del Agro de la Limia\",\"potentialAction\":[{\"@type\":\"SearchAction\",\"target\":{\"@type\":\"EntryPoint\",\"urlTemplate\":\"https:\/\/alimagro.es\/?s={search_term_string}\"},\"query-input\":{\"@type\":\"PropertyValueSpecification\",\"valueRequired\":true,\"valueName\":\"search_term_string\"}}],\"inLanguage\":\"gl-ES\"},{\"@type\":\"Organization\",\"@id\":\"https:\/\/alimagro.es\/#organization\",\"name\":\"Alimagro\",\"url\":\"https:\/\/alimagro.es\/\",\"logo\":{\"@type\":\"ImageObject\",\"inLanguage\":\"gl-ES\",\"@id\":\"https:\/\/alimagro.es\/#\/schema\/logo\/image\/\",\"url\":\"https:\/\/alimagro.es\/wp-content\/uploads\/2023\/07\/alimagro-logo-verde.png\",\"contentUrl\":\"https:\/\/alimagro.es\/wp-content\/uploads\/2023\/07\/alimagro-logo-verde.png\",\"width\":500,\"height\":96,\"caption\":\"Alimagro\"},\"image\":{\"@id\":\"https:\/\/alimagro.es\/#\/schema\/logo\/image\/\"},\"sameAs\":[\"https:\/\/www.facebook.com\/people\/Alimagro\/100095025612077\/\",\"https:\/\/www.instagram.com\/alimagro_\/\"]},{\"@type\":\"Person\",\"@id\":\"https:\/\/alimagro.es\/#\/schema\/person\/bc44f5e9369a82c257b6986e3f8975c0\",\"name\":\"Natalia Lozano\",\"image\":{\"@type\":\"ImageObject\",\"inLanguage\":\"gl-ES\",\"@id\":\"https:\/\/alimagro.es\/#\/schema\/person\/image\/\",\"url\":\"https:\/\/secure.gravatar.com\/avatar\/991138ad631ca80bc76a5a37776a93fa95e294a4ec8574aad5d9b638272a4290?s=96&d=mm&r=g\",\"contentUrl\":\"https:\/\/secure.gravatar.com\/avatar\/991138ad631ca80bc76a5a37776a93fa95e294a4ec8574aad5d9b638272a4290?s=96&d=mm&r=g\",\"caption\":\"Natalia Lozano\"},\"url\":\"https:\/\/alimagro.es\/gl\/author\/natali\/\"}]}<\/script>\n<!-- \/ Yoast SEO plugin. -->","yoast_head_json":{"title":"Patatas de m\u00e1xima calidad, el objetivo de Patatas Conde | Alimagro","robots":{"index":"index","follow":"follow","max-snippet":"max-snippet:-1","max-image-preview":"max-image-preview:large","max-video-preview":"max-video-preview:-1"},"canonical":"https:\/\/alimagro.es\/gl\/2025\/08\/27\/patatas-de-maxima-calidad-el-objetivo-de-patatas-conde\/","og_locale":"gl_ES","og_type":"article","og_title":"Patatas de m\u00e1xima calidad, el objetivo de Patatas Conde | Alimagro","og_description":"Patatas Conde vuelve a estar presente un a\u00f1o m\u00e1s en Alimagro 2025, una cita que ya se ha convertido en imprescindible para el sector y tambi\u00e9n para esta empresa. \u201cAlimagro es el escaparate perfecto para ense\u00f1ar todo lo que hacemos en Patatas Conde. Aqu\u00ed no solo se habla de negocio, aqu\u00ed se comparte la pasi\u00f3n [&hellip;]","og_url":"https:\/\/alimagro.es\/gl\/2025\/08\/27\/patatas-de-maxima-calidad-el-objetivo-de-patatas-conde\/","og_site_name":"Alimagro","article_publisher":"https:\/\/www.facebook.com\/people\/Alimagro\/100095025612077\/","article_published_time":"2025-08-27T07:18:39+00:00","article_modified_time":"2025-08-27T07:18:41+00:00","og_image":[{"width":912,"height":393,"url":"https:\/\/alimagro.es\/wp-content\/uploads\/2025\/08\/image007.jpg","type":"image\/jpeg"}],"author":"Natalia Lozano","twitter_card":"summary_large_image","twitter_misc":{"Escrito por":"Natalia Lozano","Tempo de lectura":"2 minutos"},"schema":{"@context":"https:\/\/schema.org","@graph":[{"@type":"Article","@id":"https:\/\/alimagro.es\/2025\/08\/27\/patatas-de-maxima-calidad-el-objetivo-de-patatas-conde\/#article","isPartOf":{"@id":"https:\/\/alimagro.es\/2025\/08\/27\/patatas-de-maxima-calidad-el-objetivo-de-patatas-conde\/"},"author":{"name":"Natalia Lozano","@id":"https:\/\/alimagro.es\/#\/schema\/person\/bc44f5e9369a82c257b6986e3f8975c0"},"headline":"Patatas de m\u00e1xima calidad, el objetivo de Patatas Conde","datePublished":"2025-08-27T07:18:39+00:00","dateModified":"2025-08-27T07:18:41+00:00","mainEntityOfPage":{"@id":"https:\/\/alimagro.es\/2025\/08\/27\/patatas-de-maxima-calidad-el-objetivo-de-patatas-conde\/"},"wordCount":363,"publisher":{"@id":"https:\/\/alimagro.es\/#organization"},"image":{"@id":"https:\/\/alimagro.es\/2025\/08\/27\/patatas-de-maxima-calidad-el-objetivo-de-patatas-conde\/#primaryimage"},"thumbnailUrl":"https:\/\/alimagro.es\/wp-content\/uploads\/2025\/08\/image007.jpg","keywords":["Alimagro","Conde","Patatas"],"articleSection":["Sin categor\u00eda"],"inLanguage":"gl-ES"},{"@type":"WebPage","@id":"https:\/\/alimagro.es\/2025\/08\/27\/patatas-de-maxima-calidad-el-objetivo-de-patatas-conde\/","url":"https:\/\/alimagro.es\/2025\/08\/27\/patatas-de-maxima-calidad-el-objetivo-de-patatas-conde\/","name":"Patatas de m\u00e1xima calidad, el objetivo de Patatas Conde | Alimagro","isPartOf":{"@id":"https:\/\/alimagro.es\/#website"},"primaryImageOfPage":{"@id":"https:\/\/alimagro.es\/2025\/08\/27\/patatas-de-maxima-calidad-el-objetivo-de-patatas-conde\/#primaryimage"},"image":{"@id":"https:\/\/alimagro.es\/2025\/08\/27\/patatas-de-maxima-calidad-el-objetivo-de-patatas-conde\/#primaryimage"},"thumbnailUrl":"https:\/\/alimagro.es\/wp-content\/uploads\/2025\/08\/image007.jpg","datePublished":"2025-08-27T07:18:39+00:00","dateModified":"2025-08-27T07:18:41+00:00","breadcrumb":{"@id":"https:\/\/alimagro.es\/2025\/08\/27\/patatas-de-maxima-calidad-el-objetivo-de-patatas-conde\/#breadcrumb"},"inLanguage":"gl-ES","potentialAction":[{"@type":"ReadAction","target":["https:\/\/alimagro.es\/2025\/08\/27\/patatas-de-maxima-calidad-el-objetivo-de-patatas-conde\/"]}]},{"@type":"ImageObject","inLanguage":"gl-ES","@id":"https:\/\/alimagro.es\/2025\/08\/27\/patatas-de-maxima-calidad-el-objetivo-de-patatas-conde\/#primaryimage","url":"https:\/\/alimagro.es\/wp-content\/uploads\/2025\/08\/image007.jpg","contentUrl":"https:\/\/alimagro.es\/wp-content\/uploads\/2025\/08\/image007.jpg","width":912,"height":393},{"@type":"BreadcrumbList","@id":"https:\/\/alimagro.es\/2025\/08\/27\/patatas-de-maxima-calidad-el-objetivo-de-patatas-conde\/#breadcrumb","itemListElement":[{"@type":"ListItem","position":1,"name":"Portada","item":"https:\/\/alimagro.es\/"},{"@type":"ListItem","position":2,"name":"Patatas de m\u00e1xima calidad, el objetivo de Patatas Conde"}]},{"@type":"WebSite","@id":"https:\/\/alimagro.es\/#website","url":"https:\/\/alimagro.es\/","name":"Alimagro","description":"Alimagro, un evento referente nacional que aglutina las novedades en cuanto al cultivo de patata y la maquinaria agr\u00edcola.","publisher":{"@id":"https:\/\/alimagro.es\/#organization"},"alternateName":"Feria del Agro de la Limia","potentialAction":[{"@type":"SearchAction","target":{"@type":"EntryPoint","urlTemplate":"https:\/\/alimagro.es\/?s={search_term_string}"},"query-input":{"@type":"PropertyValueSpecification","valueRequired":true,"valueName":"search_term_string"}}],"inLanguage":"gl-ES"},{"@type":"Organization","@id":"https:\/\/alimagro.es\/#organization","name":"Alimagro","url":"https:\/\/alimagro.es\/","logo":{"@type":"ImageObject","inLanguage":"gl-ES","@id":"https:\/\/alimagro.es\/#\/schema\/logo\/image\/","url":"https:\/\/alimagro.es\/wp-content\/uploads\/2023\/07\/alimagro-logo-verde.png","contentUrl":"https:\/\/alimagro.es\/wp-content\/uploads\/2023\/07\/alimagro-logo-verde.png","width":500,"height":96,"caption":"Alimagro"},"image":{"@id":"https:\/\/alimagro.es\/#\/schema\/logo\/image\/"},"sameAs":["https:\/\/www.facebook.com\/people\/Alimagro\/100095025612077\/","https:\/\/www.instagram.com\/alimagro_\/"]},{"@type":"Person","@id":"https:\/\/alimagro.es\/#\/schema\/person\/bc44f5e9369a82c257b6986e3f8975c0","name":"Natalia Lozano","image":{"@type":"ImageObject","inLanguage":"gl-ES","@id":"https:\/\/alimagro.es\/#\/schema\/person\/image\/","url":"https:\/\/secure.gravatar.com\/avatar\/991138ad631ca80bc76a5a37776a93fa95e294a4ec8574aad5d9b638272a4290?s=96&d=mm&r=g","contentUrl":"https:\/\/secure.gravatar.com\/avatar\/991138ad631ca80bc76a5a37776a93fa95e294a4ec8574aad5d9b638272a4290?s=96&d=mm&r=g","caption":"Natalia Lozano"},"url":"https:\/\/alimagro.es\/gl\/author\/natali\/"}]}},"_links":{"self":[{"href":"https:\/\/alimagro.es\/gl\/wp-json\/wp\/v2\/posts\/1298","targetHints":{"allow":["GET"]}}],"collection":[{"href":"https:\/\/alimagro.es\/gl\/wp-json\/wp\/v2\/posts"}],"about":[{"href":"https:\/\/alimagro.es\/gl\/wp-json\/wp\/v2\/types\/post"}],"author":[{"embeddable":true,"href":"https:\/\/alimagro.es\/gl\/wp-json\/wp\/v2\/users\/11"}],"replies":[{"embeddable":true,"href":"https:\/\/alimagro.es\/gl\/wp-json\/wp\/v2\/comments?post=1298"}],"version-history":[{"count":1,"href":"https:\/\/alimagro.es\/gl\/wp-json\/wp\/v2\/posts\/1298\/revisions"}],"predecessor-version":[{"id":1300,"href":"https:\/\/alimagro.es\/gl\/wp-json\/wp\/v2\/posts\/1298\/revisions\/1300"}],"wp:featuredmedia":[{"embeddable":true,"href":"https:\/\/alimagro.es\/gl\/wp-json\/wp\/v2\/media\/1299"}],"wp:attachment":[{"href":"https:\/\/alimagro.es\/gl\/wp-json\/wp\/v2\/media?parent=1298"}],"wp:term":[{"taxonomy":"category","embeddable":true,"href":"https:\/\/alimagro.es\/gl\/wp-json\/wp\/v2\/categories?post=1298"},{"taxonomy":"post_tag","embeddable":true,"href":"https:\/\/alimagro.es\/gl\/wp-json\/wp\/v2\/tags?post=1298"}],"curies":[{"name":"wp","href":"https:\/\/api.w.org\/{rel}","templated":true}]}}