{"id":1293,"date":"2025-08-26T10:00:33","date_gmt":"2025-08-26T08:00:33","guid":{"rendered":"https:\/\/alimagro.es\/?p=1293"},"modified":"2025-08-26T10:00:36","modified_gmt":"2025-08-26T08:00:36","slug":"patatas-paz-siempre-al-lado-del-agricultor","status":"publish","type":"post","link":"https:\/\/alimagro.es\/gl\/2025\/08\/26\/patatas-paz-siempre-al-lado-del-agricultor\/","title":{"rendered":"Patacas Paz, sempre \u00e1 beira do agricultor"},"content":{"rendered":"<p>A s\u00faa historia \u00e9 a dunha pequena empresa de orixe familiar que apostou polo cultivo da pataca para crear valor ao redor dun produto de calidade e de referencia na comarca galega. O 2025 \u00e9 un ano especial para Patacas Paz, inmersos na <strong>celebraci\u00f3n do seu 50 aniversario<\/strong>, acoden a Alimagro para afianzar o seu compromiso co cultivo da pataca.<\/p>\n\n\n\n<p>Patacas Paz, unha das empresas referentes na comarca de Galicia. \u201cTraballamos moi preto dos agricultores, axud\u00e1ndolles desde o primeiro proceso no campo ata o almacenamento e comercializaci\u00f3n do seu produto\u201d, indica Francisco Paz, xerente da empresa.<\/p>\n\n\n<div class=\"wp-block-image\">\n<figure class=\"alignleft size-large is-resized\"><img loading=\"lazy\" decoding=\"async\" width=\"768\" height=\"1024\" src=\"https:\/\/alimagro.es\/wp-content\/uploads\/2025\/08\/WhatsApp-Image-2025-08-26-at-09.40.05-768x1024.jpeg\" alt=\"\" class=\"wp-image-1295\" style=\"width:278px;height:auto\" srcset=\"https:\/\/alimagro.es\/wp-content\/uploads\/2025\/08\/WhatsApp-Image-2025-08-26-at-09.40.05-768x1024.jpeg 768w, https:\/\/alimagro.es\/wp-content\/uploads\/2025\/08\/WhatsApp-Image-2025-08-26-at-09.40.05-225x300.jpeg 225w, https:\/\/alimagro.es\/wp-content\/uploads\/2025\/08\/WhatsApp-Image-2025-08-26-at-09.40.05-1152x1536.jpeg 1152w, https:\/\/alimagro.es\/wp-content\/uploads\/2025\/08\/WhatsApp-Image-2025-08-26-at-09.40.05-9x12.jpeg 9w, https:\/\/alimagro.es\/wp-content\/uploads\/2025\/08\/WhatsApp-Image-2025-08-26-at-09.40.05-300x400.jpeg 300w, https:\/\/alimagro.es\/wp-content\/uploads\/2025\/08\/WhatsApp-Image-2025-08-26-at-09.40.05-696x928.jpeg 696w, https:\/\/alimagro.es\/wp-content\/uploads\/2025\/08\/WhatsApp-Image-2025-08-26-at-09.40.05-1068x1424.jpeg 1068w, https:\/\/alimagro.es\/wp-content\/uploads\/2025\/08\/WhatsApp-Image-2025-08-26-at-09.40.05.jpeg 1200w\" sizes=\"auto, (max-width: 768px) 100vw, 768px\" \/><figcaption class=\"wp-element-caption\">Francisco Paz<\/figcaption><\/figure>\n<\/div>\n\n\n<p><strong>O seguimento do cultivo e a proximidade<\/strong> co agricultor son claves para Paz. \u201cA nosa prioridade \u00e9 a formalidade co cliente e que eles saiban que poden confiar en n\u00f3s e que se van a cumprir os compromisos propostos\u201d.<\/p>\n\n\n\n<p>Unha empresa que traballa tanto en Galicia como a nivel europeo, \u201csempre pensamos en crecer, implementando no noso servizo novidades e innovaci\u00f3ns, concretamente na industria do frito\u201d, resalta Paz.<\/p>\n\n\n\n<p><\/p>\n\n\n\n<p><\/p>\n\n\n\n<p><\/p>\n\n\n\n<p><\/p>\n\n\n\n<h2 class=\"wp-block-heading\">Pataca galega, calidade e diferenciaci\u00f3n<\/h2>\n\n\n\n<p>Moi focalizados na industria, \u201cdesde os nosos inicios sempre estivemos moi pendentes do sector industrial, non cabe d\u00fabida de que <strong>Galicia \u00e9 un referencial para a industria pataqueira<\/strong> e n\u00f3s tentamos estar \u00e1 vangarda\u201d, asegura o xerente.<\/p>\n\n\n\n<p>A pataca galega \u00e9 sin\u00f3nimo de calidade e iso \u00e9 precisamente o que desde a empresa queren transmitir nesta feira. \u201cA cor da fritura e o sabor son caracter\u00edsticas principais da pataca da nosa zona\u201d. \u201cA xente que nos avala e a seriedade coa que traballamos \u00e9 algo fundamental no noso traballo\u201d.<\/p>\n\n\n\n<p>Alimagro ser\u00e1 a \u201cocasi\u00f3n perfecta para facer unha convivencia e intercambiar ideas e soluci\u00f3ns relacionadas co cultivo da pataca\u201d, asegura Paz.<\/p>","protected":false},"excerpt":{"rendered":"<p>Su historia es la de una peque\u00f1a empresa de origen familiar que apost\u00f3 por el cultivo de la patata para crear valor alrededor de un producto de calidad y de referencia en la comarca gallega. El 2025 es un a\u00f1o especial para Patatas Paz, inmersos en la celebraci\u00f3n de su 50 aniversario, acuden a Alimagro [&hellip;]<\/p>","protected":false},"author":11,"featured_media":1294,"comment_status":"closed","ping_status":"closed","sticky":false,"template":"","format":"standard","meta":{"ngg_post_thumbnail":0,"footnotes":""},"categories":[1],"tags":[],"class_list":{"0":"post-1293","1":"post","2":"type-post","3":"status-publish","4":"format-standard","5":"has-post-thumbnail","7":"category-sin-categoria"},"yoast_head":"<!-- This site is optimized with the Yoast SEO plugin v25.8 - https:\/\/yoast.com\/wordpress\/plugins\/seo\/ -->\n<title>Patatas Paz, siempre al lado del agricultor | Alimagro<\/title>\n<meta name=\"robots\" content=\"index, follow, max-snippet:-1, max-image-preview:large, max-video-preview:-1\" \/>\n<link rel=\"canonical\" href=\"https:\/\/alimagro.es\/gl\/2025\/08\/26\/patatas-paz-siempre-al-lado-del-agricultor\/\" \/>\n<meta property=\"og:locale\" content=\"gl_ES\" \/>\n<meta property=\"og:type\" content=\"article\" \/>\n<meta property=\"og:title\" content=\"Patatas Paz, siempre al lado del agricultor | Alimagro\" \/>\n<meta property=\"og:description\" content=\"Su historia es la de una peque\u00f1a empresa de origen familiar que apost\u00f3 por el cultivo de la patata para crear valor alrededor de un producto de calidad y de referencia en la comarca gallega. El 2025 es un a\u00f1o especial para Patatas Paz, inmersos en la celebraci\u00f3n de su 50 aniversario, acuden a Alimagro [&hellip;]\" \/>\n<meta property=\"og:url\" content=\"https:\/\/alimagro.es\/gl\/2025\/08\/26\/patatas-paz-siempre-al-lado-del-agricultor\/\" \/>\n<meta property=\"og:site_name\" content=\"Alimagro\" \/>\n<meta property=\"article:publisher\" content=\"https:\/\/www.facebook.com\/people\/Alimagro\/100095025612077\/\" \/>\n<meta property=\"article:published_time\" content=\"2025-08-26T08:00:33+00:00\" \/>\n<meta property=\"article:modified_time\" content=\"2025-08-26T08:00:36+00:00\" \/>\n<meta property=\"og:image\" content=\"https:\/\/alimagro.es\/wp-content\/uploads\/2025\/08\/WhatsApp-Image-2025-08-26-at-09.36.50.jpeg\" \/>\n\t<meta property=\"og:image:width\" content=\"1643\" \/>\n\t<meta property=\"og:image:height\" content=\"543\" \/>\n\t<meta property=\"og:image:type\" content=\"image\/jpeg\" \/>\n<meta name=\"author\" content=\"Natalia Lozano\" \/>\n<meta name=\"twitter:card\" content=\"summary_large_image\" \/>\n<meta name=\"twitter:label1\" content=\"Escrito por\" \/>\n\t<meta name=\"twitter:data1\" content=\"Natalia Lozano\" \/>\n\t<meta name=\"twitter:label2\" content=\"Tempo de lectura\" \/>\n\t<meta name=\"twitter:data2\" content=\"2 minutos\" \/>\n<script type=\"application\/ld+json\" class=\"yoast-schema-graph\">{\"@context\":\"https:\/\/schema.org\",\"@graph\":[{\"@type\":\"Article\",\"@id\":\"https:\/\/alimagro.es\/2025\/08\/26\/patatas-paz-siempre-al-lado-del-agricultor\/#article\",\"isPartOf\":{\"@id\":\"https:\/\/alimagro.es\/2025\/08\/26\/patatas-paz-siempre-al-lado-del-agricultor\/\"},\"author\":{\"name\":\"Natalia Lozano\",\"@id\":\"https:\/\/alimagro.es\/#\/schema\/person\/bc44f5e9369a82c257b6986e3f8975c0\"},\"headline\":\"Patatas Paz, siempre al lado del agricultor\",\"datePublished\":\"2025-08-26T08:00:33+00:00\",\"dateModified\":\"2025-08-26T08:00:36+00:00\",\"mainEntityOfPage\":{\"@id\":\"https:\/\/alimagro.es\/2025\/08\/26\/patatas-paz-siempre-al-lado-del-agricultor\/\"},\"wordCount\":316,\"publisher\":{\"@id\":\"https:\/\/alimagro.es\/#organization\"},\"image\":{\"@id\":\"https:\/\/alimagro.es\/2025\/08\/26\/patatas-paz-siempre-al-lado-del-agricultor\/#primaryimage\"},\"thumbnailUrl\":\"https:\/\/alimagro.es\/wp-content\/uploads\/2025\/08\/WhatsApp-Image-2025-08-26-at-09.36.50.jpeg\",\"articleSection\":[\"Sin categor\u00eda\"],\"inLanguage\":\"gl-ES\"},{\"@type\":\"WebPage\",\"@id\":\"https:\/\/alimagro.es\/2025\/08\/26\/patatas-paz-siempre-al-lado-del-agricultor\/\",\"url\":\"https:\/\/alimagro.es\/2025\/08\/26\/patatas-paz-siempre-al-lado-del-agricultor\/\",\"name\":\"Patatas Paz, siempre al lado del agricultor | Alimagro\",\"isPartOf\":{\"@id\":\"https:\/\/alimagro.es\/#website\"},\"primaryImageOfPage\":{\"@id\":\"https:\/\/alimagro.es\/2025\/08\/26\/patatas-paz-siempre-al-lado-del-agricultor\/#primaryimage\"},\"image\":{\"@id\":\"https:\/\/alimagro.es\/2025\/08\/26\/patatas-paz-siempre-al-lado-del-agricultor\/#primaryimage\"},\"thumbnailUrl\":\"https:\/\/alimagro.es\/wp-content\/uploads\/2025\/08\/WhatsApp-Image-2025-08-26-at-09.36.50.jpeg\",\"datePublished\":\"2025-08-26T08:00:33+00:00\",\"dateModified\":\"2025-08-26T08:00:36+00:00\",\"breadcrumb\":{\"@id\":\"https:\/\/alimagro.es\/2025\/08\/26\/patatas-paz-siempre-al-lado-del-agricultor\/#breadcrumb\"},\"inLanguage\":\"gl-ES\",\"potentialAction\":[{\"@type\":\"ReadAction\",\"target\":[\"https:\/\/alimagro.es\/2025\/08\/26\/patatas-paz-siempre-al-lado-del-agricultor\/\"]}]},{\"@type\":\"ImageObject\",\"inLanguage\":\"gl-ES\",\"@id\":\"https:\/\/alimagro.es\/2025\/08\/26\/patatas-paz-siempre-al-lado-del-agricultor\/#primaryimage\",\"url\":\"https:\/\/alimagro.es\/wp-content\/uploads\/2025\/08\/WhatsApp-Image-2025-08-26-at-09.36.50.jpeg\",\"contentUrl\":\"https:\/\/alimagro.es\/wp-content\/uploads\/2025\/08\/WhatsApp-Image-2025-08-26-at-09.36.50.jpeg\",\"width\":1643,\"height\":543},{\"@type\":\"BreadcrumbList\",\"@id\":\"https:\/\/alimagro.es\/2025\/08\/26\/patatas-paz-siempre-al-lado-del-agricultor\/#breadcrumb\",\"itemListElement\":[{\"@type\":\"ListItem\",\"position\":1,\"name\":\"Portada\",\"item\":\"https:\/\/alimagro.es\/\"},{\"@type\":\"ListItem\",\"position\":2,\"name\":\"Patatas Paz, siempre al lado del agricultor\"}]},{\"@type\":\"WebSite\",\"@id\":\"https:\/\/alimagro.es\/#website\",\"url\":\"https:\/\/alimagro.es\/\",\"name\":\"Alimagro\",\"description\":\"Alimagro, un evento referente nacional que aglutina las novedades en cuanto al cultivo de patata y la maquinaria agr\u00edcola.\",\"publisher\":{\"@id\":\"https:\/\/alimagro.es\/#organization\"},\"alternateName\":\"Feria del Agro de la Limia\",\"potentialAction\":[{\"@type\":\"SearchAction\",\"target\":{\"@type\":\"EntryPoint\",\"urlTemplate\":\"https:\/\/alimagro.es\/?s={search_term_string}\"},\"query-input\":{\"@type\":\"PropertyValueSpecification\",\"valueRequired\":true,\"valueName\":\"search_term_string\"}}],\"inLanguage\":\"gl-ES\"},{\"@type\":\"Organization\",\"@id\":\"https:\/\/alimagro.es\/#organization\",\"name\":\"Alimagro\",\"url\":\"https:\/\/alimagro.es\/\",\"logo\":{\"@type\":\"ImageObject\",\"inLanguage\":\"gl-ES\",\"@id\":\"https:\/\/alimagro.es\/#\/schema\/logo\/image\/\",\"url\":\"https:\/\/alimagro.es\/wp-content\/uploads\/2023\/07\/alimagro-logo-verde.png\",\"contentUrl\":\"https:\/\/alimagro.es\/wp-content\/uploads\/2023\/07\/alimagro-logo-verde.png\",\"width\":500,\"height\":96,\"caption\":\"Alimagro\"},\"image\":{\"@id\":\"https:\/\/alimagro.es\/#\/schema\/logo\/image\/\"},\"sameAs\":[\"https:\/\/www.facebook.com\/people\/Alimagro\/100095025612077\/\",\"https:\/\/www.instagram.com\/alimagro_\/\"]},{\"@type\":\"Person\",\"@id\":\"https:\/\/alimagro.es\/#\/schema\/person\/bc44f5e9369a82c257b6986e3f8975c0\",\"name\":\"Natalia Lozano\",\"image\":{\"@type\":\"ImageObject\",\"inLanguage\":\"gl-ES\",\"@id\":\"https:\/\/alimagro.es\/#\/schema\/person\/image\/\",\"url\":\"https:\/\/secure.gravatar.com\/avatar\/991138ad631ca80bc76a5a37776a93fa95e294a4ec8574aad5d9b638272a4290?s=96&d=mm&r=g\",\"contentUrl\":\"https:\/\/secure.gravatar.com\/avatar\/991138ad631ca80bc76a5a37776a93fa95e294a4ec8574aad5d9b638272a4290?s=96&d=mm&r=g\",\"caption\":\"Natalia Lozano\"},\"url\":\"https:\/\/alimagro.es\/gl\/author\/natali\/\"}]}<\/script>\n<!-- \/ Yoast SEO plugin. -->","yoast_head_json":{"title":"Patatas Paz, siempre al lado del agricultor | Alimagro","robots":{"index":"index","follow":"follow","max-snippet":"max-snippet:-1","max-image-preview":"max-image-preview:large","max-video-preview":"max-video-preview:-1"},"canonical":"https:\/\/alimagro.es\/gl\/2025\/08\/26\/patatas-paz-siempre-al-lado-del-agricultor\/","og_locale":"gl_ES","og_type":"article","og_title":"Patatas Paz, siempre al lado del agricultor | Alimagro","og_description":"Su historia es la de una peque\u00f1a empresa de origen familiar que apost\u00f3 por el cultivo de la patata para crear valor alrededor de un producto de calidad y de referencia en la comarca gallega. El 2025 es un a\u00f1o especial para Patatas Paz, inmersos en la celebraci\u00f3n de su 50 aniversario, acuden a Alimagro [&hellip;]","og_url":"https:\/\/alimagro.es\/gl\/2025\/08\/26\/patatas-paz-siempre-al-lado-del-agricultor\/","og_site_name":"Alimagro","article_publisher":"https:\/\/www.facebook.com\/people\/Alimagro\/100095025612077\/","article_published_time":"2025-08-26T08:00:33+00:00","article_modified_time":"2025-08-26T08:00:36+00:00","og_image":[{"width":1643,"height":543,"url":"https:\/\/alimagro.es\/wp-content\/uploads\/2025\/08\/WhatsApp-Image-2025-08-26-at-09.36.50.jpeg","type":"image\/jpeg"}],"author":"Natalia Lozano","twitter_card":"summary_large_image","twitter_misc":{"Escrito por":"Natalia Lozano","Tempo de lectura":"2 minutos"},"schema":{"@context":"https:\/\/schema.org","@graph":[{"@type":"Article","@id":"https:\/\/alimagro.es\/2025\/08\/26\/patatas-paz-siempre-al-lado-del-agricultor\/#article","isPartOf":{"@id":"https:\/\/alimagro.es\/2025\/08\/26\/patatas-paz-siempre-al-lado-del-agricultor\/"},"author":{"name":"Natalia Lozano","@id":"https:\/\/alimagro.es\/#\/schema\/person\/bc44f5e9369a82c257b6986e3f8975c0"},"headline":"Patatas Paz, siempre al lado del agricultor","datePublished":"2025-08-26T08:00:33+00:00","dateModified":"2025-08-26T08:00:36+00:00","mainEntityOfPage":{"@id":"https:\/\/alimagro.es\/2025\/08\/26\/patatas-paz-siempre-al-lado-del-agricultor\/"},"wordCount":316,"publisher":{"@id":"https:\/\/alimagro.es\/#organization"},"image":{"@id":"https:\/\/alimagro.es\/2025\/08\/26\/patatas-paz-siempre-al-lado-del-agricultor\/#primaryimage"},"thumbnailUrl":"https:\/\/alimagro.es\/wp-content\/uploads\/2025\/08\/WhatsApp-Image-2025-08-26-at-09.36.50.jpeg","articleSection":["Sin categor\u00eda"],"inLanguage":"gl-ES"},{"@type":"WebPage","@id":"https:\/\/alimagro.es\/2025\/08\/26\/patatas-paz-siempre-al-lado-del-agricultor\/","url":"https:\/\/alimagro.es\/2025\/08\/26\/patatas-paz-siempre-al-lado-del-agricultor\/","name":"Patatas Paz, siempre al lado del agricultor | Alimagro","isPartOf":{"@id":"https:\/\/alimagro.es\/#website"},"primaryImageOfPage":{"@id":"https:\/\/alimagro.es\/2025\/08\/26\/patatas-paz-siempre-al-lado-del-agricultor\/#primaryimage"},"image":{"@id":"https:\/\/alimagro.es\/2025\/08\/26\/patatas-paz-siempre-al-lado-del-agricultor\/#primaryimage"},"thumbnailUrl":"https:\/\/alimagro.es\/wp-content\/uploads\/2025\/08\/WhatsApp-Image-2025-08-26-at-09.36.50.jpeg","datePublished":"2025-08-26T08:00:33+00:00","dateModified":"2025-08-26T08:00:36+00:00","breadcrumb":{"@id":"https:\/\/alimagro.es\/2025\/08\/26\/patatas-paz-siempre-al-lado-del-agricultor\/#breadcrumb"},"inLanguage":"gl-ES","potentialAction":[{"@type":"ReadAction","target":["https:\/\/alimagro.es\/2025\/08\/26\/patatas-paz-siempre-al-lado-del-agricultor\/"]}]},{"@type":"ImageObject","inLanguage":"gl-ES","@id":"https:\/\/alimagro.es\/2025\/08\/26\/patatas-paz-siempre-al-lado-del-agricultor\/#primaryimage","url":"https:\/\/alimagro.es\/wp-content\/uploads\/2025\/08\/WhatsApp-Image-2025-08-26-at-09.36.50.jpeg","contentUrl":"https:\/\/alimagro.es\/wp-content\/uploads\/2025\/08\/WhatsApp-Image-2025-08-26-at-09.36.50.jpeg","width":1643,"height":543},{"@type":"BreadcrumbList","@id":"https:\/\/alimagro.es\/2025\/08\/26\/patatas-paz-siempre-al-lado-del-agricultor\/#breadcrumb","itemListElement":[{"@type":"ListItem","position":1,"name":"Portada","item":"https:\/\/alimagro.es\/"},{"@type":"ListItem","position":2,"name":"Patatas Paz, siempre al lado del agricultor"}]},{"@type":"WebSite","@id":"https:\/\/alimagro.es\/#website","url":"https:\/\/alimagro.es\/","name":"Alimagro","description":"Alimagro, un evento referente nacional que aglutina las novedades en cuanto al cultivo de patata y la maquinaria agr\u00edcola.","publisher":{"@id":"https:\/\/alimagro.es\/#organization"},"alternateName":"Feria del Agro de la Limia","potentialAction":[{"@type":"SearchAction","target":{"@type":"EntryPoint","urlTemplate":"https:\/\/alimagro.es\/?s={search_term_string}"},"query-input":{"@type":"PropertyValueSpecification","valueRequired":true,"valueName":"search_term_string"}}],"inLanguage":"gl-ES"},{"@type":"Organization","@id":"https:\/\/alimagro.es\/#organization","name":"Alimagro","url":"https:\/\/alimagro.es\/","logo":{"@type":"ImageObject","inLanguage":"gl-ES","@id":"https:\/\/alimagro.es\/#\/schema\/logo\/image\/","url":"https:\/\/alimagro.es\/wp-content\/uploads\/2023\/07\/alimagro-logo-verde.png","contentUrl":"https:\/\/alimagro.es\/wp-content\/uploads\/2023\/07\/alimagro-logo-verde.png","width":500,"height":96,"caption":"Alimagro"},"image":{"@id":"https:\/\/alimagro.es\/#\/schema\/logo\/image\/"},"sameAs":["https:\/\/www.facebook.com\/people\/Alimagro\/100095025612077\/","https:\/\/www.instagram.com\/alimagro_\/"]},{"@type":"Person","@id":"https:\/\/alimagro.es\/#\/schema\/person\/bc44f5e9369a82c257b6986e3f8975c0","name":"Natalia Lozano","image":{"@type":"ImageObject","inLanguage":"gl-ES","@id":"https:\/\/alimagro.es\/#\/schema\/person\/image\/","url":"https:\/\/secure.gravatar.com\/avatar\/991138ad631ca80bc76a5a37776a93fa95e294a4ec8574aad5d9b638272a4290?s=96&d=mm&r=g","contentUrl":"https:\/\/secure.gravatar.com\/avatar\/991138ad631ca80bc76a5a37776a93fa95e294a4ec8574aad5d9b638272a4290?s=96&d=mm&r=g","caption":"Natalia Lozano"},"url":"https:\/\/alimagro.es\/gl\/author\/natali\/"}]}},"_links":{"self":[{"href":"https:\/\/alimagro.es\/gl\/wp-json\/wp\/v2\/posts\/1293","targetHints":{"allow":["GET"]}}],"collection":[{"href":"https:\/\/alimagro.es\/gl\/wp-json\/wp\/v2\/posts"}],"about":[{"href":"https:\/\/alimagro.es\/gl\/wp-json\/wp\/v2\/types\/post"}],"author":[{"embeddable":true,"href":"https:\/\/alimagro.es\/gl\/wp-json\/wp\/v2\/users\/11"}],"replies":[{"embeddable":true,"href":"https:\/\/alimagro.es\/gl\/wp-json\/wp\/v2\/comments?post=1293"}],"version-history":[{"count":1,"href":"https:\/\/alimagro.es\/gl\/wp-json\/wp\/v2\/posts\/1293\/revisions"}],"predecessor-version":[{"id":1296,"href":"https:\/\/alimagro.es\/gl\/wp-json\/wp\/v2\/posts\/1293\/revisions\/1296"}],"wp:featuredmedia":[{"embeddable":true,"href":"https:\/\/alimagro.es\/gl\/wp-json\/wp\/v2\/media\/1294"}],"wp:attachment":[{"href":"https:\/\/alimagro.es\/gl\/wp-json\/wp\/v2\/media?parent=1293"}],"wp:term":[{"taxonomy":"category","embeddable":true,"href":"https:\/\/alimagro.es\/gl\/wp-json\/wp\/v2\/categories?post=1293"},{"taxonomy":"post_tag","embeddable":true,"href":"https:\/\/alimagro.es\/gl\/wp-json\/wp\/v2\/tags?post=1293"}],"curies":[{"name":"wp","href":"https:\/\/api.w.org\/{rel}","templated":true}]}}