{"id":1286,"date":"2025-08-26T08:29:09","date_gmt":"2025-08-26T06:29:09","guid":{"rendered":"https:\/\/alimagro.es\/?p=1286"},"modified":"2025-08-26T09:20:10","modified_gmt":"2025-08-26T07:20:10","slug":"xinzo-de-limia-acoge-la-iii-jornada-tecnica-de-la-pataca-de-la-revista-campo","status":"publish","type":"post","link":"https:\/\/alimagro.es\/gl\/2025\/08\/26\/xinzo-de-limia-acoge-la-iii-jornada-tecnica-de-la-pataca-de-la-revista-campo\/","title":{"rendered":"Xinzo de Limia acolle as 3.\u00aa Xornadas T\u00e9cnicas sobre Patacas da Revista Campo"},"content":{"rendered":"<p>Xinzo de Limia prep\u00e1rase para acoller a <strong>terceira edici\u00f3n<\/strong> de la <strong>Xornada T\u00e9cnica da Pataca da Revista Campo<\/strong>, un evento que se consolidou como un punto de encontro clave para o sector da pataca. O evento, organizado por esta revista en colaboraci\u00f3n co Concello de Xinzo de Limia, celebrarase o vindeiro <strong>4 de setembro<\/strong> no marco da feira <strong>Alimagro<\/strong>, e servir\u00e1 para destacar un dos produtos estrela da Limia: a pataca.<\/p>\n\n\n\n<p>O evento reunir\u00e1 agricultores, produtores e t\u00e9cnicos, tanto de Galicia como doutras partes de Espa\u00f1a, e abordar\u00e1 temas de gran relevancia para a produci\u00f3n de pataca a trav\u00e9s dun amplo programa t\u00e9cnico e un debate con expertos do sector.<\/p>\n\n\n\n<figure class=\"wp-block-image size-large\"><img loading=\"lazy\" decoding=\"async\" width=\"1024\" height=\"576\" src=\"https:\/\/alimagro.es\/wp-content\/uploads\/2025\/08\/IMG_7402-edited-2048x1152-1-1024x576.jpg\" alt=\"\" class=\"wp-image-1287\" srcset=\"https:\/\/alimagro.es\/wp-content\/uploads\/2025\/08\/IMG_7402-edited-2048x1152-1-1024x576.jpg 1024w, https:\/\/alimagro.es\/wp-content\/uploads\/2025\/08\/IMG_7402-edited-2048x1152-1-300x169.jpg 300w, https:\/\/alimagro.es\/wp-content\/uploads\/2025\/08\/IMG_7402-edited-2048x1152-1-768x432.jpg 768w, https:\/\/alimagro.es\/wp-content\/uploads\/2025\/08\/IMG_7402-edited-2048x1152-1-1536x864.jpg 1536w, https:\/\/alimagro.es\/wp-content\/uploads\/2025\/08\/IMG_7402-edited-2048x1152-1-18x10.jpg 18w, https:\/\/alimagro.es\/wp-content\/uploads\/2025\/08\/IMG_7402-edited-2048x1152-1-696x392.jpg 696w, https:\/\/alimagro.es\/wp-content\/uploads\/2025\/08\/IMG_7402-edited-2048x1152-1-1068x601.jpg 1068w, https:\/\/alimagro.es\/wp-content\/uploads\/2025\/08\/IMG_7402-edited-2048x1152-1-1920x1080.jpg 1920w, https:\/\/alimagro.es\/wp-content\/uploads\/2025\/08\/IMG_7402-edited-2048x1152-1.jpg 2048w\" sizes=\"auto, (max-width: 1024px) 100vw, 1024px\" \/><\/figure>\n\n\n\n<h2 class=\"wp-block-heading\">Programa t\u00e9cnico e mesa redonda<\/h2>\n\n\n\n<p>A conferencia comezar\u00e1 \u00e1s 19:15 h con Jos\u00e9 Cortijo (Fertiberia), que ofrecer\u00e1 unha presentaci\u00f3n sobre \"Estou nunha zona vulnerable aos nitratos e agora que?\". A continuaci\u00f3n, \u00e1s 19:45 h, intervir\u00e1 Laura Meno Fari\u00f1as (Universidade de Vigo), que presentar\u00e1 \"O mildiu da pataca: ciencia, adaptaci\u00f3n e resiliencia en tempos de cambio\". \u00c1s 20:10 h, Jordi Rey (Corteva) abordar\u00e1 o \"Control do mildiu nas patacas\". <strong>Jos\u00e9 Cortijo (Fertiberia)<\/strong>, quen ofrecer\u00e1 o relatorio \u00abEstou en zona Vulnerable a Nitratos e agora que?\u00bb. Seguiralle \u00e1s 19:45 h. <strong>Laura Meno Fari\u00f1as (Universidad de Vigo)<\/strong>, que presentar\u00e1 o relatorio \u00abMildiu da pataca: ciencia, adaptaci\u00f3n e resiliencia en tempos de cambio\u00bb. \u00c1s 20:10 h.,<strong> Jordi Rey<\/strong> (<strong>Corteva<\/strong>) abordar\u00e1 el \u00abControl del Mildiu en patata\u00bb.<\/p>\n\n\n\n<p>El programa continuar\u00e1 a las 20:30 h. con una <strong>mesa de debate<\/strong> O programa continuar\u00e1 \u00e1s 20:30 horas cunha mesa redonda titulada \"Desaf\u00edos e oportunidades no sector\", na que participar\u00e1n os seguintes profesionais:<\/p>\n\n\n\n<ul class=\"wp-block-list\">\n<li><strong>Manuel Aires<\/strong>, labrego de Salamanca<\/li>\n\n\n\n<li><strong>Armando<\/strong>\u00a0<strong>Armando Rodr\u00edguez, labrego de Teror (Gran Canaria)<\/strong>, labrego de Teror (Gran Canaria)<\/li>\n\n\n\n<li><strong>Servando<\/strong>\u00a0<strong>\u00c1lvarez<\/strong>, Inorde (Instituto Ourens\u00e1n de Desenvolvemento Econ\u00f3mico)<\/li>\n\n\n\n<li><strong>Juan<\/strong>\u00a0<strong>Manuel Coello<\/strong>, director de Operaci\u00f3ns de Patacas Mel\u00e9ndez<\/li>\n\n\n\n<li><strong>Antonia Calvo, labrega de Xinzo de Limia<\/strong>\u00a0agricultora de Xinzo de Limia<\/li>\n\n\n\n<li><strong>Juan Manuel<\/strong>\u00a0<strong>G\u00f3mez<\/strong>, presidente da IXP (Indicaci\u00f3n Xeogr\u00e1fica Protexida Pataca de Galicia)<\/li>\n<\/ul>\n\n\n\n<p>A <strong>clausura oficial \u00e1s 21:30 h. Correr\u00e1 a cargo de Jos\u00e9 Antonio Armada P\u00e9rez, delegado da Xunta de Galicia. O III D\u00eda da Pataca pres\u00e9ntase como unha cita ineludible para os produtores e produtoras de Galicia.<\/strong>. correr\u00e1 a cargo de <strong>Jos\u00e9 Antonio Armada P\u00e9rez<\/strong>, delegado da Xunta de Galicia. A III Xornada da Pataca pres\u00e9ntase como unha cita ineludible para os produtores galegos.<\/p>\n\n\n\n<div class=\"wp-block-buttons is-content-justification-center is-layout-flex wp-container-core-buttons-is-layout-16018d1d wp-block-buttons-is-layout-flex\">\n<div class=\"wp-block-button\"><a class=\"wp-block-button__link wp-element-button\" href=\"https:\/\/alimagro.es\/gl\/#inscripcion\">inscrici\u00f3ns<\/a><\/div>\n<\/div>\n\n\n\n<h2 class=\"wp-block-heading\">ALIMAGRO, escaparate do sector agroalimentario na Limia<\/h2>\n\n\n\n<p>A III Festa da Pataca forma parte de <strong><a href=\"https:\/\/alimagro.es\/gl\/\">Alimagro<\/a><\/strong>, la feria del sector agroalimentario de A Limia, un evento que se ha consolidado como uno de los m\u00e1s importantes a nivel nacional. La feria, que este a\u00f1o celebra su <strong>sexta edici\u00f3n<\/strong>, converter\u00e1 a Xinzo de Limia na capital agraria do noroeste peninsular do 5 ao 7 de setembro.<\/p>\n\n\n\n<p>Alimagro converteuse no principal escaparate para os profesionais do sector, grazas \u00e1 s\u00faa combinaci\u00f3n dunha ampla exposici\u00f3n de maquinaria agr\u00edcola de marcas l\u00edderes, coa promoci\u00f3n de produtos locais e as \u00faltimas innovaci\u00f3ns. O recinto de exposici\u00f3ns, que abrangue m\u00e1is de 20.000 metros cadrados, acolle arredor de 100 marcas e empresas, ofrecendo aos visitantes unha visi\u00f3n xeral completa das tendencias e tecnolox\u00edas que configuran o futuro da agricultura.<\/p>\n\n\n\n<p>Ademais de obradoiros t\u00e9cnicos, como o das patacas, Alimagro ofrece unha ampla variedade de actividades l\u00fadicas e de lecer, como showcooking, degustaci\u00f3ns e a tradicional creaci\u00f3n dunha tortilla de patacas xigante. Co seu ambicioso programa, a feira est\u00e1 a consolidarse non s\u00f3 como un referente profesional, sen\u00f3n tam\u00e9n como unha celebraci\u00f3n agr\u00edcola que atrae a miles de visitantes cada ano.<\/p>","protected":false},"excerpt":{"rendered":"<p>Xinzo de Limia se prepara para acoger la tercera edici\u00f3n de la Jornada T\u00e9cnica de la Pataca de la Revista Campo, un evento que se ha consolidado como un punto de encuentro fundamental para el sector patatero. La jornada, organizada por esta revista en colaboraci\u00f3n con el Concello de Xinzo de Limia, se celebrar\u00e1 el [&hellip;]<\/p>","protected":false},"author":11,"featured_media":1288,"comment_status":"closed","ping_status":"closed","sticky":false,"template":"","format":"standard","meta":{"ngg_post_thumbnail":0,"footnotes":""},"categories":[1],"tags":[],"class_list":{"0":"post-1286","1":"post","2":"type-post","3":"status-publish","4":"format-standard","5":"has-post-thumbnail","7":"category-sin-categoria"},"yoast_head":"<!-- This site is optimized with the Yoast SEO plugin v25.8 - https:\/\/yoast.com\/wordpress\/plugins\/seo\/ -->\n<title>Xinzo de Limia acoge la III Jornada T\u00e9cnica de la Pataca de la Revista Campo | Alimagro<\/title>\n<meta name=\"robots\" content=\"index, follow, max-snippet:-1, max-image-preview:large, max-video-preview:-1\" \/>\n<link rel=\"canonical\" href=\"https:\/\/alimagro.es\/gl\/2025\/08\/26\/xinzo-de-limia-acoge-la-iii-jornada-tecnica-de-la-pataca-de-la-revista-campo\/\" \/>\n<meta property=\"og:locale\" content=\"gl_ES\" \/>\n<meta property=\"og:type\" content=\"article\" \/>\n<meta property=\"og:title\" content=\"Xinzo de Limia acoge la III Jornada T\u00e9cnica de la Pataca de la Revista Campo | Alimagro\" \/>\n<meta property=\"og:description\" content=\"Xinzo de Limia se prepara para acoger la tercera edici\u00f3n de la Jornada T\u00e9cnica de la Pataca de la Revista Campo, un evento que se ha consolidado como un punto de encuentro fundamental para el sector patatero. La jornada, organizada por esta revista en colaboraci\u00f3n con el Concello de Xinzo de Limia, se celebrar\u00e1 el [&hellip;]\" \/>\n<meta property=\"og:url\" content=\"https:\/\/alimagro.es\/gl\/2025\/08\/26\/xinzo-de-limia-acoge-la-iii-jornada-tecnica-de-la-pataca-de-la-revista-campo\/\" \/>\n<meta property=\"og:site_name\" content=\"Alimagro\" \/>\n<meta property=\"article:publisher\" content=\"https:\/\/www.facebook.com\/people\/Alimagro\/100095025612077\/\" \/>\n<meta property=\"article:published_time\" content=\"2025-08-26T06:29:09+00:00\" \/>\n<meta property=\"article:modified_time\" content=\"2025-08-26T07:20:10+00:00\" \/>\n<meta property=\"og:image\" content=\"https:\/\/alimagro.es\/wp-content\/uploads\/2025\/08\/Adaptacion-Alimagro-a-formato-noticia-1.jpg\" \/>\n\t<meta property=\"og:image:width\" content=\"1000\" \/>\n\t<meta property=\"og:image:height\" content=\"600\" \/>\n\t<meta property=\"og:image:type\" content=\"image\/jpeg\" \/>\n<meta name=\"author\" content=\"Natalia Lozano\" \/>\n<meta name=\"twitter:card\" content=\"summary_large_image\" \/>\n<meta name=\"twitter:label1\" content=\"Escrito por\" \/>\n\t<meta name=\"twitter:data1\" content=\"Natalia Lozano\" \/>\n\t<meta name=\"twitter:label2\" content=\"Tempo de lectura\" \/>\n\t<meta name=\"twitter:data2\" content=\"3 minutos\" \/>\n<script type=\"application\/ld+json\" class=\"yoast-schema-graph\">{\"@context\":\"https:\/\/schema.org\",\"@graph\":[{\"@type\":\"Article\",\"@id\":\"https:\/\/alimagro.es\/2025\/08\/26\/xinzo-de-limia-acoge-la-iii-jornada-tecnica-de-la-pataca-de-la-revista-campo\/#article\",\"isPartOf\":{\"@id\":\"https:\/\/alimagro.es\/2025\/08\/26\/xinzo-de-limia-acoge-la-iii-jornada-tecnica-de-la-pataca-de-la-revista-campo\/\"},\"author\":{\"name\":\"Natalia Lozano\",\"@id\":\"https:\/\/alimagro.es\/#\/schema\/person\/bc44f5e9369a82c257b6986e3f8975c0\"},\"headline\":\"Xinzo de Limia acoge la III Jornada T\u00e9cnica de la Pataca de la Revista Campo\",\"datePublished\":\"2025-08-26T06:29:09+00:00\",\"dateModified\":\"2025-08-26T07:20:10+00:00\",\"mainEntityOfPage\":{\"@id\":\"https:\/\/alimagro.es\/2025\/08\/26\/xinzo-de-limia-acoge-la-iii-jornada-tecnica-de-la-pataca-de-la-revista-campo\/\"},\"wordCount\":564,\"publisher\":{\"@id\":\"https:\/\/alimagro.es\/#organization\"},\"image\":{\"@id\":\"https:\/\/alimagro.es\/2025\/08\/26\/xinzo-de-limia-acoge-la-iii-jornada-tecnica-de-la-pataca-de-la-revista-campo\/#primaryimage\"},\"thumbnailUrl\":\"https:\/\/alimagro.es\/wp-content\/uploads\/2025\/08\/Adaptacion-Alimagro-a-formato-noticia-1.jpg\",\"articleSection\":[\"Sin categor\u00eda\"],\"inLanguage\":\"gl-ES\"},{\"@type\":\"WebPage\",\"@id\":\"https:\/\/alimagro.es\/2025\/08\/26\/xinzo-de-limia-acoge-la-iii-jornada-tecnica-de-la-pataca-de-la-revista-campo\/\",\"url\":\"https:\/\/alimagro.es\/2025\/08\/26\/xinzo-de-limia-acoge-la-iii-jornada-tecnica-de-la-pataca-de-la-revista-campo\/\",\"name\":\"Xinzo de Limia acoge la III Jornada T\u00e9cnica de la Pataca de la Revista Campo | Alimagro\",\"isPartOf\":{\"@id\":\"https:\/\/alimagro.es\/#website\"},\"primaryImageOfPage\":{\"@id\":\"https:\/\/alimagro.es\/2025\/08\/26\/xinzo-de-limia-acoge-la-iii-jornada-tecnica-de-la-pataca-de-la-revista-campo\/#primaryimage\"},\"image\":{\"@id\":\"https:\/\/alimagro.es\/2025\/08\/26\/xinzo-de-limia-acoge-la-iii-jornada-tecnica-de-la-pataca-de-la-revista-campo\/#primaryimage\"},\"thumbnailUrl\":\"https:\/\/alimagro.es\/wp-content\/uploads\/2025\/08\/Adaptacion-Alimagro-a-formato-noticia-1.jpg\",\"datePublished\":\"2025-08-26T06:29:09+00:00\",\"dateModified\":\"2025-08-26T07:20:10+00:00\",\"breadcrumb\":{\"@id\":\"https:\/\/alimagro.es\/2025\/08\/26\/xinzo-de-limia-acoge-la-iii-jornada-tecnica-de-la-pataca-de-la-revista-campo\/#breadcrumb\"},\"inLanguage\":\"gl-ES\",\"potentialAction\":[{\"@type\":\"ReadAction\",\"target\":[\"https:\/\/alimagro.es\/2025\/08\/26\/xinzo-de-limia-acoge-la-iii-jornada-tecnica-de-la-pataca-de-la-revista-campo\/\"]}]},{\"@type\":\"ImageObject\",\"inLanguage\":\"gl-ES\",\"@id\":\"https:\/\/alimagro.es\/2025\/08\/26\/xinzo-de-limia-acoge-la-iii-jornada-tecnica-de-la-pataca-de-la-revista-campo\/#primaryimage\",\"url\":\"https:\/\/alimagro.es\/wp-content\/uploads\/2025\/08\/Adaptacion-Alimagro-a-formato-noticia-1.jpg\",\"contentUrl\":\"https:\/\/alimagro.es\/wp-content\/uploads\/2025\/08\/Adaptacion-Alimagro-a-formato-noticia-1.jpg\",\"width\":1000,\"height\":600},{\"@type\":\"BreadcrumbList\",\"@id\":\"https:\/\/alimagro.es\/2025\/08\/26\/xinzo-de-limia-acoge-la-iii-jornada-tecnica-de-la-pataca-de-la-revista-campo\/#breadcrumb\",\"itemListElement\":[{\"@type\":\"ListItem\",\"position\":1,\"name\":\"Portada\",\"item\":\"https:\/\/alimagro.es\/\"},{\"@type\":\"ListItem\",\"position\":2,\"name\":\"Xinzo de Limia acoge la III Jornada T\u00e9cnica de la Pataca de la Revista Campo\"}]},{\"@type\":\"WebSite\",\"@id\":\"https:\/\/alimagro.es\/#website\",\"url\":\"https:\/\/alimagro.es\/\",\"name\":\"Alimagro\",\"description\":\"Alimagro, un evento referente nacional que aglutina las novedades en cuanto al cultivo de patata y la maquinaria agr\u00edcola.\",\"publisher\":{\"@id\":\"https:\/\/alimagro.es\/#organization\"},\"alternateName\":\"Feria del Agro de la Limia\",\"potentialAction\":[{\"@type\":\"SearchAction\",\"target\":{\"@type\":\"EntryPoint\",\"urlTemplate\":\"https:\/\/alimagro.es\/?s={search_term_string}\"},\"query-input\":{\"@type\":\"PropertyValueSpecification\",\"valueRequired\":true,\"valueName\":\"search_term_string\"}}],\"inLanguage\":\"gl-ES\"},{\"@type\":\"Organization\",\"@id\":\"https:\/\/alimagro.es\/#organization\",\"name\":\"Alimagro\",\"url\":\"https:\/\/alimagro.es\/\",\"logo\":{\"@type\":\"ImageObject\",\"inLanguage\":\"gl-ES\",\"@id\":\"https:\/\/alimagro.es\/#\/schema\/logo\/image\/\",\"url\":\"https:\/\/alimagro.es\/wp-content\/uploads\/2023\/07\/alimagro-logo-verde.png\",\"contentUrl\":\"https:\/\/alimagro.es\/wp-content\/uploads\/2023\/07\/alimagro-logo-verde.png\",\"width\":500,\"height\":96,\"caption\":\"Alimagro\"},\"image\":{\"@id\":\"https:\/\/alimagro.es\/#\/schema\/logo\/image\/\"},\"sameAs\":[\"https:\/\/www.facebook.com\/people\/Alimagro\/100095025612077\/\",\"https:\/\/www.instagram.com\/alimagro_\/\"]},{\"@type\":\"Person\",\"@id\":\"https:\/\/alimagro.es\/#\/schema\/person\/bc44f5e9369a82c257b6986e3f8975c0\",\"name\":\"Natalia Lozano\",\"image\":{\"@type\":\"ImageObject\",\"inLanguage\":\"gl-ES\",\"@id\":\"https:\/\/alimagro.es\/#\/schema\/person\/image\/\",\"url\":\"https:\/\/secure.gravatar.com\/avatar\/991138ad631ca80bc76a5a37776a93fa95e294a4ec8574aad5d9b638272a4290?s=96&d=mm&r=g\",\"contentUrl\":\"https:\/\/secure.gravatar.com\/avatar\/991138ad631ca80bc76a5a37776a93fa95e294a4ec8574aad5d9b638272a4290?s=96&d=mm&r=g\",\"caption\":\"Natalia Lozano\"},\"url\":\"https:\/\/alimagro.es\/gl\/author\/natali\/\"}]}<\/script>\n<!-- \/ Yoast SEO plugin. -->","yoast_head_json":{"title":"Xinzo de Limia acoge la III Jornada T\u00e9cnica de la Pataca de la Revista Campo | Alimagro","robots":{"index":"index","follow":"follow","max-snippet":"max-snippet:-1","max-image-preview":"max-image-preview:large","max-video-preview":"max-video-preview:-1"},"canonical":"https:\/\/alimagro.es\/gl\/2025\/08\/26\/xinzo-de-limia-acoge-la-iii-jornada-tecnica-de-la-pataca-de-la-revista-campo\/","og_locale":"gl_ES","og_type":"article","og_title":"Xinzo de Limia acoge la III Jornada T\u00e9cnica de la Pataca de la Revista Campo | Alimagro","og_description":"Xinzo de Limia se prepara para acoger la tercera edici\u00f3n de la Jornada T\u00e9cnica de la Pataca de la Revista Campo, un evento que se ha consolidado como un punto de encuentro fundamental para el sector patatero. La jornada, organizada por esta revista en colaboraci\u00f3n con el Concello de Xinzo de Limia, se celebrar\u00e1 el [&hellip;]","og_url":"https:\/\/alimagro.es\/gl\/2025\/08\/26\/xinzo-de-limia-acoge-la-iii-jornada-tecnica-de-la-pataca-de-la-revista-campo\/","og_site_name":"Alimagro","article_publisher":"https:\/\/www.facebook.com\/people\/Alimagro\/100095025612077\/","article_published_time":"2025-08-26T06:29:09+00:00","article_modified_time":"2025-08-26T07:20:10+00:00","og_image":[{"width":1000,"height":600,"url":"https:\/\/alimagro.es\/wp-content\/uploads\/2025\/08\/Adaptacion-Alimagro-a-formato-noticia-1.jpg","type":"image\/jpeg"}],"author":"Natalia Lozano","twitter_card":"summary_large_image","twitter_misc":{"Escrito por":"Natalia Lozano","Tempo de lectura":"3 minutos"},"schema":{"@context":"https:\/\/schema.org","@graph":[{"@type":"Article","@id":"https:\/\/alimagro.es\/2025\/08\/26\/xinzo-de-limia-acoge-la-iii-jornada-tecnica-de-la-pataca-de-la-revista-campo\/#article","isPartOf":{"@id":"https:\/\/alimagro.es\/2025\/08\/26\/xinzo-de-limia-acoge-la-iii-jornada-tecnica-de-la-pataca-de-la-revista-campo\/"},"author":{"name":"Natalia Lozano","@id":"https:\/\/alimagro.es\/#\/schema\/person\/bc44f5e9369a82c257b6986e3f8975c0"},"headline":"Xinzo de Limia acoge la III Jornada T\u00e9cnica de la Pataca de la Revista Campo","datePublished":"2025-08-26T06:29:09+00:00","dateModified":"2025-08-26T07:20:10+00:00","mainEntityOfPage":{"@id":"https:\/\/alimagro.es\/2025\/08\/26\/xinzo-de-limia-acoge-la-iii-jornada-tecnica-de-la-pataca-de-la-revista-campo\/"},"wordCount":564,"publisher":{"@id":"https:\/\/alimagro.es\/#organization"},"image":{"@id":"https:\/\/alimagro.es\/2025\/08\/26\/xinzo-de-limia-acoge-la-iii-jornada-tecnica-de-la-pataca-de-la-revista-campo\/#primaryimage"},"thumbnailUrl":"https:\/\/alimagro.es\/wp-content\/uploads\/2025\/08\/Adaptacion-Alimagro-a-formato-noticia-1.jpg","articleSection":["Sin categor\u00eda"],"inLanguage":"gl-ES"},{"@type":"WebPage","@id":"https:\/\/alimagro.es\/2025\/08\/26\/xinzo-de-limia-acoge-la-iii-jornada-tecnica-de-la-pataca-de-la-revista-campo\/","url":"https:\/\/alimagro.es\/2025\/08\/26\/xinzo-de-limia-acoge-la-iii-jornada-tecnica-de-la-pataca-de-la-revista-campo\/","name":"Xinzo de Limia acoge la III Jornada T\u00e9cnica de la Pataca de la Revista Campo | Alimagro","isPartOf":{"@id":"https:\/\/alimagro.es\/#website"},"primaryImageOfPage":{"@id":"https:\/\/alimagro.es\/2025\/08\/26\/xinzo-de-limia-acoge-la-iii-jornada-tecnica-de-la-pataca-de-la-revista-campo\/#primaryimage"},"image":{"@id":"https:\/\/alimagro.es\/2025\/08\/26\/xinzo-de-limia-acoge-la-iii-jornada-tecnica-de-la-pataca-de-la-revista-campo\/#primaryimage"},"thumbnailUrl":"https:\/\/alimagro.es\/wp-content\/uploads\/2025\/08\/Adaptacion-Alimagro-a-formato-noticia-1.jpg","datePublished":"2025-08-26T06:29:09+00:00","dateModified":"2025-08-26T07:20:10+00:00","breadcrumb":{"@id":"https:\/\/alimagro.es\/2025\/08\/26\/xinzo-de-limia-acoge-la-iii-jornada-tecnica-de-la-pataca-de-la-revista-campo\/#breadcrumb"},"inLanguage":"gl-ES","potentialAction":[{"@type":"ReadAction","target":["https:\/\/alimagro.es\/2025\/08\/26\/xinzo-de-limia-acoge-la-iii-jornada-tecnica-de-la-pataca-de-la-revista-campo\/"]}]},{"@type":"ImageObject","inLanguage":"gl-ES","@id":"https:\/\/alimagro.es\/2025\/08\/26\/xinzo-de-limia-acoge-la-iii-jornada-tecnica-de-la-pataca-de-la-revista-campo\/#primaryimage","url":"https:\/\/alimagro.es\/wp-content\/uploads\/2025\/08\/Adaptacion-Alimagro-a-formato-noticia-1.jpg","contentUrl":"https:\/\/alimagro.es\/wp-content\/uploads\/2025\/08\/Adaptacion-Alimagro-a-formato-noticia-1.jpg","width":1000,"height":600},{"@type":"BreadcrumbList","@id":"https:\/\/alimagro.es\/2025\/08\/26\/xinzo-de-limia-acoge-la-iii-jornada-tecnica-de-la-pataca-de-la-revista-campo\/#breadcrumb","itemListElement":[{"@type":"ListItem","position":1,"name":"Portada","item":"https:\/\/alimagro.es\/"},{"@type":"ListItem","position":2,"name":"Xinzo de Limia acoge la III Jornada T\u00e9cnica de la Pataca de la Revista Campo"}]},{"@type":"WebSite","@id":"https:\/\/alimagro.es\/#website","url":"https:\/\/alimagro.es\/","name":"Alimagro","description":"Alimagro, un evento referente nacional que aglutina las novedades en cuanto al cultivo de patata y la maquinaria agr\u00edcola.","publisher":{"@id":"https:\/\/alimagro.es\/#organization"},"alternateName":"Feria del Agro de la Limia","potentialAction":[{"@type":"SearchAction","target":{"@type":"EntryPoint","urlTemplate":"https:\/\/alimagro.es\/?s={search_term_string}"},"query-input":{"@type":"PropertyValueSpecification","valueRequired":true,"valueName":"search_term_string"}}],"inLanguage":"gl-ES"},{"@type":"Organization","@id":"https:\/\/alimagro.es\/#organization","name":"Alimagro","url":"https:\/\/alimagro.es\/","logo":{"@type":"ImageObject","inLanguage":"gl-ES","@id":"https:\/\/alimagro.es\/#\/schema\/logo\/image\/","url":"https:\/\/alimagro.es\/wp-content\/uploads\/2023\/07\/alimagro-logo-verde.png","contentUrl":"https:\/\/alimagro.es\/wp-content\/uploads\/2023\/07\/alimagro-logo-verde.png","width":500,"height":96,"caption":"Alimagro"},"image":{"@id":"https:\/\/alimagro.es\/#\/schema\/logo\/image\/"},"sameAs":["https:\/\/www.facebook.com\/people\/Alimagro\/100095025612077\/","https:\/\/www.instagram.com\/alimagro_\/"]},{"@type":"Person","@id":"https:\/\/alimagro.es\/#\/schema\/person\/bc44f5e9369a82c257b6986e3f8975c0","name":"Natalia Lozano","image":{"@type":"ImageObject","inLanguage":"gl-ES","@id":"https:\/\/alimagro.es\/#\/schema\/person\/image\/","url":"https:\/\/secure.gravatar.com\/avatar\/991138ad631ca80bc76a5a37776a93fa95e294a4ec8574aad5d9b638272a4290?s=96&d=mm&r=g","contentUrl":"https:\/\/secure.gravatar.com\/avatar\/991138ad631ca80bc76a5a37776a93fa95e294a4ec8574aad5d9b638272a4290?s=96&d=mm&r=g","caption":"Natalia Lozano"},"url":"https:\/\/alimagro.es\/gl\/author\/natali\/"}]}},"_links":{"self":[{"href":"https:\/\/alimagro.es\/gl\/wp-json\/wp\/v2\/posts\/1286","targetHints":{"allow":["GET"]}}],"collection":[{"href":"https:\/\/alimagro.es\/gl\/wp-json\/wp\/v2\/posts"}],"about":[{"href":"https:\/\/alimagro.es\/gl\/wp-json\/wp\/v2\/types\/post"}],"author":[{"embeddable":true,"href":"https:\/\/alimagro.es\/gl\/wp-json\/wp\/v2\/users\/11"}],"replies":[{"embeddable":true,"href":"https:\/\/alimagro.es\/gl\/wp-json\/wp\/v2\/comments?post=1286"}],"version-history":[{"count":3,"href":"https:\/\/alimagro.es\/gl\/wp-json\/wp\/v2\/posts\/1286\/revisions"}],"predecessor-version":[{"id":1291,"href":"https:\/\/alimagro.es\/gl\/wp-json\/wp\/v2\/posts\/1286\/revisions\/1291"}],"wp:featuredmedia":[{"embeddable":true,"href":"https:\/\/alimagro.es\/gl\/wp-json\/wp\/v2\/media\/1288"}],"wp:attachment":[{"href":"https:\/\/alimagro.es\/gl\/wp-json\/wp\/v2\/media?parent=1286"}],"wp:term":[{"taxonomy":"category","embeddable":true,"href":"https:\/\/alimagro.es\/gl\/wp-json\/wp\/v2\/categories?post=1286"},{"taxonomy":"post_tag","embeddable":true,"href":"https:\/\/alimagro.es\/gl\/wp-json\/wp\/v2\/tags?post=1286"}],"curies":[{"name":"wp","href":"https:\/\/api.w.org\/{rel}","templated":true}]}}