{"id":1274,"date":"2025-08-22T12:45:36","date_gmt":"2025-08-22T10:45:36","guid":{"rendered":"https:\/\/alimagro.es\/?p=1274"},"modified":"2025-08-27T14:28:43","modified_gmt":"2025-08-27T12:28:43","slug":"digitalizacion-y-uso-eficiente-del-agua-de-la-mano-de-mooxvice-solutions","status":"publish","type":"post","link":"https:\/\/alimagro.es\/gl\/2025\/08\/22\/digitalizacion-y-uso-eficiente-del-agua-de-la-mano-de-mooxvice-solutions\/","title":{"rendered":"Dixitalizaci\u00f3n e uso eficiente da auga por parte de Mooxvice Solutions"},"content":{"rendered":"<p>Mooxvice Solutions eres una de lanas empresa que estar\u00e1 presente en lana sexta edici\u00f3n de Alimagro. Enfocada la lana ingenier\u00eda especializada en lana implementaci\u00f3n y despliegue de soluciones de digitalizaci\u00f3n IoT en entornos profesionales. All\u00ed, mostrar\u00e1n sus novedosos equipos enfocados la lana digitalizaci\u00f3n de los cultivos y lana automatizaci\u00f3n de \u00e9l regad\u00edo.<\/p>\n\n\n\n<p>No seu posto, os visitantes poder\u00e1n ver de primeira man os equipos de rega dese\u00f1ados e fabricados en Galicia, xunto cos seus principais compo\u00f1entes: electrov\u00e1lvulas, sensores de humidade, sensores de presi\u00f3n e estaci\u00f3ns meteorol\u00f3xicas.<\/p>\n\n\n\n<figure class=\"wp-block-image size-large\"><img loading=\"lazy\" decoding=\"async\" width=\"576\" height=\"1024\" src=\"https:\/\/alimagro.es\/wp-content\/uploads\/2025\/08\/WhatsApp-Image-2025-08-22-at-12.11.17-576x1024.jpeg\" alt=\"\" class=\"wp-image-1275\" srcset=\"https:\/\/alimagro.es\/wp-content\/uploads\/2025\/08\/WhatsApp-Image-2025-08-22-at-12.11.17-576x1024.jpeg 576w, https:\/\/alimagro.es\/wp-content\/uploads\/2025\/08\/WhatsApp-Image-2025-08-22-at-12.11.17-169x300.jpeg 169w, https:\/\/alimagro.es\/wp-content\/uploads\/2025\/08\/WhatsApp-Image-2025-08-22-at-12.11.17-768x1365.jpeg 768w, https:\/\/alimagro.es\/wp-content\/uploads\/2025\/08\/WhatsApp-Image-2025-08-22-at-12.11.17-864x1536.jpeg 864w, https:\/\/alimagro.es\/wp-content\/uploads\/2025\/08\/WhatsApp-Image-2025-08-22-at-12.11.17-7x12.jpeg 7w, https:\/\/alimagro.es\/wp-content\/uploads\/2025\/08\/WhatsApp-Image-2025-08-22-at-12.11.17-300x533.jpeg 300w, https:\/\/alimagro.es\/wp-content\/uploads\/2025\/08\/WhatsApp-Image-2025-08-22-at-12.11.17-696x1237.jpeg 696w, https:\/\/alimagro.es\/wp-content\/uploads\/2025\/08\/WhatsApp-Image-2025-08-22-at-12.11.17.jpeg 900w\" sizes=\"auto, (max-width: 576px) 100vw, 576px\" \/><\/figure>\n\n\n\n<h2 class=\"wp-block-heading\"><strong>Demostraci\u00f3ns pr\u00e1cticas<\/strong><\/h2>\n\n\n\n<p>Ademais, far\u00e1n demostraci\u00f3ns de funcionamento de equipos de rega, dese\u00f1ados para simular unha instalaci\u00f3n real. \u00abMontar\u00e9molos en postes de aluminio cos seus paneis solares, igual que se instalar\u00edan no campo, para que os agricultores poidan velo todo en detalle\u00bb, afirma Pablo Paredes, socio fundador de Mooxvice. Tam\u00e9n haber\u00e1 demostraci\u00f3ns pr\u00e1cticas de sensores, como o de humidade do solo, o de humidade das follas e as estaci\u00f3ns meteorol\u00f3xicas, que lles permitir\u00e1n ver en tempo real como se recollen e transmiten os datos.<\/p>\n\n\n\n<p>Tam\u00e9n haber\u00e1 unha pantalla interactiva no stand da empresa para visualizar a plataforma de datos. \u00abMostraremos en directo no propio stand a informaci\u00f3n xerada polos equipos instalados, para que os visitantes poidan ver a utilidade real desta tecnolox\u00eda\u00bb, afirma Pablo Paredes.<\/p>\n\n\n\n<figure class=\"wp-block-image size-large\"><img loading=\"lazy\" decoding=\"async\" width=\"1024\" height=\"596\" src=\"https:\/\/alimagro.es\/wp-content\/uploads\/2025\/08\/WhatsApp-Image-2025-08-22-at-12.11.55-1024x596.jpeg\" alt=\"\" class=\"wp-image-1276\" srcset=\"https:\/\/alimagro.es\/wp-content\/uploads\/2025\/08\/WhatsApp-Image-2025-08-22-at-12.11.55-1024x596.jpeg 1024w, https:\/\/alimagro.es\/wp-content\/uploads\/2025\/08\/WhatsApp-Image-2025-08-22-at-12.11.55-300x175.jpeg 300w, https:\/\/alimagro.es\/wp-content\/uploads\/2025\/08\/WhatsApp-Image-2025-08-22-at-12.11.55-768x447.jpeg 768w, https:\/\/alimagro.es\/wp-content\/uploads\/2025\/08\/WhatsApp-Image-2025-08-22-at-12.11.55-1536x894.jpeg 1536w, https:\/\/alimagro.es\/wp-content\/uploads\/2025\/08\/WhatsApp-Image-2025-08-22-at-12.11.55-18x10.jpeg 18w, https:\/\/alimagro.es\/wp-content\/uploads\/2025\/08\/WhatsApp-Image-2025-08-22-at-12.11.55-696x405.jpeg 696w, https:\/\/alimagro.es\/wp-content\/uploads\/2025\/08\/WhatsApp-Image-2025-08-22-at-12.11.55-1068x621.jpeg 1068w, https:\/\/alimagro.es\/wp-content\/uploads\/2025\/08\/WhatsApp-Image-2025-08-22-at-12.11.55.jpeg 1600w\" sizes=\"auto, (max-width: 1024px) 100vw, 1024px\" \/><\/figure>\n\n\n\n<h2 class=\"wp-block-heading\"><strong>Alimagro, un evento imprescindible para Mooxvice Solutions<\/strong><\/h2>\n\n\n\n<p>Para Mooxvice Solutions, a participaci\u00f3n en Alimagro representa un paso moi importante na s\u00faa traxectoria. \u00abDespois de 2024, no que instalamos os primeiros equipos nunha parcela piloto, e de 2025, no que consolidamos a nosa soluci\u00f3n con novas instalaci\u00f3ns e clientes, esta feira chega nun momento clave para n\u00f3s\u00bb, afirma Paredes.<\/p>\n\n\n\n<p>\u00abEstamos convencidos de que a nosa tecnolox\u00eda pode achegar valor engadido aos agricultores da comarca da Limia\u00bb, afirma o fundador. Na feira, demostrar\u00e1n o potencial de reduci\u00f3n de custos, un uso m\u00e1is eficiente da auga e, sobre todo, unha maior comodidade no traballo diario.<\/p>\n\n\n\n<p>Por este motivo, Alimagro \u00e9 moito m\u00e1is que un punto de encontro para Mooxvice. \u00ab\u00c9 un escaparate estrat\u00e9xico que nos permite mostrar a nosa oferta a un p\u00fablico profesional e un trampol\u00edn esencial para dar un gran salto adiante na campa\u00f1a de 2026\u00bb.<\/p>\n\n\n\n<figure class=\"wp-block-image size-large\"><img loading=\"lazy\" decoding=\"async\" width=\"1024\" height=\"587\" src=\"https:\/\/alimagro.es\/wp-content\/uploads\/2025\/08\/WhatsApp-Image-2025-08-22-at-12.11.30-1024x587.jpeg\" alt=\"\" class=\"wp-image-1277\" srcset=\"https:\/\/alimagro.es\/wp-content\/uploads\/2025\/08\/WhatsApp-Image-2025-08-22-at-12.11.30-1024x587.jpeg 1024w, https:\/\/alimagro.es\/wp-content\/uploads\/2025\/08\/WhatsApp-Image-2025-08-22-at-12.11.30-300x172.jpeg 300w, https:\/\/alimagro.es\/wp-content\/uploads\/2025\/08\/WhatsApp-Image-2025-08-22-at-12.11.30-768x441.jpeg 768w, https:\/\/alimagro.es\/wp-content\/uploads\/2025\/08\/WhatsApp-Image-2025-08-22-at-12.11.30-18x10.jpeg 18w, https:\/\/alimagro.es\/wp-content\/uploads\/2025\/08\/WhatsApp-Image-2025-08-22-at-12.11.30-696x399.jpeg 696w, https:\/\/alimagro.es\/wp-content\/uploads\/2025\/08\/WhatsApp-Image-2025-08-22-at-12.11.30-1068x613.jpeg 1068w, https:\/\/alimagro.es\/wp-content\/uploads\/2025\/08\/WhatsApp-Image-2025-08-22-at-12.11.30.jpeg 1400w\" sizes=\"auto, (max-width: 1024px) 100vw, 1024px\" \/><\/figure>","protected":false},"excerpt":{"rendered":"<p>Mooxvice Solutions eres una de lanas empresa que estar\u00e1 presente en lana sexta edici\u00f3n de Alimagro. Enfocada la lana ingenier\u00eda especializada en lana implementaci\u00f3n y despliegue de soluciones de digitalizaci\u00f3n IoT en entornos profesionales. All\u00ed, mostrar\u00e1n sus novedosos equipos enfocados la lana digitalizaci\u00f3n de los cultivos y lana automatizaci\u00f3n de \u00e9l regad\u00edo.<\/p>","protected":false},"author":7,"featured_media":1279,"comment_status":"closed","ping_status":"closed","sticky":false,"template":"","format":"standard","meta":{"ngg_post_thumbnail":0,"footnotes":""},"categories":[77,76],"tags":[18,85,60,84,83,56],"class_list":{"0":"post-1274","1":"post","2":"type-post","3":"status-publish","4":"format-standard","5":"has-post-thumbnail","7":"category-alimagro","8":"category-general","9":"tag-alimagro","10":"tag-demostracion","11":"tag-digitalizacion","12":"tag-eficiencia","13":"tag-mooxvice","14":"tag-riego"},"yoast_head":"<!-- This site is optimized with the Yoast SEO plugin v25.8 - https:\/\/yoast.com\/wordpress\/plugins\/seo\/ -->\n<title>Digitalizaci\u00f3n y uso eficiente del agua de la mano de Mooxvice Solutions | Alimagro<\/title>\n<meta name=\"robots\" content=\"index, follow, max-snippet:-1, max-image-preview:large, max-video-preview:-1\" \/>\n<link rel=\"canonical\" href=\"https:\/\/alimagro.es\/gl\/2025\/08\/22\/digitalizacion-y-uso-eficiente-del-agua-de-la-mano-de-mooxvice-solutions\/\" \/>\n<meta property=\"og:locale\" content=\"gl_ES\" \/>\n<meta property=\"og:type\" content=\"article\" \/>\n<meta property=\"og:title\" content=\"Digitalizaci\u00f3n y uso eficiente del agua de la mano de Mooxvice Solutions | Alimagro\" \/>\n<meta property=\"og:description\" content=\"Mooxvice Solutions es una de las empresa que estar\u00e1 presente en la sexta edici\u00f3n de Alimagro. Enfocada a la ingenier\u00eda especializada en la implementaci\u00f3n y despliegue de soluciones de digitalizaci\u00f3n IoT en entornos profesionales. All\u00ed, mostrar\u00e1n sus novedosos equipos enfocados a la digitalizaci\u00f3n de los cultivos y la automatizaci\u00f3n del regad\u00edo. En su stand, los [&hellip;]\" \/>\n<meta property=\"og:url\" content=\"https:\/\/alimagro.es\/gl\/2025\/08\/22\/digitalizacion-y-uso-eficiente-del-agua-de-la-mano-de-mooxvice-solutions\/\" \/>\n<meta property=\"og:site_name\" content=\"Alimagro\" \/>\n<meta property=\"article:publisher\" content=\"https:\/\/www.facebook.com\/people\/Alimagro\/100095025612077\/\" \/>\n<meta property=\"article:published_time\" content=\"2025-08-22T10:45:36+00:00\" \/>\n<meta property=\"article:modified_time\" content=\"2025-08-27T12:28:43+00:00\" \/>\n<meta property=\"og:image\" content=\"https:\/\/alimagro.es\/wp-content\/uploads\/2025\/08\/WhatsApp-Image-2025-08-22-at-12.09.54.jpeg\" \/>\n\t<meta property=\"og:image:width\" content=\"1600\" \/>\n\t<meta property=\"og:image:height\" content=\"900\" \/>\n\t<meta property=\"og:image:type\" content=\"image\/jpeg\" \/>\n<meta name=\"author\" content=\"Mar\u00eda \u00c1lvarez\" \/>\n<meta name=\"twitter:card\" content=\"summary_large_image\" \/>\n<meta name=\"twitter:label1\" content=\"Escrito por\" \/>\n\t<meta name=\"twitter:data1\" content=\"Mar\u00eda \u00c1lvarez\" \/>\n\t<meta name=\"twitter:label2\" content=\"Tempo de lectura\" \/>\n\t<meta name=\"twitter:data2\" content=\"3 minutos\" \/>\n<script type=\"application\/ld+json\" class=\"yoast-schema-graph\">{\"@context\":\"https:\/\/schema.org\",\"@graph\":[{\"@type\":\"Article\",\"@id\":\"https:\/\/alimagro.es\/2025\/08\/22\/digitalizacion-y-uso-eficiente-del-agua-de-la-mano-de-mooxvice-solutions\/#article\",\"isPartOf\":{\"@id\":\"https:\/\/alimagro.es\/2025\/08\/22\/digitalizacion-y-uso-eficiente-del-agua-de-la-mano-de-mooxvice-solutions\/\"},\"author\":{\"name\":\"Mar\u00eda \u00c1lvarez\",\"@id\":\"https:\/\/alimagro.es\/#\/schema\/person\/89860ad1bd667547b21c7a338776d78b\"},\"headline\":\"Digitalizaci\u00f3n y uso eficiente del agua de la mano de Mooxvice Solutions\",\"datePublished\":\"2025-08-22T10:45:36+00:00\",\"dateModified\":\"2025-08-27T12:28:43+00:00\",\"mainEntityOfPage\":{\"@id\":\"https:\/\/alimagro.es\/2025\/08\/22\/digitalizacion-y-uso-eficiente-del-agua-de-la-mano-de-mooxvice-solutions\/\"},\"wordCount\":420,\"publisher\":{\"@id\":\"https:\/\/alimagro.es\/#organization\"},\"image\":{\"@id\":\"https:\/\/alimagro.es\/2025\/08\/22\/digitalizacion-y-uso-eficiente-del-agua-de-la-mano-de-mooxvice-solutions\/#primaryimage\"},\"thumbnailUrl\":\"https:\/\/alimagro.es\/wp-content\/uploads\/2025\/08\/WhatsApp-Image-2025-08-22-at-12.09.54.jpeg\",\"keywords\":[\"Alimagro\",\"demostraci\u00f3n\",\"digitalizaci\u00f3n\",\"eficiencia\",\"mooxvice\",\"riego\"],\"articleSection\":[\"Alimagro\",\"General\"],\"inLanguage\":\"gl-ES\"},{\"@type\":\"WebPage\",\"@id\":\"https:\/\/alimagro.es\/2025\/08\/22\/digitalizacion-y-uso-eficiente-del-agua-de-la-mano-de-mooxvice-solutions\/\",\"url\":\"https:\/\/alimagro.es\/2025\/08\/22\/digitalizacion-y-uso-eficiente-del-agua-de-la-mano-de-mooxvice-solutions\/\",\"name\":\"Digitalizaci\u00f3n y uso eficiente del agua de la mano de Mooxvice Solutions | Alimagro\",\"isPartOf\":{\"@id\":\"https:\/\/alimagro.es\/#website\"},\"primaryImageOfPage\":{\"@id\":\"https:\/\/alimagro.es\/2025\/08\/22\/digitalizacion-y-uso-eficiente-del-agua-de-la-mano-de-mooxvice-solutions\/#primaryimage\"},\"image\":{\"@id\":\"https:\/\/alimagro.es\/2025\/08\/22\/digitalizacion-y-uso-eficiente-del-agua-de-la-mano-de-mooxvice-solutions\/#primaryimage\"},\"thumbnailUrl\":\"https:\/\/alimagro.es\/wp-content\/uploads\/2025\/08\/WhatsApp-Image-2025-08-22-at-12.09.54.jpeg\",\"datePublished\":\"2025-08-22T10:45:36+00:00\",\"dateModified\":\"2025-08-27T12:28:43+00:00\",\"breadcrumb\":{\"@id\":\"https:\/\/alimagro.es\/2025\/08\/22\/digitalizacion-y-uso-eficiente-del-agua-de-la-mano-de-mooxvice-solutions\/#breadcrumb\"},\"inLanguage\":\"gl-ES\",\"potentialAction\":[{\"@type\":\"ReadAction\",\"target\":[\"https:\/\/alimagro.es\/2025\/08\/22\/digitalizacion-y-uso-eficiente-del-agua-de-la-mano-de-mooxvice-solutions\/\"]}]},{\"@type\":\"ImageObject\",\"inLanguage\":\"gl-ES\",\"@id\":\"https:\/\/alimagro.es\/2025\/08\/22\/digitalizacion-y-uso-eficiente-del-agua-de-la-mano-de-mooxvice-solutions\/#primaryimage\",\"url\":\"https:\/\/alimagro.es\/wp-content\/uploads\/2025\/08\/WhatsApp-Image-2025-08-22-at-12.09.54.jpeg\",\"contentUrl\":\"https:\/\/alimagro.es\/wp-content\/uploads\/2025\/08\/WhatsApp-Image-2025-08-22-at-12.09.54.jpeg\",\"width\":1600,\"height\":900},{\"@type\":\"BreadcrumbList\",\"@id\":\"https:\/\/alimagro.es\/2025\/08\/22\/digitalizacion-y-uso-eficiente-del-agua-de-la-mano-de-mooxvice-solutions\/#breadcrumb\",\"itemListElement\":[{\"@type\":\"ListItem\",\"position\":1,\"name\":\"Portada\",\"item\":\"https:\/\/alimagro.es\/\"},{\"@type\":\"ListItem\",\"position\":2,\"name\":\"Digitalizaci\u00f3n y uso eficiente del agua de la mano de Mooxvice Solutions\"}]},{\"@type\":\"WebSite\",\"@id\":\"https:\/\/alimagro.es\/#website\",\"url\":\"https:\/\/alimagro.es\/\",\"name\":\"Alimagro\",\"description\":\"Alimagro, un evento referente nacional que aglutina las novedades en cuanto al cultivo de patata y la maquinaria agr\u00edcola.\",\"publisher\":{\"@id\":\"https:\/\/alimagro.es\/#organization\"},\"alternateName\":\"Feria del Agro de la Limia\",\"potentialAction\":[{\"@type\":\"SearchAction\",\"target\":{\"@type\":\"EntryPoint\",\"urlTemplate\":\"https:\/\/alimagro.es\/?s={search_term_string}\"},\"query-input\":{\"@type\":\"PropertyValueSpecification\",\"valueRequired\":true,\"valueName\":\"search_term_string\"}}],\"inLanguage\":\"gl-ES\"},{\"@type\":\"Organization\",\"@id\":\"https:\/\/alimagro.es\/#organization\",\"name\":\"Alimagro\",\"url\":\"https:\/\/alimagro.es\/\",\"logo\":{\"@type\":\"ImageObject\",\"inLanguage\":\"gl-ES\",\"@id\":\"https:\/\/alimagro.es\/#\/schema\/logo\/image\/\",\"url\":\"https:\/\/alimagro.es\/wp-content\/uploads\/2023\/07\/alimagro-logo-verde.png\",\"contentUrl\":\"https:\/\/alimagro.es\/wp-content\/uploads\/2023\/07\/alimagro-logo-verde.png\",\"width\":500,\"height\":96,\"caption\":\"Alimagro\"},\"image\":{\"@id\":\"https:\/\/alimagro.es\/#\/schema\/logo\/image\/\"},\"sameAs\":[\"https:\/\/www.facebook.com\/people\/Alimagro\/100095025612077\/\",\"https:\/\/www.instagram.com\/alimagro_\/\"]},{\"@type\":\"Person\",\"@id\":\"https:\/\/alimagro.es\/#\/schema\/person\/89860ad1bd667547b21c7a338776d78b\",\"name\":\"Mar\u00eda \u00c1lvarez\",\"image\":{\"@type\":\"ImageObject\",\"inLanguage\":\"gl-ES\",\"@id\":\"https:\/\/alimagro.es\/#\/schema\/person\/image\/\",\"url\":\"https:\/\/secure.gravatar.com\/avatar\/073a70519b527b7f5caacb635da42b6721e0828f6a6609c38e1663e2b4ab460f?s=96&d=mm&r=g\",\"contentUrl\":\"https:\/\/secure.gravatar.com\/avatar\/073a70519b527b7f5caacb635da42b6721e0828f6a6609c38e1663e2b4ab460f?s=96&d=mm&r=g\",\"caption\":\"Mar\u00eda \u00c1lvarez\"},\"url\":\"https:\/\/alimagro.es\/gl\/author\/maria\/\"}]}<\/script>\n<!-- \/ Yoast SEO plugin. -->","yoast_head_json":{"title":"Digitalizaci\u00f3n y uso eficiente del agua de la mano de Mooxvice Solutions | Alimagro","robots":{"index":"index","follow":"follow","max-snippet":"max-snippet:-1","max-image-preview":"max-image-preview:large","max-video-preview":"max-video-preview:-1"},"canonical":"https:\/\/alimagro.es\/gl\/2025\/08\/22\/digitalizacion-y-uso-eficiente-del-agua-de-la-mano-de-mooxvice-solutions\/","og_locale":"gl_ES","og_type":"article","og_title":"Digitalizaci\u00f3n y uso eficiente del agua de la mano de Mooxvice Solutions | Alimagro","og_description":"Mooxvice Solutions es una de las empresa que estar\u00e1 presente en la sexta edici\u00f3n de Alimagro. Enfocada a la ingenier\u00eda especializada en la implementaci\u00f3n y despliegue de soluciones de digitalizaci\u00f3n IoT en entornos profesionales. All\u00ed, mostrar\u00e1n sus novedosos equipos enfocados a la digitalizaci\u00f3n de los cultivos y la automatizaci\u00f3n del regad\u00edo. En su stand, los [&hellip;]","og_url":"https:\/\/alimagro.es\/gl\/2025\/08\/22\/digitalizacion-y-uso-eficiente-del-agua-de-la-mano-de-mooxvice-solutions\/","og_site_name":"Alimagro","article_publisher":"https:\/\/www.facebook.com\/people\/Alimagro\/100095025612077\/","article_published_time":"2025-08-22T10:45:36+00:00","article_modified_time":"2025-08-27T12:28:43+00:00","og_image":[{"width":1600,"height":900,"url":"https:\/\/alimagro.es\/wp-content\/uploads\/2025\/08\/WhatsApp-Image-2025-08-22-at-12.09.54.jpeg","type":"image\/jpeg"}],"author":"Mar\u00eda \u00c1lvarez","twitter_card":"summary_large_image","twitter_misc":{"Escrito por":"Mar\u00eda \u00c1lvarez","Tempo de lectura":"3 minutos"},"schema":{"@context":"https:\/\/schema.org","@graph":[{"@type":"Article","@id":"https:\/\/alimagro.es\/2025\/08\/22\/digitalizacion-y-uso-eficiente-del-agua-de-la-mano-de-mooxvice-solutions\/#article","isPartOf":{"@id":"https:\/\/alimagro.es\/2025\/08\/22\/digitalizacion-y-uso-eficiente-del-agua-de-la-mano-de-mooxvice-solutions\/"},"author":{"name":"Mar\u00eda \u00c1lvarez","@id":"https:\/\/alimagro.es\/#\/schema\/person\/89860ad1bd667547b21c7a338776d78b"},"headline":"Digitalizaci\u00f3n y uso eficiente del agua de la mano de Mooxvice Solutions","datePublished":"2025-08-22T10:45:36+00:00","dateModified":"2025-08-27T12:28:43+00:00","mainEntityOfPage":{"@id":"https:\/\/alimagro.es\/2025\/08\/22\/digitalizacion-y-uso-eficiente-del-agua-de-la-mano-de-mooxvice-solutions\/"},"wordCount":420,"publisher":{"@id":"https:\/\/alimagro.es\/#organization"},"image":{"@id":"https:\/\/alimagro.es\/2025\/08\/22\/digitalizacion-y-uso-eficiente-del-agua-de-la-mano-de-mooxvice-solutions\/#primaryimage"},"thumbnailUrl":"https:\/\/alimagro.es\/wp-content\/uploads\/2025\/08\/WhatsApp-Image-2025-08-22-at-12.09.54.jpeg","keywords":["Alimagro","demostraci\u00f3n","digitalizaci\u00f3n","eficiencia","mooxvice","riego"],"articleSection":["Alimagro","General"],"inLanguage":"gl-ES"},{"@type":"WebPage","@id":"https:\/\/alimagro.es\/2025\/08\/22\/digitalizacion-y-uso-eficiente-del-agua-de-la-mano-de-mooxvice-solutions\/","url":"https:\/\/alimagro.es\/2025\/08\/22\/digitalizacion-y-uso-eficiente-del-agua-de-la-mano-de-mooxvice-solutions\/","name":"Digitalizaci\u00f3n y uso eficiente del agua de la mano de Mooxvice Solutions | Alimagro","isPartOf":{"@id":"https:\/\/alimagro.es\/#website"},"primaryImageOfPage":{"@id":"https:\/\/alimagro.es\/2025\/08\/22\/digitalizacion-y-uso-eficiente-del-agua-de-la-mano-de-mooxvice-solutions\/#primaryimage"},"image":{"@id":"https:\/\/alimagro.es\/2025\/08\/22\/digitalizacion-y-uso-eficiente-del-agua-de-la-mano-de-mooxvice-solutions\/#primaryimage"},"thumbnailUrl":"https:\/\/alimagro.es\/wp-content\/uploads\/2025\/08\/WhatsApp-Image-2025-08-22-at-12.09.54.jpeg","datePublished":"2025-08-22T10:45:36+00:00","dateModified":"2025-08-27T12:28:43+00:00","breadcrumb":{"@id":"https:\/\/alimagro.es\/2025\/08\/22\/digitalizacion-y-uso-eficiente-del-agua-de-la-mano-de-mooxvice-solutions\/#breadcrumb"},"inLanguage":"gl-ES","potentialAction":[{"@type":"ReadAction","target":["https:\/\/alimagro.es\/2025\/08\/22\/digitalizacion-y-uso-eficiente-del-agua-de-la-mano-de-mooxvice-solutions\/"]}]},{"@type":"ImageObject","inLanguage":"gl-ES","@id":"https:\/\/alimagro.es\/2025\/08\/22\/digitalizacion-y-uso-eficiente-del-agua-de-la-mano-de-mooxvice-solutions\/#primaryimage","url":"https:\/\/alimagro.es\/wp-content\/uploads\/2025\/08\/WhatsApp-Image-2025-08-22-at-12.09.54.jpeg","contentUrl":"https:\/\/alimagro.es\/wp-content\/uploads\/2025\/08\/WhatsApp-Image-2025-08-22-at-12.09.54.jpeg","width":1600,"height":900},{"@type":"BreadcrumbList","@id":"https:\/\/alimagro.es\/2025\/08\/22\/digitalizacion-y-uso-eficiente-del-agua-de-la-mano-de-mooxvice-solutions\/#breadcrumb","itemListElement":[{"@type":"ListItem","position":1,"name":"Portada","item":"https:\/\/alimagro.es\/"},{"@type":"ListItem","position":2,"name":"Digitalizaci\u00f3n y uso eficiente del agua de la mano de Mooxvice Solutions"}]},{"@type":"WebSite","@id":"https:\/\/alimagro.es\/#website","url":"https:\/\/alimagro.es\/","name":"Alimagro","description":"Alimagro, un evento referente nacional que aglutina las novedades en cuanto al cultivo de patata y la maquinaria agr\u00edcola.","publisher":{"@id":"https:\/\/alimagro.es\/#organization"},"alternateName":"Feria del Agro de la Limia","potentialAction":[{"@type":"SearchAction","target":{"@type":"EntryPoint","urlTemplate":"https:\/\/alimagro.es\/?s={search_term_string}"},"query-input":{"@type":"PropertyValueSpecification","valueRequired":true,"valueName":"search_term_string"}}],"inLanguage":"gl-ES"},{"@type":"Organization","@id":"https:\/\/alimagro.es\/#organization","name":"Alimagro","url":"https:\/\/alimagro.es\/","logo":{"@type":"ImageObject","inLanguage":"gl-ES","@id":"https:\/\/alimagro.es\/#\/schema\/logo\/image\/","url":"https:\/\/alimagro.es\/wp-content\/uploads\/2023\/07\/alimagro-logo-verde.png","contentUrl":"https:\/\/alimagro.es\/wp-content\/uploads\/2023\/07\/alimagro-logo-verde.png","width":500,"height":96,"caption":"Alimagro"},"image":{"@id":"https:\/\/alimagro.es\/#\/schema\/logo\/image\/"},"sameAs":["https:\/\/www.facebook.com\/people\/Alimagro\/100095025612077\/","https:\/\/www.instagram.com\/alimagro_\/"]},{"@type":"Person","@id":"https:\/\/alimagro.es\/#\/schema\/person\/89860ad1bd667547b21c7a338776d78b","name":"Mar\u00eda \u00c1lvarez","image":{"@type":"ImageObject","inLanguage":"gl-ES","@id":"https:\/\/alimagro.es\/#\/schema\/person\/image\/","url":"https:\/\/secure.gravatar.com\/avatar\/073a70519b527b7f5caacb635da42b6721e0828f6a6609c38e1663e2b4ab460f?s=96&d=mm&r=g","contentUrl":"https:\/\/secure.gravatar.com\/avatar\/073a70519b527b7f5caacb635da42b6721e0828f6a6609c38e1663e2b4ab460f?s=96&d=mm&r=g","caption":"Mar\u00eda \u00c1lvarez"},"url":"https:\/\/alimagro.es\/gl\/author\/maria\/"}]}},"_links":{"self":[{"href":"https:\/\/alimagro.es\/gl\/wp-json\/wp\/v2\/posts\/1274","targetHints":{"allow":["GET"]}}],"collection":[{"href":"https:\/\/alimagro.es\/gl\/wp-json\/wp\/v2\/posts"}],"about":[{"href":"https:\/\/alimagro.es\/gl\/wp-json\/wp\/v2\/types\/post"}],"author":[{"embeddable":true,"href":"https:\/\/alimagro.es\/gl\/wp-json\/wp\/v2\/users\/7"}],"replies":[{"embeddable":true,"href":"https:\/\/alimagro.es\/gl\/wp-json\/wp\/v2\/comments?post=1274"}],"version-history":[{"count":3,"href":"https:\/\/alimagro.es\/gl\/wp-json\/wp\/v2\/posts\/1274\/revisions"}],"predecessor-version":[{"id":1304,"href":"https:\/\/alimagro.es\/gl\/wp-json\/wp\/v2\/posts\/1274\/revisions\/1304"}],"wp:featuredmedia":[{"embeddable":true,"href":"https:\/\/alimagro.es\/gl\/wp-json\/wp\/v2\/media\/1279"}],"wp:attachment":[{"href":"https:\/\/alimagro.es\/gl\/wp-json\/wp\/v2\/media?parent=1274"}],"wp:term":[{"taxonomy":"category","embeddable":true,"href":"https:\/\/alimagro.es\/gl\/wp-json\/wp\/v2\/categories?post=1274"},{"taxonomy":"post_tag","embeddable":true,"href":"https:\/\/alimagro.es\/gl\/wp-json\/wp\/v2\/tags?post=1274"}],"curies":[{"name":"wp","href":"https:\/\/api.w.org\/{rel}","templated":true}]}}