{"id":1254,"date":"2025-08-20T11:44:04","date_gmt":"2025-08-20T09:44:04","guid":{"rendered":"https:\/\/alimagro.es\/?p=1254"},"modified":"2025-08-20T11:44:06","modified_gmt":"2025-08-20T09:44:06","slug":"comercial-agricola-guerra-apuesta-por-la-innovacion-y-la-agricultura-de-precision","status":"publish","type":"post","link":"https:\/\/alimagro.es\/gl\/2025\/08\/20\/comercial-agricola-guerra-apuesta-por-la-innovacion-y-la-agricultura-de-precision\/","title":{"rendered":"Comercial Agr\u00edcola Guerra aposta pola innovaci\u00f3n e a agricultura de precisi\u00f3n"},"content":{"rendered":"<p>Comercial Agr\u00edcola Guerra, unha empresa familiar con m\u00e1is de 60 anos de experiencia, fundada por Antonio Guerra e con oficinas en Viana do Bolo e Xinzo de Limia, consolidouse como un referente en Galicia grazas \u00e1 s\u00faa aposta pola calidade, a innovaci\u00f3n e un servizo posvenda r\u00e1pido e personalizado.<\/p>\n\n\n\n<p>A empresa presentar\u00e1 os seus \u00faltimos desenvolvementos en maquinaria agr\u00edcola en Alimagro 2025.<\/p>\n\n\n\n<figure class=\"wp-block-image size-full\"><img loading=\"lazy\" decoding=\"async\" width=\"562\" height=\"419\" src=\"https:\/\/alimagro.es\/wp-content\/uploads\/2025\/08\/Alimagro-foto-1.jpg\" alt=\"\" class=\"wp-image-1258\" srcset=\"https:\/\/alimagro.es\/wp-content\/uploads\/2025\/08\/Alimagro-foto-1.jpg 562w, https:\/\/alimagro.es\/wp-content\/uploads\/2025\/08\/Alimagro-foto-1-300x224.jpg 300w, https:\/\/alimagro.es\/wp-content\/uploads\/2025\/08\/Alimagro-foto-1-16x12.jpg 16w\" sizes=\"auto, (max-width: 562px) 100vw, 562px\" \/><\/figure>\n\n\n\n<p>Durante a feira, os visitantes poder\u00e1n descubrir equipos de \u00faltima xeraci\u00f3n de marcas l\u00edderes como New Holland, Industrias David, Kuhn, Ma\u00f1ez Lozano e FACMA, que ofrecen soluci\u00f3ns para todo o ciclo de produci\u00f3n: desde tractores e sistemas de colleita ata pulverizadores e implementos especializados para vi\u00f1edos, froiteiras e froitos secos.<\/p>\n\n\n\n<p><strong>En concreto, no seu posto, poder\u00e1n ver:<\/strong><\/p>\n\n\n\n<p><strong>Tractores New Holland:<\/strong> desde tractores compactos para vi\u00f1edos e froiteiras ata modelos de alta potencia.<\/p>\n\n\n\n<p><strong>Vamiadeira New Holland: <\/strong>caracter\u00edzase por proporcionar unha colleita eficiente e de alta calidade, coa \u00faltima tecnolox\u00eda en limpeza e rendemento.<\/p>\n\n\n\n<p><strong>Equipamentos de Industrias David:<\/strong> soluci\u00f3ns innovadoras para vi\u00f1edos, como prepodadoras e despuntadoras.<\/p>\n\n\n\n<p><strong>Pulverizadores Ma\u00f1ez Lozano:<\/strong> tratamentos fitosanitarios precisos, con aforro de produto e mellor cobertura.<\/p>\n\n\n\n<p><strong>Colleitadoras FACMA:<\/strong> especializadas en froitos secos, aceleran a colleita e reducen os custos laborais.<\/p>\n\n\n\n<p><strong>Trituradoras e desbrozadoras Orsi:<\/strong> axeitadas para o mantemento de explotaci\u00f3ns agr\u00edcolas e o control de malas herbas.<\/p>\n\n\n\n<p>Entre toda esta maquinaria, Comercial Agr\u00edcola Guerra destaca a s\u00faa aposta pola innovaci\u00f3n e a agricultura de precisi\u00f3n, que exhibir\u00e1 en Alimagro 2025. Os visitantes poder\u00e1n ver, entre outra maquinaria, a vendimiadora New Holland e os sistemas de guiado GPS integrados nos tractores.<\/p>\n\n\n\n<figure class=\"wp-block-image size-full\"><img loading=\"lazy\" decoding=\"async\" width=\"558\" height=\"697\" src=\"https:\/\/alimagro.es\/wp-content\/uploads\/2025\/08\/Alimagro-foto-3.jpg\" alt=\"\" class=\"wp-image-1256\" srcset=\"https:\/\/alimagro.es\/wp-content\/uploads\/2025\/08\/Alimagro-foto-3.jpg 558w, https:\/\/alimagro.es\/wp-content\/uploads\/2025\/08\/Alimagro-foto-3-240x300.jpg 240w, https:\/\/alimagro.es\/wp-content\/uploads\/2025\/08\/Alimagro-foto-3-10x12.jpg 10w, https:\/\/alimagro.es\/wp-content\/uploads\/2025\/08\/Alimagro-foto-3-300x375.jpg 300w\" sizes=\"auto, (max-width: 558px) 100vw, 558px\" \/><\/figure>\n\n\n\n<p>Un dos principais obxectivos da empresa \u00e9 a incorporaci\u00f3n de soluci\u00f3ns tecnol\u00f3xicas e dixitais que optimicen o rendemento, faciliten o traballo diario e reduzan os custos nas explotaci\u00f3ns. \u00abPara n\u00f3s, participar en Alimagro 2025 \u00e9 unha oportunidade para achegar aos agricultores as tecnolox\u00edas que configurar\u00e1n o futuro do sector. Queremos que vexan de primeira man como a innovaci\u00f3n pode mellorar o seu traballo diario no campo\u00bb, explica Tom\u00e1s Guerra, director comercial de Comercial Agr\u00edcola Guerra.<\/p>\n\n\n\n<figure class=\"wp-block-image size-full\"><img loading=\"lazy\" decoding=\"async\" width=\"746\" height=\"559\" src=\"https:\/\/alimagro.es\/wp-content\/uploads\/2025\/08\/Alimagro-foto-2-1.jpg\" alt=\"\" class=\"wp-image-1260\" srcset=\"https:\/\/alimagro.es\/wp-content\/uploads\/2025\/08\/Alimagro-foto-2-1.jpg 746w, https:\/\/alimagro.es\/wp-content\/uploads\/2025\/08\/Alimagro-foto-2-1-300x225.jpg 300w, https:\/\/alimagro.es\/wp-content\/uploads\/2025\/08\/Alimagro-foto-2-1-16x12.jpg 16w, https:\/\/alimagro.es\/wp-content\/uploads\/2025\/08\/Alimagro-foto-2-1-696x522.jpg 696w\" sizes=\"auto, (max-width: 746px) 100vw, 746px\" \/><\/figure>\n\n\n\n<p>A presenza da empresa en Alimagro 2025 reafirma o compromiso da empresa co sector agr\u00edcola do noroeste da Pen\u00ednsula Ib\u00e9rica e a s\u00faa vontade de ofrecer ferramentas adaptadas \u00e1s novas demandas do mercado. Ademais, contar\u00e1n con promoci\u00f3ns exclusivas para os visitantes da feira que visiten o seu posto.<\/p>","protected":false},"excerpt":{"rendered":"<p>Comercial Agr\u00edcola Guerra, empresa familiar, con m\u00e1s de 60 a\u00f1os de trayectoria, fundada por Antonio Guerra y con sedes en Viana do Bolo y Xinzo de Limia, se ha consolidado como un referente en Galicia gracias a su compromiso con la calidad, la innovaci\u00f3n y un servicio postventa \u00e1gil y personalizado. La empresa ourensana presentar\u00e1 [&hellip;]<\/p>","protected":false},"author":7,"featured_media":1255,"comment_status":"closed","ping_status":"closed","sticky":false,"template":"","format":"standard","meta":{"ngg_post_thumbnail":0,"footnotes":""},"categories":[77,76],"tags":[80,18,78,81,82],"class_list":{"0":"post-1254","1":"post","2":"type-post","3":"status-publish","4":"format-standard","5":"has-post-thumbnail","7":"category-alimagro","8":"category-general","9":"tag-agricola","10":"tag-alimagro","11":"tag-feria","12":"tag-tractores","13":"tag-vendimiadora"},"yoast_head":"<!-- This site is optimized with the Yoast SEO plugin v25.8 - https:\/\/yoast.com\/wordpress\/plugins\/seo\/ -->\n<title>Comercial Agr\u00edcola Guerra apuesta por la innovaci\u00f3n y la agricultura de precisi\u00f3n | Alimagro<\/title>\n<meta name=\"robots\" content=\"index, follow, max-snippet:-1, max-image-preview:large, max-video-preview:-1\" \/>\n<link rel=\"canonical\" href=\"https:\/\/alimagro.es\/gl\/2025\/08\/20\/comercial-agricola-guerra-apuesta-por-la-innovacion-y-la-agricultura-de-precision\/\" \/>\n<meta property=\"og:locale\" content=\"gl_ES\" \/>\n<meta property=\"og:type\" content=\"article\" \/>\n<meta property=\"og:title\" content=\"Comercial Agr\u00edcola Guerra apuesta por la innovaci\u00f3n y la agricultura de precisi\u00f3n | Alimagro\" \/>\n<meta property=\"og:description\" content=\"Comercial Agr\u00edcola Guerra, empresa familiar, con m\u00e1s de 60 a\u00f1os de trayectoria, fundada por Antonio Guerra y con sedes en Viana do Bolo y Xinzo de Limia, se ha consolidado como un referente en Galicia gracias a su compromiso con la calidad, la innovaci\u00f3n y un servicio postventa \u00e1gil y personalizado. La empresa ourensana presentar\u00e1 [&hellip;]\" \/>\n<meta property=\"og:url\" content=\"https:\/\/alimagro.es\/gl\/2025\/08\/20\/comercial-agricola-guerra-apuesta-por-la-innovacion-y-la-agricultura-de-precision\/\" \/>\n<meta property=\"og:site_name\" content=\"Alimagro\" \/>\n<meta property=\"article:publisher\" content=\"https:\/\/www.facebook.com\/people\/Alimagro\/100095025612077\/\" \/>\n<meta property=\"article:published_time\" content=\"2025-08-20T09:44:04+00:00\" \/>\n<meta property=\"article:modified_time\" content=\"2025-08-20T09:44:06+00:00\" \/>\n<meta property=\"og:image\" content=\"https:\/\/alimagro.es\/wp-content\/uploads\/2025\/08\/Alimagro-foto-4.jpg\" \/>\n\t<meta property=\"og:image:width\" content=\"560\" \/>\n\t<meta property=\"og:image:height\" content=\"421\" \/>\n\t<meta property=\"og:image:type\" content=\"image\/jpeg\" \/>\n<meta name=\"author\" content=\"Mar\u00eda \u00c1lvarez\" \/>\n<meta name=\"twitter:card\" content=\"summary_large_image\" \/>\n<meta name=\"twitter:label1\" content=\"Escrito por\" \/>\n\t<meta name=\"twitter:data1\" content=\"Mar\u00eda \u00c1lvarez\" \/>\n\t<meta name=\"twitter:label2\" content=\"Tempo de lectura\" \/>\n\t<meta name=\"twitter:data2\" content=\"3 minutos\" \/>\n<script type=\"application\/ld+json\" class=\"yoast-schema-graph\">{\"@context\":\"https:\/\/schema.org\",\"@graph\":[{\"@type\":\"Article\",\"@id\":\"https:\/\/alimagro.es\/2025\/08\/20\/comercial-agricola-guerra-apuesta-por-la-innovacion-y-la-agricultura-de-precision\/#article\",\"isPartOf\":{\"@id\":\"https:\/\/alimagro.es\/2025\/08\/20\/comercial-agricola-guerra-apuesta-por-la-innovacion-y-la-agricultura-de-precision\/\"},\"author\":{\"name\":\"Mar\u00eda \u00c1lvarez\",\"@id\":\"https:\/\/alimagro.es\/#\/schema\/person\/89860ad1bd667547b21c7a338776d78b\"},\"headline\":\"Comercial Agr\u00edcola Guerra apuesta por la innovaci\u00f3n y la agricultura de precisi\u00f3n\",\"datePublished\":\"2025-08-20T09:44:04+00:00\",\"dateModified\":\"2025-08-20T09:44:06+00:00\",\"mainEntityOfPage\":{\"@id\":\"https:\/\/alimagro.es\/2025\/08\/20\/comercial-agricola-guerra-apuesta-por-la-innovacion-y-la-agricultura-de-precision\/\"},\"wordCount\":441,\"publisher\":{\"@id\":\"https:\/\/alimagro.es\/#organization\"},\"image\":{\"@id\":\"https:\/\/alimagro.es\/2025\/08\/20\/comercial-agricola-guerra-apuesta-por-la-innovacion-y-la-agricultura-de-precision\/#primaryimage\"},\"thumbnailUrl\":\"https:\/\/alimagro.es\/wp-content\/uploads\/2025\/08\/Alimagro-foto-4.jpg\",\"keywords\":[\"agr\u00edcola\",\"Alimagro\",\"feria\",\"tractores\",\"vendimiadora\"],\"articleSection\":[\"Alimagro\",\"General\"],\"inLanguage\":\"gl-ES\"},{\"@type\":\"WebPage\",\"@id\":\"https:\/\/alimagro.es\/2025\/08\/20\/comercial-agricola-guerra-apuesta-por-la-innovacion-y-la-agricultura-de-precision\/\",\"url\":\"https:\/\/alimagro.es\/2025\/08\/20\/comercial-agricola-guerra-apuesta-por-la-innovacion-y-la-agricultura-de-precision\/\",\"name\":\"Comercial Agr\u00edcola Guerra apuesta por la innovaci\u00f3n y la agricultura de precisi\u00f3n | Alimagro\",\"isPartOf\":{\"@id\":\"https:\/\/alimagro.es\/#website\"},\"primaryImageOfPage\":{\"@id\":\"https:\/\/alimagro.es\/2025\/08\/20\/comercial-agricola-guerra-apuesta-por-la-innovacion-y-la-agricultura-de-precision\/#primaryimage\"},\"image\":{\"@id\":\"https:\/\/alimagro.es\/2025\/08\/20\/comercial-agricola-guerra-apuesta-por-la-innovacion-y-la-agricultura-de-precision\/#primaryimage\"},\"thumbnailUrl\":\"https:\/\/alimagro.es\/wp-content\/uploads\/2025\/08\/Alimagro-foto-4.jpg\",\"datePublished\":\"2025-08-20T09:44:04+00:00\",\"dateModified\":\"2025-08-20T09:44:06+00:00\",\"breadcrumb\":{\"@id\":\"https:\/\/alimagro.es\/2025\/08\/20\/comercial-agricola-guerra-apuesta-por-la-innovacion-y-la-agricultura-de-precision\/#breadcrumb\"},\"inLanguage\":\"gl-ES\",\"potentialAction\":[{\"@type\":\"ReadAction\",\"target\":[\"https:\/\/alimagro.es\/2025\/08\/20\/comercial-agricola-guerra-apuesta-por-la-innovacion-y-la-agricultura-de-precision\/\"]}]},{\"@type\":\"ImageObject\",\"inLanguage\":\"gl-ES\",\"@id\":\"https:\/\/alimagro.es\/2025\/08\/20\/comercial-agricola-guerra-apuesta-por-la-innovacion-y-la-agricultura-de-precision\/#primaryimage\",\"url\":\"https:\/\/alimagro.es\/wp-content\/uploads\/2025\/08\/Alimagro-foto-4.jpg\",\"contentUrl\":\"https:\/\/alimagro.es\/wp-content\/uploads\/2025\/08\/Alimagro-foto-4.jpg\",\"width\":560,\"height\":421},{\"@type\":\"BreadcrumbList\",\"@id\":\"https:\/\/alimagro.es\/2025\/08\/20\/comercial-agricola-guerra-apuesta-por-la-innovacion-y-la-agricultura-de-precision\/#breadcrumb\",\"itemListElement\":[{\"@type\":\"ListItem\",\"position\":1,\"name\":\"Portada\",\"item\":\"https:\/\/alimagro.es\/\"},{\"@type\":\"ListItem\",\"position\":2,\"name\":\"Comercial Agr\u00edcola Guerra apuesta por la innovaci\u00f3n y la agricultura de precisi\u00f3n\"}]},{\"@type\":\"WebSite\",\"@id\":\"https:\/\/alimagro.es\/#website\",\"url\":\"https:\/\/alimagro.es\/\",\"name\":\"Alimagro\",\"description\":\"Alimagro, un evento referente nacional que aglutina las novedades en cuanto al cultivo de patata y la maquinaria agr\u00edcola.\",\"publisher\":{\"@id\":\"https:\/\/alimagro.es\/#organization\"},\"alternateName\":\"Feria del Agro de la Limia\",\"potentialAction\":[{\"@type\":\"SearchAction\",\"target\":{\"@type\":\"EntryPoint\",\"urlTemplate\":\"https:\/\/alimagro.es\/?s={search_term_string}\"},\"query-input\":{\"@type\":\"PropertyValueSpecification\",\"valueRequired\":true,\"valueName\":\"search_term_string\"}}],\"inLanguage\":\"gl-ES\"},{\"@type\":\"Organization\",\"@id\":\"https:\/\/alimagro.es\/#organization\",\"name\":\"Alimagro\",\"url\":\"https:\/\/alimagro.es\/\",\"logo\":{\"@type\":\"ImageObject\",\"inLanguage\":\"gl-ES\",\"@id\":\"https:\/\/alimagro.es\/#\/schema\/logo\/image\/\",\"url\":\"https:\/\/alimagro.es\/wp-content\/uploads\/2023\/07\/alimagro-logo-verde.png\",\"contentUrl\":\"https:\/\/alimagro.es\/wp-content\/uploads\/2023\/07\/alimagro-logo-verde.png\",\"width\":500,\"height\":96,\"caption\":\"Alimagro\"},\"image\":{\"@id\":\"https:\/\/alimagro.es\/#\/schema\/logo\/image\/\"},\"sameAs\":[\"https:\/\/www.facebook.com\/people\/Alimagro\/100095025612077\/\",\"https:\/\/www.instagram.com\/alimagro_\/\"]},{\"@type\":\"Person\",\"@id\":\"https:\/\/alimagro.es\/#\/schema\/person\/89860ad1bd667547b21c7a338776d78b\",\"name\":\"Mar\u00eda \u00c1lvarez\",\"image\":{\"@type\":\"ImageObject\",\"inLanguage\":\"gl-ES\",\"@id\":\"https:\/\/alimagro.es\/#\/schema\/person\/image\/\",\"url\":\"https:\/\/secure.gravatar.com\/avatar\/073a70519b527b7f5caacb635da42b6721e0828f6a6609c38e1663e2b4ab460f?s=96&d=mm&r=g\",\"contentUrl\":\"https:\/\/secure.gravatar.com\/avatar\/073a70519b527b7f5caacb635da42b6721e0828f6a6609c38e1663e2b4ab460f?s=96&d=mm&r=g\",\"caption\":\"Mar\u00eda \u00c1lvarez\"},\"url\":\"https:\/\/alimagro.es\/gl\/author\/maria\/\"}]}<\/script>\n<!-- \/ Yoast SEO plugin. -->","yoast_head_json":{"title":"Comercial Agr\u00edcola Guerra apuesta por la innovaci\u00f3n y la agricultura de precisi\u00f3n | Alimagro","robots":{"index":"index","follow":"follow","max-snippet":"max-snippet:-1","max-image-preview":"max-image-preview:large","max-video-preview":"max-video-preview:-1"},"canonical":"https:\/\/alimagro.es\/gl\/2025\/08\/20\/comercial-agricola-guerra-apuesta-por-la-innovacion-y-la-agricultura-de-precision\/","og_locale":"gl_ES","og_type":"article","og_title":"Comercial Agr\u00edcola Guerra apuesta por la innovaci\u00f3n y la agricultura de precisi\u00f3n | Alimagro","og_description":"Comercial Agr\u00edcola Guerra, empresa familiar, con m\u00e1s de 60 a\u00f1os de trayectoria, fundada por Antonio Guerra y con sedes en Viana do Bolo y Xinzo de Limia, se ha consolidado como un referente en Galicia gracias a su compromiso con la calidad, la innovaci\u00f3n y un servicio postventa \u00e1gil y personalizado. La empresa ourensana presentar\u00e1 [&hellip;]","og_url":"https:\/\/alimagro.es\/gl\/2025\/08\/20\/comercial-agricola-guerra-apuesta-por-la-innovacion-y-la-agricultura-de-precision\/","og_site_name":"Alimagro","article_publisher":"https:\/\/www.facebook.com\/people\/Alimagro\/100095025612077\/","article_published_time":"2025-08-20T09:44:04+00:00","article_modified_time":"2025-08-20T09:44:06+00:00","og_image":[{"width":560,"height":421,"url":"https:\/\/alimagro.es\/wp-content\/uploads\/2025\/08\/Alimagro-foto-4.jpg","type":"image\/jpeg"}],"author":"Mar\u00eda \u00c1lvarez","twitter_card":"summary_large_image","twitter_misc":{"Escrito por":"Mar\u00eda \u00c1lvarez","Tempo de lectura":"3 minutos"},"schema":{"@context":"https:\/\/schema.org","@graph":[{"@type":"Article","@id":"https:\/\/alimagro.es\/2025\/08\/20\/comercial-agricola-guerra-apuesta-por-la-innovacion-y-la-agricultura-de-precision\/#article","isPartOf":{"@id":"https:\/\/alimagro.es\/2025\/08\/20\/comercial-agricola-guerra-apuesta-por-la-innovacion-y-la-agricultura-de-precision\/"},"author":{"name":"Mar\u00eda \u00c1lvarez","@id":"https:\/\/alimagro.es\/#\/schema\/person\/89860ad1bd667547b21c7a338776d78b"},"headline":"Comercial Agr\u00edcola Guerra apuesta por la innovaci\u00f3n y la agricultura de precisi\u00f3n","datePublished":"2025-08-20T09:44:04+00:00","dateModified":"2025-08-20T09:44:06+00:00","mainEntityOfPage":{"@id":"https:\/\/alimagro.es\/2025\/08\/20\/comercial-agricola-guerra-apuesta-por-la-innovacion-y-la-agricultura-de-precision\/"},"wordCount":441,"publisher":{"@id":"https:\/\/alimagro.es\/#organization"},"image":{"@id":"https:\/\/alimagro.es\/2025\/08\/20\/comercial-agricola-guerra-apuesta-por-la-innovacion-y-la-agricultura-de-precision\/#primaryimage"},"thumbnailUrl":"https:\/\/alimagro.es\/wp-content\/uploads\/2025\/08\/Alimagro-foto-4.jpg","keywords":["agr\u00edcola","Alimagro","feria","tractores","vendimiadora"],"articleSection":["Alimagro","General"],"inLanguage":"gl-ES"},{"@type":"WebPage","@id":"https:\/\/alimagro.es\/2025\/08\/20\/comercial-agricola-guerra-apuesta-por-la-innovacion-y-la-agricultura-de-precision\/","url":"https:\/\/alimagro.es\/2025\/08\/20\/comercial-agricola-guerra-apuesta-por-la-innovacion-y-la-agricultura-de-precision\/","name":"Comercial Agr\u00edcola Guerra apuesta por la innovaci\u00f3n y la agricultura de precisi\u00f3n | Alimagro","isPartOf":{"@id":"https:\/\/alimagro.es\/#website"},"primaryImageOfPage":{"@id":"https:\/\/alimagro.es\/2025\/08\/20\/comercial-agricola-guerra-apuesta-por-la-innovacion-y-la-agricultura-de-precision\/#primaryimage"},"image":{"@id":"https:\/\/alimagro.es\/2025\/08\/20\/comercial-agricola-guerra-apuesta-por-la-innovacion-y-la-agricultura-de-precision\/#primaryimage"},"thumbnailUrl":"https:\/\/alimagro.es\/wp-content\/uploads\/2025\/08\/Alimagro-foto-4.jpg","datePublished":"2025-08-20T09:44:04+00:00","dateModified":"2025-08-20T09:44:06+00:00","breadcrumb":{"@id":"https:\/\/alimagro.es\/2025\/08\/20\/comercial-agricola-guerra-apuesta-por-la-innovacion-y-la-agricultura-de-precision\/#breadcrumb"},"inLanguage":"gl-ES","potentialAction":[{"@type":"ReadAction","target":["https:\/\/alimagro.es\/2025\/08\/20\/comercial-agricola-guerra-apuesta-por-la-innovacion-y-la-agricultura-de-precision\/"]}]},{"@type":"ImageObject","inLanguage":"gl-ES","@id":"https:\/\/alimagro.es\/2025\/08\/20\/comercial-agricola-guerra-apuesta-por-la-innovacion-y-la-agricultura-de-precision\/#primaryimage","url":"https:\/\/alimagro.es\/wp-content\/uploads\/2025\/08\/Alimagro-foto-4.jpg","contentUrl":"https:\/\/alimagro.es\/wp-content\/uploads\/2025\/08\/Alimagro-foto-4.jpg","width":560,"height":421},{"@type":"BreadcrumbList","@id":"https:\/\/alimagro.es\/2025\/08\/20\/comercial-agricola-guerra-apuesta-por-la-innovacion-y-la-agricultura-de-precision\/#breadcrumb","itemListElement":[{"@type":"ListItem","position":1,"name":"Portada","item":"https:\/\/alimagro.es\/"},{"@type":"ListItem","position":2,"name":"Comercial Agr\u00edcola Guerra apuesta por la innovaci\u00f3n y la agricultura de precisi\u00f3n"}]},{"@type":"WebSite","@id":"https:\/\/alimagro.es\/#website","url":"https:\/\/alimagro.es\/","name":"Alimagro","description":"Alimagro, un evento referente nacional que aglutina las novedades en cuanto al cultivo de patata y la maquinaria agr\u00edcola.","publisher":{"@id":"https:\/\/alimagro.es\/#organization"},"alternateName":"Feria del Agro de la Limia","potentialAction":[{"@type":"SearchAction","target":{"@type":"EntryPoint","urlTemplate":"https:\/\/alimagro.es\/?s={search_term_string}"},"query-input":{"@type":"PropertyValueSpecification","valueRequired":true,"valueName":"search_term_string"}}],"inLanguage":"gl-ES"},{"@type":"Organization","@id":"https:\/\/alimagro.es\/#organization","name":"Alimagro","url":"https:\/\/alimagro.es\/","logo":{"@type":"ImageObject","inLanguage":"gl-ES","@id":"https:\/\/alimagro.es\/#\/schema\/logo\/image\/","url":"https:\/\/alimagro.es\/wp-content\/uploads\/2023\/07\/alimagro-logo-verde.png","contentUrl":"https:\/\/alimagro.es\/wp-content\/uploads\/2023\/07\/alimagro-logo-verde.png","width":500,"height":96,"caption":"Alimagro"},"image":{"@id":"https:\/\/alimagro.es\/#\/schema\/logo\/image\/"},"sameAs":["https:\/\/www.facebook.com\/people\/Alimagro\/100095025612077\/","https:\/\/www.instagram.com\/alimagro_\/"]},{"@type":"Person","@id":"https:\/\/alimagro.es\/#\/schema\/person\/89860ad1bd667547b21c7a338776d78b","name":"Mar\u00eda \u00c1lvarez","image":{"@type":"ImageObject","inLanguage":"gl-ES","@id":"https:\/\/alimagro.es\/#\/schema\/person\/image\/","url":"https:\/\/secure.gravatar.com\/avatar\/073a70519b527b7f5caacb635da42b6721e0828f6a6609c38e1663e2b4ab460f?s=96&d=mm&r=g","contentUrl":"https:\/\/secure.gravatar.com\/avatar\/073a70519b527b7f5caacb635da42b6721e0828f6a6609c38e1663e2b4ab460f?s=96&d=mm&r=g","caption":"Mar\u00eda \u00c1lvarez"},"url":"https:\/\/alimagro.es\/gl\/author\/maria\/"}]}},"_links":{"self":[{"href":"https:\/\/alimagro.es\/gl\/wp-json\/wp\/v2\/posts\/1254","targetHints":{"allow":["GET"]}}],"collection":[{"href":"https:\/\/alimagro.es\/gl\/wp-json\/wp\/v2\/posts"}],"about":[{"href":"https:\/\/alimagro.es\/gl\/wp-json\/wp\/v2\/types\/post"}],"author":[{"embeddable":true,"href":"https:\/\/alimagro.es\/gl\/wp-json\/wp\/v2\/users\/7"}],"replies":[{"embeddable":true,"href":"https:\/\/alimagro.es\/gl\/wp-json\/wp\/v2\/comments?post=1254"}],"version-history":[{"count":1,"href":"https:\/\/alimagro.es\/gl\/wp-json\/wp\/v2\/posts\/1254\/revisions"}],"predecessor-version":[{"id":1261,"href":"https:\/\/alimagro.es\/gl\/wp-json\/wp\/v2\/posts\/1254\/revisions\/1261"}],"wp:featuredmedia":[{"embeddable":true,"href":"https:\/\/alimagro.es\/gl\/wp-json\/wp\/v2\/media\/1255"}],"wp:attachment":[{"href":"https:\/\/alimagro.es\/gl\/wp-json\/wp\/v2\/media?parent=1254"}],"wp:term":[{"taxonomy":"category","embeddable":true,"href":"https:\/\/alimagro.es\/gl\/wp-json\/wp\/v2\/categories?post=1254"},{"taxonomy":"post_tag","embeddable":true,"href":"https:\/\/alimagro.es\/gl\/wp-json\/wp\/v2\/tags?post=1254"}],"curies":[{"name":"wp","href":"https:\/\/api.w.org\/{rel}","templated":true}]}}