{"id":1213,"date":"2025-08-14T15:05:43","date_gmt":"2025-08-14T13:05:43","guid":{"rendered":"https:\/\/alimagro.es\/?p=1213"},"modified":"2025-08-19T14:43:50","modified_gmt":"2025-08-19T12:43:50","slug":"la-patata-protagonista-del-mes-de-septiembre-en-galicia","status":"publish","type":"post","link":"https:\/\/alimagro.es\/gl\/2025\/08\/14\/la-patata-protagonista-del-mes-de-septiembre-en-galicia\/","title":{"rendered":"A pataca, a estrela de setembro en Galicia"},"content":{"rendered":"<p>Setembro \u00e9 un mes importante para a industria da pataca en Galicia. Ambos eventos xa est\u00e1n marcados no calendario para os afeccionados \u00e1 pataca.<\/p>\n\n\n\n<p><strong>Alimagro<\/strong> converteuse tam\u00e9n nun evento reco\u00f1ecido a nivel nacional. Este ano, a sexta edici\u00f3n cel\u00e9brase en Xinzo de Limia e, segundo Amador D\u00edaz, alcalde de Xinzo de Limia, esperan acoller a \u00abmiles de persoas, superando mesmo as edici\u00f3ns anteriores\u00bb.Esta nova edici\u00f3n celebrarase do venres 5 de setembro ao domingo 7 de setembro e o seu programa incl\u00fae a Feira da Pataca e a Feira da Maquinaria, unha ampla exposici\u00f3n que presenta as \u00faltimas novidades do mercado. Alimagro \u00abreflicte a comarca agr\u00edcola m\u00e1is importante de Galicia. Est\u00e1 a impulsar unha pataca que xa conta con reco\u00f1ecemento nacional\u00bb, afirma o alcalde.<\/p>\n\n\n\n<p>Ademais, como novidade deste ano, haber\u00e1 unha cata aberta na que cada localidade produtora presentar\u00e1 unha variedade da s\u00faa rexi\u00f3n. \u00abCreo que esta novidade ser\u00e1 moi popular debido \u00e1 gran cantidade de agricultores que nos visitan de todo o pa\u00eds\u00bb, afirma D\u00edaz.<\/p>\n\n\n\n<p>Ademais, celebrarase a primeira colleita de patacas en Xinzo de Limia. \u00abEste \u00e9 outro avance significativo e poder\u00eda axudar a que as patacas gallegas comecen a consumirse\u00bb, afirma o alcalde de Xinzo de Limia.<\/p>\n\n\n\n<figure class=\"wp-block-image size-large is-resized\"><img loading=\"lazy\" decoding=\"async\" width=\"1024\" height=\"683\" src=\"https:\/\/alimagro.es\/wp-content\/uploads\/2025\/08\/Amador-Diaz-Asociacion-de-Productores-de-Patata-de-A-Limia-1024x683.jpg\" alt=\"\" class=\"wp-image-1216\" style=\"width:605px;height:auto\" srcset=\"https:\/\/alimagro.es\/wp-content\/uploads\/2025\/08\/Amador-Diaz-Asociacion-de-Productores-de-Patata-de-A-Limia-1024x683.jpg 1024w, https:\/\/alimagro.es\/wp-content\/uploads\/2025\/08\/Amador-Diaz-Asociacion-de-Productores-de-Patata-de-A-Limia-300x200.jpg 300w, https:\/\/alimagro.es\/wp-content\/uploads\/2025\/08\/Amador-Diaz-Asociacion-de-Productores-de-Patata-de-A-Limia-768x512.jpg 768w, https:\/\/alimagro.es\/wp-content\/uploads\/2025\/08\/Amador-Diaz-Asociacion-de-Productores-de-Patata-de-A-Limia-1536x1024.jpg 1536w, https:\/\/alimagro.es\/wp-content\/uploads\/2025\/08\/Amador-Diaz-Asociacion-de-Productores-de-Patata-de-A-Limia-2048x1365.jpg 2048w, https:\/\/alimagro.es\/wp-content\/uploads\/2025\/08\/Amador-Diaz-Asociacion-de-Productores-de-Patata-de-A-Limia-18x12.jpg 18w, https:\/\/alimagro.es\/wp-content\/uploads\/2025\/08\/Amador-Diaz-Asociacion-de-Productores-de-Patata-de-A-Limia-696x464.jpg 696w, https:\/\/alimagro.es\/wp-content\/uploads\/2025\/08\/Amador-Diaz-Asociacion-de-Productores-de-Patata-de-A-Limia-1068x712.jpg 1068w, https:\/\/alimagro.es\/wp-content\/uploads\/2025\/08\/Amador-Diaz-Asociacion-de-Productores-de-Patata-de-A-Limia-1920x1280.jpg 1920w\" sizes=\"auto, (max-width: 1024px) 100vw, 1024px\" \/><figcaption class=\"wp-element-caption\">Amador D\u00edaz, alcalde de Xinzo de Limia<\/figcaption><\/figure>\n\n\n\n<h2 class=\"wp-block-heading\"><strong>Onde se celebra?<\/strong><\/h2>\n\n\n\n<p>O evento conta cunha ampla variedade de actividades, onde se poder\u00e1 desfrutar da maquinaria exposta por empresas e marcas l\u00edderes no sector do cultivo da pataca, tanto rexionais como nacionais. Mostrar\u00e1n as s\u00faas \u00faltimas innovaci\u00f3ns, produtos e t\u00e9cnicas agr\u00edcolas. \u00abC\u00f3mpre sinalar que, en canto a tractores, esta \u00e9 unha das m\u00e1is importantes do pa\u00eds\u00bb, engadiu D\u00edaz. A Feira da Maquinaria rodear\u00e1 o Parque Toural e estenderase pola r\u00faa Dos de Maio. O resto de actividades celebraranse no pavill\u00f3n deportivo.<\/p>\n\n\n\n<h2 class=\"wp-block-heading\"><strong>Xornada T\u00e9cnica<\/strong><\/h2>\n\n\n\n<p>O xoves 4 de setembro a feira contar\u00e1 cun pr\u00f3logo moi centrado na produci\u00f3n e a comercializaci\u00f3n da pataca. \u00c9 a terceira Xornada T\u00e9cnica da Pataca, organizada pola Revista Campo e que dedicar\u00e1 especial atenci\u00f3n \u00e1 sanidade vexetal, \u00e1 eficiencia na fertilizaci\u00f3n e \u00e1 calidade e cantidade de auga para a rega.<\/p>\n\n\n\n<p>Esta feira ten como obxectivo destacar a&nbsp;<strong>profesionalizaci\u00f3n do sector<\/strong>&nbsp;a trav\u00e9s de diversas mesas redondas nas que profesionais galegos e nacionais analizar\u00e1n cuesti\u00f3ns de especial relevancia. O obxectivo destas reuni\u00f3ns \u00e9 difundir o \u00e9xito da pataca gallega ao resto de Espa\u00f1a.<\/p>\n\n\n\n<p>Para rexistrarse na xornada t\u00e9cnica, visite a seguinte ligaz\u00f3n: &nbsp;<a href=\"https:\/\/alimagro.es\/gl\/\">https:\/\/alimagro.es\/gl\/<\/a><\/p>\n\n\n\n<h2 class=\"wp-block-heading\"><strong>Coristanco: La festa da pataca<\/strong><\/h2>\n\n\n\n<p>Do 19 ao 21 de setembro en Galicia, concretamente en Coristanco, a pataca volve a cobrar protagonismo. &nbsp;<\/p>\n\n\n\n<p>A pataca \u00e9 o cultivo por excelencia de Coristanco. E un ano m\u00e1is, o 43, <strong>a Festa da Pataca celebrar\u00e1 o tub\u00e9rculo como selo<\/strong>&nbsp;distintivo da vila. Ao longo de dous d\u00edas de actividades, destacarase a excelencia e a calidade deste cultivo na zona. Estas caracter\u00edsticas son precisamente os factores distintivos deste produto producido neste concello coru\u00f1\u00e9s. \u00abO mercado reco\u00f1ece as caracter\u00edsticas da nosa pataca. Xera econom\u00eda, cultura e orgullo para o noso concello\u00bb, reco\u00f1ece o alcalde de Coristanco, Juan Carlos Garc\u00eda.<\/p>\n\n\n\n<figure class=\"wp-block-image size-full\"><img loading=\"lazy\" decoding=\"async\" width=\"480\" height=\"270\" src=\"https:\/\/alimagro.es\/wp-content\/uploads\/2025\/08\/CA25C4F1_1.webp\" alt=\"\" class=\"wp-image-1215\" srcset=\"https:\/\/alimagro.es\/wp-content\/uploads\/2025\/08\/CA25C4F1_1.webp 480w, https:\/\/alimagro.es\/wp-content\/uploads\/2025\/08\/CA25C4F1_1-300x169.webp 300w, https:\/\/alimagro.es\/wp-content\/uploads\/2025\/08\/CA25C4F1_1-18x10.webp 18w\" sizes=\"auto, (max-width: 480px) 100vw, 480px\" \/><figcaption class=\"wp-element-caption\">Juan Carlos Garc\u00eda, alcalde de Coristanco<\/figcaption><\/figure>\n\n\n\n<p>Nesta edici\u00f3n mostrarase aos visitantes como se cultiva o produto en Coristanco.<\/p>\n\n\n\n<p>A feira agarda atraer a m\u00e1is de 5.000 asistentes a unha serie de actividades, concursos gastron\u00f3micos, exposici\u00f3ns fotogr\u00e1ficas e actuaci\u00f3ns musicais. \u00abNenos e adultos do concello participan nas diversas actividades. Se hai algo que define a Coristanco \u00e9 a pataca de seca\u00f1o, e a variedade Kennebec en particular, e estes d\u00edas son especiais para todos\u00bb, afirma Garc\u00eda. A Feira da Pataca re\u00fane a agricultura, a gastronom\u00eda e as tradici\u00f3ns que rodean o tub\u00e9rculo.<\/p>\n\n\n\n<p><strong>I ENCONTRO AGROPROFESIONAL DA PATACA DE CORISTANCO.<\/strong> \u00e9 unha cita obrigada para agricultores, t\u00e9cnicos, investigadores e todos os profesionais interesados neste cultivo tradicional gallego con gran potencial de futuro. Esta iniciativa busca promover e profesionalizar o sector da pataca na rexi\u00f3n. Realizarase unha an\u00e1lise agron\u00f3mica do mercado, xunto cun enfoque no cultivo da pataca e o obxectivo principal: demostrar a calidade da marca de pataca de Coristanco aos consumidores e garantir que a reco\u00f1ezan. Este encontro \u00e9 unha oportunidade \u00fanica para reunirse, abordar cuesti\u00f3ns de interese para todo o sector da pataca e co\u00f1ecer os retos emerxentes. \u00abEste evento ofrecer\u00e1 unha visi\u00f3n xeral do que est\u00e1 a acontecer e cara a onde se dirixe o sector\u00bb, afirma o alcalde de Coristanco.<\/p>","protected":false},"excerpt":{"rendered":"<p>La patata en Galicia arranca su campa\u00f1a de recolecci\u00f3n y sus dos zonas de producci\u00f3n m\u00e1s importantes se visten de gala. Ambos eventos son una cita ya marcada en el calendario para lo amantes de este cultivo. Alimagro primero en el calendario, se ha convertido en un evento de referencia nacional. Xinzo de Limia espera [&hellip;]<\/p>","protected":false},"author":11,"featured_media":1214,"comment_status":"closed","ping_status":"closed","sticky":false,"template":"","format":"standard","meta":{"ngg_post_thumbnail":0,"footnotes":""},"categories":[1],"tags":[],"class_list":{"0":"post-1213","1":"post","2":"type-post","3":"status-publish","4":"format-standard","5":"has-post-thumbnail","7":"category-sin-categoria"},"yoast_head":"<!-- This site is optimized with the Yoast SEO plugin v25.8 - https:\/\/yoast.com\/wordpress\/plugins\/seo\/ -->\n<title>La patata, protagonista del mes de septiembre en Galicia | Alimagro<\/title>\n<meta name=\"robots\" content=\"index, follow, max-snippet:-1, max-image-preview:large, max-video-preview:-1\" \/>\n<link rel=\"canonical\" href=\"https:\/\/alimagro.es\/gl\/2025\/08\/14\/la-patata-protagonista-del-mes-de-septiembre-en-galicia\/\" \/>\n<meta property=\"og:locale\" content=\"gl_ES\" \/>\n<meta property=\"og:type\" content=\"article\" \/>\n<meta property=\"og:title\" content=\"La patata, protagonista del mes de septiembre en Galicia | Alimagro\" \/>\n<meta property=\"og:description\" content=\"La patata en Galicia arranca su campa\u00f1a de recolecci\u00f3n y sus dos zonas de producci\u00f3n m\u00e1s importantes se visten de gala. Ambos eventos son una cita ya marcada en el calendario para lo amantes de este cultivo. Alimagro primero en el calendario, se ha convertido en un evento de referencia nacional. Xinzo de Limia espera [&hellip;]\" \/>\n<meta property=\"og:url\" content=\"https:\/\/alimagro.es\/gl\/2025\/08\/14\/la-patata-protagonista-del-mes-de-septiembre-en-galicia\/\" \/>\n<meta property=\"og:site_name\" content=\"Alimagro\" \/>\n<meta property=\"article:publisher\" content=\"https:\/\/www.facebook.com\/people\/Alimagro\/100095025612077\/\" \/>\n<meta property=\"article:published_time\" content=\"2025-08-14T13:05:43+00:00\" \/>\n<meta property=\"article:modified_time\" content=\"2025-08-19T12:43:50+00:00\" \/>\n<meta property=\"og:image\" content=\"https:\/\/alimagro.es\/wp-content\/uploads\/2025\/08\/P1010362-1068x801-1.jpg\" \/>\n\t<meta property=\"og:image:width\" content=\"1068\" \/>\n\t<meta property=\"og:image:height\" content=\"801\" \/>\n\t<meta property=\"og:image:type\" content=\"image\/jpeg\" \/>\n<meta name=\"author\" content=\"Natalia Lozano\" \/>\n<meta name=\"twitter:card\" content=\"summary_large_image\" \/>\n<meta name=\"twitter:label1\" content=\"Escrito por\" \/>\n\t<meta name=\"twitter:data1\" content=\"Natalia Lozano\" \/>\n\t<meta name=\"twitter:label2\" content=\"Tempo de lectura\" \/>\n\t<meta name=\"twitter:data2\" content=\"5 minutos\" \/>\n<script type=\"application\/ld+json\" class=\"yoast-schema-graph\">{\"@context\":\"https:\/\/schema.org\",\"@graph\":[{\"@type\":\"Article\",\"@id\":\"https:\/\/alimagro.es\/2025\/08\/14\/la-patata-protagonista-del-mes-de-septiembre-en-galicia\/#article\",\"isPartOf\":{\"@id\":\"https:\/\/alimagro.es\/2025\/08\/14\/la-patata-protagonista-del-mes-de-septiembre-en-galicia\/\"},\"author\":{\"name\":\"Natalia Lozano\",\"@id\":\"https:\/\/alimagro.es\/#\/schema\/person\/bc44f5e9369a82c257b6986e3f8975c0\"},\"headline\":\"La patata, protagonista del mes de septiembre en Galicia\",\"datePublished\":\"2025-08-14T13:05:43+00:00\",\"dateModified\":\"2025-08-19T12:43:50+00:00\",\"mainEntityOfPage\":{\"@id\":\"https:\/\/alimagro.es\/2025\/08\/14\/la-patata-protagonista-del-mes-de-septiembre-en-galicia\/\"},\"wordCount\":909,\"publisher\":{\"@id\":\"https:\/\/alimagro.es\/#organization\"},\"image\":{\"@id\":\"https:\/\/alimagro.es\/2025\/08\/14\/la-patata-protagonista-del-mes-de-septiembre-en-galicia\/#primaryimage\"},\"thumbnailUrl\":\"https:\/\/alimagro.es\/wp-content\/uploads\/2025\/08\/P1010362-1068x801-1.jpg\",\"articleSection\":[\"Sin categor\u00eda\"],\"inLanguage\":\"gl-ES\"},{\"@type\":\"WebPage\",\"@id\":\"https:\/\/alimagro.es\/2025\/08\/14\/la-patata-protagonista-del-mes-de-septiembre-en-galicia\/\",\"url\":\"https:\/\/alimagro.es\/2025\/08\/14\/la-patata-protagonista-del-mes-de-septiembre-en-galicia\/\",\"name\":\"La patata, protagonista del mes de septiembre en Galicia | Alimagro\",\"isPartOf\":{\"@id\":\"https:\/\/alimagro.es\/#website\"},\"primaryImageOfPage\":{\"@id\":\"https:\/\/alimagro.es\/2025\/08\/14\/la-patata-protagonista-del-mes-de-septiembre-en-galicia\/#primaryimage\"},\"image\":{\"@id\":\"https:\/\/alimagro.es\/2025\/08\/14\/la-patata-protagonista-del-mes-de-septiembre-en-galicia\/#primaryimage\"},\"thumbnailUrl\":\"https:\/\/alimagro.es\/wp-content\/uploads\/2025\/08\/P1010362-1068x801-1.jpg\",\"datePublished\":\"2025-08-14T13:05:43+00:00\",\"dateModified\":\"2025-08-19T12:43:50+00:00\",\"breadcrumb\":{\"@id\":\"https:\/\/alimagro.es\/2025\/08\/14\/la-patata-protagonista-del-mes-de-septiembre-en-galicia\/#breadcrumb\"},\"inLanguage\":\"gl-ES\",\"potentialAction\":[{\"@type\":\"ReadAction\",\"target\":[\"https:\/\/alimagro.es\/2025\/08\/14\/la-patata-protagonista-del-mes-de-septiembre-en-galicia\/\"]}]},{\"@type\":\"ImageObject\",\"inLanguage\":\"gl-ES\",\"@id\":\"https:\/\/alimagro.es\/2025\/08\/14\/la-patata-protagonista-del-mes-de-septiembre-en-galicia\/#primaryimage\",\"url\":\"https:\/\/alimagro.es\/wp-content\/uploads\/2025\/08\/P1010362-1068x801-1.jpg\",\"contentUrl\":\"https:\/\/alimagro.es\/wp-content\/uploads\/2025\/08\/P1010362-1068x801-1.jpg\",\"width\":1068,\"height\":801},{\"@type\":\"BreadcrumbList\",\"@id\":\"https:\/\/alimagro.es\/2025\/08\/14\/la-patata-protagonista-del-mes-de-septiembre-en-galicia\/#breadcrumb\",\"itemListElement\":[{\"@type\":\"ListItem\",\"position\":1,\"name\":\"Portada\",\"item\":\"https:\/\/alimagro.es\/\"},{\"@type\":\"ListItem\",\"position\":2,\"name\":\"La patata, protagonista del mes de septiembre en Galicia\"}]},{\"@type\":\"WebSite\",\"@id\":\"https:\/\/alimagro.es\/#website\",\"url\":\"https:\/\/alimagro.es\/\",\"name\":\"Alimagro\",\"description\":\"Alimagro, un evento referente nacional que aglutina las novedades en cuanto al cultivo de patata y la maquinaria agr\u00edcola.\",\"publisher\":{\"@id\":\"https:\/\/alimagro.es\/#organization\"},\"alternateName\":\"Feria del Agro de la Limia\",\"potentialAction\":[{\"@type\":\"SearchAction\",\"target\":{\"@type\":\"EntryPoint\",\"urlTemplate\":\"https:\/\/alimagro.es\/?s={search_term_string}\"},\"query-input\":{\"@type\":\"PropertyValueSpecification\",\"valueRequired\":true,\"valueName\":\"search_term_string\"}}],\"inLanguage\":\"gl-ES\"},{\"@type\":\"Organization\",\"@id\":\"https:\/\/alimagro.es\/#organization\",\"name\":\"Alimagro\",\"url\":\"https:\/\/alimagro.es\/\",\"logo\":{\"@type\":\"ImageObject\",\"inLanguage\":\"gl-ES\",\"@id\":\"https:\/\/alimagro.es\/#\/schema\/logo\/image\/\",\"url\":\"https:\/\/alimagro.es\/wp-content\/uploads\/2023\/07\/alimagro-logo-verde.png\",\"contentUrl\":\"https:\/\/alimagro.es\/wp-content\/uploads\/2023\/07\/alimagro-logo-verde.png\",\"width\":500,\"height\":96,\"caption\":\"Alimagro\"},\"image\":{\"@id\":\"https:\/\/alimagro.es\/#\/schema\/logo\/image\/\"},\"sameAs\":[\"https:\/\/www.facebook.com\/people\/Alimagro\/100095025612077\/\",\"https:\/\/www.instagram.com\/alimagro_\/\"]},{\"@type\":\"Person\",\"@id\":\"https:\/\/alimagro.es\/#\/schema\/person\/bc44f5e9369a82c257b6986e3f8975c0\",\"name\":\"Natalia Lozano\",\"image\":{\"@type\":\"ImageObject\",\"inLanguage\":\"gl-ES\",\"@id\":\"https:\/\/alimagro.es\/#\/schema\/person\/image\/\",\"url\":\"https:\/\/secure.gravatar.com\/avatar\/991138ad631ca80bc76a5a37776a93fa95e294a4ec8574aad5d9b638272a4290?s=96&d=mm&r=g\",\"contentUrl\":\"https:\/\/secure.gravatar.com\/avatar\/991138ad631ca80bc76a5a37776a93fa95e294a4ec8574aad5d9b638272a4290?s=96&d=mm&r=g\",\"caption\":\"Natalia Lozano\"},\"url\":\"https:\/\/alimagro.es\/gl\/author\/natali\/\"}]}<\/script>\n<!-- \/ Yoast SEO plugin. -->","yoast_head_json":{"title":"La patata, protagonista del mes de septiembre en Galicia | Alimagro","robots":{"index":"index","follow":"follow","max-snippet":"max-snippet:-1","max-image-preview":"max-image-preview:large","max-video-preview":"max-video-preview:-1"},"canonical":"https:\/\/alimagro.es\/gl\/2025\/08\/14\/la-patata-protagonista-del-mes-de-septiembre-en-galicia\/","og_locale":"gl_ES","og_type":"article","og_title":"La patata, protagonista del mes de septiembre en Galicia | Alimagro","og_description":"La patata en Galicia arranca su campa\u00f1a de recolecci\u00f3n y sus dos zonas de producci\u00f3n m\u00e1s importantes se visten de gala. Ambos eventos son una cita ya marcada en el calendario para lo amantes de este cultivo. Alimagro primero en el calendario, se ha convertido en un evento de referencia nacional. Xinzo de Limia espera [&hellip;]","og_url":"https:\/\/alimagro.es\/gl\/2025\/08\/14\/la-patata-protagonista-del-mes-de-septiembre-en-galicia\/","og_site_name":"Alimagro","article_publisher":"https:\/\/www.facebook.com\/people\/Alimagro\/100095025612077\/","article_published_time":"2025-08-14T13:05:43+00:00","article_modified_time":"2025-08-19T12:43:50+00:00","og_image":[{"width":1068,"height":801,"url":"https:\/\/alimagro.es\/wp-content\/uploads\/2025\/08\/P1010362-1068x801-1.jpg","type":"image\/jpeg"}],"author":"Natalia Lozano","twitter_card":"summary_large_image","twitter_misc":{"Escrito por":"Natalia Lozano","Tempo de lectura":"5 minutos"},"schema":{"@context":"https:\/\/schema.org","@graph":[{"@type":"Article","@id":"https:\/\/alimagro.es\/2025\/08\/14\/la-patata-protagonista-del-mes-de-septiembre-en-galicia\/#article","isPartOf":{"@id":"https:\/\/alimagro.es\/2025\/08\/14\/la-patata-protagonista-del-mes-de-septiembre-en-galicia\/"},"author":{"name":"Natalia Lozano","@id":"https:\/\/alimagro.es\/#\/schema\/person\/bc44f5e9369a82c257b6986e3f8975c0"},"headline":"La patata, protagonista del mes de septiembre en Galicia","datePublished":"2025-08-14T13:05:43+00:00","dateModified":"2025-08-19T12:43:50+00:00","mainEntityOfPage":{"@id":"https:\/\/alimagro.es\/2025\/08\/14\/la-patata-protagonista-del-mes-de-septiembre-en-galicia\/"},"wordCount":909,"publisher":{"@id":"https:\/\/alimagro.es\/#organization"},"image":{"@id":"https:\/\/alimagro.es\/2025\/08\/14\/la-patata-protagonista-del-mes-de-septiembre-en-galicia\/#primaryimage"},"thumbnailUrl":"https:\/\/alimagro.es\/wp-content\/uploads\/2025\/08\/P1010362-1068x801-1.jpg","articleSection":["Sin categor\u00eda"],"inLanguage":"gl-ES"},{"@type":"WebPage","@id":"https:\/\/alimagro.es\/2025\/08\/14\/la-patata-protagonista-del-mes-de-septiembre-en-galicia\/","url":"https:\/\/alimagro.es\/2025\/08\/14\/la-patata-protagonista-del-mes-de-septiembre-en-galicia\/","name":"La patata, protagonista del mes de septiembre en Galicia | Alimagro","isPartOf":{"@id":"https:\/\/alimagro.es\/#website"},"primaryImageOfPage":{"@id":"https:\/\/alimagro.es\/2025\/08\/14\/la-patata-protagonista-del-mes-de-septiembre-en-galicia\/#primaryimage"},"image":{"@id":"https:\/\/alimagro.es\/2025\/08\/14\/la-patata-protagonista-del-mes-de-septiembre-en-galicia\/#primaryimage"},"thumbnailUrl":"https:\/\/alimagro.es\/wp-content\/uploads\/2025\/08\/P1010362-1068x801-1.jpg","datePublished":"2025-08-14T13:05:43+00:00","dateModified":"2025-08-19T12:43:50+00:00","breadcrumb":{"@id":"https:\/\/alimagro.es\/2025\/08\/14\/la-patata-protagonista-del-mes-de-septiembre-en-galicia\/#breadcrumb"},"inLanguage":"gl-ES","potentialAction":[{"@type":"ReadAction","target":["https:\/\/alimagro.es\/2025\/08\/14\/la-patata-protagonista-del-mes-de-septiembre-en-galicia\/"]}]},{"@type":"ImageObject","inLanguage":"gl-ES","@id":"https:\/\/alimagro.es\/2025\/08\/14\/la-patata-protagonista-del-mes-de-septiembre-en-galicia\/#primaryimage","url":"https:\/\/alimagro.es\/wp-content\/uploads\/2025\/08\/P1010362-1068x801-1.jpg","contentUrl":"https:\/\/alimagro.es\/wp-content\/uploads\/2025\/08\/P1010362-1068x801-1.jpg","width":1068,"height":801},{"@type":"BreadcrumbList","@id":"https:\/\/alimagro.es\/2025\/08\/14\/la-patata-protagonista-del-mes-de-septiembre-en-galicia\/#breadcrumb","itemListElement":[{"@type":"ListItem","position":1,"name":"Portada","item":"https:\/\/alimagro.es\/"},{"@type":"ListItem","position":2,"name":"La patata, protagonista del mes de septiembre en Galicia"}]},{"@type":"WebSite","@id":"https:\/\/alimagro.es\/#website","url":"https:\/\/alimagro.es\/","name":"Alimagro","description":"Alimagro, un evento referente nacional que aglutina las novedades en cuanto al cultivo de patata y la maquinaria agr\u00edcola.","publisher":{"@id":"https:\/\/alimagro.es\/#organization"},"alternateName":"Feria del Agro de la Limia","potentialAction":[{"@type":"SearchAction","target":{"@type":"EntryPoint","urlTemplate":"https:\/\/alimagro.es\/?s={search_term_string}"},"query-input":{"@type":"PropertyValueSpecification","valueRequired":true,"valueName":"search_term_string"}}],"inLanguage":"gl-ES"},{"@type":"Organization","@id":"https:\/\/alimagro.es\/#organization","name":"Alimagro","url":"https:\/\/alimagro.es\/","logo":{"@type":"ImageObject","inLanguage":"gl-ES","@id":"https:\/\/alimagro.es\/#\/schema\/logo\/image\/","url":"https:\/\/alimagro.es\/wp-content\/uploads\/2023\/07\/alimagro-logo-verde.png","contentUrl":"https:\/\/alimagro.es\/wp-content\/uploads\/2023\/07\/alimagro-logo-verde.png","width":500,"height":96,"caption":"Alimagro"},"image":{"@id":"https:\/\/alimagro.es\/#\/schema\/logo\/image\/"},"sameAs":["https:\/\/www.facebook.com\/people\/Alimagro\/100095025612077\/","https:\/\/www.instagram.com\/alimagro_\/"]},{"@type":"Person","@id":"https:\/\/alimagro.es\/#\/schema\/person\/bc44f5e9369a82c257b6986e3f8975c0","name":"Natalia Lozano","image":{"@type":"ImageObject","inLanguage":"gl-ES","@id":"https:\/\/alimagro.es\/#\/schema\/person\/image\/","url":"https:\/\/secure.gravatar.com\/avatar\/991138ad631ca80bc76a5a37776a93fa95e294a4ec8574aad5d9b638272a4290?s=96&d=mm&r=g","contentUrl":"https:\/\/secure.gravatar.com\/avatar\/991138ad631ca80bc76a5a37776a93fa95e294a4ec8574aad5d9b638272a4290?s=96&d=mm&r=g","caption":"Natalia Lozano"},"url":"https:\/\/alimagro.es\/gl\/author\/natali\/"}]}},"_links":{"self":[{"href":"https:\/\/alimagro.es\/gl\/wp-json\/wp\/v2\/posts\/1213","targetHints":{"allow":["GET"]}}],"collection":[{"href":"https:\/\/alimagro.es\/gl\/wp-json\/wp\/v2\/posts"}],"about":[{"href":"https:\/\/alimagro.es\/gl\/wp-json\/wp\/v2\/types\/post"}],"author":[{"embeddable":true,"href":"https:\/\/alimagro.es\/gl\/wp-json\/wp\/v2\/users\/11"}],"replies":[{"embeddable":true,"href":"https:\/\/alimagro.es\/gl\/wp-json\/wp\/v2\/comments?post=1213"}],"version-history":[{"count":2,"href":"https:\/\/alimagro.es\/gl\/wp-json\/wp\/v2\/posts\/1213\/revisions"}],"predecessor-version":[{"id":1225,"href":"https:\/\/alimagro.es\/gl\/wp-json\/wp\/v2\/posts\/1213\/revisions\/1225"}],"wp:featuredmedia":[{"embeddable":true,"href":"https:\/\/alimagro.es\/gl\/wp-json\/wp\/v2\/media\/1214"}],"wp:attachment":[{"href":"https:\/\/alimagro.es\/gl\/wp-json\/wp\/v2\/media?parent=1213"}],"wp:term":[{"taxonomy":"category","embeddable":true,"href":"https:\/\/alimagro.es\/gl\/wp-json\/wp\/v2\/categories?post=1213"},{"taxonomy":"post_tag","embeddable":true,"href":"https:\/\/alimagro.es\/gl\/wp-json\/wp\/v2\/tags?post=1213"}],"curies":[{"name":"wp","href":"https:\/\/api.w.org\/{rel}","templated":true}]}}