{"id":1174,"date":"2025-07-22T14:47:48","date_gmt":"2025-07-22T12:47:48","guid":{"rendered":"https:\/\/alimagro.es\/?p=1174"},"modified":"2025-07-24T08:28:24","modified_gmt":"2025-07-24T06:28:24","slug":"alimagro-convertira-a-xinzo-de-limia-encapital-agraria-de-la-pataca-del-5-al-7-de-septiembre","status":"publish","type":"post","link":"https:\/\/alimagro.es\/gl\/2025\/07\/22\/alimagro-convertira-a-xinzo-de-limia-encapital-agraria-de-la-pataca-del-5-al-7-de-septiembre\/","title":{"rendered":"Alimagro converter\u00e1 a Xinzo de Limia en capital agraria da pataca do 5 ao 7 de setembro"},"content":{"rendered":"<p>A pataca segue xerando m\u00fasculo e ga\u00f1ando peso espec\u00edfico dentro da agricultura galega, a\u00ednda que ten #ante si numerosos retos para garantir a s\u00faa rendibilidade. Ese \u00e9 o contexto no que se celebra a<strong> VI edici\u00f3n de Alimagro,<\/strong> la Feira do Agro da Limia, que volver\u00e1 a ser el escaparate del sector agrario <strong>en Xinzo de Limia <\/strong>(Ourense).<\/p>\n\n\n\n<p>Esta nova edici\u00f3n cel\u00e9brase do venres 5 ao domingo 7 de setembro e o seu programa incl\u00fae a Feira d\u00e1 Pataca e a Feira d\u00e1 Maquinaria, unha ampla exposici\u00f3n coas \u00faltimas novidades presentes no mercado.<\/p>\n\n\n\n<p>O xoves 4 de setembro a feira contar\u00e1 cun pr\u00f3logo moi centrado na produci\u00f3n e a comercializaci\u00f3n da pataca. \u00c9 a terceira Xornada T\u00e9cnica da Pataca, organizada pola Revista Campo e que dedicar\u00e1 especial atenci\u00f3n \u00e1 sanidade vexetal, \u00e1 eficiencia na fertilizaci\u00f3n e \u00e1 calidade e cantidade de auga para a rega.<\/p>\n\n\n\n<p>Reco\u00f1ecida como unha das dez principais feiras do sector en Espa\u00f1a, Alimagro \u00e9 unha iniciativa organizada polo Concello de Xinzo de Limia, consolid\u00e1ndose como un referente nacional no seu \u00e1mbito. <strong>Alimagro<\/strong> es una iniciativa organizada por el <strong>Concello de Xinzo de Limia<\/strong>, consolid\u00e1ndose como un referente nacional en su \u00e1mbito.<\/p>\n\n\n\n<figure class=\"wp-block-image size-large\"><img loading=\"lazy\" decoding=\"async\" width=\"1024\" height=\"577\" src=\"https:\/\/alimagro.es\/wp-content\/uploads\/2025\/07\/alimagro-jornada-tecnica-21-copia-1-1024x577.jpg\" alt=\"\" class=\"wp-image-1177\" srcset=\"https:\/\/alimagro.es\/wp-content\/uploads\/2025\/07\/alimagro-jornada-tecnica-21-copia-1-1024x577.jpg 1024w, https:\/\/alimagro.es\/wp-content\/uploads\/2025\/07\/alimagro-jornada-tecnica-21-copia-1-300x169.jpg 300w, https:\/\/alimagro.es\/wp-content\/uploads\/2025\/07\/alimagro-jornada-tecnica-21-copia-1-768x433.jpg 768w, https:\/\/alimagro.es\/wp-content\/uploads\/2025\/07\/alimagro-jornada-tecnica-21-copia-1-18x10.jpg 18w, https:\/\/alimagro.es\/wp-content\/uploads\/2025\/07\/alimagro-jornada-tecnica-21-copia-1-696x392.jpg 696w, https:\/\/alimagro.es\/wp-content\/uploads\/2025\/07\/alimagro-jornada-tecnica-21-copia-1-1068x602.jpg 1068w, https:\/\/alimagro.es\/wp-content\/uploads\/2025\/07\/alimagro-jornada-tecnica-21-copia-1.jpg 1200w\" sizes=\"auto, (max-width: 1024px) 100vw, 1024px\" \/><\/figure>\n\n\n\n<h2 class=\"wp-block-heading\"><strong>Onde se celebra?<\/strong><\/h2>\n\n\n\n<p>A Feira d\u00e1 Pataca cel\u00e9brase no polideportivo da localidade, que acoller\u00e1 a numerosos expositores. Entre eles, estar\u00e1n presentes algunhas das empresas m\u00e1is destacadas do sector do cultivo da pataca, tanto a nivel rexional como nacional, que presentar\u00e1n as s\u00faas \u00faltimas innovaci\u00f3ns, produtos e t\u00e9cnicas agr\u00edcolas<\/p>\n\n\n\n<p>Pola s\u00faa banda, a Feira d\u00e1 Maquinaria rodear\u00e1 o Parque do Toural e estenderase ao longo da r\u00faa D\u00faas de Mayo. Empresas de maquinaria presentar\u00e1n unha representaci\u00f3n das principais marcas, con todas as novidades sobre a innovaci\u00f3n enfocada \u00e1 agricultura<\/p>\n\n\n\n<p>Unha vez m\u00e1is, conf\u00edrmase a condici\u00f3n de Alimagro como referente agrario do noroeste peninsular<\/p>","protected":false},"excerpt":{"rendered":"<p>La pataca sigue generando m\u00fasculo y ganando peso espec\u00edfico dentro de la agricultura gallega, aunque tiene ante s\u00ed numerosos retos para garantizar su rentabilidad. Ese es el contexto en el que se celebra la VI edici\u00f3n de Alimagro, la Feira do Agro da Limia, que volver\u00e1 a ser el escaparate del sector agrario en Xinzo [&hellip;]<\/p>","protected":false},"author":11,"featured_media":1184,"comment_status":"closed","ping_status":"closed","sticky":false,"template":"","format":"standard","meta":{"ngg_post_thumbnail":0,"footnotes":""},"categories":[1],"tags":[],"class_list":{"0":"post-1174","1":"post","2":"type-post","3":"status-publish","4":"format-standard","5":"has-post-thumbnail","7":"category-sin-categoria"},"yoast_head":"<!-- This site is optimized with the Yoast SEO plugin v25.8 - https:\/\/yoast.com\/wordpress\/plugins\/seo\/ -->\n<title>Alimagro convertir\u00e1 a Xinzo de Limia en capital agraria de la pataca del 5 al 7 de septiembre | Alimagro<\/title>\n<meta name=\"robots\" content=\"index, follow, max-snippet:-1, max-image-preview:large, max-video-preview:-1\" \/>\n<link rel=\"canonical\" href=\"https:\/\/alimagro.es\/gl\/2025\/07\/22\/alimagro-convertira-a-xinzo-de-limia-encapital-agraria-de-la-pataca-del-5-al-7-de-septiembre\/\" \/>\n<meta property=\"og:locale\" content=\"gl_ES\" \/>\n<meta property=\"og:type\" content=\"article\" \/>\n<meta property=\"og:title\" content=\"Alimagro convertir\u00e1 a Xinzo de Limia en capital agraria de la pataca del 5 al 7 de septiembre | Alimagro\" \/>\n<meta property=\"og:description\" content=\"La pataca sigue generando m\u00fasculo y ganando peso espec\u00edfico dentro de la agricultura gallega, aunque tiene ante s\u00ed numerosos retos para garantizar su rentabilidad. Ese es el contexto en el que se celebra la VI edici\u00f3n de Alimagro, la Feira do Agro da Limia, que volver\u00e1 a ser el escaparate del sector agrario en Xinzo [&hellip;]\" \/>\n<meta property=\"og:url\" content=\"https:\/\/alimagro.es\/gl\/2025\/07\/22\/alimagro-convertira-a-xinzo-de-limia-encapital-agraria-de-la-pataca-del-5-al-7-de-septiembre\/\" \/>\n<meta property=\"og:site_name\" content=\"Alimagro\" \/>\n<meta property=\"article:publisher\" content=\"https:\/\/www.facebook.com\/people\/Alimagro\/100095025612077\/\" \/>\n<meta property=\"article:published_time\" content=\"2025-07-22T12:47:48+00:00\" \/>\n<meta property=\"article:modified_time\" content=\"2025-07-24T06:28:24+00:00\" \/>\n<meta property=\"og:image\" content=\"https:\/\/alimagro.es\/wp-content\/uploads\/2025\/07\/Adaptacion-Alimagro-a-formato-noticia.jpg\" \/>\n\t<meta property=\"og:image:width\" content=\"1000\" \/>\n\t<meta property=\"og:image:height\" content=\"600\" \/>\n\t<meta property=\"og:image:type\" content=\"image\/jpeg\" \/>\n<meta name=\"author\" content=\"Natalia Lozano\" \/>\n<meta name=\"twitter:card\" content=\"summary_large_image\" \/>\n<meta name=\"twitter:label1\" content=\"Escrito por\" \/>\n\t<meta name=\"twitter:data1\" content=\"Natalia Lozano\" \/>\n\t<meta name=\"twitter:label2\" content=\"Tempo de lectura\" \/>\n\t<meta name=\"twitter:data2\" content=\"2 minutos\" \/>\n<script type=\"application\/ld+json\" class=\"yoast-schema-graph\">{\"@context\":\"https:\/\/schema.org\",\"@graph\":[{\"@type\":\"Article\",\"@id\":\"https:\/\/alimagro.es\/2025\/07\/22\/alimagro-convertira-a-xinzo-de-limia-encapital-agraria-de-la-pataca-del-5-al-7-de-septiembre\/#article\",\"isPartOf\":{\"@id\":\"https:\/\/alimagro.es\/2025\/07\/22\/alimagro-convertira-a-xinzo-de-limia-encapital-agraria-de-la-pataca-del-5-al-7-de-septiembre\/\"},\"author\":{\"name\":\"Natalia Lozano\",\"@id\":\"https:\/\/alimagro.es\/#\/schema\/person\/bc44f5e9369a82c257b6986e3f8975c0\"},\"headline\":\"Alimagro convertir\u00e1 a Xinzo de Limia en capital agraria de la pataca del 5 al 7 de septiembre\",\"datePublished\":\"2025-07-22T12:47:48+00:00\",\"dateModified\":\"2025-07-24T06:28:24+00:00\",\"mainEntityOfPage\":{\"@id\":\"https:\/\/alimagro.es\/2025\/07\/22\/alimagro-convertira-a-xinzo-de-limia-encapital-agraria-de-la-pataca-del-5-al-7-de-septiembre\/\"},\"wordCount\":337,\"publisher\":{\"@id\":\"https:\/\/alimagro.es\/#organization\"},\"image\":{\"@id\":\"https:\/\/alimagro.es\/2025\/07\/22\/alimagro-convertira-a-xinzo-de-limia-encapital-agraria-de-la-pataca-del-5-al-7-de-septiembre\/#primaryimage\"},\"thumbnailUrl\":\"https:\/\/alimagro.es\/wp-content\/uploads\/2025\/07\/Adaptacion-Alimagro-a-formato-noticia.jpg\",\"articleSection\":[\"Sin categor\u00eda\"],\"inLanguage\":\"gl-ES\"},{\"@type\":\"WebPage\",\"@id\":\"https:\/\/alimagro.es\/2025\/07\/22\/alimagro-convertira-a-xinzo-de-limia-encapital-agraria-de-la-pataca-del-5-al-7-de-septiembre\/\",\"url\":\"https:\/\/alimagro.es\/2025\/07\/22\/alimagro-convertira-a-xinzo-de-limia-encapital-agraria-de-la-pataca-del-5-al-7-de-septiembre\/\",\"name\":\"Alimagro convertir\u00e1 a Xinzo de Limia en capital agraria de la pataca del 5 al 7 de septiembre | Alimagro\",\"isPartOf\":{\"@id\":\"https:\/\/alimagro.es\/#website\"},\"primaryImageOfPage\":{\"@id\":\"https:\/\/alimagro.es\/2025\/07\/22\/alimagro-convertira-a-xinzo-de-limia-encapital-agraria-de-la-pataca-del-5-al-7-de-septiembre\/#primaryimage\"},\"image\":{\"@id\":\"https:\/\/alimagro.es\/2025\/07\/22\/alimagro-convertira-a-xinzo-de-limia-encapital-agraria-de-la-pataca-del-5-al-7-de-septiembre\/#primaryimage\"},\"thumbnailUrl\":\"https:\/\/alimagro.es\/wp-content\/uploads\/2025\/07\/Adaptacion-Alimagro-a-formato-noticia.jpg\",\"datePublished\":\"2025-07-22T12:47:48+00:00\",\"dateModified\":\"2025-07-24T06:28:24+00:00\",\"breadcrumb\":{\"@id\":\"https:\/\/alimagro.es\/2025\/07\/22\/alimagro-convertira-a-xinzo-de-limia-encapital-agraria-de-la-pataca-del-5-al-7-de-septiembre\/#breadcrumb\"},\"inLanguage\":\"gl-ES\",\"potentialAction\":[{\"@type\":\"ReadAction\",\"target\":[\"https:\/\/alimagro.es\/2025\/07\/22\/alimagro-convertira-a-xinzo-de-limia-encapital-agraria-de-la-pataca-del-5-al-7-de-septiembre\/\"]}]},{\"@type\":\"ImageObject\",\"inLanguage\":\"gl-ES\",\"@id\":\"https:\/\/alimagro.es\/2025\/07\/22\/alimagro-convertira-a-xinzo-de-limia-encapital-agraria-de-la-pataca-del-5-al-7-de-septiembre\/#primaryimage\",\"url\":\"https:\/\/alimagro.es\/wp-content\/uploads\/2025\/07\/Adaptacion-Alimagro-a-formato-noticia.jpg\",\"contentUrl\":\"https:\/\/alimagro.es\/wp-content\/uploads\/2025\/07\/Adaptacion-Alimagro-a-formato-noticia.jpg\",\"width\":1000,\"height\":600},{\"@type\":\"BreadcrumbList\",\"@id\":\"https:\/\/alimagro.es\/2025\/07\/22\/alimagro-convertira-a-xinzo-de-limia-encapital-agraria-de-la-pataca-del-5-al-7-de-septiembre\/#breadcrumb\",\"itemListElement\":[{\"@type\":\"ListItem\",\"position\":1,\"name\":\"Portada\",\"item\":\"https:\/\/alimagro.es\/\"},{\"@type\":\"ListItem\",\"position\":2,\"name\":\"Alimagro convertir\u00e1 a Xinzo de Limia en capital agraria de la pataca del 5 al 7 de septiembre\"}]},{\"@type\":\"WebSite\",\"@id\":\"https:\/\/alimagro.es\/#website\",\"url\":\"https:\/\/alimagro.es\/\",\"name\":\"Alimagro\",\"description\":\"Alimagro, un evento referente nacional que aglutina las novedades en cuanto al cultivo de patata y la maquinaria agr\u00edcola.\",\"publisher\":{\"@id\":\"https:\/\/alimagro.es\/#organization\"},\"alternateName\":\"Feria del Agro de la Limia\",\"potentialAction\":[{\"@type\":\"SearchAction\",\"target\":{\"@type\":\"EntryPoint\",\"urlTemplate\":\"https:\/\/alimagro.es\/?s={search_term_string}\"},\"query-input\":{\"@type\":\"PropertyValueSpecification\",\"valueRequired\":true,\"valueName\":\"search_term_string\"}}],\"inLanguage\":\"gl-ES\"},{\"@type\":\"Organization\",\"@id\":\"https:\/\/alimagro.es\/#organization\",\"name\":\"Alimagro\",\"url\":\"https:\/\/alimagro.es\/\",\"logo\":{\"@type\":\"ImageObject\",\"inLanguage\":\"gl-ES\",\"@id\":\"https:\/\/alimagro.es\/#\/schema\/logo\/image\/\",\"url\":\"https:\/\/alimagro.es\/wp-content\/uploads\/2023\/07\/alimagro-logo-verde.png\",\"contentUrl\":\"https:\/\/alimagro.es\/wp-content\/uploads\/2023\/07\/alimagro-logo-verde.png\",\"width\":500,\"height\":96,\"caption\":\"Alimagro\"},\"image\":{\"@id\":\"https:\/\/alimagro.es\/#\/schema\/logo\/image\/\"},\"sameAs\":[\"https:\/\/www.facebook.com\/people\/Alimagro\/100095025612077\/\",\"https:\/\/www.instagram.com\/alimagro_\/\"]},{\"@type\":\"Person\",\"@id\":\"https:\/\/alimagro.es\/#\/schema\/person\/bc44f5e9369a82c257b6986e3f8975c0\",\"name\":\"Natalia Lozano\",\"image\":{\"@type\":\"ImageObject\",\"inLanguage\":\"gl-ES\",\"@id\":\"https:\/\/alimagro.es\/#\/schema\/person\/image\/\",\"url\":\"https:\/\/secure.gravatar.com\/avatar\/991138ad631ca80bc76a5a37776a93fa95e294a4ec8574aad5d9b638272a4290?s=96&d=mm&r=g\",\"contentUrl\":\"https:\/\/secure.gravatar.com\/avatar\/991138ad631ca80bc76a5a37776a93fa95e294a4ec8574aad5d9b638272a4290?s=96&d=mm&r=g\",\"caption\":\"Natalia Lozano\"},\"url\":\"https:\/\/alimagro.es\/gl\/author\/natali\/\"}]}<\/script>\n<!-- \/ Yoast SEO plugin. -->","yoast_head_json":{"title":"Alimagro convertir\u00e1 a Xinzo de Limia en capital agraria de la pataca del 5 al 7 de septiembre | Alimagro","robots":{"index":"index","follow":"follow","max-snippet":"max-snippet:-1","max-image-preview":"max-image-preview:large","max-video-preview":"max-video-preview:-1"},"canonical":"https:\/\/alimagro.es\/gl\/2025\/07\/22\/alimagro-convertira-a-xinzo-de-limia-encapital-agraria-de-la-pataca-del-5-al-7-de-septiembre\/","og_locale":"gl_ES","og_type":"article","og_title":"Alimagro convertir\u00e1 a Xinzo de Limia en capital agraria de la pataca del 5 al 7 de septiembre | Alimagro","og_description":"La pataca sigue generando m\u00fasculo y ganando peso espec\u00edfico dentro de la agricultura gallega, aunque tiene ante s\u00ed numerosos retos para garantizar su rentabilidad. Ese es el contexto en el que se celebra la VI edici\u00f3n de Alimagro, la Feira do Agro da Limia, que volver\u00e1 a ser el escaparate del sector agrario en Xinzo [&hellip;]","og_url":"https:\/\/alimagro.es\/gl\/2025\/07\/22\/alimagro-convertira-a-xinzo-de-limia-encapital-agraria-de-la-pataca-del-5-al-7-de-septiembre\/","og_site_name":"Alimagro","article_publisher":"https:\/\/www.facebook.com\/people\/Alimagro\/100095025612077\/","article_published_time":"2025-07-22T12:47:48+00:00","article_modified_time":"2025-07-24T06:28:24+00:00","og_image":[{"width":1000,"height":600,"url":"https:\/\/alimagro.es\/wp-content\/uploads\/2025\/07\/Adaptacion-Alimagro-a-formato-noticia.jpg","type":"image\/jpeg"}],"author":"Natalia Lozano","twitter_card":"summary_large_image","twitter_misc":{"Escrito por":"Natalia Lozano","Tempo de lectura":"2 minutos"},"schema":{"@context":"https:\/\/schema.org","@graph":[{"@type":"Article","@id":"https:\/\/alimagro.es\/2025\/07\/22\/alimagro-convertira-a-xinzo-de-limia-encapital-agraria-de-la-pataca-del-5-al-7-de-septiembre\/#article","isPartOf":{"@id":"https:\/\/alimagro.es\/2025\/07\/22\/alimagro-convertira-a-xinzo-de-limia-encapital-agraria-de-la-pataca-del-5-al-7-de-septiembre\/"},"author":{"name":"Natalia Lozano","@id":"https:\/\/alimagro.es\/#\/schema\/person\/bc44f5e9369a82c257b6986e3f8975c0"},"headline":"Alimagro convertir\u00e1 a Xinzo de Limia en capital agraria de la pataca del 5 al 7 de septiembre","datePublished":"2025-07-22T12:47:48+00:00","dateModified":"2025-07-24T06:28:24+00:00","mainEntityOfPage":{"@id":"https:\/\/alimagro.es\/2025\/07\/22\/alimagro-convertira-a-xinzo-de-limia-encapital-agraria-de-la-pataca-del-5-al-7-de-septiembre\/"},"wordCount":337,"publisher":{"@id":"https:\/\/alimagro.es\/#organization"},"image":{"@id":"https:\/\/alimagro.es\/2025\/07\/22\/alimagro-convertira-a-xinzo-de-limia-encapital-agraria-de-la-pataca-del-5-al-7-de-septiembre\/#primaryimage"},"thumbnailUrl":"https:\/\/alimagro.es\/wp-content\/uploads\/2025\/07\/Adaptacion-Alimagro-a-formato-noticia.jpg","articleSection":["Sin categor\u00eda"],"inLanguage":"gl-ES"},{"@type":"WebPage","@id":"https:\/\/alimagro.es\/2025\/07\/22\/alimagro-convertira-a-xinzo-de-limia-encapital-agraria-de-la-pataca-del-5-al-7-de-septiembre\/","url":"https:\/\/alimagro.es\/2025\/07\/22\/alimagro-convertira-a-xinzo-de-limia-encapital-agraria-de-la-pataca-del-5-al-7-de-septiembre\/","name":"Alimagro convertir\u00e1 a Xinzo de Limia en capital agraria de la pataca del 5 al 7 de septiembre | Alimagro","isPartOf":{"@id":"https:\/\/alimagro.es\/#website"},"primaryImageOfPage":{"@id":"https:\/\/alimagro.es\/2025\/07\/22\/alimagro-convertira-a-xinzo-de-limia-encapital-agraria-de-la-pataca-del-5-al-7-de-septiembre\/#primaryimage"},"image":{"@id":"https:\/\/alimagro.es\/2025\/07\/22\/alimagro-convertira-a-xinzo-de-limia-encapital-agraria-de-la-pataca-del-5-al-7-de-septiembre\/#primaryimage"},"thumbnailUrl":"https:\/\/alimagro.es\/wp-content\/uploads\/2025\/07\/Adaptacion-Alimagro-a-formato-noticia.jpg","datePublished":"2025-07-22T12:47:48+00:00","dateModified":"2025-07-24T06:28:24+00:00","breadcrumb":{"@id":"https:\/\/alimagro.es\/2025\/07\/22\/alimagro-convertira-a-xinzo-de-limia-encapital-agraria-de-la-pataca-del-5-al-7-de-septiembre\/#breadcrumb"},"inLanguage":"gl-ES","potentialAction":[{"@type":"ReadAction","target":["https:\/\/alimagro.es\/2025\/07\/22\/alimagro-convertira-a-xinzo-de-limia-encapital-agraria-de-la-pataca-del-5-al-7-de-septiembre\/"]}]},{"@type":"ImageObject","inLanguage":"gl-ES","@id":"https:\/\/alimagro.es\/2025\/07\/22\/alimagro-convertira-a-xinzo-de-limia-encapital-agraria-de-la-pataca-del-5-al-7-de-septiembre\/#primaryimage","url":"https:\/\/alimagro.es\/wp-content\/uploads\/2025\/07\/Adaptacion-Alimagro-a-formato-noticia.jpg","contentUrl":"https:\/\/alimagro.es\/wp-content\/uploads\/2025\/07\/Adaptacion-Alimagro-a-formato-noticia.jpg","width":1000,"height":600},{"@type":"BreadcrumbList","@id":"https:\/\/alimagro.es\/2025\/07\/22\/alimagro-convertira-a-xinzo-de-limia-encapital-agraria-de-la-pataca-del-5-al-7-de-septiembre\/#breadcrumb","itemListElement":[{"@type":"ListItem","position":1,"name":"Portada","item":"https:\/\/alimagro.es\/"},{"@type":"ListItem","position":2,"name":"Alimagro convertir\u00e1 a Xinzo de Limia en capital agraria de la pataca del 5 al 7 de septiembre"}]},{"@type":"WebSite","@id":"https:\/\/alimagro.es\/#website","url":"https:\/\/alimagro.es\/","name":"Alimagro","description":"Alimagro, un evento referente nacional que aglutina las novedades en cuanto al cultivo de patata y la maquinaria agr\u00edcola.","publisher":{"@id":"https:\/\/alimagro.es\/#organization"},"alternateName":"Feria del Agro de la Limia","potentialAction":[{"@type":"SearchAction","target":{"@type":"EntryPoint","urlTemplate":"https:\/\/alimagro.es\/?s={search_term_string}"},"query-input":{"@type":"PropertyValueSpecification","valueRequired":true,"valueName":"search_term_string"}}],"inLanguage":"gl-ES"},{"@type":"Organization","@id":"https:\/\/alimagro.es\/#organization","name":"Alimagro","url":"https:\/\/alimagro.es\/","logo":{"@type":"ImageObject","inLanguage":"gl-ES","@id":"https:\/\/alimagro.es\/#\/schema\/logo\/image\/","url":"https:\/\/alimagro.es\/wp-content\/uploads\/2023\/07\/alimagro-logo-verde.png","contentUrl":"https:\/\/alimagro.es\/wp-content\/uploads\/2023\/07\/alimagro-logo-verde.png","width":500,"height":96,"caption":"Alimagro"},"image":{"@id":"https:\/\/alimagro.es\/#\/schema\/logo\/image\/"},"sameAs":["https:\/\/www.facebook.com\/people\/Alimagro\/100095025612077\/","https:\/\/www.instagram.com\/alimagro_\/"]},{"@type":"Person","@id":"https:\/\/alimagro.es\/#\/schema\/person\/bc44f5e9369a82c257b6986e3f8975c0","name":"Natalia Lozano","image":{"@type":"ImageObject","inLanguage":"gl-ES","@id":"https:\/\/alimagro.es\/#\/schema\/person\/image\/","url":"https:\/\/secure.gravatar.com\/avatar\/991138ad631ca80bc76a5a37776a93fa95e294a4ec8574aad5d9b638272a4290?s=96&d=mm&r=g","contentUrl":"https:\/\/secure.gravatar.com\/avatar\/991138ad631ca80bc76a5a37776a93fa95e294a4ec8574aad5d9b638272a4290?s=96&d=mm&r=g","caption":"Natalia Lozano"},"url":"https:\/\/alimagro.es\/gl\/author\/natali\/"}]}},"_links":{"self":[{"href":"https:\/\/alimagro.es\/gl\/wp-json\/wp\/v2\/posts\/1174","targetHints":{"allow":["GET"]}}],"collection":[{"href":"https:\/\/alimagro.es\/gl\/wp-json\/wp\/v2\/posts"}],"about":[{"href":"https:\/\/alimagro.es\/gl\/wp-json\/wp\/v2\/types\/post"}],"author":[{"embeddable":true,"href":"https:\/\/alimagro.es\/gl\/wp-json\/wp\/v2\/users\/11"}],"replies":[{"embeddable":true,"href":"https:\/\/alimagro.es\/gl\/wp-json\/wp\/v2\/comments?post=1174"}],"version-history":[{"count":2,"href":"https:\/\/alimagro.es\/gl\/wp-json\/wp\/v2\/posts\/1174\/revisions"}],"predecessor-version":[{"id":1185,"href":"https:\/\/alimagro.es\/gl\/wp-json\/wp\/v2\/posts\/1174\/revisions\/1185"}],"wp:featuredmedia":[{"embeddable":true,"href":"https:\/\/alimagro.es\/gl\/wp-json\/wp\/v2\/media\/1184"}],"wp:attachment":[{"href":"https:\/\/alimagro.es\/gl\/wp-json\/wp\/v2\/media?parent=1174"}],"wp:term":[{"taxonomy":"category","embeddable":true,"href":"https:\/\/alimagro.es\/gl\/wp-json\/wp\/v2\/categories?post=1174"},{"taxonomy":"post_tag","embeddable":true,"href":"https:\/\/alimagro.es\/gl\/wp-json\/wp\/v2\/tags?post=1174"}],"curies":[{"name":"wp","href":"https:\/\/api.w.org\/{rel}","templated":true}]}}