{"id":1085,"date":"2024-08-27T12:00:00","date_gmt":"2024-08-27T10:00:00","guid":{"rendered":"https:\/\/alimagro.es\/?p=1085"},"modified":"2024-08-26T13:44:00","modified_gmt":"2024-08-26T11:44:00","slug":"adegal-presentara-resultados-sobre-dos-proyectos-en-sus-jornadas-finales-en-alimagro-2024","status":"publish","type":"post","link":"https:\/\/alimagro.es\/gl\/2024\/08\/27\/adegal-presentara-resultados-sobre-dos-proyectos-en-sus-jornadas-finales-en-alimagro-2024\/","title":{"rendered":"ADEGAL presentar\u00e1 resultados sobre dous proxectos nas s\u00faas xornadas finais en Alimagro 2024"},"content":{"rendered":"<p>A poucos d\u00edas da apertura de Alimagro, que ter\u00e1 lugar en Xinzo de Limia (Ourense), son moitos os que ultiman todo para non...&nbsp;&nbsp;<\/p>\n\n\n\n<p>Una cita ineludible que <strong>ADEGAL, Uni\u00f3n de Empresarios, Agricultores y Agricultores<\/strong> de la regi\u00f3n de Limia, no se va a perder. Esta asociaci\u00f3n, nacida con el prop\u00f3sito de unificar esfuerzos y defender los intereses comunes del sector agroindustrial y de servicios, trabaja incansablemente para resaltar la importancia social y econ\u00f3mica de estas actividades en la regi\u00f3n.<\/p>\n\n\n\n<p>ADEGAL se presenta como una entidad sin fines de lucro, desprovista de cualquier vinculaci\u00f3n pol\u00edtico-ideol\u00f3gica. Su principal objetivo es visibilizar la relevancia de sectores clave en Limia, como el primario, la agroindustria y los servicios, y promover su desarrollo.<\/p>\n\n\n\n<p>Para la asociaci\u00f3n supone una cita ineludible a la que acuden todos los a\u00f1os. Est\u00e1n contentos de poder contar con esta oportunidad, que catalogan de necesaria puesto que los asociados de ADEGAL entablan relaciones comerciales y laborales, que les permiten mejorar en su sector. Desde ADEGAL es lo que buscan, que sus asociados puedan mejorar el enfoque de su trabajo.<\/p>\n\n\n\n<p>Adem\u00e1s, presentar\u00e1n dos proyectos finales en las jornadas finales de Alimagro donde mostrar\u00e1n los resultados de ellos. Los proyectos son: Aproavi (<strong>Aprovechamiento integral de pollinacia para la mejora de la sostenibilidad y competitividad del sector av\u00edcola<\/strong>) y el informa sobre la <strong>Influencia de factores agron\u00f3micos, almacenamiento y fritura sobre el potencial de formaci\u00f3n de acrilamida en patata.<\/strong><\/p>\n\n\n\n<p>Desde ADEGAL est\u00e1n contentos de acudir y ofrecer cursos formativos y poder realizar una confluencia de ambas partes de la feria: parte comercial y parte agr\u00edcola, que hace que el enfoque sea correcto, puesto que es el motor econ\u00f3mico de Xinzo. \u201cAnimamos a todos nuestros asociados y a todos los que tengan inter\u00e9s en el sector a acudir\u201d, se\u00f1ala Mar\u00eda Teresa Joga Mart\u00ednez, presidenta de ADEGAL.<\/p>","protected":false},"excerpt":{"rendered":"<p>A pocos d\u00edas de la apertura de Alimagro, que tendr\u00e1 lugar en Xinzo de Limia (Ourense), son muchos los que ultiman todo para no perd\u00e9rsela.&nbsp;&nbsp; Una cita ineludible que ADEGAL, Uni\u00f3n de Empresarios, Agricultores y Agricultores de la regi\u00f3n de Limia, no se va a perder. Esta asociaci\u00f3n, nacida con el prop\u00f3sito de unificar esfuerzos [&hellip;]<\/p>","protected":false},"author":4,"featured_media":1093,"comment_status":"closed","ping_status":"closed","sticky":false,"template":"","format":"standard","meta":{"ngg_post_thumbnail":0,"footnotes":""},"categories":[1],"tags":[],"class_list":{"0":"post-1085","1":"post","2":"type-post","3":"status-publish","4":"format-standard","5":"has-post-thumbnail","7":"category-sin-categoria"},"yoast_head":"<!-- This site is optimized with the Yoast SEO plugin v25.8 - https:\/\/yoast.com\/wordpress\/plugins\/seo\/ -->\n<title>ADEGAL presentar\u00e1 resultados sobre dos proyectos en sus jornadas finales en Alimagro 2024 | Alimagro<\/title>\n<meta name=\"robots\" content=\"index, follow, max-snippet:-1, max-image-preview:large, max-video-preview:-1\" \/>\n<link rel=\"canonical\" href=\"https:\/\/alimagro.es\/gl\/2024\/08\/27\/adegal-presentara-resultados-sobre-dos-proyectos-en-sus-jornadas-finales-en-alimagro-2024\/\" \/>\n<meta property=\"og:locale\" content=\"gl_ES\" \/>\n<meta property=\"og:type\" content=\"article\" \/>\n<meta property=\"og:title\" content=\"ADEGAL presentar\u00e1 resultados sobre dos proyectos en sus jornadas finales en Alimagro 2024 | Alimagro\" \/>\n<meta property=\"og:description\" content=\"A pocos d\u00edas de la apertura de Alimagro, que tendr\u00e1 lugar en Xinzo de Limia (Ourense), son muchos los que ultiman todo para no perd\u00e9rsela.&nbsp;&nbsp; Una cita ineludible que ADEGAL, Uni\u00f3n de Empresarios, Agricultores y Agricultores de la regi\u00f3n de Limia, no se va a perder. Esta asociaci\u00f3n, nacida con el prop\u00f3sito de unificar esfuerzos [&hellip;]\" \/>\n<meta property=\"og:url\" content=\"https:\/\/alimagro.es\/gl\/2024\/08\/27\/adegal-presentara-resultados-sobre-dos-proyectos-en-sus-jornadas-finales-en-alimagro-2024\/\" \/>\n<meta property=\"og:site_name\" content=\"Alimagro\" \/>\n<meta property=\"article:publisher\" content=\"https:\/\/www.facebook.com\/people\/Alimagro\/100095025612077\/\" \/>\n<meta property=\"article:published_time\" content=\"2024-08-27T10:00:00+00:00\" \/>\n<meta property=\"og:image\" content=\"https:\/\/alimagro.es\/wp-content\/uploads\/2024\/08\/MAITE-ALIMAGRO.jpeg\" \/>\n\t<meta property=\"og:image:width\" content=\"640\" \/>\n\t<meta property=\"og:image:height\" content=\"428\" \/>\n\t<meta property=\"og:image:type\" content=\"image\/jpeg\" \/>\n<meta name=\"author\" content=\"Enrique\" \/>\n<meta name=\"twitter:card\" content=\"summary_large_image\" \/>\n<meta name=\"twitter:label1\" content=\"Escrito por\" \/>\n\t<meta name=\"twitter:data1\" content=\"Enrique\" \/>\n\t<meta name=\"twitter:label2\" content=\"Tempo de lectura\" \/>\n\t<meta name=\"twitter:data2\" content=\"2 minutos\" \/>\n<script type=\"application\/ld+json\" class=\"yoast-schema-graph\">{\"@context\":\"https:\/\/schema.org\",\"@graph\":[{\"@type\":\"Article\",\"@id\":\"https:\/\/alimagro.es\/2024\/08\/27\/adegal-presentara-resultados-sobre-dos-proyectos-en-sus-jornadas-finales-en-alimagro-2024\/#article\",\"isPartOf\":{\"@id\":\"https:\/\/alimagro.es\/2024\/08\/27\/adegal-presentara-resultados-sobre-dos-proyectos-en-sus-jornadas-finales-en-alimagro-2024\/\"},\"author\":{\"name\":\"Enrique\",\"@id\":\"https:\/\/alimagro.es\/#\/schema\/person\/30f3189553bc200fd83cdfda07962a67\"},\"headline\":\"ADEGAL presentar\u00e1 resultados sobre dos proyectos en sus jornadas finales en Alimagro 2024\",\"datePublished\":\"2024-08-27T10:00:00+00:00\",\"mainEntityOfPage\":{\"@id\":\"https:\/\/alimagro.es\/2024\/08\/27\/adegal-presentara-resultados-sobre-dos-proyectos-en-sus-jornadas-finales-en-alimagro-2024\/\"},\"wordCount\":344,\"publisher\":{\"@id\":\"https:\/\/alimagro.es\/#organization\"},\"image\":{\"@id\":\"https:\/\/alimagro.es\/2024\/08\/27\/adegal-presentara-resultados-sobre-dos-proyectos-en-sus-jornadas-finales-en-alimagro-2024\/#primaryimage\"},\"thumbnailUrl\":\"https:\/\/alimagro.es\/wp-content\/uploads\/2024\/08\/MAITE-ALIMAGRO.jpeg\",\"articleSection\":[\"Sin categor\u00eda\"],\"inLanguage\":\"gl-ES\"},{\"@type\":\"WebPage\",\"@id\":\"https:\/\/alimagro.es\/2024\/08\/27\/adegal-presentara-resultados-sobre-dos-proyectos-en-sus-jornadas-finales-en-alimagro-2024\/\",\"url\":\"https:\/\/alimagro.es\/2024\/08\/27\/adegal-presentara-resultados-sobre-dos-proyectos-en-sus-jornadas-finales-en-alimagro-2024\/\",\"name\":\"ADEGAL presentar\u00e1 resultados sobre dos proyectos en sus jornadas finales en Alimagro 2024 | Alimagro\",\"isPartOf\":{\"@id\":\"https:\/\/alimagro.es\/#website\"},\"primaryImageOfPage\":{\"@id\":\"https:\/\/alimagro.es\/2024\/08\/27\/adegal-presentara-resultados-sobre-dos-proyectos-en-sus-jornadas-finales-en-alimagro-2024\/#primaryimage\"},\"image\":{\"@id\":\"https:\/\/alimagro.es\/2024\/08\/27\/adegal-presentara-resultados-sobre-dos-proyectos-en-sus-jornadas-finales-en-alimagro-2024\/#primaryimage\"},\"thumbnailUrl\":\"https:\/\/alimagro.es\/wp-content\/uploads\/2024\/08\/MAITE-ALIMAGRO.jpeg\",\"datePublished\":\"2024-08-27T10:00:00+00:00\",\"breadcrumb\":{\"@id\":\"https:\/\/alimagro.es\/2024\/08\/27\/adegal-presentara-resultados-sobre-dos-proyectos-en-sus-jornadas-finales-en-alimagro-2024\/#breadcrumb\"},\"inLanguage\":\"gl-ES\",\"potentialAction\":[{\"@type\":\"ReadAction\",\"target\":[\"https:\/\/alimagro.es\/2024\/08\/27\/adegal-presentara-resultados-sobre-dos-proyectos-en-sus-jornadas-finales-en-alimagro-2024\/\"]}]},{\"@type\":\"ImageObject\",\"inLanguage\":\"gl-ES\",\"@id\":\"https:\/\/alimagro.es\/2024\/08\/27\/adegal-presentara-resultados-sobre-dos-proyectos-en-sus-jornadas-finales-en-alimagro-2024\/#primaryimage\",\"url\":\"https:\/\/alimagro.es\/wp-content\/uploads\/2024\/08\/MAITE-ALIMAGRO.jpeg\",\"contentUrl\":\"https:\/\/alimagro.es\/wp-content\/uploads\/2024\/08\/MAITE-ALIMAGRO.jpeg\",\"width\":640,\"height\":428},{\"@type\":\"BreadcrumbList\",\"@id\":\"https:\/\/alimagro.es\/2024\/08\/27\/adegal-presentara-resultados-sobre-dos-proyectos-en-sus-jornadas-finales-en-alimagro-2024\/#breadcrumb\",\"itemListElement\":[{\"@type\":\"ListItem\",\"position\":1,\"name\":\"Portada\",\"item\":\"https:\/\/alimagro.es\/\"},{\"@type\":\"ListItem\",\"position\":2,\"name\":\"ADEGAL presentar\u00e1 resultados sobre dos proyectos en sus jornadas finales en Alimagro 2024\"}]},{\"@type\":\"WebSite\",\"@id\":\"https:\/\/alimagro.es\/#website\",\"url\":\"https:\/\/alimagro.es\/\",\"name\":\"Alimagro\",\"description\":\"Alimagro, un evento referente nacional que aglutina las novedades en cuanto al cultivo de patata y la maquinaria agr\u00edcola.\",\"publisher\":{\"@id\":\"https:\/\/alimagro.es\/#organization\"},\"alternateName\":\"Feria del Agro de la Limia\",\"potentialAction\":[{\"@type\":\"SearchAction\",\"target\":{\"@type\":\"EntryPoint\",\"urlTemplate\":\"https:\/\/alimagro.es\/?s={search_term_string}\"},\"query-input\":{\"@type\":\"PropertyValueSpecification\",\"valueRequired\":true,\"valueName\":\"search_term_string\"}}],\"inLanguage\":\"gl-ES\"},{\"@type\":\"Organization\",\"@id\":\"https:\/\/alimagro.es\/#organization\",\"name\":\"Alimagro\",\"url\":\"https:\/\/alimagro.es\/\",\"logo\":{\"@type\":\"ImageObject\",\"inLanguage\":\"gl-ES\",\"@id\":\"https:\/\/alimagro.es\/#\/schema\/logo\/image\/\",\"url\":\"https:\/\/alimagro.es\/wp-content\/uploads\/2023\/07\/alimagro-logo-verde.png\",\"contentUrl\":\"https:\/\/alimagro.es\/wp-content\/uploads\/2023\/07\/alimagro-logo-verde.png\",\"width\":500,\"height\":96,\"caption\":\"Alimagro\"},\"image\":{\"@id\":\"https:\/\/alimagro.es\/#\/schema\/logo\/image\/\"},\"sameAs\":[\"https:\/\/www.facebook.com\/people\/Alimagro\/100095025612077\/\",\"https:\/\/www.instagram.com\/alimagro_\/\"]},{\"@type\":\"Person\",\"@id\":\"https:\/\/alimagro.es\/#\/schema\/person\/30f3189553bc200fd83cdfda07962a67\",\"name\":\"Enrique\",\"image\":{\"@type\":\"ImageObject\",\"inLanguage\":\"gl-ES\",\"@id\":\"https:\/\/alimagro.es\/#\/schema\/person\/image\/\",\"url\":\"https:\/\/secure.gravatar.com\/avatar\/a1519c85f5ee8976b593de61a2b9b0b1c86701350844c9798fe2757b11c73f2c?s=96&d=mm&r=g\",\"contentUrl\":\"https:\/\/secure.gravatar.com\/avatar\/a1519c85f5ee8976b593de61a2b9b0b1c86701350844c9798fe2757b11c73f2c?s=96&d=mm&r=g\",\"caption\":\"Enrique\"},\"url\":\"https:\/\/alimagro.es\/gl\/author\/maquetacion\/\"}]}<\/script>\n<!-- \/ Yoast SEO plugin. -->","yoast_head_json":{"title":"ADEGAL presentar\u00e1 resultados sobre dos proyectos en sus jornadas finales en Alimagro 2024 | Alimagro","robots":{"index":"index","follow":"follow","max-snippet":"max-snippet:-1","max-image-preview":"max-image-preview:large","max-video-preview":"max-video-preview:-1"},"canonical":"https:\/\/alimagro.es\/gl\/2024\/08\/27\/adegal-presentara-resultados-sobre-dos-proyectos-en-sus-jornadas-finales-en-alimagro-2024\/","og_locale":"gl_ES","og_type":"article","og_title":"ADEGAL presentar\u00e1 resultados sobre dos proyectos en sus jornadas finales en Alimagro 2024 | Alimagro","og_description":"A pocos d\u00edas de la apertura de Alimagro, que tendr\u00e1 lugar en Xinzo de Limia (Ourense), son muchos los que ultiman todo para no perd\u00e9rsela.&nbsp;&nbsp; Una cita ineludible que ADEGAL, Uni\u00f3n de Empresarios, Agricultores y Agricultores de la regi\u00f3n de Limia, no se va a perder. Esta asociaci\u00f3n, nacida con el prop\u00f3sito de unificar esfuerzos [&hellip;]","og_url":"https:\/\/alimagro.es\/gl\/2024\/08\/27\/adegal-presentara-resultados-sobre-dos-proyectos-en-sus-jornadas-finales-en-alimagro-2024\/","og_site_name":"Alimagro","article_publisher":"https:\/\/www.facebook.com\/people\/Alimagro\/100095025612077\/","article_published_time":"2024-08-27T10:00:00+00:00","og_image":[{"width":640,"height":428,"url":"https:\/\/alimagro.es\/wp-content\/uploads\/2024\/08\/MAITE-ALIMAGRO.jpeg","type":"image\/jpeg"}],"author":"Enrique","twitter_card":"summary_large_image","twitter_misc":{"Escrito por":"Enrique","Tempo de lectura":"2 minutos"},"schema":{"@context":"https:\/\/schema.org","@graph":[{"@type":"Article","@id":"https:\/\/alimagro.es\/2024\/08\/27\/adegal-presentara-resultados-sobre-dos-proyectos-en-sus-jornadas-finales-en-alimagro-2024\/#article","isPartOf":{"@id":"https:\/\/alimagro.es\/2024\/08\/27\/adegal-presentara-resultados-sobre-dos-proyectos-en-sus-jornadas-finales-en-alimagro-2024\/"},"author":{"name":"Enrique","@id":"https:\/\/alimagro.es\/#\/schema\/person\/30f3189553bc200fd83cdfda07962a67"},"headline":"ADEGAL presentar\u00e1 resultados sobre dos proyectos en sus jornadas finales en Alimagro 2024","datePublished":"2024-08-27T10:00:00+00:00","mainEntityOfPage":{"@id":"https:\/\/alimagro.es\/2024\/08\/27\/adegal-presentara-resultados-sobre-dos-proyectos-en-sus-jornadas-finales-en-alimagro-2024\/"},"wordCount":344,"publisher":{"@id":"https:\/\/alimagro.es\/#organization"},"image":{"@id":"https:\/\/alimagro.es\/2024\/08\/27\/adegal-presentara-resultados-sobre-dos-proyectos-en-sus-jornadas-finales-en-alimagro-2024\/#primaryimage"},"thumbnailUrl":"https:\/\/alimagro.es\/wp-content\/uploads\/2024\/08\/MAITE-ALIMAGRO.jpeg","articleSection":["Sin categor\u00eda"],"inLanguage":"gl-ES"},{"@type":"WebPage","@id":"https:\/\/alimagro.es\/2024\/08\/27\/adegal-presentara-resultados-sobre-dos-proyectos-en-sus-jornadas-finales-en-alimagro-2024\/","url":"https:\/\/alimagro.es\/2024\/08\/27\/adegal-presentara-resultados-sobre-dos-proyectos-en-sus-jornadas-finales-en-alimagro-2024\/","name":"ADEGAL presentar\u00e1 resultados sobre dos proyectos en sus jornadas finales en Alimagro 2024 | Alimagro","isPartOf":{"@id":"https:\/\/alimagro.es\/#website"},"primaryImageOfPage":{"@id":"https:\/\/alimagro.es\/2024\/08\/27\/adegal-presentara-resultados-sobre-dos-proyectos-en-sus-jornadas-finales-en-alimagro-2024\/#primaryimage"},"image":{"@id":"https:\/\/alimagro.es\/2024\/08\/27\/adegal-presentara-resultados-sobre-dos-proyectos-en-sus-jornadas-finales-en-alimagro-2024\/#primaryimage"},"thumbnailUrl":"https:\/\/alimagro.es\/wp-content\/uploads\/2024\/08\/MAITE-ALIMAGRO.jpeg","datePublished":"2024-08-27T10:00:00+00:00","breadcrumb":{"@id":"https:\/\/alimagro.es\/2024\/08\/27\/adegal-presentara-resultados-sobre-dos-proyectos-en-sus-jornadas-finales-en-alimagro-2024\/#breadcrumb"},"inLanguage":"gl-ES","potentialAction":[{"@type":"ReadAction","target":["https:\/\/alimagro.es\/2024\/08\/27\/adegal-presentara-resultados-sobre-dos-proyectos-en-sus-jornadas-finales-en-alimagro-2024\/"]}]},{"@type":"ImageObject","inLanguage":"gl-ES","@id":"https:\/\/alimagro.es\/2024\/08\/27\/adegal-presentara-resultados-sobre-dos-proyectos-en-sus-jornadas-finales-en-alimagro-2024\/#primaryimage","url":"https:\/\/alimagro.es\/wp-content\/uploads\/2024\/08\/MAITE-ALIMAGRO.jpeg","contentUrl":"https:\/\/alimagro.es\/wp-content\/uploads\/2024\/08\/MAITE-ALIMAGRO.jpeg","width":640,"height":428},{"@type":"BreadcrumbList","@id":"https:\/\/alimagro.es\/2024\/08\/27\/adegal-presentara-resultados-sobre-dos-proyectos-en-sus-jornadas-finales-en-alimagro-2024\/#breadcrumb","itemListElement":[{"@type":"ListItem","position":1,"name":"Portada","item":"https:\/\/alimagro.es\/"},{"@type":"ListItem","position":2,"name":"ADEGAL presentar\u00e1 resultados sobre dos proyectos en sus jornadas finales en Alimagro 2024"}]},{"@type":"WebSite","@id":"https:\/\/alimagro.es\/#website","url":"https:\/\/alimagro.es\/","name":"Alimagro","description":"Alimagro, un evento referente nacional que aglutina las novedades en cuanto al cultivo de patata y la maquinaria agr\u00edcola.","publisher":{"@id":"https:\/\/alimagro.es\/#organization"},"alternateName":"Feria del Agro de la Limia","potentialAction":[{"@type":"SearchAction","target":{"@type":"EntryPoint","urlTemplate":"https:\/\/alimagro.es\/?s={search_term_string}"},"query-input":{"@type":"PropertyValueSpecification","valueRequired":true,"valueName":"search_term_string"}}],"inLanguage":"gl-ES"},{"@type":"Organization","@id":"https:\/\/alimagro.es\/#organization","name":"Alimagro","url":"https:\/\/alimagro.es\/","logo":{"@type":"ImageObject","inLanguage":"gl-ES","@id":"https:\/\/alimagro.es\/#\/schema\/logo\/image\/","url":"https:\/\/alimagro.es\/wp-content\/uploads\/2023\/07\/alimagro-logo-verde.png","contentUrl":"https:\/\/alimagro.es\/wp-content\/uploads\/2023\/07\/alimagro-logo-verde.png","width":500,"height":96,"caption":"Alimagro"},"image":{"@id":"https:\/\/alimagro.es\/#\/schema\/logo\/image\/"},"sameAs":["https:\/\/www.facebook.com\/people\/Alimagro\/100095025612077\/","https:\/\/www.instagram.com\/alimagro_\/"]},{"@type":"Person","@id":"https:\/\/alimagro.es\/#\/schema\/person\/30f3189553bc200fd83cdfda07962a67","name":"Enrique","image":{"@type":"ImageObject","inLanguage":"gl-ES","@id":"https:\/\/alimagro.es\/#\/schema\/person\/image\/","url":"https:\/\/secure.gravatar.com\/avatar\/a1519c85f5ee8976b593de61a2b9b0b1c86701350844c9798fe2757b11c73f2c?s=96&d=mm&r=g","contentUrl":"https:\/\/secure.gravatar.com\/avatar\/a1519c85f5ee8976b593de61a2b9b0b1c86701350844c9798fe2757b11c73f2c?s=96&d=mm&r=g","caption":"Enrique"},"url":"https:\/\/alimagro.es\/gl\/author\/maquetacion\/"}]}},"_links":{"self":[{"href":"https:\/\/alimagro.es\/gl\/wp-json\/wp\/v2\/posts\/1085","targetHints":{"allow":["GET"]}}],"collection":[{"href":"https:\/\/alimagro.es\/gl\/wp-json\/wp\/v2\/posts"}],"about":[{"href":"https:\/\/alimagro.es\/gl\/wp-json\/wp\/v2\/types\/post"}],"author":[{"embeddable":true,"href":"https:\/\/alimagro.es\/gl\/wp-json\/wp\/v2\/users\/4"}],"replies":[{"embeddable":true,"href":"https:\/\/alimagro.es\/gl\/wp-json\/wp\/v2\/comments?post=1085"}],"version-history":[{"count":1,"href":"https:\/\/alimagro.es\/gl\/wp-json\/wp\/v2\/posts\/1085\/revisions"}],"predecessor-version":[{"id":1094,"href":"https:\/\/alimagro.es\/gl\/wp-json\/wp\/v2\/posts\/1085\/revisions\/1094"}],"wp:featuredmedia":[{"embeddable":true,"href":"https:\/\/alimagro.es\/gl\/wp-json\/wp\/v2\/media\/1093"}],"wp:attachment":[{"href":"https:\/\/alimagro.es\/gl\/wp-json\/wp\/v2\/media?parent=1085"}],"wp:term":[{"taxonomy":"category","embeddable":true,"href":"https:\/\/alimagro.es\/gl\/wp-json\/wp\/v2\/categories?post=1085"},{"taxonomy":"post_tag","embeddable":true,"href":"https:\/\/alimagro.es\/gl\/wp-json\/wp\/v2\/tags?post=1085"}],"curies":[{"name":"wp","href":"https:\/\/api.w.org\/{rel}","templated":true}]}}