{"id":1076,"date":"2024-08-27T09:19:00","date_gmt":"2024-08-27T07:19:00","guid":{"rendered":"https:\/\/alimagro.es\/?p=1076"},"modified":"2024-08-26T12:22:20","modified_gmt":"2024-08-26T10:22:20","slug":"estevez-presentara-robots-autonomos-y-soluciones-tecnologicas-de-ultima-generacion-en-alimagro-2024","status":"publish","type":"post","link":"https:\/\/alimagro.es\/gl\/2024\/08\/27\/estevez-presentara-robots-autonomos-y-soluciones-tecnologicas-de-ultima-generacion-en-alimagro-2024\/","title":{"rendered":"Est\u00e9vez presentar\u00e1 robots aut\u00f3nomos y soluciones tecnol\u00f3gicas de \u00faltima generaci\u00f3n en Alimagro 2024"},"content":{"rendered":"<p>Jos\u00e9 Est\u00e9vez As Ferreiras, distribuidor oficial de marcas l\u00edderes en maquinaria agr\u00edcola como John Deere y Pasquali en las provincias de Orense y Pontevedra, ha confirmado su participaci\u00f3n en Alimagro 2024, uno de los eventos m\u00e1s destacados del sector agr\u00edcola en la regi\u00f3n.<\/p>\n\n\n\n<p>La empresa, con m\u00e1s de 38 a\u00f1os de experiencia en la compra, venta y reparaci\u00f3n de maquinaria agr\u00edcola, forestal y de jardiner\u00eda, ha ampliado su oferta desde 1997 al incluir tambi\u00e9n el alquiler de equipos para diversas actividades. Adem\u00e1s, cuentan con una red de talleres autorizados y centros asociados que permiten una cobertura eficiente en caso de aver\u00edas, incluyendo veh\u00edculos equipados para reparaciones en campo y transporte de maquinaria.<\/p>\n\n\n\n<p>Jos\u00e9 Antonio Est\u00e9vez, gerente de la empresa, ha expresado su entusiasmo por participar en Alimagro 2024, un evento que considera \u201cmuy interesante para darle visibilidad a todos nuestros productos espec\u00edficos para el \u00e1mbito de la patata\u201d. La empresa presentar\u00e1 una amplia gama de productos, incluyendo tractores de John Deere y Pasquali, pulverizadores, trituradoras, despuntadoras y deshojadoras.<\/p>\n\n\n\n<p>Con un equipo altamente cualificado de trabajadores y una flota de veh\u00edculos especializados con gr\u00faas y g\u00f3ndolas, la empresa puede realizar cualquier tipo de reparaci\u00f3n tanto in situ como transportando la maquinar\u00eda a las instalaciones.<\/p>\n\n\n\n<p>Como novedad destacada, Jos\u00e9 Est\u00e9vez As Ferreiras introducir\u00e1 en el evento robots aut\u00f3nomos y tractores equipados con las \u00faltimas tecnolog\u00edas. \u201cAnimamos a todos a participar en este evento, donde podr\u00e1n probar nuestras m\u00e1quinas de primera mano\u201d, se\u00f1al\u00f3 Jos\u00e9 Antonio Est\u00e9vez, subrayando el compromiso de la empresa con la innovaci\u00f3n y la mejora continua en el sector agr\u00edcola.<\/p>","protected":false},"excerpt":{"rendered":"<p>Jos\u00e9 Est\u00e9vez As Ferreiras, distribuidor oficial de marcas l\u00edderes en maquinaria agr\u00edcola como John Deere y Pasquali en las provincias de Orense y Pontevedra, ha confirmado su participaci\u00f3n en Alimagro 2024, uno de los eventos m\u00e1s destacados del sector agr\u00edcola en la regi\u00f3n. La empresa, con m\u00e1s de 38 a\u00f1os de experiencia en la compra, [&hellip;]<\/p>","protected":false},"author":4,"featured_media":1077,"comment_status":"closed","ping_status":"closed","sticky":false,"template":"","format":"standard","meta":{"ngg_post_thumbnail":0,"footnotes":""},"categories":[1],"tags":[],"class_list":{"0":"post-1076","1":"post","2":"type-post","3":"status-publish","4":"format-standard","5":"has-post-thumbnail","7":"category-sin-categoria"},"yoast_head":"<!-- This site is optimized with the Yoast SEO plugin v25.8 - https:\/\/yoast.com\/wordpress\/plugins\/seo\/ -->\n<title>Est\u00e9vez presentar\u00e1 robots aut\u00f3nomos y soluciones tecnol\u00f3gicas de \u00faltima generaci\u00f3n en Alimagro 2024 | Alimagro<\/title>\n<meta name=\"robots\" content=\"index, follow, max-snippet:-1, max-image-preview:large, max-video-preview:-1\" \/>\n<link rel=\"canonical\" href=\"https:\/\/alimagro.es\/gl\/2024\/08\/27\/estevez-presentara-robots-autonomos-y-soluciones-tecnologicas-de-ultima-generacion-en-alimagro-2024\/\" \/>\n<meta property=\"og:locale\" content=\"gl_ES\" \/>\n<meta property=\"og:type\" content=\"article\" \/>\n<meta property=\"og:title\" content=\"Est\u00e9vez presentar\u00e1 robots aut\u00f3nomos y soluciones tecnol\u00f3gicas de \u00faltima generaci\u00f3n en Alimagro 2024 | Alimagro\" \/>\n<meta property=\"og:description\" content=\"Jos\u00e9 Est\u00e9vez As Ferreiras, distribuidor oficial de marcas l\u00edderes en maquinaria agr\u00edcola como John Deere y Pasquali en las provincias de Orense y Pontevedra, ha confirmado su participaci\u00f3n en Alimagro 2024, uno de los eventos m\u00e1s destacados del sector agr\u00edcola en la regi\u00f3n. La empresa, con m\u00e1s de 38 a\u00f1os de experiencia en la compra, [&hellip;]\" \/>\n<meta property=\"og:url\" content=\"https:\/\/alimagro.es\/gl\/2024\/08\/27\/estevez-presentara-robots-autonomos-y-soluciones-tecnologicas-de-ultima-generacion-en-alimagro-2024\/\" \/>\n<meta property=\"og:site_name\" content=\"Alimagro\" \/>\n<meta property=\"article:publisher\" content=\"https:\/\/www.facebook.com\/people\/Alimagro\/100095025612077\/\" \/>\n<meta property=\"article:published_time\" content=\"2024-08-27T07:19:00+00:00\" \/>\n<meta property=\"og:image\" content=\"https:\/\/alimagro.es\/wp-content\/uploads\/2024\/08\/181214_478195368921406_817358912_n.jpg\" \/>\n\t<meta property=\"og:image:width\" content=\"640\" \/>\n\t<meta property=\"og:image:height\" content=\"480\" \/>\n\t<meta property=\"og:image:type\" content=\"image\/jpeg\" \/>\n<meta name=\"author\" content=\"Enrique\" \/>\n<meta name=\"twitter:card\" content=\"summary_large_image\" \/>\n<meta name=\"twitter:label1\" content=\"Escrito por\" \/>\n\t<meta name=\"twitter:data1\" content=\"Enrique\" \/>\n\t<meta name=\"twitter:label2\" content=\"Tempo de lectura\" \/>\n\t<meta name=\"twitter:data2\" content=\"2 minutos\" \/>\n<script type=\"application\/ld+json\" class=\"yoast-schema-graph\">{\"@context\":\"https:\/\/schema.org\",\"@graph\":[{\"@type\":\"Article\",\"@id\":\"https:\/\/alimagro.es\/2024\/08\/27\/estevez-presentara-robots-autonomos-y-soluciones-tecnologicas-de-ultima-generacion-en-alimagro-2024\/#article\",\"isPartOf\":{\"@id\":\"https:\/\/alimagro.es\/2024\/08\/27\/estevez-presentara-robots-autonomos-y-soluciones-tecnologicas-de-ultima-generacion-en-alimagro-2024\/\"},\"author\":{\"name\":\"Enrique\",\"@id\":\"https:\/\/alimagro.es\/#\/schema\/person\/30f3189553bc200fd83cdfda07962a67\"},\"headline\":\"Est\u00e9vez presentar\u00e1 robots aut\u00f3nomos y soluciones tecnol\u00f3gicas de \u00faltima generaci\u00f3n en Alimagro 2024\",\"datePublished\":\"2024-08-27T07:19:00+00:00\",\"mainEntityOfPage\":{\"@id\":\"https:\/\/alimagro.es\/2024\/08\/27\/estevez-presentara-robots-autonomos-y-soluciones-tecnologicas-de-ultima-generacion-en-alimagro-2024\/\"},\"wordCount\":304,\"publisher\":{\"@id\":\"https:\/\/alimagro.es\/#organization\"},\"image\":{\"@id\":\"https:\/\/alimagro.es\/2024\/08\/27\/estevez-presentara-robots-autonomos-y-soluciones-tecnologicas-de-ultima-generacion-en-alimagro-2024\/#primaryimage\"},\"thumbnailUrl\":\"https:\/\/alimagro.es\/wp-content\/uploads\/2024\/08\/181214_478195368921406_817358912_n.jpg\",\"articleSection\":[\"Sin categor\u00eda\"],\"inLanguage\":\"gl-ES\"},{\"@type\":\"WebPage\",\"@id\":\"https:\/\/alimagro.es\/2024\/08\/27\/estevez-presentara-robots-autonomos-y-soluciones-tecnologicas-de-ultima-generacion-en-alimagro-2024\/\",\"url\":\"https:\/\/alimagro.es\/2024\/08\/27\/estevez-presentara-robots-autonomos-y-soluciones-tecnologicas-de-ultima-generacion-en-alimagro-2024\/\",\"name\":\"Est\u00e9vez presentar\u00e1 robots aut\u00f3nomos y soluciones tecnol\u00f3gicas de \u00faltima generaci\u00f3n en Alimagro 2024 | Alimagro\",\"isPartOf\":{\"@id\":\"https:\/\/alimagro.es\/#website\"},\"primaryImageOfPage\":{\"@id\":\"https:\/\/alimagro.es\/2024\/08\/27\/estevez-presentara-robots-autonomos-y-soluciones-tecnologicas-de-ultima-generacion-en-alimagro-2024\/#primaryimage\"},\"image\":{\"@id\":\"https:\/\/alimagro.es\/2024\/08\/27\/estevez-presentara-robots-autonomos-y-soluciones-tecnologicas-de-ultima-generacion-en-alimagro-2024\/#primaryimage\"},\"thumbnailUrl\":\"https:\/\/alimagro.es\/wp-content\/uploads\/2024\/08\/181214_478195368921406_817358912_n.jpg\",\"datePublished\":\"2024-08-27T07:19:00+00:00\",\"breadcrumb\":{\"@id\":\"https:\/\/alimagro.es\/2024\/08\/27\/estevez-presentara-robots-autonomos-y-soluciones-tecnologicas-de-ultima-generacion-en-alimagro-2024\/#breadcrumb\"},\"inLanguage\":\"gl-ES\",\"potentialAction\":[{\"@type\":\"ReadAction\",\"target\":[\"https:\/\/alimagro.es\/2024\/08\/27\/estevez-presentara-robots-autonomos-y-soluciones-tecnologicas-de-ultima-generacion-en-alimagro-2024\/\"]}]},{\"@type\":\"ImageObject\",\"inLanguage\":\"gl-ES\",\"@id\":\"https:\/\/alimagro.es\/2024\/08\/27\/estevez-presentara-robots-autonomos-y-soluciones-tecnologicas-de-ultima-generacion-en-alimagro-2024\/#primaryimage\",\"url\":\"https:\/\/alimagro.es\/wp-content\/uploads\/2024\/08\/181214_478195368921406_817358912_n.jpg\",\"contentUrl\":\"https:\/\/alimagro.es\/wp-content\/uploads\/2024\/08\/181214_478195368921406_817358912_n.jpg\",\"width\":640,\"height\":480},{\"@type\":\"BreadcrumbList\",\"@id\":\"https:\/\/alimagro.es\/2024\/08\/27\/estevez-presentara-robots-autonomos-y-soluciones-tecnologicas-de-ultima-generacion-en-alimagro-2024\/#breadcrumb\",\"itemListElement\":[{\"@type\":\"ListItem\",\"position\":1,\"name\":\"Portada\",\"item\":\"https:\/\/alimagro.es\/\"},{\"@type\":\"ListItem\",\"position\":2,\"name\":\"Est\u00e9vez presentar\u00e1 robots aut\u00f3nomos y soluciones tecnol\u00f3gicas de \u00faltima generaci\u00f3n en Alimagro 2024\"}]},{\"@type\":\"WebSite\",\"@id\":\"https:\/\/alimagro.es\/#website\",\"url\":\"https:\/\/alimagro.es\/\",\"name\":\"Alimagro\",\"description\":\"Alimagro, un evento referente nacional que aglutina las novedades en cuanto al cultivo de patata y la maquinaria agr\u00edcola.\",\"publisher\":{\"@id\":\"https:\/\/alimagro.es\/#organization\"},\"alternateName\":\"Feria del Agro de la Limia\",\"potentialAction\":[{\"@type\":\"SearchAction\",\"target\":{\"@type\":\"EntryPoint\",\"urlTemplate\":\"https:\/\/alimagro.es\/?s={search_term_string}\"},\"query-input\":{\"@type\":\"PropertyValueSpecification\",\"valueRequired\":true,\"valueName\":\"search_term_string\"}}],\"inLanguage\":\"gl-ES\"},{\"@type\":\"Organization\",\"@id\":\"https:\/\/alimagro.es\/#organization\",\"name\":\"Alimagro\",\"url\":\"https:\/\/alimagro.es\/\",\"logo\":{\"@type\":\"ImageObject\",\"inLanguage\":\"gl-ES\",\"@id\":\"https:\/\/alimagro.es\/#\/schema\/logo\/image\/\",\"url\":\"https:\/\/alimagro.es\/wp-content\/uploads\/2023\/07\/alimagro-logo-verde.png\",\"contentUrl\":\"https:\/\/alimagro.es\/wp-content\/uploads\/2023\/07\/alimagro-logo-verde.png\",\"width\":500,\"height\":96,\"caption\":\"Alimagro\"},\"image\":{\"@id\":\"https:\/\/alimagro.es\/#\/schema\/logo\/image\/\"},\"sameAs\":[\"https:\/\/www.facebook.com\/people\/Alimagro\/100095025612077\/\",\"https:\/\/www.instagram.com\/alimagro_\/\"]},{\"@type\":\"Person\",\"@id\":\"https:\/\/alimagro.es\/#\/schema\/person\/30f3189553bc200fd83cdfda07962a67\",\"name\":\"Enrique\",\"image\":{\"@type\":\"ImageObject\",\"inLanguage\":\"gl-ES\",\"@id\":\"https:\/\/alimagro.es\/#\/schema\/person\/image\/\",\"url\":\"https:\/\/secure.gravatar.com\/avatar\/a1519c85f5ee8976b593de61a2b9b0b1c86701350844c9798fe2757b11c73f2c?s=96&d=mm&r=g\",\"contentUrl\":\"https:\/\/secure.gravatar.com\/avatar\/a1519c85f5ee8976b593de61a2b9b0b1c86701350844c9798fe2757b11c73f2c?s=96&d=mm&r=g\",\"caption\":\"Enrique\"},\"url\":\"https:\/\/alimagro.es\/gl\/author\/maquetacion\/\"}]}<\/script>\n<!-- \/ Yoast SEO plugin. -->","yoast_head_json":{"title":"Est\u00e9vez presentar\u00e1 robots aut\u00f3nomos y soluciones tecnol\u00f3gicas de \u00faltima generaci\u00f3n en Alimagro 2024 | Alimagro","robots":{"index":"index","follow":"follow","max-snippet":"max-snippet:-1","max-image-preview":"max-image-preview:large","max-video-preview":"max-video-preview:-1"},"canonical":"https:\/\/alimagro.es\/gl\/2024\/08\/27\/estevez-presentara-robots-autonomos-y-soluciones-tecnologicas-de-ultima-generacion-en-alimagro-2024\/","og_locale":"gl_ES","og_type":"article","og_title":"Est\u00e9vez presentar\u00e1 robots aut\u00f3nomos y soluciones tecnol\u00f3gicas de \u00faltima generaci\u00f3n en Alimagro 2024 | Alimagro","og_description":"Jos\u00e9 Est\u00e9vez As Ferreiras, distribuidor oficial de marcas l\u00edderes en maquinaria agr\u00edcola como John Deere y Pasquali en las provincias de Orense y Pontevedra, ha confirmado su participaci\u00f3n en Alimagro 2024, uno de los eventos m\u00e1s destacados del sector agr\u00edcola en la regi\u00f3n. La empresa, con m\u00e1s de 38 a\u00f1os de experiencia en la compra, [&hellip;]","og_url":"https:\/\/alimagro.es\/gl\/2024\/08\/27\/estevez-presentara-robots-autonomos-y-soluciones-tecnologicas-de-ultima-generacion-en-alimagro-2024\/","og_site_name":"Alimagro","article_publisher":"https:\/\/www.facebook.com\/people\/Alimagro\/100095025612077\/","article_published_time":"2024-08-27T07:19:00+00:00","og_image":[{"width":640,"height":480,"url":"https:\/\/alimagro.es\/wp-content\/uploads\/2024\/08\/181214_478195368921406_817358912_n.jpg","type":"image\/jpeg"}],"author":"Enrique","twitter_card":"summary_large_image","twitter_misc":{"Escrito por":"Enrique","Tempo de lectura":"2 minutos"},"schema":{"@context":"https:\/\/schema.org","@graph":[{"@type":"Article","@id":"https:\/\/alimagro.es\/2024\/08\/27\/estevez-presentara-robots-autonomos-y-soluciones-tecnologicas-de-ultima-generacion-en-alimagro-2024\/#article","isPartOf":{"@id":"https:\/\/alimagro.es\/2024\/08\/27\/estevez-presentara-robots-autonomos-y-soluciones-tecnologicas-de-ultima-generacion-en-alimagro-2024\/"},"author":{"name":"Enrique","@id":"https:\/\/alimagro.es\/#\/schema\/person\/30f3189553bc200fd83cdfda07962a67"},"headline":"Est\u00e9vez presentar\u00e1 robots aut\u00f3nomos y soluciones tecnol\u00f3gicas de \u00faltima generaci\u00f3n en Alimagro 2024","datePublished":"2024-08-27T07:19:00+00:00","mainEntityOfPage":{"@id":"https:\/\/alimagro.es\/2024\/08\/27\/estevez-presentara-robots-autonomos-y-soluciones-tecnologicas-de-ultima-generacion-en-alimagro-2024\/"},"wordCount":304,"publisher":{"@id":"https:\/\/alimagro.es\/#organization"},"image":{"@id":"https:\/\/alimagro.es\/2024\/08\/27\/estevez-presentara-robots-autonomos-y-soluciones-tecnologicas-de-ultima-generacion-en-alimagro-2024\/#primaryimage"},"thumbnailUrl":"https:\/\/alimagro.es\/wp-content\/uploads\/2024\/08\/181214_478195368921406_817358912_n.jpg","articleSection":["Sin categor\u00eda"],"inLanguage":"gl-ES"},{"@type":"WebPage","@id":"https:\/\/alimagro.es\/2024\/08\/27\/estevez-presentara-robots-autonomos-y-soluciones-tecnologicas-de-ultima-generacion-en-alimagro-2024\/","url":"https:\/\/alimagro.es\/2024\/08\/27\/estevez-presentara-robots-autonomos-y-soluciones-tecnologicas-de-ultima-generacion-en-alimagro-2024\/","name":"Est\u00e9vez presentar\u00e1 robots aut\u00f3nomos y soluciones tecnol\u00f3gicas de \u00faltima generaci\u00f3n en Alimagro 2024 | Alimagro","isPartOf":{"@id":"https:\/\/alimagro.es\/#website"},"primaryImageOfPage":{"@id":"https:\/\/alimagro.es\/2024\/08\/27\/estevez-presentara-robots-autonomos-y-soluciones-tecnologicas-de-ultima-generacion-en-alimagro-2024\/#primaryimage"},"image":{"@id":"https:\/\/alimagro.es\/2024\/08\/27\/estevez-presentara-robots-autonomos-y-soluciones-tecnologicas-de-ultima-generacion-en-alimagro-2024\/#primaryimage"},"thumbnailUrl":"https:\/\/alimagro.es\/wp-content\/uploads\/2024\/08\/181214_478195368921406_817358912_n.jpg","datePublished":"2024-08-27T07:19:00+00:00","breadcrumb":{"@id":"https:\/\/alimagro.es\/2024\/08\/27\/estevez-presentara-robots-autonomos-y-soluciones-tecnologicas-de-ultima-generacion-en-alimagro-2024\/#breadcrumb"},"inLanguage":"gl-ES","potentialAction":[{"@type":"ReadAction","target":["https:\/\/alimagro.es\/2024\/08\/27\/estevez-presentara-robots-autonomos-y-soluciones-tecnologicas-de-ultima-generacion-en-alimagro-2024\/"]}]},{"@type":"ImageObject","inLanguage":"gl-ES","@id":"https:\/\/alimagro.es\/2024\/08\/27\/estevez-presentara-robots-autonomos-y-soluciones-tecnologicas-de-ultima-generacion-en-alimagro-2024\/#primaryimage","url":"https:\/\/alimagro.es\/wp-content\/uploads\/2024\/08\/181214_478195368921406_817358912_n.jpg","contentUrl":"https:\/\/alimagro.es\/wp-content\/uploads\/2024\/08\/181214_478195368921406_817358912_n.jpg","width":640,"height":480},{"@type":"BreadcrumbList","@id":"https:\/\/alimagro.es\/2024\/08\/27\/estevez-presentara-robots-autonomos-y-soluciones-tecnologicas-de-ultima-generacion-en-alimagro-2024\/#breadcrumb","itemListElement":[{"@type":"ListItem","position":1,"name":"Portada","item":"https:\/\/alimagro.es\/"},{"@type":"ListItem","position":2,"name":"Est\u00e9vez presentar\u00e1 robots aut\u00f3nomos y soluciones tecnol\u00f3gicas de \u00faltima generaci\u00f3n en Alimagro 2024"}]},{"@type":"WebSite","@id":"https:\/\/alimagro.es\/#website","url":"https:\/\/alimagro.es\/","name":"Alimagro","description":"Alimagro, un evento referente nacional que aglutina las novedades en cuanto al cultivo de patata y la maquinaria agr\u00edcola.","publisher":{"@id":"https:\/\/alimagro.es\/#organization"},"alternateName":"Feria del Agro de la Limia","potentialAction":[{"@type":"SearchAction","target":{"@type":"EntryPoint","urlTemplate":"https:\/\/alimagro.es\/?s={search_term_string}"},"query-input":{"@type":"PropertyValueSpecification","valueRequired":true,"valueName":"search_term_string"}}],"inLanguage":"gl-ES"},{"@type":"Organization","@id":"https:\/\/alimagro.es\/#organization","name":"Alimagro","url":"https:\/\/alimagro.es\/","logo":{"@type":"ImageObject","inLanguage":"gl-ES","@id":"https:\/\/alimagro.es\/#\/schema\/logo\/image\/","url":"https:\/\/alimagro.es\/wp-content\/uploads\/2023\/07\/alimagro-logo-verde.png","contentUrl":"https:\/\/alimagro.es\/wp-content\/uploads\/2023\/07\/alimagro-logo-verde.png","width":500,"height":96,"caption":"Alimagro"},"image":{"@id":"https:\/\/alimagro.es\/#\/schema\/logo\/image\/"},"sameAs":["https:\/\/www.facebook.com\/people\/Alimagro\/100095025612077\/","https:\/\/www.instagram.com\/alimagro_\/"]},{"@type":"Person","@id":"https:\/\/alimagro.es\/#\/schema\/person\/30f3189553bc200fd83cdfda07962a67","name":"Enrique","image":{"@type":"ImageObject","inLanguage":"gl-ES","@id":"https:\/\/alimagro.es\/#\/schema\/person\/image\/","url":"https:\/\/secure.gravatar.com\/avatar\/a1519c85f5ee8976b593de61a2b9b0b1c86701350844c9798fe2757b11c73f2c?s=96&d=mm&r=g","contentUrl":"https:\/\/secure.gravatar.com\/avatar\/a1519c85f5ee8976b593de61a2b9b0b1c86701350844c9798fe2757b11c73f2c?s=96&d=mm&r=g","caption":"Enrique"},"url":"https:\/\/alimagro.es\/gl\/author\/maquetacion\/"}]}},"_links":{"self":[{"href":"https:\/\/alimagro.es\/gl\/wp-json\/wp\/v2\/posts\/1076","targetHints":{"allow":["GET"]}}],"collection":[{"href":"https:\/\/alimagro.es\/gl\/wp-json\/wp\/v2\/posts"}],"about":[{"href":"https:\/\/alimagro.es\/gl\/wp-json\/wp\/v2\/types\/post"}],"author":[{"embeddable":true,"href":"https:\/\/alimagro.es\/gl\/wp-json\/wp\/v2\/users\/4"}],"replies":[{"embeddable":true,"href":"https:\/\/alimagro.es\/gl\/wp-json\/wp\/v2\/comments?post=1076"}],"version-history":[{"count":1,"href":"https:\/\/alimagro.es\/gl\/wp-json\/wp\/v2\/posts\/1076\/revisions"}],"predecessor-version":[{"id":1078,"href":"https:\/\/alimagro.es\/gl\/wp-json\/wp\/v2\/posts\/1076\/revisions\/1078"}],"wp:featuredmedia":[{"embeddable":true,"href":"https:\/\/alimagro.es\/gl\/wp-json\/wp\/v2\/media\/1077"}],"wp:attachment":[{"href":"https:\/\/alimagro.es\/gl\/wp-json\/wp\/v2\/media?parent=1076"}],"wp:term":[{"taxonomy":"category","embeddable":true,"href":"https:\/\/alimagro.es\/gl\/wp-json\/wp\/v2\/categories?post=1076"},{"taxonomy":"post_tag","embeddable":true,"href":"https:\/\/alimagro.es\/gl\/wp-json\/wp\/v2\/tags?post=1076"}],"curies":[{"name":"wp","href":"https:\/\/api.w.org\/{rel}","templated":true}]}}