{"id":1032,"date":"2024-08-22T12:56:00","date_gmt":"2024-08-22T10:56:00","guid":{"rendered":"https:\/\/alimagro.es\/?p=1032"},"modified":"2024-08-26T14:04:06","modified_gmt":"2024-08-26T12:04:06","slug":"patatas-paz-presentara-en-alimagro-cinco-nuevas-variedades-de-sus-productos-en-exclusiva","status":"publish","type":"post","link":"https:\/\/alimagro.es\/gl\/2024\/08\/22\/patatas-paz-presentara-en-alimagro-cinco-nuevas-variedades-de-sus-productos-en-exclusiva\/","title":{"rendered":"Patatas Paz presentar\u00e1 en Alimagro cinco nuevas variedades de sus productos en exclusiva"},"content":{"rendered":"<p>Alimagro vuelve a abrir sus puertas, el evento referente nacional en el cultivo de patata y maquinaria, que tendr\u00e1 lugar el pr\u00f3ximo 30 de agosto en Xinzo de Limia (Ourense).<\/p>\n<p><img loading=\"lazy\" decoding=\"async\" class=\"wp-image-1037 aligncenter\" src=\"https:\/\/alimagro.es\/wp-content\/uploads\/2024\/08\/Ojo-calidad-300x225.jpg\" alt=\"\" width=\"465\" height=\"349\" srcset=\"https:\/\/alimagro.es\/wp-content\/uploads\/2024\/08\/Ojo-calidad-300x225.jpg 300w, https:\/\/alimagro.es\/wp-content\/uploads\/2024\/08\/Ojo-calidad-1024x768.jpg 1024w, https:\/\/alimagro.es\/wp-content\/uploads\/2024\/08\/Ojo-calidad-768x576.jpg 768w, https:\/\/alimagro.es\/wp-content\/uploads\/2024\/08\/Ojo-calidad-1536x1152.jpg 1536w, https:\/\/alimagro.es\/wp-content\/uploads\/2024\/08\/Ojo-calidad-16x12.jpg 16w, https:\/\/alimagro.es\/wp-content\/uploads\/2024\/08\/Ojo-calidad-696x522.jpg 696w, https:\/\/alimagro.es\/wp-content\/uploads\/2024\/08\/Ojo-calidad-1068x801.jpg 1068w, https:\/\/alimagro.es\/wp-content\/uploads\/2024\/08\/Ojo-calidad.jpg 1600w\" sizes=\"auto, (max-width: 465px) 100vw, 465px\" \/><\/p>\n<p>Patatas Paz, uno de los expositores de este evento, es un almac\u00e9n de patatas dedicado a la distribuci\u00f3n de este producto para el consumo. Con m\u00e1s de 49 a\u00f1os de experiencia en el sector, comenz\u00f3 con peque\u00f1as distribuciones a supermercados locales hasta alcanzar el volumen actual. Casi cinco d\u00e9cadas en los que no han parado de innovarse y apoyar con variedades nuevas el mercado, adapt\u00e1ndose a las necesidades del sector.<\/p>\n<p>En Alimagro presentar\u00e1 cinco nuevas variedades a los asistentes con el objetivo de ver como se adapta al mercado. Una prueba de realidad de sus productos.<\/p>\n<p>\u201cNos parece un evento muy interesante, que permite que empresas como la nuestra contin\u00faen con fuerza y energ\u00eda. Ofrecen un reconocimiento a nuestro trabajo, un trabajo de calidad y aporta valor a\u00f1adido a nuestros productos\u201d, destaca Francisco Paz, gerente de Patatas Paz.<\/p>","protected":false},"excerpt":{"rendered":"<p>Alimagro vuelve a abrir sus puertas, el evento referente nacional en el cultivo de patata y maquinaria, que tendr\u00e1 lugar el pr\u00f3ximo 30 de agosto en Xinzo de Limia (Ourense). Patatas Paz, uno de los expositores de este evento, es un almac\u00e9n de patatas dedicado a la distribuci\u00f3n de este producto para el consumo. Con [&hellip;]<\/p>","protected":false},"author":4,"featured_media":1097,"comment_status":"closed","ping_status":"closed","sticky":false,"template":"","format":"standard","meta":{"ngg_post_thumbnail":0,"footnotes":""},"categories":[1],"tags":[],"class_list":{"0":"post-1032","1":"post","2":"type-post","3":"status-publish","4":"format-standard","5":"has-post-thumbnail","7":"category-sin-categoria"},"yoast_head":"<!-- This site is optimized with the Yoast SEO plugin v25.8 - https:\/\/yoast.com\/wordpress\/plugins\/seo\/ -->\n<title>Patatas Paz presentar\u00e1 en Alimagro cinco nuevas variedades de sus productos en exclusiva | Alimagro<\/title>\n<meta name=\"robots\" content=\"index, follow, max-snippet:-1, max-image-preview:large, max-video-preview:-1\" \/>\n<link rel=\"canonical\" href=\"https:\/\/alimagro.es\/gl\/2024\/08\/22\/patatas-paz-presentara-en-alimagro-cinco-nuevas-variedades-de-sus-productos-en-exclusiva\/\" \/>\n<meta property=\"og:locale\" content=\"gl_ES\" \/>\n<meta property=\"og:type\" content=\"article\" \/>\n<meta property=\"og:title\" content=\"Patatas Paz presentar\u00e1 en Alimagro cinco nuevas variedades de sus productos en exclusiva | Alimagro\" \/>\n<meta property=\"og:description\" content=\"Alimagro vuelve a abrir sus puertas, el evento referente nacional en el cultivo de patata y maquinaria, que tendr\u00e1 lugar el pr\u00f3ximo 30 de agosto en Xinzo de Limia (Ourense). Patatas Paz, uno de los expositores de este evento, es un almac\u00e9n de patatas dedicado a la distribuci\u00f3n de este producto para el consumo. Con [&hellip;]\" \/>\n<meta property=\"og:url\" content=\"https:\/\/alimagro.es\/gl\/2024\/08\/22\/patatas-paz-presentara-en-alimagro-cinco-nuevas-variedades-de-sus-productos-en-exclusiva\/\" \/>\n<meta property=\"og:site_name\" content=\"Alimagro\" \/>\n<meta property=\"article:publisher\" content=\"https:\/\/www.facebook.com\/people\/Alimagro\/100095025612077\/\" \/>\n<meta property=\"article:published_time\" content=\"2024-08-22T10:56:00+00:00\" \/>\n<meta property=\"article:modified_time\" content=\"2024-08-26T12:04:06+00:00\" \/>\n<meta property=\"og:image\" content=\"https:\/\/alimagro.es\/wp-content\/uploads\/2024\/08\/foto-2.jpg\" \/>\n\t<meta property=\"og:image:width\" content=\"1000\" \/>\n\t<meta property=\"og:image:height\" content=\"600\" \/>\n\t<meta property=\"og:image:type\" content=\"image\/jpeg\" \/>\n<meta name=\"author\" content=\"Enrique\" \/>\n<meta name=\"twitter:card\" content=\"summary_large_image\" \/>\n<meta name=\"twitter:label1\" content=\"Escrito por\" \/>\n\t<meta name=\"twitter:data1\" content=\"Enrique\" \/>\n\t<meta name=\"twitter:label2\" content=\"Tempo de lectura\" \/>\n\t<meta name=\"twitter:data2\" content=\"2 minutos\" \/>\n<script type=\"application\/ld+json\" class=\"yoast-schema-graph\">{\"@context\":\"https:\/\/schema.org\",\"@graph\":[{\"@type\":\"Article\",\"@id\":\"https:\/\/alimagro.es\/2024\/08\/22\/patatas-paz-presentara-en-alimagro-cinco-nuevas-variedades-de-sus-productos-en-exclusiva\/#article\",\"isPartOf\":{\"@id\":\"https:\/\/alimagro.es\/2024\/08\/22\/patatas-paz-presentara-en-alimagro-cinco-nuevas-variedades-de-sus-productos-en-exclusiva\/\"},\"author\":{\"name\":\"Enrique\",\"@id\":\"https:\/\/alimagro.es\/#\/schema\/person\/30f3189553bc200fd83cdfda07962a67\"},\"headline\":\"Patatas Paz presentar\u00e1 en Alimagro cinco nuevas variedades de sus productos en exclusiva\",\"datePublished\":\"2024-08-22T10:56:00+00:00\",\"dateModified\":\"2024-08-26T12:04:06+00:00\",\"mainEntityOfPage\":{\"@id\":\"https:\/\/alimagro.es\/2024\/08\/22\/patatas-paz-presentara-en-alimagro-cinco-nuevas-variedades-de-sus-productos-en-exclusiva\/\"},\"wordCount\":190,\"publisher\":{\"@id\":\"https:\/\/alimagro.es\/#organization\"},\"image\":{\"@id\":\"https:\/\/alimagro.es\/2024\/08\/22\/patatas-paz-presentara-en-alimagro-cinco-nuevas-variedades-de-sus-productos-en-exclusiva\/#primaryimage\"},\"thumbnailUrl\":\"https:\/\/alimagro.es\/wp-content\/uploads\/2024\/08\/foto-2.jpg\",\"articleSection\":[\"Sin categor\u00eda\"],\"inLanguage\":\"gl-ES\"},{\"@type\":\"WebPage\",\"@id\":\"https:\/\/alimagro.es\/2024\/08\/22\/patatas-paz-presentara-en-alimagro-cinco-nuevas-variedades-de-sus-productos-en-exclusiva\/\",\"url\":\"https:\/\/alimagro.es\/2024\/08\/22\/patatas-paz-presentara-en-alimagro-cinco-nuevas-variedades-de-sus-productos-en-exclusiva\/\",\"name\":\"Patatas Paz presentar\u00e1 en Alimagro cinco nuevas variedades de sus productos en exclusiva | Alimagro\",\"isPartOf\":{\"@id\":\"https:\/\/alimagro.es\/#website\"},\"primaryImageOfPage\":{\"@id\":\"https:\/\/alimagro.es\/2024\/08\/22\/patatas-paz-presentara-en-alimagro-cinco-nuevas-variedades-de-sus-productos-en-exclusiva\/#primaryimage\"},\"image\":{\"@id\":\"https:\/\/alimagro.es\/2024\/08\/22\/patatas-paz-presentara-en-alimagro-cinco-nuevas-variedades-de-sus-productos-en-exclusiva\/#primaryimage\"},\"thumbnailUrl\":\"https:\/\/alimagro.es\/wp-content\/uploads\/2024\/08\/foto-2.jpg\",\"datePublished\":\"2024-08-22T10:56:00+00:00\",\"dateModified\":\"2024-08-26T12:04:06+00:00\",\"breadcrumb\":{\"@id\":\"https:\/\/alimagro.es\/2024\/08\/22\/patatas-paz-presentara-en-alimagro-cinco-nuevas-variedades-de-sus-productos-en-exclusiva\/#breadcrumb\"},\"inLanguage\":\"gl-ES\",\"potentialAction\":[{\"@type\":\"ReadAction\",\"target\":[\"https:\/\/alimagro.es\/2024\/08\/22\/patatas-paz-presentara-en-alimagro-cinco-nuevas-variedades-de-sus-productos-en-exclusiva\/\"]}]},{\"@type\":\"ImageObject\",\"inLanguage\":\"gl-ES\",\"@id\":\"https:\/\/alimagro.es\/2024\/08\/22\/patatas-paz-presentara-en-alimagro-cinco-nuevas-variedades-de-sus-productos-en-exclusiva\/#primaryimage\",\"url\":\"https:\/\/alimagro.es\/wp-content\/uploads\/2024\/08\/foto-2.jpg\",\"contentUrl\":\"https:\/\/alimagro.es\/wp-content\/uploads\/2024\/08\/foto-2.jpg\",\"width\":1000,\"height\":600},{\"@type\":\"BreadcrumbList\",\"@id\":\"https:\/\/alimagro.es\/2024\/08\/22\/patatas-paz-presentara-en-alimagro-cinco-nuevas-variedades-de-sus-productos-en-exclusiva\/#breadcrumb\",\"itemListElement\":[{\"@type\":\"ListItem\",\"position\":1,\"name\":\"Portada\",\"item\":\"https:\/\/alimagro.es\/\"},{\"@type\":\"ListItem\",\"position\":2,\"name\":\"Patatas Paz presentar\u00e1 en Alimagro cinco nuevas variedades de sus productos en exclusiva\"}]},{\"@type\":\"WebSite\",\"@id\":\"https:\/\/alimagro.es\/#website\",\"url\":\"https:\/\/alimagro.es\/\",\"name\":\"Alimagro\",\"description\":\"Alimagro, un evento referente nacional que aglutina las novedades en cuanto al cultivo de patata y la maquinaria agr\u00edcola.\",\"publisher\":{\"@id\":\"https:\/\/alimagro.es\/#organization\"},\"alternateName\":\"Feria del Agro de la Limia\",\"potentialAction\":[{\"@type\":\"SearchAction\",\"target\":{\"@type\":\"EntryPoint\",\"urlTemplate\":\"https:\/\/alimagro.es\/?s={search_term_string}\"},\"query-input\":{\"@type\":\"PropertyValueSpecification\",\"valueRequired\":true,\"valueName\":\"search_term_string\"}}],\"inLanguage\":\"gl-ES\"},{\"@type\":\"Organization\",\"@id\":\"https:\/\/alimagro.es\/#organization\",\"name\":\"Alimagro\",\"url\":\"https:\/\/alimagro.es\/\",\"logo\":{\"@type\":\"ImageObject\",\"inLanguage\":\"gl-ES\",\"@id\":\"https:\/\/alimagro.es\/#\/schema\/logo\/image\/\",\"url\":\"https:\/\/alimagro.es\/wp-content\/uploads\/2023\/07\/alimagro-logo-verde.png\",\"contentUrl\":\"https:\/\/alimagro.es\/wp-content\/uploads\/2023\/07\/alimagro-logo-verde.png\",\"width\":500,\"height\":96,\"caption\":\"Alimagro\"},\"image\":{\"@id\":\"https:\/\/alimagro.es\/#\/schema\/logo\/image\/\"},\"sameAs\":[\"https:\/\/www.facebook.com\/people\/Alimagro\/100095025612077\/\",\"https:\/\/www.instagram.com\/alimagro_\/\"]},{\"@type\":\"Person\",\"@id\":\"https:\/\/alimagro.es\/#\/schema\/person\/30f3189553bc200fd83cdfda07962a67\",\"name\":\"Enrique\",\"image\":{\"@type\":\"ImageObject\",\"inLanguage\":\"gl-ES\",\"@id\":\"https:\/\/alimagro.es\/#\/schema\/person\/image\/\",\"url\":\"https:\/\/secure.gravatar.com\/avatar\/a1519c85f5ee8976b593de61a2b9b0b1c86701350844c9798fe2757b11c73f2c?s=96&d=mm&r=g\",\"contentUrl\":\"https:\/\/secure.gravatar.com\/avatar\/a1519c85f5ee8976b593de61a2b9b0b1c86701350844c9798fe2757b11c73f2c?s=96&d=mm&r=g\",\"caption\":\"Enrique\"},\"url\":\"https:\/\/alimagro.es\/gl\/author\/maquetacion\/\"}]}<\/script>\n<!-- \/ Yoast SEO plugin. -->","yoast_head_json":{"title":"Patatas Paz presentar\u00e1 en Alimagro cinco nuevas variedades de sus productos en exclusiva | Alimagro","robots":{"index":"index","follow":"follow","max-snippet":"max-snippet:-1","max-image-preview":"max-image-preview:large","max-video-preview":"max-video-preview:-1"},"canonical":"https:\/\/alimagro.es\/gl\/2024\/08\/22\/patatas-paz-presentara-en-alimagro-cinco-nuevas-variedades-de-sus-productos-en-exclusiva\/","og_locale":"gl_ES","og_type":"article","og_title":"Patatas Paz presentar\u00e1 en Alimagro cinco nuevas variedades de sus productos en exclusiva | Alimagro","og_description":"Alimagro vuelve a abrir sus puertas, el evento referente nacional en el cultivo de patata y maquinaria, que tendr\u00e1 lugar el pr\u00f3ximo 30 de agosto en Xinzo de Limia (Ourense). Patatas Paz, uno de los expositores de este evento, es un almac\u00e9n de patatas dedicado a la distribuci\u00f3n de este producto para el consumo. Con [&hellip;]","og_url":"https:\/\/alimagro.es\/gl\/2024\/08\/22\/patatas-paz-presentara-en-alimagro-cinco-nuevas-variedades-de-sus-productos-en-exclusiva\/","og_site_name":"Alimagro","article_publisher":"https:\/\/www.facebook.com\/people\/Alimagro\/100095025612077\/","article_published_time":"2024-08-22T10:56:00+00:00","article_modified_time":"2024-08-26T12:04:06+00:00","og_image":[{"width":1000,"height":600,"url":"https:\/\/alimagro.es\/wp-content\/uploads\/2024\/08\/foto-2.jpg","type":"image\/jpeg"}],"author":"Enrique","twitter_card":"summary_large_image","twitter_misc":{"Escrito por":"Enrique","Tempo de lectura":"2 minutos"},"schema":{"@context":"https:\/\/schema.org","@graph":[{"@type":"Article","@id":"https:\/\/alimagro.es\/2024\/08\/22\/patatas-paz-presentara-en-alimagro-cinco-nuevas-variedades-de-sus-productos-en-exclusiva\/#article","isPartOf":{"@id":"https:\/\/alimagro.es\/2024\/08\/22\/patatas-paz-presentara-en-alimagro-cinco-nuevas-variedades-de-sus-productos-en-exclusiva\/"},"author":{"name":"Enrique","@id":"https:\/\/alimagro.es\/#\/schema\/person\/30f3189553bc200fd83cdfda07962a67"},"headline":"Patatas Paz presentar\u00e1 en Alimagro cinco nuevas variedades de sus productos en exclusiva","datePublished":"2024-08-22T10:56:00+00:00","dateModified":"2024-08-26T12:04:06+00:00","mainEntityOfPage":{"@id":"https:\/\/alimagro.es\/2024\/08\/22\/patatas-paz-presentara-en-alimagro-cinco-nuevas-variedades-de-sus-productos-en-exclusiva\/"},"wordCount":190,"publisher":{"@id":"https:\/\/alimagro.es\/#organization"},"image":{"@id":"https:\/\/alimagro.es\/2024\/08\/22\/patatas-paz-presentara-en-alimagro-cinco-nuevas-variedades-de-sus-productos-en-exclusiva\/#primaryimage"},"thumbnailUrl":"https:\/\/alimagro.es\/wp-content\/uploads\/2024\/08\/foto-2.jpg","articleSection":["Sin categor\u00eda"],"inLanguage":"gl-ES"},{"@type":"WebPage","@id":"https:\/\/alimagro.es\/2024\/08\/22\/patatas-paz-presentara-en-alimagro-cinco-nuevas-variedades-de-sus-productos-en-exclusiva\/","url":"https:\/\/alimagro.es\/2024\/08\/22\/patatas-paz-presentara-en-alimagro-cinco-nuevas-variedades-de-sus-productos-en-exclusiva\/","name":"Patatas Paz presentar\u00e1 en Alimagro cinco nuevas variedades de sus productos en exclusiva | Alimagro","isPartOf":{"@id":"https:\/\/alimagro.es\/#website"},"primaryImageOfPage":{"@id":"https:\/\/alimagro.es\/2024\/08\/22\/patatas-paz-presentara-en-alimagro-cinco-nuevas-variedades-de-sus-productos-en-exclusiva\/#primaryimage"},"image":{"@id":"https:\/\/alimagro.es\/2024\/08\/22\/patatas-paz-presentara-en-alimagro-cinco-nuevas-variedades-de-sus-productos-en-exclusiva\/#primaryimage"},"thumbnailUrl":"https:\/\/alimagro.es\/wp-content\/uploads\/2024\/08\/foto-2.jpg","datePublished":"2024-08-22T10:56:00+00:00","dateModified":"2024-08-26T12:04:06+00:00","breadcrumb":{"@id":"https:\/\/alimagro.es\/2024\/08\/22\/patatas-paz-presentara-en-alimagro-cinco-nuevas-variedades-de-sus-productos-en-exclusiva\/#breadcrumb"},"inLanguage":"gl-ES","potentialAction":[{"@type":"ReadAction","target":["https:\/\/alimagro.es\/2024\/08\/22\/patatas-paz-presentara-en-alimagro-cinco-nuevas-variedades-de-sus-productos-en-exclusiva\/"]}]},{"@type":"ImageObject","inLanguage":"gl-ES","@id":"https:\/\/alimagro.es\/2024\/08\/22\/patatas-paz-presentara-en-alimagro-cinco-nuevas-variedades-de-sus-productos-en-exclusiva\/#primaryimage","url":"https:\/\/alimagro.es\/wp-content\/uploads\/2024\/08\/foto-2.jpg","contentUrl":"https:\/\/alimagro.es\/wp-content\/uploads\/2024\/08\/foto-2.jpg","width":1000,"height":600},{"@type":"BreadcrumbList","@id":"https:\/\/alimagro.es\/2024\/08\/22\/patatas-paz-presentara-en-alimagro-cinco-nuevas-variedades-de-sus-productos-en-exclusiva\/#breadcrumb","itemListElement":[{"@type":"ListItem","position":1,"name":"Portada","item":"https:\/\/alimagro.es\/"},{"@type":"ListItem","position":2,"name":"Patatas Paz presentar\u00e1 en Alimagro cinco nuevas variedades de sus productos en exclusiva"}]},{"@type":"WebSite","@id":"https:\/\/alimagro.es\/#website","url":"https:\/\/alimagro.es\/","name":"Alimagro","description":"Alimagro, un evento referente nacional que aglutina las novedades en cuanto al cultivo de patata y la maquinaria agr\u00edcola.","publisher":{"@id":"https:\/\/alimagro.es\/#organization"},"alternateName":"Feria del Agro de la Limia","potentialAction":[{"@type":"SearchAction","target":{"@type":"EntryPoint","urlTemplate":"https:\/\/alimagro.es\/?s={search_term_string}"},"query-input":{"@type":"PropertyValueSpecification","valueRequired":true,"valueName":"search_term_string"}}],"inLanguage":"gl-ES"},{"@type":"Organization","@id":"https:\/\/alimagro.es\/#organization","name":"Alimagro","url":"https:\/\/alimagro.es\/","logo":{"@type":"ImageObject","inLanguage":"gl-ES","@id":"https:\/\/alimagro.es\/#\/schema\/logo\/image\/","url":"https:\/\/alimagro.es\/wp-content\/uploads\/2023\/07\/alimagro-logo-verde.png","contentUrl":"https:\/\/alimagro.es\/wp-content\/uploads\/2023\/07\/alimagro-logo-verde.png","width":500,"height":96,"caption":"Alimagro"},"image":{"@id":"https:\/\/alimagro.es\/#\/schema\/logo\/image\/"},"sameAs":["https:\/\/www.facebook.com\/people\/Alimagro\/100095025612077\/","https:\/\/www.instagram.com\/alimagro_\/"]},{"@type":"Person","@id":"https:\/\/alimagro.es\/#\/schema\/person\/30f3189553bc200fd83cdfda07962a67","name":"Enrique","image":{"@type":"ImageObject","inLanguage":"gl-ES","@id":"https:\/\/alimagro.es\/#\/schema\/person\/image\/","url":"https:\/\/secure.gravatar.com\/avatar\/a1519c85f5ee8976b593de61a2b9b0b1c86701350844c9798fe2757b11c73f2c?s=96&d=mm&r=g","contentUrl":"https:\/\/secure.gravatar.com\/avatar\/a1519c85f5ee8976b593de61a2b9b0b1c86701350844c9798fe2757b11c73f2c?s=96&d=mm&r=g","caption":"Enrique"},"url":"https:\/\/alimagro.es\/gl\/author\/maquetacion\/"}]}},"_links":{"self":[{"href":"https:\/\/alimagro.es\/gl\/wp-json\/wp\/v2\/posts\/1032","targetHints":{"allow":["GET"]}}],"collection":[{"href":"https:\/\/alimagro.es\/gl\/wp-json\/wp\/v2\/posts"}],"about":[{"href":"https:\/\/alimagro.es\/gl\/wp-json\/wp\/v2\/types\/post"}],"author":[{"embeddable":true,"href":"https:\/\/alimagro.es\/gl\/wp-json\/wp\/v2\/users\/4"}],"replies":[{"embeddable":true,"href":"https:\/\/alimagro.es\/gl\/wp-json\/wp\/v2\/comments?post=1032"}],"version-history":[{"count":1,"href":"https:\/\/alimagro.es\/gl\/wp-json\/wp\/v2\/posts\/1032\/revisions"}],"predecessor-version":[{"id":1038,"href":"https:\/\/alimagro.es\/gl\/wp-json\/wp\/v2\/posts\/1032\/revisions\/1038"}],"wp:featuredmedia":[{"embeddable":true,"href":"https:\/\/alimagro.es\/gl\/wp-json\/wp\/v2\/media\/1097"}],"wp:attachment":[{"href":"https:\/\/alimagro.es\/gl\/wp-json\/wp\/v2\/media?parent=1032"}],"wp:term":[{"taxonomy":"category","embeddable":true,"href":"https:\/\/alimagro.es\/gl\/wp-json\/wp\/v2\/categories?post=1032"},{"taxonomy":"post_tag","embeddable":true,"href":"https:\/\/alimagro.es\/gl\/wp-json\/wp\/v2\/tags?post=1032"}],"curies":[{"name":"wp","href":"https:\/\/api.w.org\/{rel}","templated":true}]}}