{"id":1027,"date":"2024-08-21T09:04:35","date_gmt":"2024-08-21T07:04:35","guid":{"rendered":"https:\/\/alimagro.es\/?p=1027"},"modified":"2024-08-26T14:50:22","modified_gmt":"2024-08-26T12:50:22","slug":"patatas-guays-dona-sus-patatas-para-el-concurso-de-tortilla-gigante-de-alimagro-2024","status":"publish","type":"post","link":"https:\/\/alimagro.es\/gl\/2024\/08\/21\/patatas-guays-dona-sus-patatas-para-el-concurso-de-tortilla-gigante-de-alimagro-2024\/","title":{"rendered":"Patatas Guays dona sus patatas para el concurso de tortilla gigante de Alimagro 2024"},"content":{"rendered":"<p>Tan solo faltan ocho d\u00edas para Alimagro, el evento referente nacional que aglutina las novedades en cuanto al cultivo de patata y la maquinaria agr\u00edcola en Xinzo de Limia (Ourense).<\/p>\n<p>Patatas Fritas Guays, uno de los expositores de este evento, es una empresa de venta de patatas fritas en la comarca de A Limia. Naci\u00f3 en 1992 de la mano de un joven emprendedor de familia de agricultores. El prop\u00f3sito de esta empresa fue el crear un valor a\u00f1adido al producto estrella de su tierra.<\/p>\n<p><img loading=\"lazy\" decoding=\"async\" class=\"wp-image-1046 aligncenter\" src=\"https:\/\/alimagro.es\/wp-content\/uploads\/2024\/08\/Snapshot-300x169.png\" alt=\"\" width=\"583\" height=\"328\" srcset=\"https:\/\/alimagro.es\/wp-content\/uploads\/2024\/08\/Snapshot-300x169.png 300w, https:\/\/alimagro.es\/wp-content\/uploads\/2024\/08\/Snapshot-1024x576.png 1024w, https:\/\/alimagro.es\/wp-content\/uploads\/2024\/08\/Snapshot-768x432.png 768w, https:\/\/alimagro.es\/wp-content\/uploads\/2024\/08\/Snapshot-1536x864.png 1536w, https:\/\/alimagro.es\/wp-content\/uploads\/2024\/08\/Snapshot-18x10.png 18w, https:\/\/alimagro.es\/wp-content\/uploads\/2024\/08\/Snapshot-696x392.png 696w, https:\/\/alimagro.es\/wp-content\/uploads\/2024\/08\/Snapshot-1068x601.png 1068w, https:\/\/alimagro.es\/wp-content\/uploads\/2024\/08\/Snapshot.png 1920w\" sizes=\"auto, (max-width: 583px) 100vw, 583px\" \/><\/p>\n<p>Podemos contar con ellos y con su colaboraci\u00f3n en el concurso de la tortilla gigante, porque donan las patatas para ejecutar este evento. Asimismo, contamos con la ponencia de Jos\u00e9 \u00c1ngel Sotelo, gerente de Patatas Guays, que dentro de la tem\u00e1tica Mercados y tendencias de la patata explicar\u00e1 desde su experiencia como agricultor y empresario la situaci\u00f3n del sector.<\/p>\n<p>Adem\u00e1s, llevaran nuevos sabores para que los asistentes puedan descubrirlos y ver como poco a poco la empresa crece y ofrece nuevos productos adaptados a los gustos de la sociedad.<\/p>\n<p>Desde Patatas Guays animan a todo el mundo a acudir a Alimagro. \u201cEs muy positivo para el sector, porque poco a poco se est\u00e1 contribuyendo a la profesionalizaci\u00f3n del sector y aporta un valor interesante a nuestra comarca\u201d, adelanta Jos\u00e9 \u00c1ngel Sotelo.<\/p>","protected":false},"excerpt":{"rendered":"<p>Tan solo faltan ocho d\u00edas para Alimagro, el evento referente nacional que aglutina las novedades en cuanto al cultivo de patata y la maquinaria agr\u00edcola en Xinzo de Limia (Ourense). Patatas Fritas Guays, uno de los expositores de este evento, es una empresa de venta de patatas fritas en la comarca de A Limia. Naci\u00f3 [&hellip;]<\/p>","protected":false},"author":4,"featured_media":1045,"comment_status":"closed","ping_status":"closed","sticky":false,"template":"","format":"standard","meta":{"ngg_post_thumbnail":0,"footnotes":""},"categories":[2],"tags":[],"class_list":{"0":"post-1027","1":"post","2":"type-post","3":"status-publish","4":"format-standard","5":"has-post-thumbnail","7":"category-featured"},"yoast_head":"<!-- This site is optimized with the Yoast SEO plugin v25.8 - https:\/\/yoast.com\/wordpress\/plugins\/seo\/ -->\n<title>Patatas Guays dona sus patatas para el concurso de tortilla gigante de Alimagro 2024 | Alimagro<\/title>\n<meta name=\"robots\" content=\"index, follow, max-snippet:-1, max-image-preview:large, max-video-preview:-1\" \/>\n<link rel=\"canonical\" href=\"https:\/\/alimagro.es\/gl\/2024\/08\/21\/patatas-guays-dona-sus-patatas-para-el-concurso-de-tortilla-gigante-de-alimagro-2024\/\" \/>\n<meta property=\"og:locale\" content=\"gl_ES\" \/>\n<meta property=\"og:type\" content=\"article\" \/>\n<meta property=\"og:title\" content=\"Patatas Guays dona sus patatas para el concurso de tortilla gigante de Alimagro 2024 | Alimagro\" \/>\n<meta property=\"og:description\" content=\"Tan solo faltan ocho d\u00edas para Alimagro, el evento referente nacional que aglutina las novedades en cuanto al cultivo de patata y la maquinaria agr\u00edcola en Xinzo de Limia (Ourense). Patatas Fritas Guays, uno de los expositores de este evento, es una empresa de venta de patatas fritas en la comarca de A Limia. Naci\u00f3 [&hellip;]\" \/>\n<meta property=\"og:url\" content=\"https:\/\/alimagro.es\/gl\/2024\/08\/21\/patatas-guays-dona-sus-patatas-para-el-concurso-de-tortilla-gigante-de-alimagro-2024\/\" \/>\n<meta property=\"og:site_name\" content=\"Alimagro\" \/>\n<meta property=\"article:publisher\" content=\"https:\/\/www.facebook.com\/people\/Alimagro\/100095025612077\/\" \/>\n<meta property=\"article:published_time\" content=\"2024-08-21T07:04:35+00:00\" \/>\n<meta property=\"article:modified_time\" content=\"2024-08-26T12:50:22+00:00\" \/>\n<meta property=\"og:image\" content=\"https:\/\/alimagro.es\/wp-content\/uploads\/2024\/08\/Snapshot_1.png\" \/>\n\t<meta property=\"og:image:width\" content=\"1920\" \/>\n\t<meta property=\"og:image:height\" content=\"1080\" \/>\n\t<meta property=\"og:image:type\" content=\"image\/png\" \/>\n<meta name=\"author\" content=\"Enrique\" \/>\n<meta name=\"twitter:card\" content=\"summary_large_image\" \/>\n<meta name=\"twitter:label1\" content=\"Escrito por\" \/>\n\t<meta name=\"twitter:data1\" content=\"Enrique\" \/>\n\t<meta name=\"twitter:label2\" content=\"Tempo de lectura\" \/>\n\t<meta name=\"twitter:data2\" content=\"2 minutos\" \/>\n<script type=\"application\/ld+json\" class=\"yoast-schema-graph\">{\"@context\":\"https:\/\/schema.org\",\"@graph\":[{\"@type\":\"Article\",\"@id\":\"https:\/\/alimagro.es\/2024\/08\/21\/patatas-guays-dona-sus-patatas-para-el-concurso-de-tortilla-gigante-de-alimagro-2024\/#article\",\"isPartOf\":{\"@id\":\"https:\/\/alimagro.es\/2024\/08\/21\/patatas-guays-dona-sus-patatas-para-el-concurso-de-tortilla-gigante-de-alimagro-2024\/\"},\"author\":{\"name\":\"Enrique\",\"@id\":\"https:\/\/alimagro.es\/#\/schema\/person\/30f3189553bc200fd83cdfda07962a67\"},\"headline\":\"Patatas Guays dona sus patatas para el concurso de tortilla gigante de Alimagro 2024\",\"datePublished\":\"2024-08-21T07:04:35+00:00\",\"dateModified\":\"2024-08-26T12:50:22+00:00\",\"mainEntityOfPage\":{\"@id\":\"https:\/\/alimagro.es\/2024\/08\/21\/patatas-guays-dona-sus-patatas-para-el-concurso-de-tortilla-gigante-de-alimagro-2024\/\"},\"wordCount\":237,\"publisher\":{\"@id\":\"https:\/\/alimagro.es\/#organization\"},\"image\":{\"@id\":\"https:\/\/alimagro.es\/2024\/08\/21\/patatas-guays-dona-sus-patatas-para-el-concurso-de-tortilla-gigante-de-alimagro-2024\/#primaryimage\"},\"thumbnailUrl\":\"https:\/\/alimagro.es\/wp-content\/uploads\/2024\/08\/Snapshot_1.png\",\"articleSection\":[\"Featured\"],\"inLanguage\":\"gl-ES\"},{\"@type\":\"WebPage\",\"@id\":\"https:\/\/alimagro.es\/2024\/08\/21\/patatas-guays-dona-sus-patatas-para-el-concurso-de-tortilla-gigante-de-alimagro-2024\/\",\"url\":\"https:\/\/alimagro.es\/2024\/08\/21\/patatas-guays-dona-sus-patatas-para-el-concurso-de-tortilla-gigante-de-alimagro-2024\/\",\"name\":\"Patatas Guays dona sus patatas para el concurso de tortilla gigante de Alimagro 2024 | Alimagro\",\"isPartOf\":{\"@id\":\"https:\/\/alimagro.es\/#website\"},\"primaryImageOfPage\":{\"@id\":\"https:\/\/alimagro.es\/2024\/08\/21\/patatas-guays-dona-sus-patatas-para-el-concurso-de-tortilla-gigante-de-alimagro-2024\/#primaryimage\"},\"image\":{\"@id\":\"https:\/\/alimagro.es\/2024\/08\/21\/patatas-guays-dona-sus-patatas-para-el-concurso-de-tortilla-gigante-de-alimagro-2024\/#primaryimage\"},\"thumbnailUrl\":\"https:\/\/alimagro.es\/wp-content\/uploads\/2024\/08\/Snapshot_1.png\",\"datePublished\":\"2024-08-21T07:04:35+00:00\",\"dateModified\":\"2024-08-26T12:50:22+00:00\",\"breadcrumb\":{\"@id\":\"https:\/\/alimagro.es\/2024\/08\/21\/patatas-guays-dona-sus-patatas-para-el-concurso-de-tortilla-gigante-de-alimagro-2024\/#breadcrumb\"},\"inLanguage\":\"gl-ES\",\"potentialAction\":[{\"@type\":\"ReadAction\",\"target\":[\"https:\/\/alimagro.es\/2024\/08\/21\/patatas-guays-dona-sus-patatas-para-el-concurso-de-tortilla-gigante-de-alimagro-2024\/\"]}]},{\"@type\":\"ImageObject\",\"inLanguage\":\"gl-ES\",\"@id\":\"https:\/\/alimagro.es\/2024\/08\/21\/patatas-guays-dona-sus-patatas-para-el-concurso-de-tortilla-gigante-de-alimagro-2024\/#primaryimage\",\"url\":\"https:\/\/alimagro.es\/wp-content\/uploads\/2024\/08\/Snapshot_1.png\",\"contentUrl\":\"https:\/\/alimagro.es\/wp-content\/uploads\/2024\/08\/Snapshot_1.png\",\"width\":1920,\"height\":1080},{\"@type\":\"BreadcrumbList\",\"@id\":\"https:\/\/alimagro.es\/2024\/08\/21\/patatas-guays-dona-sus-patatas-para-el-concurso-de-tortilla-gigante-de-alimagro-2024\/#breadcrumb\",\"itemListElement\":[{\"@type\":\"ListItem\",\"position\":1,\"name\":\"Portada\",\"item\":\"https:\/\/alimagro.es\/\"},{\"@type\":\"ListItem\",\"position\":2,\"name\":\"Patatas Guays dona sus patatas para el concurso de tortilla gigante de Alimagro 2024\"}]},{\"@type\":\"WebSite\",\"@id\":\"https:\/\/alimagro.es\/#website\",\"url\":\"https:\/\/alimagro.es\/\",\"name\":\"Alimagro\",\"description\":\"Alimagro, un evento referente nacional que aglutina las novedades en cuanto al cultivo de patata y la maquinaria agr\u00edcola.\",\"publisher\":{\"@id\":\"https:\/\/alimagro.es\/#organization\"},\"alternateName\":\"Feria del Agro de la Limia\",\"potentialAction\":[{\"@type\":\"SearchAction\",\"target\":{\"@type\":\"EntryPoint\",\"urlTemplate\":\"https:\/\/alimagro.es\/?s={search_term_string}\"},\"query-input\":{\"@type\":\"PropertyValueSpecification\",\"valueRequired\":true,\"valueName\":\"search_term_string\"}}],\"inLanguage\":\"gl-ES\"},{\"@type\":\"Organization\",\"@id\":\"https:\/\/alimagro.es\/#organization\",\"name\":\"Alimagro\",\"url\":\"https:\/\/alimagro.es\/\",\"logo\":{\"@type\":\"ImageObject\",\"inLanguage\":\"gl-ES\",\"@id\":\"https:\/\/alimagro.es\/#\/schema\/logo\/image\/\",\"url\":\"https:\/\/alimagro.es\/wp-content\/uploads\/2023\/07\/alimagro-logo-verde.png\",\"contentUrl\":\"https:\/\/alimagro.es\/wp-content\/uploads\/2023\/07\/alimagro-logo-verde.png\",\"width\":500,\"height\":96,\"caption\":\"Alimagro\"},\"image\":{\"@id\":\"https:\/\/alimagro.es\/#\/schema\/logo\/image\/\"},\"sameAs\":[\"https:\/\/www.facebook.com\/people\/Alimagro\/100095025612077\/\",\"https:\/\/www.instagram.com\/alimagro_\/\"]},{\"@type\":\"Person\",\"@id\":\"https:\/\/alimagro.es\/#\/schema\/person\/30f3189553bc200fd83cdfda07962a67\",\"name\":\"Enrique\",\"image\":{\"@type\":\"ImageObject\",\"inLanguage\":\"gl-ES\",\"@id\":\"https:\/\/alimagro.es\/#\/schema\/person\/image\/\",\"url\":\"https:\/\/secure.gravatar.com\/avatar\/a1519c85f5ee8976b593de61a2b9b0b1c86701350844c9798fe2757b11c73f2c?s=96&d=mm&r=g\",\"contentUrl\":\"https:\/\/secure.gravatar.com\/avatar\/a1519c85f5ee8976b593de61a2b9b0b1c86701350844c9798fe2757b11c73f2c?s=96&d=mm&r=g\",\"caption\":\"Enrique\"},\"url\":\"https:\/\/alimagro.es\/gl\/author\/maquetacion\/\"}]}<\/script>\n<!-- \/ Yoast SEO plugin. -->","yoast_head_json":{"title":"Patatas Guays dona sus patatas para el concurso de tortilla gigante de Alimagro 2024 | Alimagro","robots":{"index":"index","follow":"follow","max-snippet":"max-snippet:-1","max-image-preview":"max-image-preview:large","max-video-preview":"max-video-preview:-1"},"canonical":"https:\/\/alimagro.es\/gl\/2024\/08\/21\/patatas-guays-dona-sus-patatas-para-el-concurso-de-tortilla-gigante-de-alimagro-2024\/","og_locale":"gl_ES","og_type":"article","og_title":"Patatas Guays dona sus patatas para el concurso de tortilla gigante de Alimagro 2024 | Alimagro","og_description":"Tan solo faltan ocho d\u00edas para Alimagro, el evento referente nacional que aglutina las novedades en cuanto al cultivo de patata y la maquinaria agr\u00edcola en Xinzo de Limia (Ourense). Patatas Fritas Guays, uno de los expositores de este evento, es una empresa de venta de patatas fritas en la comarca de A Limia. Naci\u00f3 [&hellip;]","og_url":"https:\/\/alimagro.es\/gl\/2024\/08\/21\/patatas-guays-dona-sus-patatas-para-el-concurso-de-tortilla-gigante-de-alimagro-2024\/","og_site_name":"Alimagro","article_publisher":"https:\/\/www.facebook.com\/people\/Alimagro\/100095025612077\/","article_published_time":"2024-08-21T07:04:35+00:00","article_modified_time":"2024-08-26T12:50:22+00:00","og_image":[{"width":1920,"height":1080,"url":"https:\/\/alimagro.es\/wp-content\/uploads\/2024\/08\/Snapshot_1.png","type":"image\/png"}],"author":"Enrique","twitter_card":"summary_large_image","twitter_misc":{"Escrito por":"Enrique","Tempo de lectura":"2 minutos"},"schema":{"@context":"https:\/\/schema.org","@graph":[{"@type":"Article","@id":"https:\/\/alimagro.es\/2024\/08\/21\/patatas-guays-dona-sus-patatas-para-el-concurso-de-tortilla-gigante-de-alimagro-2024\/#article","isPartOf":{"@id":"https:\/\/alimagro.es\/2024\/08\/21\/patatas-guays-dona-sus-patatas-para-el-concurso-de-tortilla-gigante-de-alimagro-2024\/"},"author":{"name":"Enrique","@id":"https:\/\/alimagro.es\/#\/schema\/person\/30f3189553bc200fd83cdfda07962a67"},"headline":"Patatas Guays dona sus patatas para el concurso de tortilla gigante de Alimagro 2024","datePublished":"2024-08-21T07:04:35+00:00","dateModified":"2024-08-26T12:50:22+00:00","mainEntityOfPage":{"@id":"https:\/\/alimagro.es\/2024\/08\/21\/patatas-guays-dona-sus-patatas-para-el-concurso-de-tortilla-gigante-de-alimagro-2024\/"},"wordCount":237,"publisher":{"@id":"https:\/\/alimagro.es\/#organization"},"image":{"@id":"https:\/\/alimagro.es\/2024\/08\/21\/patatas-guays-dona-sus-patatas-para-el-concurso-de-tortilla-gigante-de-alimagro-2024\/#primaryimage"},"thumbnailUrl":"https:\/\/alimagro.es\/wp-content\/uploads\/2024\/08\/Snapshot_1.png","articleSection":["Featured"],"inLanguage":"gl-ES"},{"@type":"WebPage","@id":"https:\/\/alimagro.es\/2024\/08\/21\/patatas-guays-dona-sus-patatas-para-el-concurso-de-tortilla-gigante-de-alimagro-2024\/","url":"https:\/\/alimagro.es\/2024\/08\/21\/patatas-guays-dona-sus-patatas-para-el-concurso-de-tortilla-gigante-de-alimagro-2024\/","name":"Patatas Guays dona sus patatas para el concurso de tortilla gigante de Alimagro 2024 | Alimagro","isPartOf":{"@id":"https:\/\/alimagro.es\/#website"},"primaryImageOfPage":{"@id":"https:\/\/alimagro.es\/2024\/08\/21\/patatas-guays-dona-sus-patatas-para-el-concurso-de-tortilla-gigante-de-alimagro-2024\/#primaryimage"},"image":{"@id":"https:\/\/alimagro.es\/2024\/08\/21\/patatas-guays-dona-sus-patatas-para-el-concurso-de-tortilla-gigante-de-alimagro-2024\/#primaryimage"},"thumbnailUrl":"https:\/\/alimagro.es\/wp-content\/uploads\/2024\/08\/Snapshot_1.png","datePublished":"2024-08-21T07:04:35+00:00","dateModified":"2024-08-26T12:50:22+00:00","breadcrumb":{"@id":"https:\/\/alimagro.es\/2024\/08\/21\/patatas-guays-dona-sus-patatas-para-el-concurso-de-tortilla-gigante-de-alimagro-2024\/#breadcrumb"},"inLanguage":"gl-ES","potentialAction":[{"@type":"ReadAction","target":["https:\/\/alimagro.es\/2024\/08\/21\/patatas-guays-dona-sus-patatas-para-el-concurso-de-tortilla-gigante-de-alimagro-2024\/"]}]},{"@type":"ImageObject","inLanguage":"gl-ES","@id":"https:\/\/alimagro.es\/2024\/08\/21\/patatas-guays-dona-sus-patatas-para-el-concurso-de-tortilla-gigante-de-alimagro-2024\/#primaryimage","url":"https:\/\/alimagro.es\/wp-content\/uploads\/2024\/08\/Snapshot_1.png","contentUrl":"https:\/\/alimagro.es\/wp-content\/uploads\/2024\/08\/Snapshot_1.png","width":1920,"height":1080},{"@type":"BreadcrumbList","@id":"https:\/\/alimagro.es\/2024\/08\/21\/patatas-guays-dona-sus-patatas-para-el-concurso-de-tortilla-gigante-de-alimagro-2024\/#breadcrumb","itemListElement":[{"@type":"ListItem","position":1,"name":"Portada","item":"https:\/\/alimagro.es\/"},{"@type":"ListItem","position":2,"name":"Patatas Guays dona sus patatas para el concurso de tortilla gigante de Alimagro 2024"}]},{"@type":"WebSite","@id":"https:\/\/alimagro.es\/#website","url":"https:\/\/alimagro.es\/","name":"Alimagro","description":"Alimagro, un evento referente nacional que aglutina las novedades en cuanto al cultivo de patata y la maquinaria agr\u00edcola.","publisher":{"@id":"https:\/\/alimagro.es\/#organization"},"alternateName":"Feria del Agro de la Limia","potentialAction":[{"@type":"SearchAction","target":{"@type":"EntryPoint","urlTemplate":"https:\/\/alimagro.es\/?s={search_term_string}"},"query-input":{"@type":"PropertyValueSpecification","valueRequired":true,"valueName":"search_term_string"}}],"inLanguage":"gl-ES"},{"@type":"Organization","@id":"https:\/\/alimagro.es\/#organization","name":"Alimagro","url":"https:\/\/alimagro.es\/","logo":{"@type":"ImageObject","inLanguage":"gl-ES","@id":"https:\/\/alimagro.es\/#\/schema\/logo\/image\/","url":"https:\/\/alimagro.es\/wp-content\/uploads\/2023\/07\/alimagro-logo-verde.png","contentUrl":"https:\/\/alimagro.es\/wp-content\/uploads\/2023\/07\/alimagro-logo-verde.png","width":500,"height":96,"caption":"Alimagro"},"image":{"@id":"https:\/\/alimagro.es\/#\/schema\/logo\/image\/"},"sameAs":["https:\/\/www.facebook.com\/people\/Alimagro\/100095025612077\/","https:\/\/www.instagram.com\/alimagro_\/"]},{"@type":"Person","@id":"https:\/\/alimagro.es\/#\/schema\/person\/30f3189553bc200fd83cdfda07962a67","name":"Enrique","image":{"@type":"ImageObject","inLanguage":"gl-ES","@id":"https:\/\/alimagro.es\/#\/schema\/person\/image\/","url":"https:\/\/secure.gravatar.com\/avatar\/a1519c85f5ee8976b593de61a2b9b0b1c86701350844c9798fe2757b11c73f2c?s=96&d=mm&r=g","contentUrl":"https:\/\/secure.gravatar.com\/avatar\/a1519c85f5ee8976b593de61a2b9b0b1c86701350844c9798fe2757b11c73f2c?s=96&d=mm&r=g","caption":"Enrique"},"url":"https:\/\/alimagro.es\/gl\/author\/maquetacion\/"}]}},"_links":{"self":[{"href":"https:\/\/alimagro.es\/gl\/wp-json\/wp\/v2\/posts\/1027","targetHints":{"allow":["GET"]}}],"collection":[{"href":"https:\/\/alimagro.es\/gl\/wp-json\/wp\/v2\/posts"}],"about":[{"href":"https:\/\/alimagro.es\/gl\/wp-json\/wp\/v2\/types\/post"}],"author":[{"embeddable":true,"href":"https:\/\/alimagro.es\/gl\/wp-json\/wp\/v2\/users\/4"}],"replies":[{"embeddable":true,"href":"https:\/\/alimagro.es\/gl\/wp-json\/wp\/v2\/comments?post=1027"}],"version-history":[{"count":2,"href":"https:\/\/alimagro.es\/gl\/wp-json\/wp\/v2\/posts\/1027\/revisions"}],"predecessor-version":[{"id":1047,"href":"https:\/\/alimagro.es\/gl\/wp-json\/wp\/v2\/posts\/1027\/revisions\/1047"}],"wp:featuredmedia":[{"embeddable":true,"href":"https:\/\/alimagro.es\/gl\/wp-json\/wp\/v2\/media\/1045"}],"wp:attachment":[{"href":"https:\/\/alimagro.es\/gl\/wp-json\/wp\/v2\/media?parent=1027"}],"wp:term":[{"taxonomy":"category","embeddable":true,"href":"https:\/\/alimagro.es\/gl\/wp-json\/wp\/v2\/categories?post=1027"},{"taxonomy":"post_tag","embeddable":true,"href":"https:\/\/alimagro.es\/gl\/wp-json\/wp\/v2\/tags?post=1027"}],"curies":[{"name":"wp","href":"https:\/\/api.w.org\/{rel}","templated":true}]}}