{"id":1024,"date":"2024-08-23T08:25:31","date_gmt":"2024-08-23T06:25:31","guid":{"rendered":"https:\/\/alimagro.es\/?p=1024"},"modified":"2024-08-23T08:25:49","modified_gmt":"2024-08-23T06:25:49","slug":"patatas-fritas-jalys-y-su-concurso-devorajalys-llevaran-a-alimagro-2024","status":"publish","type":"post","link":"https:\/\/alimagro.es\/gl\/2024\/08\/23\/patatas-fritas-jalys-y-su-concurso-devorajalys-llevaran-a-alimagro-2024\/","title":{"rendered":"Patatas Fritas Jalys y su concurso Devorajalys llegar\u00e1n a Alimagro 2024"},"content":{"rendered":"<p>Xinzo de Limia se prepara para acoger una nueva edici\u00f3n de Alimagro 2024, un evento de referencia nacional que reunir\u00e1 las \u00faltimas novedades en el cultivo de patata y la maquinaria agr\u00edcola. A tan solo diez d\u00edas de su inauguraci\u00f3n, uno de los participantes destacados ser\u00e1 Patatas Fritas Jalys.<\/p>\n<p>Fundada por Pablo Fern\u00e1ndez en el 2011, Jalys comenz\u00f3 su andadura con un profundo arraigo en su comunidad y una misi\u00f3n clara: ofrecer productos de calidad que conecten con las personas a trav\u00e9s de sabores que evocan momentos compartidos. Este compromiso con la tradici\u00f3n, la innovaci\u00f3n y la calidad ha sido clave en su crecimiento, posicion\u00e1ndose como un referente en la producci\u00f3n de patatas.<\/p>\n<p>En esta edici\u00f3n de Alimagro, Jalys presentar\u00e1 una selecci\u00f3n de sus productos m\u00e1s populares, como las patatas fritas sabor churrasco, que estar\u00e1n disponibles para degustaci\u00f3n en su stand. Adem\u00e1s, uno de los momentos m\u00e1s esperados ser\u00e1 la celebraci\u00f3n de la segunda edici\u00f3n del Concurso DevoraJalys, una iniciativa que se consolid\u00f3 en 2023 y que desaf\u00eda a los concursantes a consumir la mayor cantidad de patatas en un minuto. Este certamen, que tendr\u00e1 lugar el domingo 1 de septiembre por la tarde, contar\u00e1 con la participaci\u00f3n de 30 personas, seleccionadas mediante inscripci\u00f3n previa en la p\u00e1gina web de la marca.<\/p>\n<p>El \u00e9xito de la primera edici\u00f3n del DevoraJalys, que atrajo a m\u00e1s de 23 competidores y una gran audiencia, promete repetirse este a\u00f1o con una mayor afluencia de p\u00fablico y entusiasmo. Todos los inscritos recibir\u00e1n un obsequio, y los ganadores del primer, segundo y tercer puesto, obtendr\u00e1n un suculento premio.<\/p>\n<p>La presencia de Patatas Jalys en Alimagro 2024 no se limita a la promoci\u00f3n de sus productos, sino que tambi\u00e9n se enmarca dentro de un esfuerzo m\u00e1s amplio por destacar la importancia de la tradici\u00f3n agr\u00edcola de A Limia. Este evento es una oportunidad para fortalecer su visibilidad no solo a nivel provincial, sino tambi\u00e9n nacional, reafirmando su posici\u00f3n en uno de los encuentros m\u00e1s relevantes del sector en la Pen\u00ednsula.<\/p>\n<p>\u201cQueremos invitar a todos los asistentes y profesionales a visitarnos, para poder compartir con ellos nuestra experiencia, nuestros productos, y tambi\u00e9n toda la emoci\u00f3n que trae consigo la segunda edici\u00f3n de nuestro concurso DevoraJalys\u201d, concluye Pablo Fern\u00e1ndez.<\/p>\n<p>Alimagro 2024 ser\u00e1, una vez m\u00e1s, un escaparate donde la historia, la calidad y el amor por A Limia, se combinar\u00e1n en una celebraci\u00f3n que homenajea el pasado de la comarca, mientras traza nuevas l\u00edneas de acci\u00f3n de cara al futuro.<\/p>","protected":false},"excerpt":{"rendered":"<p>Xinzo de Limia se prepara para acoger una nueva edici\u00f3n de Alimagro 2024, un evento de referencia nacional que reunir\u00e1 las \u00faltimas novedades en el cultivo de patata y la maquinaria agr\u00edcola. A tan solo diez d\u00edas de su inauguraci\u00f3n, uno de los participantes destacados ser\u00e1 Patatas Fritas Jalys. Fundada por Pablo Fern\u00e1ndez en el [&hellip;]<\/p>","protected":false},"author":4,"featured_media":1025,"comment_status":"closed","ping_status":"closed","sticky":false,"template":"","format":"standard","meta":{"ngg_post_thumbnail":0,"footnotes":""},"categories":[2],"tags":[],"class_list":{"0":"post-1024","1":"post","2":"type-post","3":"status-publish","4":"format-standard","5":"has-post-thumbnail","7":"category-featured"},"yoast_head":"<!-- This site is optimized with the Yoast SEO plugin v25.8 - https:\/\/yoast.com\/wordpress\/plugins\/seo\/ -->\n<title>Patatas Fritas Jalys y su concurso Devorajalys llegar\u00e1n a Alimagro 2024 | Alimagro<\/title>\n<meta name=\"robots\" content=\"index, follow, max-snippet:-1, max-image-preview:large, max-video-preview:-1\" \/>\n<link rel=\"canonical\" href=\"https:\/\/alimagro.es\/gl\/2024\/08\/23\/patatas-fritas-jalys-y-su-concurso-devorajalys-llevaran-a-alimagro-2024\/\" \/>\n<meta property=\"og:locale\" content=\"gl_ES\" \/>\n<meta property=\"og:type\" content=\"article\" \/>\n<meta property=\"og:title\" content=\"Patatas Fritas Jalys y su concurso Devorajalys llegar\u00e1n a Alimagro 2024 | Alimagro\" \/>\n<meta property=\"og:description\" content=\"Xinzo de Limia se prepara para acoger una nueva edici\u00f3n de Alimagro 2024, un evento de referencia nacional que reunir\u00e1 las \u00faltimas novedades en el cultivo de patata y la maquinaria agr\u00edcola. A tan solo diez d\u00edas de su inauguraci\u00f3n, uno de los participantes destacados ser\u00e1 Patatas Fritas Jalys. Fundada por Pablo Fern\u00e1ndez en el [&hellip;]\" \/>\n<meta property=\"og:url\" content=\"https:\/\/alimagro.es\/gl\/2024\/08\/23\/patatas-fritas-jalys-y-su-concurso-devorajalys-llevaran-a-alimagro-2024\/\" \/>\n<meta property=\"og:site_name\" content=\"Alimagro\" \/>\n<meta property=\"article:publisher\" content=\"https:\/\/www.facebook.com\/people\/Alimagro\/100095025612077\/\" \/>\n<meta property=\"article:published_time\" content=\"2024-08-23T06:25:31+00:00\" \/>\n<meta property=\"article:modified_time\" content=\"2024-08-23T06:25:49+00:00\" \/>\n<meta property=\"og:image\" content=\"https:\/\/alimagro.es\/wp-content\/uploads\/2024\/08\/pablo-fernandez-jalys-2.jpg\" \/>\n\t<meta property=\"og:image:width\" content=\"1920\" \/>\n\t<meta property=\"og:image:height\" content=\"1080\" \/>\n\t<meta property=\"og:image:type\" content=\"image\/jpeg\" \/>\n<meta name=\"author\" content=\"Enrique\" \/>\n<meta name=\"twitter:card\" content=\"summary_large_image\" \/>\n<meta name=\"twitter:label1\" content=\"Escrito por\" \/>\n\t<meta name=\"twitter:data1\" content=\"Enrique\" \/>\n\t<meta name=\"twitter:label2\" content=\"Tempo de lectura\" \/>\n\t<meta name=\"twitter:data2\" content=\"3 minutos\" \/>\n<script type=\"application\/ld+json\" class=\"yoast-schema-graph\">{\"@context\":\"https:\/\/schema.org\",\"@graph\":[{\"@type\":\"Article\",\"@id\":\"https:\/\/alimagro.es\/2024\/08\/23\/patatas-fritas-jalys-y-su-concurso-devorajalys-llevaran-a-alimagro-2024\/#article\",\"isPartOf\":{\"@id\":\"https:\/\/alimagro.es\/2024\/08\/23\/patatas-fritas-jalys-y-su-concurso-devorajalys-llevaran-a-alimagro-2024\/\"},\"author\":{\"name\":\"Enrique\",\"@id\":\"https:\/\/alimagro.es\/#\/schema\/person\/30f3189553bc200fd83cdfda07962a67\"},\"headline\":\"Patatas Fritas Jalys y su concurso Devorajalys llegar\u00e1n a Alimagro 2024\",\"datePublished\":\"2024-08-23T06:25:31+00:00\",\"dateModified\":\"2024-08-23T06:25:49+00:00\",\"mainEntityOfPage\":{\"@id\":\"https:\/\/alimagro.es\/2024\/08\/23\/patatas-fritas-jalys-y-su-concurso-devorajalys-llevaran-a-alimagro-2024\/\"},\"wordCount\":462,\"publisher\":{\"@id\":\"https:\/\/alimagro.es\/#organization\"},\"image\":{\"@id\":\"https:\/\/alimagro.es\/2024\/08\/23\/patatas-fritas-jalys-y-su-concurso-devorajalys-llevaran-a-alimagro-2024\/#primaryimage\"},\"thumbnailUrl\":\"https:\/\/alimagro.es\/wp-content\/uploads\/2024\/08\/pablo-fernandez-jalys-2.jpg\",\"articleSection\":[\"Featured\"],\"inLanguage\":\"gl-ES\"},{\"@type\":\"WebPage\",\"@id\":\"https:\/\/alimagro.es\/2024\/08\/23\/patatas-fritas-jalys-y-su-concurso-devorajalys-llevaran-a-alimagro-2024\/\",\"url\":\"https:\/\/alimagro.es\/2024\/08\/23\/patatas-fritas-jalys-y-su-concurso-devorajalys-llevaran-a-alimagro-2024\/\",\"name\":\"Patatas Fritas Jalys y su concurso Devorajalys llegar\u00e1n a Alimagro 2024 | Alimagro\",\"isPartOf\":{\"@id\":\"https:\/\/alimagro.es\/#website\"},\"primaryImageOfPage\":{\"@id\":\"https:\/\/alimagro.es\/2024\/08\/23\/patatas-fritas-jalys-y-su-concurso-devorajalys-llevaran-a-alimagro-2024\/#primaryimage\"},\"image\":{\"@id\":\"https:\/\/alimagro.es\/2024\/08\/23\/patatas-fritas-jalys-y-su-concurso-devorajalys-llevaran-a-alimagro-2024\/#primaryimage\"},\"thumbnailUrl\":\"https:\/\/alimagro.es\/wp-content\/uploads\/2024\/08\/pablo-fernandez-jalys-2.jpg\",\"datePublished\":\"2024-08-23T06:25:31+00:00\",\"dateModified\":\"2024-08-23T06:25:49+00:00\",\"breadcrumb\":{\"@id\":\"https:\/\/alimagro.es\/2024\/08\/23\/patatas-fritas-jalys-y-su-concurso-devorajalys-llevaran-a-alimagro-2024\/#breadcrumb\"},\"inLanguage\":\"gl-ES\",\"potentialAction\":[{\"@type\":\"ReadAction\",\"target\":[\"https:\/\/alimagro.es\/2024\/08\/23\/patatas-fritas-jalys-y-su-concurso-devorajalys-llevaran-a-alimagro-2024\/\"]}]},{\"@type\":\"ImageObject\",\"inLanguage\":\"gl-ES\",\"@id\":\"https:\/\/alimagro.es\/2024\/08\/23\/patatas-fritas-jalys-y-su-concurso-devorajalys-llevaran-a-alimagro-2024\/#primaryimage\",\"url\":\"https:\/\/alimagro.es\/wp-content\/uploads\/2024\/08\/pablo-fernandez-jalys-2.jpg\",\"contentUrl\":\"https:\/\/alimagro.es\/wp-content\/uploads\/2024\/08\/pablo-fernandez-jalys-2.jpg\",\"width\":1920,\"height\":1080},{\"@type\":\"BreadcrumbList\",\"@id\":\"https:\/\/alimagro.es\/2024\/08\/23\/patatas-fritas-jalys-y-su-concurso-devorajalys-llevaran-a-alimagro-2024\/#breadcrumb\",\"itemListElement\":[{\"@type\":\"ListItem\",\"position\":1,\"name\":\"Portada\",\"item\":\"https:\/\/alimagro.es\/\"},{\"@type\":\"ListItem\",\"position\":2,\"name\":\"Patatas Fritas Jalys y su concurso Devorajalys llegar\u00e1n a Alimagro 2024\"}]},{\"@type\":\"WebSite\",\"@id\":\"https:\/\/alimagro.es\/#website\",\"url\":\"https:\/\/alimagro.es\/\",\"name\":\"Alimagro\",\"description\":\"Alimagro, un evento referente nacional que aglutina las novedades en cuanto al cultivo de patata y la maquinaria agr\u00edcola.\",\"publisher\":{\"@id\":\"https:\/\/alimagro.es\/#organization\"},\"alternateName\":\"Feria del Agro de la Limia\",\"potentialAction\":[{\"@type\":\"SearchAction\",\"target\":{\"@type\":\"EntryPoint\",\"urlTemplate\":\"https:\/\/alimagro.es\/?s={search_term_string}\"},\"query-input\":{\"@type\":\"PropertyValueSpecification\",\"valueRequired\":true,\"valueName\":\"search_term_string\"}}],\"inLanguage\":\"gl-ES\"},{\"@type\":\"Organization\",\"@id\":\"https:\/\/alimagro.es\/#organization\",\"name\":\"Alimagro\",\"url\":\"https:\/\/alimagro.es\/\",\"logo\":{\"@type\":\"ImageObject\",\"inLanguage\":\"gl-ES\",\"@id\":\"https:\/\/alimagro.es\/#\/schema\/logo\/image\/\",\"url\":\"https:\/\/alimagro.es\/wp-content\/uploads\/2023\/07\/alimagro-logo-verde.png\",\"contentUrl\":\"https:\/\/alimagro.es\/wp-content\/uploads\/2023\/07\/alimagro-logo-verde.png\",\"width\":500,\"height\":96,\"caption\":\"Alimagro\"},\"image\":{\"@id\":\"https:\/\/alimagro.es\/#\/schema\/logo\/image\/\"},\"sameAs\":[\"https:\/\/www.facebook.com\/people\/Alimagro\/100095025612077\/\",\"https:\/\/www.instagram.com\/alimagro_\/\"]},{\"@type\":\"Person\",\"@id\":\"https:\/\/alimagro.es\/#\/schema\/person\/30f3189553bc200fd83cdfda07962a67\",\"name\":\"Enrique\",\"image\":{\"@type\":\"ImageObject\",\"inLanguage\":\"gl-ES\",\"@id\":\"https:\/\/alimagro.es\/#\/schema\/person\/image\/\",\"url\":\"https:\/\/secure.gravatar.com\/avatar\/a1519c85f5ee8976b593de61a2b9b0b1c86701350844c9798fe2757b11c73f2c?s=96&d=mm&r=g\",\"contentUrl\":\"https:\/\/secure.gravatar.com\/avatar\/a1519c85f5ee8976b593de61a2b9b0b1c86701350844c9798fe2757b11c73f2c?s=96&d=mm&r=g\",\"caption\":\"Enrique\"},\"url\":\"https:\/\/alimagro.es\/gl\/author\/maquetacion\/\"}]}<\/script>\n<!-- \/ Yoast SEO plugin. -->","yoast_head_json":{"title":"Patatas Fritas Jalys y su concurso Devorajalys llegar\u00e1n a Alimagro 2024 | Alimagro","robots":{"index":"index","follow":"follow","max-snippet":"max-snippet:-1","max-image-preview":"max-image-preview:large","max-video-preview":"max-video-preview:-1"},"canonical":"https:\/\/alimagro.es\/gl\/2024\/08\/23\/patatas-fritas-jalys-y-su-concurso-devorajalys-llevaran-a-alimagro-2024\/","og_locale":"gl_ES","og_type":"article","og_title":"Patatas Fritas Jalys y su concurso Devorajalys llegar\u00e1n a Alimagro 2024 | Alimagro","og_description":"Xinzo de Limia se prepara para acoger una nueva edici\u00f3n de Alimagro 2024, un evento de referencia nacional que reunir\u00e1 las \u00faltimas novedades en el cultivo de patata y la maquinaria agr\u00edcola. A tan solo diez d\u00edas de su inauguraci\u00f3n, uno de los participantes destacados ser\u00e1 Patatas Fritas Jalys. Fundada por Pablo Fern\u00e1ndez en el [&hellip;]","og_url":"https:\/\/alimagro.es\/gl\/2024\/08\/23\/patatas-fritas-jalys-y-su-concurso-devorajalys-llevaran-a-alimagro-2024\/","og_site_name":"Alimagro","article_publisher":"https:\/\/www.facebook.com\/people\/Alimagro\/100095025612077\/","article_published_time":"2024-08-23T06:25:31+00:00","article_modified_time":"2024-08-23T06:25:49+00:00","og_image":[{"width":1920,"height":1080,"url":"https:\/\/alimagro.es\/wp-content\/uploads\/2024\/08\/pablo-fernandez-jalys-2.jpg","type":"image\/jpeg"}],"author":"Enrique","twitter_card":"summary_large_image","twitter_misc":{"Escrito por":"Enrique","Tempo de lectura":"3 minutos"},"schema":{"@context":"https:\/\/schema.org","@graph":[{"@type":"Article","@id":"https:\/\/alimagro.es\/2024\/08\/23\/patatas-fritas-jalys-y-su-concurso-devorajalys-llevaran-a-alimagro-2024\/#article","isPartOf":{"@id":"https:\/\/alimagro.es\/2024\/08\/23\/patatas-fritas-jalys-y-su-concurso-devorajalys-llevaran-a-alimagro-2024\/"},"author":{"name":"Enrique","@id":"https:\/\/alimagro.es\/#\/schema\/person\/30f3189553bc200fd83cdfda07962a67"},"headline":"Patatas Fritas Jalys y su concurso Devorajalys llegar\u00e1n a Alimagro 2024","datePublished":"2024-08-23T06:25:31+00:00","dateModified":"2024-08-23T06:25:49+00:00","mainEntityOfPage":{"@id":"https:\/\/alimagro.es\/2024\/08\/23\/patatas-fritas-jalys-y-su-concurso-devorajalys-llevaran-a-alimagro-2024\/"},"wordCount":462,"publisher":{"@id":"https:\/\/alimagro.es\/#organization"},"image":{"@id":"https:\/\/alimagro.es\/2024\/08\/23\/patatas-fritas-jalys-y-su-concurso-devorajalys-llevaran-a-alimagro-2024\/#primaryimage"},"thumbnailUrl":"https:\/\/alimagro.es\/wp-content\/uploads\/2024\/08\/pablo-fernandez-jalys-2.jpg","articleSection":["Featured"],"inLanguage":"gl-ES"},{"@type":"WebPage","@id":"https:\/\/alimagro.es\/2024\/08\/23\/patatas-fritas-jalys-y-su-concurso-devorajalys-llevaran-a-alimagro-2024\/","url":"https:\/\/alimagro.es\/2024\/08\/23\/patatas-fritas-jalys-y-su-concurso-devorajalys-llevaran-a-alimagro-2024\/","name":"Patatas Fritas Jalys y su concurso Devorajalys llegar\u00e1n a Alimagro 2024 | Alimagro","isPartOf":{"@id":"https:\/\/alimagro.es\/#website"},"primaryImageOfPage":{"@id":"https:\/\/alimagro.es\/2024\/08\/23\/patatas-fritas-jalys-y-su-concurso-devorajalys-llevaran-a-alimagro-2024\/#primaryimage"},"image":{"@id":"https:\/\/alimagro.es\/2024\/08\/23\/patatas-fritas-jalys-y-su-concurso-devorajalys-llevaran-a-alimagro-2024\/#primaryimage"},"thumbnailUrl":"https:\/\/alimagro.es\/wp-content\/uploads\/2024\/08\/pablo-fernandez-jalys-2.jpg","datePublished":"2024-08-23T06:25:31+00:00","dateModified":"2024-08-23T06:25:49+00:00","breadcrumb":{"@id":"https:\/\/alimagro.es\/2024\/08\/23\/patatas-fritas-jalys-y-su-concurso-devorajalys-llevaran-a-alimagro-2024\/#breadcrumb"},"inLanguage":"gl-ES","potentialAction":[{"@type":"ReadAction","target":["https:\/\/alimagro.es\/2024\/08\/23\/patatas-fritas-jalys-y-su-concurso-devorajalys-llevaran-a-alimagro-2024\/"]}]},{"@type":"ImageObject","inLanguage":"gl-ES","@id":"https:\/\/alimagro.es\/2024\/08\/23\/patatas-fritas-jalys-y-su-concurso-devorajalys-llevaran-a-alimagro-2024\/#primaryimage","url":"https:\/\/alimagro.es\/wp-content\/uploads\/2024\/08\/pablo-fernandez-jalys-2.jpg","contentUrl":"https:\/\/alimagro.es\/wp-content\/uploads\/2024\/08\/pablo-fernandez-jalys-2.jpg","width":1920,"height":1080},{"@type":"BreadcrumbList","@id":"https:\/\/alimagro.es\/2024\/08\/23\/patatas-fritas-jalys-y-su-concurso-devorajalys-llevaran-a-alimagro-2024\/#breadcrumb","itemListElement":[{"@type":"ListItem","position":1,"name":"Portada","item":"https:\/\/alimagro.es\/"},{"@type":"ListItem","position":2,"name":"Patatas Fritas Jalys y su concurso Devorajalys llegar\u00e1n a Alimagro 2024"}]},{"@type":"WebSite","@id":"https:\/\/alimagro.es\/#website","url":"https:\/\/alimagro.es\/","name":"Alimagro","description":"Alimagro, un evento referente nacional que aglutina las novedades en cuanto al cultivo de patata y la maquinaria agr\u00edcola.","publisher":{"@id":"https:\/\/alimagro.es\/#organization"},"alternateName":"Feria del Agro de la Limia","potentialAction":[{"@type":"SearchAction","target":{"@type":"EntryPoint","urlTemplate":"https:\/\/alimagro.es\/?s={search_term_string}"},"query-input":{"@type":"PropertyValueSpecification","valueRequired":true,"valueName":"search_term_string"}}],"inLanguage":"gl-ES"},{"@type":"Organization","@id":"https:\/\/alimagro.es\/#organization","name":"Alimagro","url":"https:\/\/alimagro.es\/","logo":{"@type":"ImageObject","inLanguage":"gl-ES","@id":"https:\/\/alimagro.es\/#\/schema\/logo\/image\/","url":"https:\/\/alimagro.es\/wp-content\/uploads\/2023\/07\/alimagro-logo-verde.png","contentUrl":"https:\/\/alimagro.es\/wp-content\/uploads\/2023\/07\/alimagro-logo-verde.png","width":500,"height":96,"caption":"Alimagro"},"image":{"@id":"https:\/\/alimagro.es\/#\/schema\/logo\/image\/"},"sameAs":["https:\/\/www.facebook.com\/people\/Alimagro\/100095025612077\/","https:\/\/www.instagram.com\/alimagro_\/"]},{"@type":"Person","@id":"https:\/\/alimagro.es\/#\/schema\/person\/30f3189553bc200fd83cdfda07962a67","name":"Enrique","image":{"@type":"ImageObject","inLanguage":"gl-ES","@id":"https:\/\/alimagro.es\/#\/schema\/person\/image\/","url":"https:\/\/secure.gravatar.com\/avatar\/a1519c85f5ee8976b593de61a2b9b0b1c86701350844c9798fe2757b11c73f2c?s=96&d=mm&r=g","contentUrl":"https:\/\/secure.gravatar.com\/avatar\/a1519c85f5ee8976b593de61a2b9b0b1c86701350844c9798fe2757b11c73f2c?s=96&d=mm&r=g","caption":"Enrique"},"url":"https:\/\/alimagro.es\/gl\/author\/maquetacion\/"}]}},"_links":{"self":[{"href":"https:\/\/alimagro.es\/gl\/wp-json\/wp\/v2\/posts\/1024","targetHints":{"allow":["GET"]}}],"collection":[{"href":"https:\/\/alimagro.es\/gl\/wp-json\/wp\/v2\/posts"}],"about":[{"href":"https:\/\/alimagro.es\/gl\/wp-json\/wp\/v2\/types\/post"}],"author":[{"embeddable":true,"href":"https:\/\/alimagro.es\/gl\/wp-json\/wp\/v2\/users\/4"}],"replies":[{"embeddable":true,"href":"https:\/\/alimagro.es\/gl\/wp-json\/wp\/v2\/comments?post=1024"}],"version-history":[{"count":2,"href":"https:\/\/alimagro.es\/gl\/wp-json\/wp\/v2\/posts\/1024\/revisions"}],"predecessor-version":[{"id":1044,"href":"https:\/\/alimagro.es\/gl\/wp-json\/wp\/v2\/posts\/1024\/revisions\/1044"}],"wp:featuredmedia":[{"embeddable":true,"href":"https:\/\/alimagro.es\/gl\/wp-json\/wp\/v2\/media\/1025"}],"wp:attachment":[{"href":"https:\/\/alimagro.es\/gl\/wp-json\/wp\/v2\/media?parent=1024"}],"wp:term":[{"taxonomy":"category","embeddable":true,"href":"https:\/\/alimagro.es\/gl\/wp-json\/wp\/v2\/categories?post=1024"},{"taxonomy":"post_tag","embeddable":true,"href":"https:\/\/alimagro.es\/gl\/wp-json\/wp\/v2\/tags?post=1024"}],"curies":[{"name":"wp","href":"https:\/\/api.w.org\/{rel}","templated":true}]}}