{
    "id": 970,
    "date": "2024-08-13T09:35:57",
    "date_gmt": "2024-08-13T07:35:57",
    "guid": {
        "rendered": "https:\/\/alimagro.es\/?p=970"
    },
    "modified": "2024-08-13T09:35:57",
    "modified_gmt": "2024-08-13T07:35:57",
    "slug": "alimagro-cumple-un-lustro-como-escaparate-del-sector-agrario-en-xinzo-de-limia",
    "status": "publish",
    "type": "post",
    "link": "https:\/\/alimagro.es\/es_es\/2024\/08\/13\/alimagro-cumple-un-lustro-como-escaparate-del-sector-agrario-en-xinzo-de-limia\/",
    "title": {
        "rendered": "Alimagro cumple un lustro como escaparate del sector agrario en Xinzo de Limia"
    },
    "content": {
        "rendered": "<p>La&nbsp;<strong>V edici\u00f3n de&nbsp;<a href=\"https:\/\/alimagro.es\/es_es\/\">Alimagro<\/a><\/strong>&nbsp;volver\u00e1 a ser el escaparate del sector agrario en&nbsp;<strong>Xinzo de Limia (Ourense)<\/strong>,&nbsp;<strong>del 31 de agosto al 1 de septiembre<\/strong>, con una exposici\u00f3n de maquinaria; la Feira da Pataca, que incluye la segunda Jornada T\u00e9cnica dedicada al cultivo, y la Feira do Comercio.<\/p>\n<p>La presentaci\u00f3n de este evento tuvo lugar este viernes en la Delegaci\u00f3n Territorial de la Xunta de Galicia en Ourense. En el acto participaron el&nbsp;<strong>delegado Territorial da Xunta,&nbsp;<\/strong>Manuel Pardo; el&nbsp;<strong>diputado provincial de Representaci\u00f3n Institucional,<\/strong>&nbsp;Rosendo Luis Fern\u00e1ndez; el&nbsp;<strong>alcalde de Xinzo de Limia,<\/strong>&nbsp;Amador D\u00edaz; la presidenta de ProLimia, Concepci\u00f3n Conde, y el&nbsp;<strong>director de Revista Campo,<\/strong>&nbsp;M\u00e1ximo G\u00f3mez.<\/p>\n<p>Esta feria, organizada por el Concello de Xinzo de Limia con la colaboraci\u00f3n de la Diputaci\u00f3n de Ourense, la Xunta de Galicia, el Consejo Regulador de la Indicaci\u00f3n Geogr\u00e1fica Protegida de la Patata de Galicia, el Inorde &nbsp;y Coren, se sit\u00faa entre las diez mayores ferias del sector a nivel nacional.<\/p>\n<p>El delegado Territorial da Xunta en Ourense, Manuel Pardo, ha querido poner en valor la celebraci\u00f3n de esta feria en la&nbsp;<strong>comarca de la Limia<\/strong>, en la que \u201c<strong>m\u00e1s de 300 agricultores<\/strong>&nbsp;cultivan entre 3.500 y 3.800 hect\u00e1reas, de las que extraen&nbsp;<strong>120 millones de kilos de patata<\/strong>\u201d. Un sector que cuenta con el apoyo de la instituci\u00f3n regional a trav\u00e9s de diversas medidas, como las recientes modernizaciones de regad\u00edos promovidas.&nbsp;<\/p>\n<p><img loading=\"lazy\" decoding=\"async\" class=\"aligncenter wp-image-972 size-full\" src=\"https:\/\/alimagro.es\/wp-content\/uploads\/2024\/08\/Presentacion-Alimagro-scaled.jpg\" alt=\"Delegado Territorial da Xunta, Manuel Pardo, en la presentaci\u00f3n de Alimagro 2024\" width=\"2560\" height=\"1707\" srcset=\"https:\/\/alimagro.es\/wp-content\/uploads\/2024\/08\/Presentacion-Alimagro-scaled.jpg 2560w, https:\/\/alimagro.es\/wp-content\/uploads\/2024\/08\/Presentacion-Alimagro-300x200.jpg 300w, https:\/\/alimagro.es\/wp-content\/uploads\/2024\/08\/Presentacion-Alimagro-1024x683.jpg 1024w, https:\/\/alimagro.es\/wp-content\/uploads\/2024\/08\/Presentacion-Alimagro-768x512.jpg 768w, https:\/\/alimagro.es\/wp-content\/uploads\/2024\/08\/Presentacion-Alimagro-1536x1024.jpg 1536w, https:\/\/alimagro.es\/wp-content\/uploads\/2024\/08\/Presentacion-Alimagro-2048x1365.jpg 2048w, https:\/\/alimagro.es\/wp-content\/uploads\/2024\/08\/Presentacion-Alimagro-18x12.jpg 18w, https:\/\/alimagro.es\/wp-content\/uploads\/2024\/08\/Presentacion-Alimagro-696x464.jpg 696w, https:\/\/alimagro.es\/wp-content\/uploads\/2024\/08\/Presentacion-Alimagro-1068x712.jpg 1068w, https:\/\/alimagro.es\/wp-content\/uploads\/2024\/08\/Presentacion-Alimagro-1920x1280.jpg 1920w\" sizes=\"auto, (max-width: 2560px) 100vw, 2560px\" \/><\/p>\n<p>En este punto, \u201cAlimagro supone&nbsp;<strong>un aut\u00e9ntico escaparate de la patata<\/strong>\u201d, tal y como ha afirmado el diputado provincial de Representaci\u00f3n Institucional, Rosendo Luis Fern\u00e1ndez. \u201cLa feria apuesta por&nbsp;<strong>la mecanizaci\u00f3n y la tecnolog\u00eda<\/strong>&nbsp;para conseguir el mejor producto, adem\u00e1s de cuestiones como \u201cla&nbsp;<strong>calidad, la formaci\u00f3n y la innovaci\u00f3n<\/strong>&nbsp;como claves para garantizar el futuro del sector\u201d, se\u00f1alaba.<\/p>\n<p>\u201cAlimagro cuenta con un espacio de&nbsp;<strong>m\u00e1s de 20.000 metros cuadrados&nbsp;<\/strong>y la exposici\u00f3n de m\u00e1s de<strong>&nbsp;100 marcas<\/strong>&nbsp;<strong>de maquinaria<\/strong>&nbsp;representadas, adem\u00e1s de distintas actividades formativas, l\u00fadicas y de ocio\u201d, ha destacado el alcalde de Xinzo de Limia, Amador D\u00edaz.<\/p>\n<p>Esta seria tambi\u00e9n tendr\u00e1 un espacio para el debate, tal y como ha explicado M\u00e1ximo G\u00f3mez, director de la Revista Campo, quien ha destacado la importancia de Galicia en el cultivo, que&nbsp;<strong>lidera el ranking nacional<\/strong>&nbsp;de patata con una superficie de 13.835 hect\u00e1reas. \u201cAlimagro promueve la&nbsp;<strong>profesionalizaci\u00f3n del sector<\/strong>&nbsp;a trav\u00e9s de distintas mesas debate en las que profesionales gallegos y del \u00e1mbito nacional analizar\u00e1n cuestiones de especial relevancia como&nbsp;<strong>la semilla, la sanidad o los mercados<\/strong>\u201d, ha explicado. El objetivo no es otro que \u201ctrasladar el \u00e9xito de la patata gallega al resto de Espa\u00f1a y garantizar la sostenibilidad econ\u00f3mica, social y medioambiental de los profesionales del campo\u201d, ha concluido.<\/p>\n<h2 class=\"wp-block-heading\">Diferentes espacios<\/h2>\n<p>La feria, que se ha convertido en un evento de referencia nacional, se divide en varios espacios: la&nbsp;<strong>exposici\u00f3n de maquinaria<\/strong>&nbsp;rodear\u00e1 el Parque do Toural y se extender\u00e1 a lo largo de la avenida del Dos de Mayo, la carpa que acoger\u00e1 la&nbsp;<strong>Feira da Pataca<\/strong>&nbsp;al final de la citada avenida y&nbsp;<strong>la Feira do Comercio,&nbsp;<\/strong>dentro del Pabell\u00f3n de Deportes, que contribuye a hacer m\u00e1s popular la convocatoria de Alimagro.<\/p>\n<figure id=\"attachment_973\" aria-describedby=\"caption-attachment-973\" style=\"width: 2560px\" class=\"wp-caption alignnone\"><img loading=\"lazy\" decoding=\"async\" class=\"wp-image-973 size-full\" src=\"https:\/\/alimagro.es\/wp-content\/uploads\/2024\/08\/Feria-de-la-Pataca-Xinzo-de-Limia-Alimagro-3-scaled.jpg\" alt=\"Alimagro 2023\" width=\"2560\" height=\"1920\" srcset=\"https:\/\/alimagro.es\/wp-content\/uploads\/2024\/08\/Feria-de-la-Pataca-Xinzo-de-Limia-Alimagro-3-scaled.jpg 2560w, https:\/\/alimagro.es\/wp-content\/uploads\/2024\/08\/Feria-de-la-Pataca-Xinzo-de-Limia-Alimagro-3-300x225.jpg 300w, https:\/\/alimagro.es\/wp-content\/uploads\/2024\/08\/Feria-de-la-Pataca-Xinzo-de-Limia-Alimagro-3-1024x768.jpg 1024w, https:\/\/alimagro.es\/wp-content\/uploads\/2024\/08\/Feria-de-la-Pataca-Xinzo-de-Limia-Alimagro-3-768x576.jpg 768w, https:\/\/alimagro.es\/wp-content\/uploads\/2024\/08\/Feria-de-la-Pataca-Xinzo-de-Limia-Alimagro-3-1536x1152.jpg 1536w, https:\/\/alimagro.es\/wp-content\/uploads\/2024\/08\/Feria-de-la-Pataca-Xinzo-de-Limia-Alimagro-3-2048x1536.jpg 2048w, https:\/\/alimagro.es\/wp-content\/uploads\/2024\/08\/Feria-de-la-Pataca-Xinzo-de-Limia-Alimagro-3-16x12.jpg 16w, https:\/\/alimagro.es\/wp-content\/uploads\/2024\/08\/Feria-de-la-Pataca-Xinzo-de-Limia-Alimagro-3-696x522.jpg 696w, https:\/\/alimagro.es\/wp-content\/uploads\/2024\/08\/Feria-de-la-Pataca-Xinzo-de-Limia-Alimagro-3-1068x801.jpg 1068w, https:\/\/alimagro.es\/wp-content\/uploads\/2024\/08\/Feria-de-la-Pataca-Xinzo-de-Limia-Alimagro-3-1920x1440.jpg 1920w\" sizes=\"auto, (max-width: 2560px) 100vw, 2560px\" \/><figcaption id=\"caption-attachment-973\" class=\"wp-caption-text\">Alimagro 2023<\/figcaption><\/figure>\n<p>La cita cuenta con un espacio muy importante dedicado a&nbsp;<strong>la innovaci\u00f3n vinculada a la maquinaria agr\u00edcola<\/strong>. El visitante podr\u00e1 conocer todas las novedades en relaci\u00f3n con los tractores y la maquinaria empleada en los principales cultivos de la comarca y de Galicia, desde la patata al vi\u00f1edo.<\/p>\n<p>Estar\u00e1n presentes todas las grandes marcas que operan en el mercado, lo que refuerza la condici\u00f3n de Alimagro como&nbsp;<strong>referente agrario del noroeste peninsular<\/strong>.<\/p>\n<h2 class=\"wp-block-heading\">II Jornada T\u00e9cnica de la Patata<\/h2>\n<p>En ese mismo sentido, destaca la&nbsp;<strong>segunda edici\u00f3n de la Jornada T\u00e9cnica de la Patata,<\/strong>&nbsp;quepermitir\u00e1 a los asistentes analizar los principales retos que tiene el cultivo, como la dificultad para conseguir patata de siembra certificada.<\/p>\n<p>Otra dificultad reside en la eliminaci\u00f3n de materias activas autorizadas para la lucha contra las enfermedades de la patata, que en numerosas ocasiones afectan severamente a los rendimientos y al aspecto del tub\u00e9rculo.<\/p>\n<p><img loading=\"lazy\" decoding=\"async\" class=\"aligncenter wp-image-974 size-full\" src=\"https:\/\/alimagro.es\/wp-content\/uploads\/2024\/08\/Presentacion-Alimagro-2024-2-scaled.jpg\" alt=\"Un momento de la presentaci\u00f3n de Alimagro 2024\" width=\"2560\" height=\"1707\" srcset=\"https:\/\/alimagro.es\/wp-content\/uploads\/2024\/08\/Presentacion-Alimagro-2024-2-scaled.jpg 2560w, https:\/\/alimagro.es\/wp-content\/uploads\/2024\/08\/Presentacion-Alimagro-2024-2-300x200.jpg 300w, https:\/\/alimagro.es\/wp-content\/uploads\/2024\/08\/Presentacion-Alimagro-2024-2-1024x683.jpg 1024w, https:\/\/alimagro.es\/wp-content\/uploads\/2024\/08\/Presentacion-Alimagro-2024-2-768x512.jpg 768w, https:\/\/alimagro.es\/wp-content\/uploads\/2024\/08\/Presentacion-Alimagro-2024-2-1536x1024.jpg 1536w, https:\/\/alimagro.es\/wp-content\/uploads\/2024\/08\/Presentacion-Alimagro-2024-2-2048x1365.jpg 2048w, https:\/\/alimagro.es\/wp-content\/uploads\/2024\/08\/Presentacion-Alimagro-2024-2-18x12.jpg 18w, https:\/\/alimagro.es\/wp-content\/uploads\/2024\/08\/Presentacion-Alimagro-2024-2-696x464.jpg 696w, https:\/\/alimagro.es\/wp-content\/uploads\/2024\/08\/Presentacion-Alimagro-2024-2-1068x712.jpg 1068w, https:\/\/alimagro.es\/wp-content\/uploads\/2024\/08\/Presentacion-Alimagro-2024-2-1920x1280.jpg 1920w\" sizes=\"auto, (max-width: 2560px) 100vw, 2560px\" \/><\/p>\n<p>La iniciativa, organizada por Revista Campo junto con el Ayuntamiento de Xinzo, tendr\u00e1 un car\u00e1cter m\u00e1s t\u00e9cnico, m\u00e1s profesional y m\u00e1s \u00fatil para el sector. Alimagro se celebra en un contexto de buenos precios, con un mercado que lleva meses aguantando el tipo y con una t\u00f3nica que se mantendr\u00e1 en toda Espa\u00f1a durante los pr\u00f3ximos meses. Todo apunta a que esos niveles de precios se mantendr\u00e1n cuando se empiece a arrancar la patata en la comarca de A Limia, a finales de septiembre.<\/p>\n<h2 class=\"wp-block-heading\">Pueblos Productores de Patata<\/h2>\n<p>Esta edici\u00f3n, adem\u00e1s, contar\u00e1 con la representaci\u00f3n de la&nbsp;<strong>Asociaci\u00f3n de Municipios Productores de Patata<\/strong>, que sigue promoviendo el Concello de Xinzo de Limia a trav\u00e9s de la presidencia de su alcalde, Amador D\u00edaz. Esta asociaci\u00f3n agrupa a localidades de diversos puntos de Espa\u00f1a y Portugal, y tambi\u00e9n impulsa los hermanamientos con otros ayuntamientos situados en zonas productoras.<\/p>",
        "protected": false
    },
    "excerpt": {
        "rendered": "<p>La&nbsp;V edici\u00f3n de&nbsp;Alimagro&nbsp;volver\u00e1 a ser el escaparate del sector agrario en&nbsp;Xinzo de Limia (Ourense),&nbsp;del 31 de agosto al 1 de septiembre, con una exposici\u00f3n de maquinaria; la Feira da Pataca, que incluye la segunda Jornada T\u00e9cnica dedicada al cultivo, y la Feira do Comercio. La presentaci\u00f3n de este evento tuvo lugar este viernes en la [&hellip;]<\/p>",
        "protected": false
    },
    "author": 7,
    "featured_media": 971,
    "comment_status": "closed",
    "ping_status": "closed",
    "sticky": false,
    "template": "",
    "format": "standard",
    "meta": {
        "ngg_post_thumbnail": 0,
        "footnotes": ""
    },
    "categories": [
        2
    ],
    "tags": [
        67,
        18,
        23,
        69,
        22,
        70,
        19
    ],
    "class_list": {
        "0": "post-970",
        "1": "post",
        "2": "type-post",
        "3": "status-publish",
        "4": "format-standard",
        "5": "has-post-thumbnail",
        "7": "category-featured",
        "8": "tag-agricultura",
        "9": "tag-alimagro",
        "10": "tag-feria-da-pataca",
        "11": "tag-feria-maquinaria",
        "12": "tag-patata-gallega",
        "13": "tag-patata-xinzo-de-limia",
        "14": "tag-xinzo-de-limia"
    },
    "yoast_head": "<!-- This site is optimized with the Yoast SEO plugin v25.8 - https:\/\/yoast.com\/wordpress\/plugins\/seo\/ -->\n<title>Alimagro cumple un lustro como escaparate del sector agrario en Xinzo de Limia | Alimagro<\/title>\n<meta name=\"robots\" content=\"index, follow, max-snippet:-1, max-image-preview:large, max-video-preview:-1\" \/>\n<link rel=\"canonical\" href=\"https:\/\/alimagro.es\/es_es\/2024\/08\/13\/alimagro-cumple-un-lustro-como-escaparate-del-sector-agrario-en-xinzo-de-limia\/\" \/>\n<meta property=\"og:locale\" content=\"es_ES\" \/>\n<meta property=\"og:type\" content=\"article\" \/>\n<meta property=\"og:title\" content=\"Alimagro cumple un lustro como escaparate del sector agrario en Xinzo de Limia | Alimagro\" \/>\n<meta property=\"og:description\" content=\"La&nbsp;V edici\u00f3n de&nbsp;Alimagro&nbsp;volver\u00e1 a ser el escaparate del sector agrario en&nbsp;Xinzo de Limia (Ourense),&nbsp;del 31 de agosto al 1 de septiembre, con una exposici\u00f3n de maquinaria; la Feira da Pataca, que incluye la segunda Jornada T\u00e9cnica dedicada al cultivo, y la Feira do Comercio. La presentaci\u00f3n de este evento tuvo lugar este viernes en la [&hellip;]\" \/>\n<meta property=\"og:url\" content=\"https:\/\/alimagro.es\/es_es\/2024\/08\/13\/alimagro-cumple-un-lustro-como-escaparate-del-sector-agrario-en-xinzo-de-limia\/\" \/>\n<meta property=\"og:site_name\" content=\"Alimagro\" \/>\n<meta property=\"article:publisher\" content=\"https:\/\/www.facebook.com\/people\/Alimagro\/100095025612077\/\" \/>\n<meta property=\"article:published_time\" content=\"2024-08-13T07:35:57+00:00\" \/>\n<meta property=\"og:image\" content=\"https:\/\/alimagro.es\/wp-content\/uploads\/2024\/08\/Presentacion-Alimagro-2024-1-scaled.jpg\" \/>\n\t<meta property=\"og:image:width\" content=\"2560\" \/>\n\t<meta property=\"og:image:height\" content=\"1707\" \/>\n\t<meta property=\"og:image:type\" content=\"image\/jpeg\" \/>\n<meta name=\"author\" content=\"Mar\u00eda \u00c1lvarez\" \/>\n<meta name=\"twitter:card\" content=\"summary_large_image\" \/>\n<meta name=\"twitter:label1\" content=\"Escrito por\" \/>\n\t<meta name=\"twitter:data1\" content=\"Mar\u00eda \u00c1lvarez\" \/>\n\t<meta name=\"twitter:label2\" content=\"Tiempo de lectura\" \/>\n\t<meta name=\"twitter:data2\" content=\"5 minutos\" \/>\n<script type=\"application\/ld+json\" class=\"yoast-schema-graph\">{\"@context\":\"https:\/\/schema.org\",\"@graph\":[{\"@type\":\"Article\",\"@id\":\"https:\/\/alimagro.es\/2024\/08\/13\/alimagro-cumple-un-lustro-como-escaparate-del-sector-agrario-en-xinzo-de-limia\/#article\",\"isPartOf\":{\"@id\":\"https:\/\/alimagro.es\/2024\/08\/13\/alimagro-cumple-un-lustro-como-escaparate-del-sector-agrario-en-xinzo-de-limia\/\"},\"author\":{\"name\":\"Mar\u00eda \u00c1lvarez\",\"@id\":\"https:\/\/alimagro.es\/#\/schema\/person\/89860ad1bd667547b21c7a338776d78b\"},\"headline\":\"Alimagro cumple un lustro como escaparate del sector agrario en Xinzo de Limia\",\"datePublished\":\"2024-08-13T07:35:57+00:00\",\"mainEntityOfPage\":{\"@id\":\"https:\/\/alimagro.es\/2024\/08\/13\/alimagro-cumple-un-lustro-como-escaparate-del-sector-agrario-en-xinzo-de-limia\/\"},\"wordCount\":947,\"publisher\":{\"@id\":\"https:\/\/alimagro.es\/#organization\"},\"image\":{\"@id\":\"https:\/\/alimagro.es\/2024\/08\/13\/alimagro-cumple-un-lustro-como-escaparate-del-sector-agrario-en-xinzo-de-limia\/#primaryimage\"},\"thumbnailUrl\":\"https:\/\/alimagro.es\/wp-content\/uploads\/2024\/08\/Presentacion-Alimagro-2024-1-scaled.jpg\",\"keywords\":[\"agricultura\",\"Alimagro\",\"Feria da pataca\",\"Feria Maquinaria\",\"Patata Gallega\",\"Patata Xinzo de Limia\",\"Xinzo de Limia\"],\"articleSection\":[\"Featured\"],\"inLanguage\":\"es\"},{\"@type\":\"WebPage\",\"@id\":\"https:\/\/alimagro.es\/2024\/08\/13\/alimagro-cumple-un-lustro-como-escaparate-del-sector-agrario-en-xinzo-de-limia\/\",\"url\":\"https:\/\/alimagro.es\/2024\/08\/13\/alimagro-cumple-un-lustro-como-escaparate-del-sector-agrario-en-xinzo-de-limia\/\",\"name\":\"Alimagro cumple un lustro como escaparate del sector agrario en Xinzo de Limia | Alimagro\",\"isPartOf\":{\"@id\":\"https:\/\/alimagro.es\/#website\"},\"primaryImageOfPage\":{\"@id\":\"https:\/\/alimagro.es\/2024\/08\/13\/alimagro-cumple-un-lustro-como-escaparate-del-sector-agrario-en-xinzo-de-limia\/#primaryimage\"},\"image\":{\"@id\":\"https:\/\/alimagro.es\/2024\/08\/13\/alimagro-cumple-un-lustro-como-escaparate-del-sector-agrario-en-xinzo-de-limia\/#primaryimage\"},\"thumbnailUrl\":\"https:\/\/alimagro.es\/wp-content\/uploads\/2024\/08\/Presentacion-Alimagro-2024-1-scaled.jpg\",\"datePublished\":\"2024-08-13T07:35:57+00:00\",\"breadcrumb\":{\"@id\":\"https:\/\/alimagro.es\/2024\/08\/13\/alimagro-cumple-un-lustro-como-escaparate-del-sector-agrario-en-xinzo-de-limia\/#breadcrumb\"},\"inLanguage\":\"es\",\"potentialAction\":[{\"@type\":\"ReadAction\",\"target\":[\"https:\/\/alimagro.es\/2024\/08\/13\/alimagro-cumple-un-lustro-como-escaparate-del-sector-agrario-en-xinzo-de-limia\/\"]}]},{\"@type\":\"ImageObject\",\"inLanguage\":\"es\",\"@id\":\"https:\/\/alimagro.es\/2024\/08\/13\/alimagro-cumple-un-lustro-como-escaparate-del-sector-agrario-en-xinzo-de-limia\/#primaryimage\",\"url\":\"https:\/\/alimagro.es\/wp-content\/uploads\/2024\/08\/Presentacion-Alimagro-2024-1-scaled.jpg\",\"contentUrl\":\"https:\/\/alimagro.es\/wp-content\/uploads\/2024\/08\/Presentacion-Alimagro-2024-1-scaled.jpg\",\"width\":2560,\"height\":1707,\"caption\":\"Presentaci\u00f3n Alimagro Xinzo de Limia\"},{\"@type\":\"BreadcrumbList\",\"@id\":\"https:\/\/alimagro.es\/2024\/08\/13\/alimagro-cumple-un-lustro-como-escaparate-del-sector-agrario-en-xinzo-de-limia\/#breadcrumb\",\"itemListElement\":[{\"@type\":\"ListItem\",\"position\":1,\"name\":\"Portada\",\"item\":\"https:\/\/alimagro.es\/\"},{\"@type\":\"ListItem\",\"position\":2,\"name\":\"Alimagro cumple un lustro como escaparate del sector agrario en Xinzo de Limia\"}]},{\"@type\":\"WebSite\",\"@id\":\"https:\/\/alimagro.es\/#website\",\"url\":\"https:\/\/alimagro.es\/\",\"name\":\"Alimagro\",\"description\":\"Alimagro, un evento referente nacional que aglutina las novedades en cuanto al cultivo de patata y la maquinaria agr\u00edcola.\",\"publisher\":{\"@id\":\"https:\/\/alimagro.es\/#organization\"},\"alternateName\":\"Feria del Agro de la Limia\",\"potentialAction\":[{\"@type\":\"SearchAction\",\"target\":{\"@type\":\"EntryPoint\",\"urlTemplate\":\"https:\/\/alimagro.es\/?s={search_term_string}\"},\"query-input\":{\"@type\":\"PropertyValueSpecification\",\"valueRequired\":true,\"valueName\":\"search_term_string\"}}],\"inLanguage\":\"es\"},{\"@type\":\"Organization\",\"@id\":\"https:\/\/alimagro.es\/#organization\",\"name\":\"Alimagro\",\"url\":\"https:\/\/alimagro.es\/\",\"logo\":{\"@type\":\"ImageObject\",\"inLanguage\":\"es\",\"@id\":\"https:\/\/alimagro.es\/#\/schema\/logo\/image\/\",\"url\":\"https:\/\/alimagro.es\/wp-content\/uploads\/2023\/07\/alimagro-logo-verde.png\",\"contentUrl\":\"https:\/\/alimagro.es\/wp-content\/uploads\/2023\/07\/alimagro-logo-verde.png\",\"width\":500,\"height\":96,\"caption\":\"Alimagro\"},\"image\":{\"@id\":\"https:\/\/alimagro.es\/#\/schema\/logo\/image\/\"},\"sameAs\":[\"https:\/\/www.facebook.com\/people\/Alimagro\/100095025612077\/\",\"https:\/\/www.instagram.com\/alimagro_\/\"]},{\"@type\":\"Person\",\"@id\":\"https:\/\/alimagro.es\/#\/schema\/person\/89860ad1bd667547b21c7a338776d78b\",\"name\":\"Mar\u00eda \u00c1lvarez\",\"image\":{\"@type\":\"ImageObject\",\"inLanguage\":\"es\",\"@id\":\"https:\/\/alimagro.es\/#\/schema\/person\/image\/\",\"url\":\"https:\/\/secure.gravatar.com\/avatar\/073a70519b527b7f5caacb635da42b6721e0828f6a6609c38e1663e2b4ab460f?s=96&d=mm&r=g\",\"contentUrl\":\"https:\/\/secure.gravatar.com\/avatar\/073a70519b527b7f5caacb635da42b6721e0828f6a6609c38e1663e2b4ab460f?s=96&d=mm&r=g\",\"caption\":\"Mar\u00eda \u00c1lvarez\"},\"url\":\"https:\/\/alimagro.es\/es_es\/author\/maria\/\"}]}<\/script>\n<!-- \/ Yoast SEO plugin. -->",
    "yoast_head_json": {
        "title": "Alimagro cumple un lustro como escaparate del sector agrario en Xinzo de Limia | Alimagro",
        "robots": {
            "index": "index",
            "follow": "follow",
            "max-snippet": "max-snippet:-1",
            "max-image-preview": "max-image-preview:large",
            "max-video-preview": "max-video-preview:-1"
        },
        "canonical": "https:\/\/alimagro.es\/es_es\/2024\/08\/13\/alimagro-cumple-un-lustro-como-escaparate-del-sector-agrario-en-xinzo-de-limia\/",
        "og_locale": "es_ES",
        "og_type": "article",
        "og_title": "Alimagro cumple un lustro como escaparate del sector agrario en Xinzo de Limia | Alimagro",
        "og_description": "La&nbsp;V edici\u00f3n de&nbsp;Alimagro&nbsp;volver\u00e1 a ser el escaparate del sector agrario en&nbsp;Xinzo de Limia (Ourense),&nbsp;del 31 de agosto al 1 de septiembre, con una exposici\u00f3n de maquinaria; la Feira da Pataca, que incluye la segunda Jornada T\u00e9cnica dedicada al cultivo, y la Feira do Comercio. La presentaci\u00f3n de este evento tuvo lugar este viernes en la [&hellip;]",
        "og_url": "https:\/\/alimagro.es\/es_es\/2024\/08\/13\/alimagro-cumple-un-lustro-como-escaparate-del-sector-agrario-en-xinzo-de-limia\/",
        "og_site_name": "Alimagro",
        "article_publisher": "https:\/\/www.facebook.com\/people\/Alimagro\/100095025612077\/",
        "article_published_time": "2024-08-13T07:35:57+00:00",
        "og_image": [
            {
                "width": 2560,
                "height": 1707,
                "url": "https:\/\/alimagro.es\/wp-content\/uploads\/2024\/08\/Presentacion-Alimagro-2024-1-scaled.jpg",
                "type": "image\/jpeg"
            }
        ],
        "author": "Mar\u00eda \u00c1lvarez",
        "twitter_card": "summary_large_image",
        "twitter_misc": {
            "Escrito por": "Mar\u00eda \u00c1lvarez",
            "Tiempo de lectura": "5 minutos"
        },
        "schema": {
            "@context": "https:\/\/schema.org",
            "@graph": [
                {
                    "@type": "Article",
                    "@id": "https:\/\/alimagro.es\/2024\/08\/13\/alimagro-cumple-un-lustro-como-escaparate-del-sector-agrario-en-xinzo-de-limia\/#article",
                    "isPartOf": {
                        "@id": "https:\/\/alimagro.es\/2024\/08\/13\/alimagro-cumple-un-lustro-como-escaparate-del-sector-agrario-en-xinzo-de-limia\/"
                    },
                    "author": {
                        "name": "Mar\u00eda \u00c1lvarez",
                        "@id": "https:\/\/alimagro.es\/#\/schema\/person\/89860ad1bd667547b21c7a338776d78b"
                    },
                    "headline": "Alimagro cumple un lustro como escaparate del sector agrario en Xinzo de Limia",
                    "datePublished": "2024-08-13T07:35:57+00:00",
                    "mainEntityOfPage": {
                        "@id": "https:\/\/alimagro.es\/2024\/08\/13\/alimagro-cumple-un-lustro-como-escaparate-del-sector-agrario-en-xinzo-de-limia\/"
                    },
                    "wordCount": 947,
                    "publisher": {
                        "@id": "https:\/\/alimagro.es\/#organization"
                    },
                    "image": {
                        "@id": "https:\/\/alimagro.es\/2024\/08\/13\/alimagro-cumple-un-lustro-como-escaparate-del-sector-agrario-en-xinzo-de-limia\/#primaryimage"
                    },
                    "thumbnailUrl": "https:\/\/alimagro.es\/wp-content\/uploads\/2024\/08\/Presentacion-Alimagro-2024-1-scaled.jpg",
                    "keywords": [
                        "agricultura",
                        "Alimagro",
                        "Feria da pataca",
                        "Feria Maquinaria",
                        "Patata Gallega",
                        "Patata Xinzo de Limia",
                        "Xinzo de Limia"
                    ],
                    "articleSection": [
                        "Featured"
                    ],
                    "inLanguage": "es"
                },
                {
                    "@type": "WebPage",
                    "@id": "https:\/\/alimagro.es\/2024\/08\/13\/alimagro-cumple-un-lustro-como-escaparate-del-sector-agrario-en-xinzo-de-limia\/",
                    "url": "https:\/\/alimagro.es\/2024\/08\/13\/alimagro-cumple-un-lustro-como-escaparate-del-sector-agrario-en-xinzo-de-limia\/",
                    "name": "Alimagro cumple un lustro como escaparate del sector agrario en Xinzo de Limia | Alimagro",
                    "isPartOf": {
                        "@id": "https:\/\/alimagro.es\/#website"
                    },
                    "primaryImageOfPage": {
                        "@id": "https:\/\/alimagro.es\/2024\/08\/13\/alimagro-cumple-un-lustro-como-escaparate-del-sector-agrario-en-xinzo-de-limia\/#primaryimage"
                    },
                    "image": {
                        "@id": "https:\/\/alimagro.es\/2024\/08\/13\/alimagro-cumple-un-lustro-como-escaparate-del-sector-agrario-en-xinzo-de-limia\/#primaryimage"
                    },
                    "thumbnailUrl": "https:\/\/alimagro.es\/wp-content\/uploads\/2024\/08\/Presentacion-Alimagro-2024-1-scaled.jpg",
                    "datePublished": "2024-08-13T07:35:57+00:00",
                    "breadcrumb": {
                        "@id": "https:\/\/alimagro.es\/2024\/08\/13\/alimagro-cumple-un-lustro-como-escaparate-del-sector-agrario-en-xinzo-de-limia\/#breadcrumb"
                    },
                    "inLanguage": "es",
                    "potentialAction": [
                        {
                            "@type": "ReadAction",
                            "target": [
                                "https:\/\/alimagro.es\/2024\/08\/13\/alimagro-cumple-un-lustro-como-escaparate-del-sector-agrario-en-xinzo-de-limia\/"
                            ]
                        }
                    ]
                },
                {
                    "@type": "ImageObject",
                    "inLanguage": "es",
                    "@id": "https:\/\/alimagro.es\/2024\/08\/13\/alimagro-cumple-un-lustro-como-escaparate-del-sector-agrario-en-xinzo-de-limia\/#primaryimage",
                    "url": "https:\/\/alimagro.es\/wp-content\/uploads\/2024\/08\/Presentacion-Alimagro-2024-1-scaled.jpg",
                    "contentUrl": "https:\/\/alimagro.es\/wp-content\/uploads\/2024\/08\/Presentacion-Alimagro-2024-1-scaled.jpg",
                    "width": 2560,
                    "height": 1707,
                    "caption": "Presentaci\u00f3n Alimagro Xinzo de Limia"
                },
                {
                    "@type": "BreadcrumbList",
                    "@id": "https:\/\/alimagro.es\/2024\/08\/13\/alimagro-cumple-un-lustro-como-escaparate-del-sector-agrario-en-xinzo-de-limia\/#breadcrumb",
                    "itemListElement": [
                        {
                            "@type": "ListItem",
                            "position": 1,
                            "name": "Portada",
                            "item": "https:\/\/alimagro.es\/"
                        },
                        {
                            "@type": "ListItem",
                            "position": 2,
                            "name": "Alimagro cumple un lustro como escaparate del sector agrario en Xinzo de Limia"
                        }
                    ]
                },
                {
                    "@type": "WebSite",
                    "@id": "https:\/\/alimagro.es\/#website",
                    "url": "https:\/\/alimagro.es\/",
                    "name": "Alimagro",
                    "description": "Alimagro, un evento referente nacional que aglutina las novedades en cuanto al cultivo de patata y la maquinaria agr\u00edcola.",
                    "publisher": {
                        "@id": "https:\/\/alimagro.es\/#organization"
                    },
                    "alternateName": "Feria del Agro de la Limia",
                    "potentialAction": [
                        {
                            "@type": "SearchAction",
                            "target": {
                                "@type": "EntryPoint",
                                "urlTemplate": "https:\/\/alimagro.es\/?s={search_term_string}"
                            },
                            "query-input": {
                                "@type": "PropertyValueSpecification",
                                "valueRequired": true,
                                "valueName": "search_term_string"
                            }
                        }
                    ],
                    "inLanguage": "es"
                },
                {
                    "@type": "Organization",
                    "@id": "https:\/\/alimagro.es\/#organization",
                    "name": "Alimagro",
                    "url": "https:\/\/alimagro.es\/",
                    "logo": {
                        "@type": "ImageObject",
                        "inLanguage": "es",
                        "@id": "https:\/\/alimagro.es\/#\/schema\/logo\/image\/",
                        "url": "https:\/\/alimagro.es\/wp-content\/uploads\/2023\/07\/alimagro-logo-verde.png",
                        "contentUrl": "https:\/\/alimagro.es\/wp-content\/uploads\/2023\/07\/alimagro-logo-verde.png",
                        "width": 500,
                        "height": 96,
                        "caption": "Alimagro"
                    },
                    "image": {
                        "@id": "https:\/\/alimagro.es\/#\/schema\/logo\/image\/"
                    },
                    "sameAs": [
                        "https:\/\/www.facebook.com\/people\/Alimagro\/100095025612077\/",
                        "https:\/\/www.instagram.com\/alimagro_\/"
                    ]
                },
                {
                    "@type": "Person",
                    "@id": "https:\/\/alimagro.es\/#\/schema\/person\/89860ad1bd667547b21c7a338776d78b",
                    "name": "Mar\u00eda \u00c1lvarez",
                    "image": {
                        "@type": "ImageObject",
                        "inLanguage": "es",
                        "@id": "https:\/\/alimagro.es\/#\/schema\/person\/image\/",
                        "url": "https:\/\/secure.gravatar.com\/avatar\/073a70519b527b7f5caacb635da42b6721e0828f6a6609c38e1663e2b4ab460f?s=96&d=mm&r=g",
                        "contentUrl": "https:\/\/secure.gravatar.com\/avatar\/073a70519b527b7f5caacb635da42b6721e0828f6a6609c38e1663e2b4ab460f?s=96&d=mm&r=g",
                        "caption": "Mar\u00eda \u00c1lvarez"
                    },
                    "url": "https:\/\/alimagro.es\/es_es\/author\/maria\/"
                }
            ]
        }
    },
    "_links": {
        "self": [
            {
                "href": "https:\/\/alimagro.es\/es_es\/wp-json\/wp\/v2\/posts\/970",
                "targetHints": {
                    "allow": [
                        "GET"
                    ]
                }
            }
        ],
        "collection": [
            {
                "href": "https:\/\/alimagro.es\/es_es\/wp-json\/wp\/v2\/posts"
            }
        ],
        "about": [
            {
                "href": "https:\/\/alimagro.es\/es_es\/wp-json\/wp\/v2\/types\/post"
            }
        ],
        "author": [
            {
                "embeddable": true,
                "href": "https:\/\/alimagro.es\/es_es\/wp-json\/wp\/v2\/users\/7"
            }
        ],
        "replies": [
            {
                "embeddable": true,
                "href": "https:\/\/alimagro.es\/es_es\/wp-json\/wp\/v2\/comments?post=970"
            }
        ],
        "version-history": [
            {
                "count": 1,
                "href": "https:\/\/alimagro.es\/es_es\/wp-json\/wp\/v2\/posts\/970\/revisions"
            }
        ],
        "predecessor-version": [
            {
                "id": 975,
                "href": "https:\/\/alimagro.es\/es_es\/wp-json\/wp\/v2\/posts\/970\/revisions\/975"
            }
        ],
        "wp:featuredmedia": [
            {
                "embeddable": true,
                "href": "https:\/\/alimagro.es\/es_es\/wp-json\/wp\/v2\/media\/971"
            }
        ],
        "wp:attachment": [
            {
                "href": "https:\/\/alimagro.es\/es_es\/wp-json\/wp\/v2\/media?parent=970"
            }
        ],
        "wp:term": [
            {
                "taxonomy": "category",
                "embeddable": true,
                "href": "https:\/\/alimagro.es\/es_es\/wp-json\/wp\/v2\/categories?post=970"
            },
            {
                "taxonomy": "post_tag",
                "embeddable": true,
                "href": "https:\/\/alimagro.es\/es_es\/wp-json\/wp\/v2\/tags?post=970"
            }
        ],
        "curies": [
            {
                "name": "wp",
                "href": "https:\/\/api.w.org\/{rel}",
                "templated": true
            }
        ]
    }
}