{
    "id": 749,
    "date": "2023-08-28T11:53:11",
    "date_gmt": "2023-08-28T09:53:11",
    "guid": {
        "rendered": "https:\/\/alimagro.es\/?p=749"
    },
    "modified": "2023-08-28T15:05:19",
    "modified_gmt": "2023-08-28T13:05:19",
    "slug": "ventajas-del-riego-por-goteo-sera-la-primera-ponencia-de-la-jornada-tecnica-de-la-patata",
    "status": "publish",
    "type": "post",
    "link": "https:\/\/alimagro.es\/es_es\/2023\/08\/28\/ventajas-del-riego-por-goteo-sera-la-primera-ponencia-de-la-jornada-tecnica-de-la-patata\/",
    "title": {
        "rendered": "&#8216;Ventajas del riego por goteo&#8217; ser\u00e1 la primera ponencia de la Jornada T\u00e9cnica de la Patata"
    },
    "content": {
        "rendered": "<p>Algunos de los protagonistas de la nueva edici\u00f3n de Alimagro, feria dedicada al cultivo de la patata que se celebra del 1 al 3 de septiembre en Xinzo de Limia (Ourense), ser\u00e1n la gesti\u00f3n eficiente de los insumos agrarios, la digitalizaci\u00f3n y la conservaci\u00f3n del tub\u00e9rculo.&nbsp;&nbsp;<\/p>\n<p>La <strong>Jornada T\u00e9cnica de la Patata<\/strong> tendr\u00e1 lugar el viernes <strong>1 de septiembre<\/strong>, y estar\u00e1 destinada a analizar el momento del cultivo y de los mercados, con aportaciones relevantes para conseguir un cultivo m\u00e1s eficiente y rentable.<\/p>\n<p>La primera ponencia de la jornada, &#8216;Ventajas del riego por goteo en patata&#8217;, vendr\u00e1 de la mano de <strong>Guillermo Pellegrino<\/strong>, de la compa\u00f1\u00eda<strong> Netafim<\/strong>, que analizar\u00e1 las ventajas del riego por goteo en patata. Para su compa\u00f1\u00eda es el m\u00e9todo m\u00e1s eficiente de suministro de agua y nutrientes a los cultivos.<\/p>\n<p>Gracias a esta pr\u00e1ctica se entrega el agua y los fertilizantes directamente a la zona radicular del cultivo, \u201cen la cantidad correcta y en el momento adecuado\u201d. Por lo tanto, \u201ccada planta recibe exactamente lo que necesita, cuando lo necesita para desarrollarse de forma \u00f3ptima\u201d.<\/p>\n<p>\u201cGracias al goteo, los productores pueden tener mejores rendimientos mientras ahorran agua, as\u00ed como fertilizantes y energ\u00eda\u201d, destacan desde Netafim.<\/p>",
        "protected": false
    },
    "excerpt": {
        "rendered": "<p>Algunos de los protagonistas de la nueva edici\u00f3n de Alimagro, feria dedicada al cultivo de la patata que se celebra del 1 al 3 de septiembre en Xinzo de Limia (Ourense), ser\u00e1n la gesti\u00f3n eficiente de los insumos agrarios, la digitalizaci\u00f3n y la conservaci\u00f3n del tub\u00e9rculo.&nbsp;&nbsp; La Jornada T\u00e9cnica de la Patata tendr\u00e1 lugar el [&hellip;]<\/p>",
        "protected": false
    },
    "author": 1,
    "featured_media": 764,
    "comment_status": "closed",
    "ping_status": "closed",
    "sticky": false,
    "template": "",
    "format": "standard",
    "meta": {
        "ngg_post_thumbnail": 0,
        "footnotes": ""
    },
    "categories": [
        1
    ],
    "tags": [
        58,
        55,
        57,
        21,
        56,
        27,
        19
    ],
    "class_list": {
        "0": "post-749",
        "1": "post",
        "2": "type-post",
        "3": "status-publish",
        "4": "format-standard",
        "5": "has-post-thumbnail",
        "7": "category-sin-categoria",
        "8": "tag-galicia",
        "9": "tag-jornada-tecnica",
        "10": "tag-netafim",
        "11": "tag-patata",
        "12": "tag-riego",
        "13": "tag-riego-por-goteo",
        "14": "tag-xinzo-de-limia"
    },
    "yoast_head": "<!-- This site is optimized with the Yoast SEO plugin v25.8 - https:\/\/yoast.com\/wordpress\/plugins\/seo\/ -->\n<title>&#039;Ventajas del riego por goteo&#039; ser\u00e1 la primera ponencia de la Jornada T\u00e9cnica de la Patata | Alimagro<\/title>\n<meta name=\"robots\" content=\"index, follow, max-snippet:-1, max-image-preview:large, max-video-preview:-1\" \/>\n<link rel=\"canonical\" href=\"https:\/\/alimagro.es\/es_es\/2023\/08\/28\/ventajas-del-riego-por-goteo-sera-la-primera-ponencia-de-la-jornada-tecnica-de-la-patata\/\" \/>\n<meta property=\"og:locale\" content=\"es_ES\" \/>\n<meta property=\"og:type\" content=\"article\" \/>\n<meta property=\"og:title\" content=\"&#039;Ventajas del riego por goteo&#039; ser\u00e1 la primera ponencia de la Jornada T\u00e9cnica de la Patata | Alimagro\" \/>\n<meta property=\"og:description\" content=\"Algunos de los protagonistas de la nueva edici\u00f3n de Alimagro, feria dedicada al cultivo de la patata que se celebra del 1 al 3 de septiembre en Xinzo de Limia (Ourense), ser\u00e1n la gesti\u00f3n eficiente de los insumos agrarios, la digitalizaci\u00f3n y la conservaci\u00f3n del tub\u00e9rculo.&nbsp;&nbsp; La Jornada T\u00e9cnica de la Patata tendr\u00e1 lugar el [&hellip;]\" \/>\n<meta property=\"og:url\" content=\"https:\/\/alimagro.es\/es_es\/2023\/08\/28\/ventajas-del-riego-por-goteo-sera-la-primera-ponencia-de-la-jornada-tecnica-de-la-patata\/\" \/>\n<meta property=\"og:site_name\" content=\"Alimagro\" \/>\n<meta property=\"article:publisher\" content=\"https:\/\/www.facebook.com\/people\/Alimagro\/100095025612077\/\" \/>\n<meta property=\"article:published_time\" content=\"2023-08-28T09:53:11+00:00\" \/>\n<meta property=\"article:modified_time\" content=\"2023-08-28T13:05:19+00:00\" \/>\n<meta property=\"og:image\" content=\"https:\/\/alimagro.es\/wp-content\/uploads\/2023\/08\/20140715_093215-1024x768.jpg\" \/>\n\t<meta property=\"og:image:width\" content=\"1024\" \/>\n\t<meta property=\"og:image:height\" content=\"768\" \/>\n\t<meta property=\"og:image:type\" content=\"image\/jpeg\" \/>\n<meta name=\"author\" content=\"Aleanny\" \/>\n<meta name=\"twitter:card\" content=\"summary_large_image\" \/>\n<meta name=\"twitter:label1\" content=\"Escrito por\" \/>\n\t<meta name=\"twitter:data1\" content=\"Aleanny\" \/>\n\t<meta name=\"twitter:label2\" content=\"Tiempo de lectura\" \/>\n\t<meta name=\"twitter:data2\" content=\"1 minuto\" \/>\n<script type=\"application\/ld+json\" class=\"yoast-schema-graph\">{\"@context\":\"https:\/\/schema.org\",\"@graph\":[{\"@type\":\"Article\",\"@id\":\"https:\/\/alimagro.es\/2023\/08\/28\/ventajas-del-riego-por-goteo-sera-la-primera-ponencia-de-la-jornada-tecnica-de-la-patata\/#article\",\"isPartOf\":{\"@id\":\"https:\/\/alimagro.es\/2023\/08\/28\/ventajas-del-riego-por-goteo-sera-la-primera-ponencia-de-la-jornada-tecnica-de-la-patata\/\"},\"author\":{\"name\":\"Aleanny\",\"@id\":\"https:\/\/alimagro.es\/#\/schema\/person\/0dada84c4cae6b8f7d9042d214d44f5f\"},\"headline\":\"&#8216;Ventajas del riego por goteo&#8217; ser\u00e1 la primera ponencia de la Jornada T\u00e9cnica de la Patata\",\"datePublished\":\"2023-08-28T09:53:11+00:00\",\"dateModified\":\"2023-08-28T13:05:19+00:00\",\"mainEntityOfPage\":{\"@id\":\"https:\/\/alimagro.es\/2023\/08\/28\/ventajas-del-riego-por-goteo-sera-la-primera-ponencia-de-la-jornada-tecnica-de-la-patata\/\"},\"wordCount\":229,\"publisher\":{\"@id\":\"https:\/\/alimagro.es\/#organization\"},\"image\":{\"@id\":\"https:\/\/alimagro.es\/2023\/08\/28\/ventajas-del-riego-por-goteo-sera-la-primera-ponencia-de-la-jornada-tecnica-de-la-patata\/#primaryimage\"},\"thumbnailUrl\":\"https:\/\/alimagro.es\/wp-content\/uploads\/2023\/08\/20140715_093215.jpg\",\"keywords\":[\"galicia\",\"jornada t\u00e9cnica\",\"netafim\",\"Patata\",\"riego\",\"riego por goteo\",\"Xinzo de Limia\"],\"inLanguage\":\"es\"},{\"@type\":\"WebPage\",\"@id\":\"https:\/\/alimagro.es\/2023\/08\/28\/ventajas-del-riego-por-goteo-sera-la-primera-ponencia-de-la-jornada-tecnica-de-la-patata\/\",\"url\":\"https:\/\/alimagro.es\/2023\/08\/28\/ventajas-del-riego-por-goteo-sera-la-primera-ponencia-de-la-jornada-tecnica-de-la-patata\/\",\"name\":\"'Ventajas del riego por goteo' ser\u00e1 la primera ponencia de la Jornada T\u00e9cnica de la Patata | Alimagro\",\"isPartOf\":{\"@id\":\"https:\/\/alimagro.es\/#website\"},\"primaryImageOfPage\":{\"@id\":\"https:\/\/alimagro.es\/2023\/08\/28\/ventajas-del-riego-por-goteo-sera-la-primera-ponencia-de-la-jornada-tecnica-de-la-patata\/#primaryimage\"},\"image\":{\"@id\":\"https:\/\/alimagro.es\/2023\/08\/28\/ventajas-del-riego-por-goteo-sera-la-primera-ponencia-de-la-jornada-tecnica-de-la-patata\/#primaryimage\"},\"thumbnailUrl\":\"https:\/\/alimagro.es\/wp-content\/uploads\/2023\/08\/20140715_093215.jpg\",\"datePublished\":\"2023-08-28T09:53:11+00:00\",\"dateModified\":\"2023-08-28T13:05:19+00:00\",\"breadcrumb\":{\"@id\":\"https:\/\/alimagro.es\/2023\/08\/28\/ventajas-del-riego-por-goteo-sera-la-primera-ponencia-de-la-jornada-tecnica-de-la-patata\/#breadcrumb\"},\"inLanguage\":\"es\",\"potentialAction\":[{\"@type\":\"ReadAction\",\"target\":[\"https:\/\/alimagro.es\/2023\/08\/28\/ventajas-del-riego-por-goteo-sera-la-primera-ponencia-de-la-jornada-tecnica-de-la-patata\/\"]}]},{\"@type\":\"ImageObject\",\"inLanguage\":\"es\",\"@id\":\"https:\/\/alimagro.es\/2023\/08\/28\/ventajas-del-riego-por-goteo-sera-la-primera-ponencia-de-la-jornada-tecnica-de-la-patata\/#primaryimage\",\"url\":\"https:\/\/alimagro.es\/wp-content\/uploads\/2023\/08\/20140715_093215.jpg\",\"contentUrl\":\"https:\/\/alimagro.es\/wp-content\/uploads\/2023\/08\/20140715_093215.jpg\",\"width\":2560,\"height\":1920},{\"@type\":\"BreadcrumbList\",\"@id\":\"https:\/\/alimagro.es\/2023\/08\/28\/ventajas-del-riego-por-goteo-sera-la-primera-ponencia-de-la-jornada-tecnica-de-la-patata\/#breadcrumb\",\"itemListElement\":[{\"@type\":\"ListItem\",\"position\":1,\"name\":\"Portada\",\"item\":\"https:\/\/alimagro.es\/\"},{\"@type\":\"ListItem\",\"position\":2,\"name\":\"&#8216;Ventajas del riego por goteo&#8217; ser\u00e1 la primera ponencia de la Jornada T\u00e9cnica de la Patata\"}]},{\"@type\":\"WebSite\",\"@id\":\"https:\/\/alimagro.es\/#website\",\"url\":\"https:\/\/alimagro.es\/\",\"name\":\"Alimagro\",\"description\":\"Alimagro, un evento referente nacional que aglutina las novedades en cuanto al cultivo de patata y la maquinaria agr\u00edcola.\",\"publisher\":{\"@id\":\"https:\/\/alimagro.es\/#organization\"},\"alternateName\":\"Feria del Agro de la Limia\",\"potentialAction\":[{\"@type\":\"SearchAction\",\"target\":{\"@type\":\"EntryPoint\",\"urlTemplate\":\"https:\/\/alimagro.es\/?s={search_term_string}\"},\"query-input\":{\"@type\":\"PropertyValueSpecification\",\"valueRequired\":true,\"valueName\":\"search_term_string\"}}],\"inLanguage\":\"es\"},{\"@type\":\"Organization\",\"@id\":\"https:\/\/alimagro.es\/#organization\",\"name\":\"Alimagro\",\"url\":\"https:\/\/alimagro.es\/\",\"logo\":{\"@type\":\"ImageObject\",\"inLanguage\":\"es\",\"@id\":\"https:\/\/alimagro.es\/#\/schema\/logo\/image\/\",\"url\":\"https:\/\/alimagro.es\/wp-content\/uploads\/2023\/07\/alimagro-logo-verde.png\",\"contentUrl\":\"https:\/\/alimagro.es\/wp-content\/uploads\/2023\/07\/alimagro-logo-verde.png\",\"width\":500,\"height\":96,\"caption\":\"Alimagro\"},\"image\":{\"@id\":\"https:\/\/alimagro.es\/#\/schema\/logo\/image\/\"},\"sameAs\":[\"https:\/\/www.facebook.com\/people\/Alimagro\/100095025612077\/\",\"https:\/\/www.instagram.com\/alimagro_\/\"]},{\"@type\":\"Person\",\"@id\":\"https:\/\/alimagro.es\/#\/schema\/person\/0dada84c4cae6b8f7d9042d214d44f5f\",\"name\":\"Aleanny\",\"image\":{\"@type\":\"ImageObject\",\"inLanguage\":\"es\",\"@id\":\"https:\/\/alimagro.es\/#\/schema\/person\/image\/\",\"url\":\"https:\/\/secure.gravatar.com\/avatar\/1544aab85306f224c87f68de5c747842347b929b2ce65b3c9b4288505c86ee0d?s=96&d=mm&r=g\",\"contentUrl\":\"https:\/\/secure.gravatar.com\/avatar\/1544aab85306f224c87f68de5c747842347b929b2ce65b3c9b4288505c86ee0d?s=96&d=mm&r=g\",\"caption\":\"Aleanny\"},\"sameAs\":[\"https:\/\/alimagro.es\"],\"url\":\"https:\/\/alimagro.es\/es_es\/author\/aleanny\/\"}]}<\/script>\n<!-- \/ Yoast SEO plugin. -->",
    "yoast_head_json": {
        "title": "'Ventajas del riego por goteo' ser\u00e1 la primera ponencia de la Jornada T\u00e9cnica de la Patata | Alimagro",
        "robots": {
            "index": "index",
            "follow": "follow",
            "max-snippet": "max-snippet:-1",
            "max-image-preview": "max-image-preview:large",
            "max-video-preview": "max-video-preview:-1"
        },
        "canonical": "https:\/\/alimagro.es\/es_es\/2023\/08\/28\/ventajas-del-riego-por-goteo-sera-la-primera-ponencia-de-la-jornada-tecnica-de-la-patata\/",
        "og_locale": "es_ES",
        "og_type": "article",
        "og_title": "'Ventajas del riego por goteo' ser\u00e1 la primera ponencia de la Jornada T\u00e9cnica de la Patata | Alimagro",
        "og_description": "Algunos de los protagonistas de la nueva edici\u00f3n de Alimagro, feria dedicada al cultivo de la patata que se celebra del 1 al 3 de septiembre en Xinzo de Limia (Ourense), ser\u00e1n la gesti\u00f3n eficiente de los insumos agrarios, la digitalizaci\u00f3n y la conservaci\u00f3n del tub\u00e9rculo.&nbsp;&nbsp; La Jornada T\u00e9cnica de la Patata tendr\u00e1 lugar el [&hellip;]",
        "og_url": "https:\/\/alimagro.es\/es_es\/2023\/08\/28\/ventajas-del-riego-por-goteo-sera-la-primera-ponencia-de-la-jornada-tecnica-de-la-patata\/",
        "og_site_name": "Alimagro",
        "article_publisher": "https:\/\/www.facebook.com\/people\/Alimagro\/100095025612077\/",
        "article_published_time": "2023-08-28T09:53:11+00:00",
        "article_modified_time": "2023-08-28T13:05:19+00:00",
        "og_image": [
            {
                "width": 1024,
                "height": 768,
                "url": "https:\/\/alimagro.es\/wp-content\/uploads\/2023\/08\/20140715_093215-1024x768.jpg",
                "type": "image\/jpeg"
            }
        ],
        "author": "Aleanny",
        "twitter_card": "summary_large_image",
        "twitter_misc": {
            "Escrito por": "Aleanny",
            "Tiempo de lectura": "1 minuto"
        },
        "schema": {
            "@context": "https:\/\/schema.org",
            "@graph": [
                {
                    "@type": "Article",
                    "@id": "https:\/\/alimagro.es\/2023\/08\/28\/ventajas-del-riego-por-goteo-sera-la-primera-ponencia-de-la-jornada-tecnica-de-la-patata\/#article",
                    "isPartOf": {
                        "@id": "https:\/\/alimagro.es\/2023\/08\/28\/ventajas-del-riego-por-goteo-sera-la-primera-ponencia-de-la-jornada-tecnica-de-la-patata\/"
                    },
                    "author": {
                        "name": "Aleanny",
                        "@id": "https:\/\/alimagro.es\/#\/schema\/person\/0dada84c4cae6b8f7d9042d214d44f5f"
                    },
                    "headline": "&#8216;Ventajas del riego por goteo&#8217; ser\u00e1 la primera ponencia de la Jornada T\u00e9cnica de la Patata",
                    "datePublished": "2023-08-28T09:53:11+00:00",
                    "dateModified": "2023-08-28T13:05:19+00:00",
                    "mainEntityOfPage": {
                        "@id": "https:\/\/alimagro.es\/2023\/08\/28\/ventajas-del-riego-por-goteo-sera-la-primera-ponencia-de-la-jornada-tecnica-de-la-patata\/"
                    },
                    "wordCount": 229,
                    "publisher": {
                        "@id": "https:\/\/alimagro.es\/#organization"
                    },
                    "image": {
                        "@id": "https:\/\/alimagro.es\/2023\/08\/28\/ventajas-del-riego-por-goteo-sera-la-primera-ponencia-de-la-jornada-tecnica-de-la-patata\/#primaryimage"
                    },
                    "thumbnailUrl": "https:\/\/alimagro.es\/wp-content\/uploads\/2023\/08\/20140715_093215.jpg",
                    "keywords": [
                        "galicia",
                        "jornada t\u00e9cnica",
                        "netafim",
                        "Patata",
                        "riego",
                        "riego por goteo",
                        "Xinzo de Limia"
                    ],
                    "inLanguage": "es"
                },
                {
                    "@type": "WebPage",
                    "@id": "https:\/\/alimagro.es\/2023\/08\/28\/ventajas-del-riego-por-goteo-sera-la-primera-ponencia-de-la-jornada-tecnica-de-la-patata\/",
                    "url": "https:\/\/alimagro.es\/2023\/08\/28\/ventajas-del-riego-por-goteo-sera-la-primera-ponencia-de-la-jornada-tecnica-de-la-patata\/",
                    "name": "'Ventajas del riego por goteo' ser\u00e1 la primera ponencia de la Jornada T\u00e9cnica de la Patata | Alimagro",
                    "isPartOf": {
                        "@id": "https:\/\/alimagro.es\/#website"
                    },
                    "primaryImageOfPage": {
                        "@id": "https:\/\/alimagro.es\/2023\/08\/28\/ventajas-del-riego-por-goteo-sera-la-primera-ponencia-de-la-jornada-tecnica-de-la-patata\/#primaryimage"
                    },
                    "image": {
                        "@id": "https:\/\/alimagro.es\/2023\/08\/28\/ventajas-del-riego-por-goteo-sera-la-primera-ponencia-de-la-jornada-tecnica-de-la-patata\/#primaryimage"
                    },
                    "thumbnailUrl": "https:\/\/alimagro.es\/wp-content\/uploads\/2023\/08\/20140715_093215.jpg",
                    "datePublished": "2023-08-28T09:53:11+00:00",
                    "dateModified": "2023-08-28T13:05:19+00:00",
                    "breadcrumb": {
                        "@id": "https:\/\/alimagro.es\/2023\/08\/28\/ventajas-del-riego-por-goteo-sera-la-primera-ponencia-de-la-jornada-tecnica-de-la-patata\/#breadcrumb"
                    },
                    "inLanguage": "es",
                    "potentialAction": [
                        {
                            "@type": "ReadAction",
                            "target": [
                                "https:\/\/alimagro.es\/2023\/08\/28\/ventajas-del-riego-por-goteo-sera-la-primera-ponencia-de-la-jornada-tecnica-de-la-patata\/"
                            ]
                        }
                    ]
                },
                {
                    "@type": "ImageObject",
                    "inLanguage": "es",
                    "@id": "https:\/\/alimagro.es\/2023\/08\/28\/ventajas-del-riego-por-goteo-sera-la-primera-ponencia-de-la-jornada-tecnica-de-la-patata\/#primaryimage",
                    "url": "https:\/\/alimagro.es\/wp-content\/uploads\/2023\/08\/20140715_093215.jpg",
                    "contentUrl": "https:\/\/alimagro.es\/wp-content\/uploads\/2023\/08\/20140715_093215.jpg",
                    "width": 2560,
                    "height": 1920
                },
                {
                    "@type": "BreadcrumbList",
                    "@id": "https:\/\/alimagro.es\/2023\/08\/28\/ventajas-del-riego-por-goteo-sera-la-primera-ponencia-de-la-jornada-tecnica-de-la-patata\/#breadcrumb",
                    "itemListElement": [
                        {
                            "@type": "ListItem",
                            "position": 1,
                            "name": "Portada",
                            "item": "https:\/\/alimagro.es\/"
                        },
                        {
                            "@type": "ListItem",
                            "position": 2,
                            "name": "&#8216;Ventajas del riego por goteo&#8217; ser\u00e1 la primera ponencia de la Jornada T\u00e9cnica de la Patata"
                        }
                    ]
                },
                {
                    "@type": "WebSite",
                    "@id": "https:\/\/alimagro.es\/#website",
                    "url": "https:\/\/alimagro.es\/",
                    "name": "Alimagro",
                    "description": "Alimagro, un evento referente nacional que aglutina las novedades en cuanto al cultivo de patata y la maquinaria agr\u00edcola.",
                    "publisher": {
                        "@id": "https:\/\/alimagro.es\/#organization"
                    },
                    "alternateName": "Feria del Agro de la Limia",
                    "potentialAction": [
                        {
                            "@type": "SearchAction",
                            "target": {
                                "@type": "EntryPoint",
                                "urlTemplate": "https:\/\/alimagro.es\/?s={search_term_string}"
                            },
                            "query-input": {
                                "@type": "PropertyValueSpecification",
                                "valueRequired": true,
                                "valueName": "search_term_string"
                            }
                        }
                    ],
                    "inLanguage": "es"
                },
                {
                    "@type": "Organization",
                    "@id": "https:\/\/alimagro.es\/#organization",
                    "name": "Alimagro",
                    "url": "https:\/\/alimagro.es\/",
                    "logo": {
                        "@type": "ImageObject",
                        "inLanguage": "es",
                        "@id": "https:\/\/alimagro.es\/#\/schema\/logo\/image\/",
                        "url": "https:\/\/alimagro.es\/wp-content\/uploads\/2023\/07\/alimagro-logo-verde.png",
                        "contentUrl": "https:\/\/alimagro.es\/wp-content\/uploads\/2023\/07\/alimagro-logo-verde.png",
                        "width": 500,
                        "height": 96,
                        "caption": "Alimagro"
                    },
                    "image": {
                        "@id": "https:\/\/alimagro.es\/#\/schema\/logo\/image\/"
                    },
                    "sameAs": [
                        "https:\/\/www.facebook.com\/people\/Alimagro\/100095025612077\/",
                        "https:\/\/www.instagram.com\/alimagro_\/"
                    ]
                },
                {
                    "@type": "Person",
                    "@id": "https:\/\/alimagro.es\/#\/schema\/person\/0dada84c4cae6b8f7d9042d214d44f5f",
                    "name": "Aleanny",
                    "image": {
                        "@type": "ImageObject",
                        "inLanguage": "es",
                        "@id": "https:\/\/alimagro.es\/#\/schema\/person\/image\/",
                        "url": "https:\/\/secure.gravatar.com\/avatar\/1544aab85306f224c87f68de5c747842347b929b2ce65b3c9b4288505c86ee0d?s=96&d=mm&r=g",
                        "contentUrl": "https:\/\/secure.gravatar.com\/avatar\/1544aab85306f224c87f68de5c747842347b929b2ce65b3c9b4288505c86ee0d?s=96&d=mm&r=g",
                        "caption": "Aleanny"
                    },
                    "sameAs": [
                        "https:\/\/alimagro.es"
                    ],
                    "url": "https:\/\/alimagro.es\/es_es\/author\/aleanny\/"
                }
            ]
        }
    },
    "_links": {
        "self": [
            {
                "href": "https:\/\/alimagro.es\/es_es\/wp-json\/wp\/v2\/posts\/749",
                "targetHints": {
                    "allow": [
                        "GET"
                    ]
                }
            }
        ],
        "collection": [
            {
                "href": "https:\/\/alimagro.es\/es_es\/wp-json\/wp\/v2\/posts"
            }
        ],
        "about": [
            {
                "href": "https:\/\/alimagro.es\/es_es\/wp-json\/wp\/v2\/types\/post"
            }
        ],
        "author": [
            {
                "embeddable": true,
                "href": "https:\/\/alimagro.es\/es_es\/wp-json\/wp\/v2\/users\/1"
            }
        ],
        "replies": [
            {
                "embeddable": true,
                "href": "https:\/\/alimagro.es\/es_es\/wp-json\/wp\/v2\/comments?post=749"
            }
        ],
        "version-history": [
            {
                "count": 1,
                "href": "https:\/\/alimagro.es\/es_es\/wp-json\/wp\/v2\/posts\/749\/revisions"
            }
        ],
        "predecessor-version": [
            {
                "id": 752,
                "href": "https:\/\/alimagro.es\/es_es\/wp-json\/wp\/v2\/posts\/749\/revisions\/752"
            }
        ],
        "wp:featuredmedia": [
            {
                "embeddable": true,
                "href": "https:\/\/alimagro.es\/es_es\/wp-json\/wp\/v2\/media\/764"
            }
        ],
        "wp:attachment": [
            {
                "href": "https:\/\/alimagro.es\/es_es\/wp-json\/wp\/v2\/media?parent=749"
            }
        ],
        "wp:term": [
            {
                "taxonomy": "category",
                "embeddable": true,
                "href": "https:\/\/alimagro.es\/es_es\/wp-json\/wp\/v2\/categories?post=749"
            },
            {
                "taxonomy": "post_tag",
                "embeddable": true,
                "href": "https:\/\/alimagro.es\/es_es\/wp-json\/wp\/v2\/tags?post=749"
            }
        ],
        "curies": [
            {
                "name": "wp",
                "href": "https:\/\/api.w.org\/{rel}",
                "templated": true
            }
        ]
    }
}