{
    "id": 439,
    "date": "2023-08-17T13:38:03",
    "date_gmt": "2023-08-17T11:38:03",
    "guid": {
        "rendered": "https:\/\/alimagro.es\/?p=439"
    },
    "modified": "2023-08-28T15:04:24",
    "modified_gmt": "2023-08-28T13:04:24",
    "slug": "vuelve-la-iv-feria-agro-de-limia",
    "status": "publish",
    "type": "post",
    "link": "https:\/\/alimagro.es\/es_es\/2023\/08\/17\/vuelve-la-iv-feria-agro-de-limia\/",
    "title": {
        "rendered": "Vuelve la IV Feria Agro de Limia"
    },
    "content": {
        "rendered": "<p>Xinzo de Limia (Ourense) acoge del 1 al 3 de septiembre la cuarta edici\u00f3n de la&nbsp;<strong>Feria Agro de Limia, Alimagro,&nbsp;<\/strong>una cita concebida para reforzar el car\u00e1cter de la localidad como un referente del cultivo de la patata en Galicia y en el conjunto de la pen\u00ednsula ib\u00e9rica.<\/p>\n<p>El alcalde de Xinzo de Limia y principal promotor del encuentro, Amador D\u00edaz, aboga por&nbsp;<strong>\u201cexportar\u201d a Espa\u00f1a y Portugal&nbsp;<\/strong>una cultura de la patata que sigue \u201cmuy viva\u201d en territorio gallego, donde -a diferencia de otras zonas-<strong>&nbsp;el consumo no ha deca\u00eddo.<\/strong><\/p>\n<p>El objetivo de este encuentro es, por tanto,&nbsp;<strong>promocionar el cultivo<\/strong>&nbsp;de la patata, adem\u00e1s de presentar a p\u00fablico y profesionales las principales novedades aparecidas en el sector de la maquinaria.<\/p>\n<p>El pabell\u00f3n de deportes ser\u00e1, una vez m\u00e1s, la sede de la Feria de la Patata (Feira da Pataca) y, de forma paralela, las novedades de maquinaria y aperos de labranza (Feira da Maquinaria) podr\u00e1n encontrarse en el Parque do Toural.<\/p>\n<p>\u201cEl objetivo de la feria es servir de escaparate para todo el sector de la patata de Espa\u00f1a y Portugal, adem\u00e1s de<strong>&nbsp;reforzar el v\u00ednculo<\/strong>&nbsp;entre productores de semilla, cultivadores y operadores de toda la pen\u00ednsula\u201d, apunta D\u00edaz.<\/p>\n<p>\u201cVolveremos a demostrar que&nbsp;<strong>ya no existen las fronteras<\/strong>&nbsp;en el sector de la patata\u201d, como demuestra la presencia, desde la primera edici\u00f3n, de numerosos profesionales portugueses, como los productores de patata de siembra de Montalegre, la cercana villa perteneciente el distrito de Vila Real.<\/p>",
        "protected": false
    },
    "excerpt": {
        "rendered": "<p>Xinzo de Limia (Ourense) acoge del 1 al 3 de septiembre la cuarta edici\u00f3n de la&nbsp;Feria Agro de Limia, Alimagro,&nbsp;una cita concebida para reforzar el car\u00e1cter de la localidad como un referente del cultivo de la patata en Galicia y en el conjunto de la pen\u00ednsula ib\u00e9rica. El alcalde de Xinzo de Limia y principal [&hellip;]<\/p>",
        "protected": false
    },
    "author": 1,
    "featured_media": 440,
    "comment_status": "closed",
    "ping_status": "closed",
    "sticky": false,
    "template": "",
    "format": "standard",
    "meta": {
        "ngg_post_thumbnail": 0,
        "footnotes": ""
    },
    "categories": [
        2
    ],
    "tags": [
        18,
        20,
        23,
        21,
        22,
        19
    ],
    "class_list": {
        "0": "post-439",
        "1": "post",
        "2": "type-post",
        "3": "status-publish",
        "4": "format-standard",
        "5": "has-post-thumbnail",
        "7": "category-featured",
        "8": "tag-alimagro",
        "9": "tag-feria-da-limia",
        "10": "tag-feria-da-pataca",
        "11": "tag-patata",
        "12": "tag-patata-gallega",
        "13": "tag-xinzo-de-limia"
    },
    "yoast_head": "<!-- This site is optimized with the Yoast SEO plugin v25.8 - https:\/\/yoast.com\/wordpress\/plugins\/seo\/ -->\n<title>Vuelve la IV Feria Agro de Limia | Alimagro<\/title>\n<meta name=\"robots\" content=\"index, follow, max-snippet:-1, max-image-preview:large, max-video-preview:-1\" \/>\n<link rel=\"canonical\" href=\"https:\/\/alimagro.es\/es_es\/2023\/08\/17\/vuelve-la-iv-feria-agro-de-limia\/\" \/>\n<meta property=\"og:locale\" content=\"es_ES\" \/>\n<meta property=\"og:type\" content=\"article\" \/>\n<meta property=\"og:title\" content=\"Vuelve la IV Feria Agro de Limia | Alimagro\" \/>\n<meta property=\"og:description\" content=\"Xinzo de Limia (Ourense) acoge del 1 al 3 de septiembre la cuarta edici\u00f3n de la&nbsp;Feria Agro de Limia, Alimagro,&nbsp;una cita concebida para reforzar el car\u00e1cter de la localidad como un referente del cultivo de la patata en Galicia y en el conjunto de la pen\u00ednsula ib\u00e9rica. El alcalde de Xinzo de Limia y principal [&hellip;]\" \/>\n<meta property=\"og:url\" content=\"https:\/\/alimagro.es\/es_es\/2023\/08\/17\/vuelve-la-iv-feria-agro-de-limia\/\" \/>\n<meta property=\"og:site_name\" content=\"Alimagro\" \/>\n<meta property=\"article:publisher\" content=\"https:\/\/www.facebook.com\/people\/Alimagro\/100095025612077\/\" \/>\n<meta property=\"article:published_time\" content=\"2023-08-17T11:38:03+00:00\" \/>\n<meta property=\"article:modified_time\" content=\"2023-08-28T13:04:24+00:00\" \/>\n<meta property=\"og:image\" content=\"https:\/\/alimagro.es\/wp-content\/uploads\/2023\/08\/Alimagro-portada-1.jpg\" \/>\n\t<meta property=\"og:image:width\" content=\"1000\" \/>\n\t<meta property=\"og:image:height\" content=\"588\" \/>\n\t<meta property=\"og:image:type\" content=\"image\/jpeg\" \/>\n<meta name=\"author\" content=\"Aleanny\" \/>\n<meta name=\"twitter:card\" content=\"summary_large_image\" \/>\n<meta name=\"twitter:label1\" content=\"Escrito por\" \/>\n\t<meta name=\"twitter:data1\" content=\"Aleanny\" \/>\n\t<meta name=\"twitter:label2\" content=\"Tiempo de lectura\" \/>\n\t<meta name=\"twitter:data2\" content=\"2 minutos\" \/>\n<script type=\"application\/ld+json\" class=\"yoast-schema-graph\">{\"@context\":\"https:\/\/schema.org\",\"@graph\":[{\"@type\":\"Article\",\"@id\":\"https:\/\/alimagro.es\/2023\/08\/17\/vuelve-la-iv-feria-agro-de-limia\/#article\",\"isPartOf\":{\"@id\":\"https:\/\/alimagro.es\/2023\/08\/17\/vuelve-la-iv-feria-agro-de-limia\/\"},\"author\":{\"name\":\"Aleanny\",\"@id\":\"https:\/\/alimagro.es\/#\/schema\/person\/0dada84c4cae6b8f7d9042d214d44f5f\"},\"headline\":\"Vuelve la IV Feria Agro de Limia\",\"datePublished\":\"2023-08-17T11:38:03+00:00\",\"dateModified\":\"2023-08-28T13:04:24+00:00\",\"mainEntityOfPage\":{\"@id\":\"https:\/\/alimagro.es\/2023\/08\/17\/vuelve-la-iv-feria-agro-de-limia\/\"},\"wordCount\":281,\"publisher\":{\"@id\":\"https:\/\/alimagro.es\/#organization\"},\"image\":{\"@id\":\"https:\/\/alimagro.es\/2023\/08\/17\/vuelve-la-iv-feria-agro-de-limia\/#primaryimage\"},\"thumbnailUrl\":\"https:\/\/alimagro.es\/wp-content\/uploads\/2023\/08\/Alimagro-portada-1.jpg\",\"keywords\":[\"Alimagro\",\"Feria da Limia\",\"Feria da pataca\",\"Patata\",\"Patata Gallega\",\"Xinzo de Limia\"],\"articleSection\":[\"Featured\"],\"inLanguage\":\"es\"},{\"@type\":\"WebPage\",\"@id\":\"https:\/\/alimagro.es\/2023\/08\/17\/vuelve-la-iv-feria-agro-de-limia\/\",\"url\":\"https:\/\/alimagro.es\/2023\/08\/17\/vuelve-la-iv-feria-agro-de-limia\/\",\"name\":\"Vuelve la IV Feria Agro de Limia | Alimagro\",\"isPartOf\":{\"@id\":\"https:\/\/alimagro.es\/#website\"},\"primaryImageOfPage\":{\"@id\":\"https:\/\/alimagro.es\/2023\/08\/17\/vuelve-la-iv-feria-agro-de-limia\/#primaryimage\"},\"image\":{\"@id\":\"https:\/\/alimagro.es\/2023\/08\/17\/vuelve-la-iv-feria-agro-de-limia\/#primaryimage\"},\"thumbnailUrl\":\"https:\/\/alimagro.es\/wp-content\/uploads\/2023\/08\/Alimagro-portada-1.jpg\",\"datePublished\":\"2023-08-17T11:38:03+00:00\",\"dateModified\":\"2023-08-28T13:04:24+00:00\",\"breadcrumb\":{\"@id\":\"https:\/\/alimagro.es\/2023\/08\/17\/vuelve-la-iv-feria-agro-de-limia\/#breadcrumb\"},\"inLanguage\":\"es\",\"potentialAction\":[{\"@type\":\"ReadAction\",\"target\":[\"https:\/\/alimagro.es\/2023\/08\/17\/vuelve-la-iv-feria-agro-de-limia\/\"]}]},{\"@type\":\"ImageObject\",\"inLanguage\":\"es\",\"@id\":\"https:\/\/alimagro.es\/2023\/08\/17\/vuelve-la-iv-feria-agro-de-limia\/#primaryimage\",\"url\":\"https:\/\/alimagro.es\/wp-content\/uploads\/2023\/08\/Alimagro-portada-1.jpg\",\"contentUrl\":\"https:\/\/alimagro.es\/wp-content\/uploads\/2023\/08\/Alimagro-portada-1.jpg\",\"width\":1000,\"height\":588},{\"@type\":\"BreadcrumbList\",\"@id\":\"https:\/\/alimagro.es\/2023\/08\/17\/vuelve-la-iv-feria-agro-de-limia\/#breadcrumb\",\"itemListElement\":[{\"@type\":\"ListItem\",\"position\":1,\"name\":\"Portada\",\"item\":\"https:\/\/alimagro.es\/\"},{\"@type\":\"ListItem\",\"position\":2,\"name\":\"Vuelve la IV Feria Agro de Limia\"}]},{\"@type\":\"WebSite\",\"@id\":\"https:\/\/alimagro.es\/#website\",\"url\":\"https:\/\/alimagro.es\/\",\"name\":\"Alimagro\",\"description\":\"Alimagro, un evento referente nacional que aglutina las novedades en cuanto al cultivo de patata y la maquinaria agr\u00edcola.\",\"publisher\":{\"@id\":\"https:\/\/alimagro.es\/#organization\"},\"alternateName\":\"Feria del Agro de la Limia\",\"potentialAction\":[{\"@type\":\"SearchAction\",\"target\":{\"@type\":\"EntryPoint\",\"urlTemplate\":\"https:\/\/alimagro.es\/?s={search_term_string}\"},\"query-input\":{\"@type\":\"PropertyValueSpecification\",\"valueRequired\":true,\"valueName\":\"search_term_string\"}}],\"inLanguage\":\"es\"},{\"@type\":\"Organization\",\"@id\":\"https:\/\/alimagro.es\/#organization\",\"name\":\"Alimagro\",\"url\":\"https:\/\/alimagro.es\/\",\"logo\":{\"@type\":\"ImageObject\",\"inLanguage\":\"es\",\"@id\":\"https:\/\/alimagro.es\/#\/schema\/logo\/image\/\",\"url\":\"https:\/\/alimagro.es\/wp-content\/uploads\/2023\/07\/alimagro-logo-verde.png\",\"contentUrl\":\"https:\/\/alimagro.es\/wp-content\/uploads\/2023\/07\/alimagro-logo-verde.png\",\"width\":500,\"height\":96,\"caption\":\"Alimagro\"},\"image\":{\"@id\":\"https:\/\/alimagro.es\/#\/schema\/logo\/image\/\"},\"sameAs\":[\"https:\/\/www.facebook.com\/people\/Alimagro\/100095025612077\/\",\"https:\/\/www.instagram.com\/alimagro_\/\"]},{\"@type\":\"Person\",\"@id\":\"https:\/\/alimagro.es\/#\/schema\/person\/0dada84c4cae6b8f7d9042d214d44f5f\",\"name\":\"Aleanny\",\"image\":{\"@type\":\"ImageObject\",\"inLanguage\":\"es\",\"@id\":\"https:\/\/alimagro.es\/#\/schema\/person\/image\/\",\"url\":\"https:\/\/secure.gravatar.com\/avatar\/1544aab85306f224c87f68de5c747842347b929b2ce65b3c9b4288505c86ee0d?s=96&d=mm&r=g\",\"contentUrl\":\"https:\/\/secure.gravatar.com\/avatar\/1544aab85306f224c87f68de5c747842347b929b2ce65b3c9b4288505c86ee0d?s=96&d=mm&r=g\",\"caption\":\"Aleanny\"},\"sameAs\":[\"https:\/\/alimagro.es\"],\"url\":\"https:\/\/alimagro.es\/es_es\/author\/aleanny\/\"}]}<\/script>\n<!-- \/ Yoast SEO plugin. -->",
    "yoast_head_json": {
        "title": "Vuelve la IV Feria Agro de Limia | Alimagro",
        "robots": {
            "index": "index",
            "follow": "follow",
            "max-snippet": "max-snippet:-1",
            "max-image-preview": "max-image-preview:large",
            "max-video-preview": "max-video-preview:-1"
        },
        "canonical": "https:\/\/alimagro.es\/es_es\/2023\/08\/17\/vuelve-la-iv-feria-agro-de-limia\/",
        "og_locale": "es_ES",
        "og_type": "article",
        "og_title": "Vuelve la IV Feria Agro de Limia | Alimagro",
        "og_description": "Xinzo de Limia (Ourense) acoge del 1 al 3 de septiembre la cuarta edici\u00f3n de la&nbsp;Feria Agro de Limia, Alimagro,&nbsp;una cita concebida para reforzar el car\u00e1cter de la localidad como un referente del cultivo de la patata en Galicia y en el conjunto de la pen\u00ednsula ib\u00e9rica. El alcalde de Xinzo de Limia y principal [&hellip;]",
        "og_url": "https:\/\/alimagro.es\/es_es\/2023\/08\/17\/vuelve-la-iv-feria-agro-de-limia\/",
        "og_site_name": "Alimagro",
        "article_publisher": "https:\/\/www.facebook.com\/people\/Alimagro\/100095025612077\/",
        "article_published_time": "2023-08-17T11:38:03+00:00",
        "article_modified_time": "2023-08-28T13:04:24+00:00",
        "og_image": [
            {
                "width": 1000,
                "height": 588,
                "url": "https:\/\/alimagro.es\/wp-content\/uploads\/2023\/08\/Alimagro-portada-1.jpg",
                "type": "image\/jpeg"
            }
        ],
        "author": "Aleanny",
        "twitter_card": "summary_large_image",
        "twitter_misc": {
            "Escrito por": "Aleanny",
            "Tiempo de lectura": "2 minutos"
        },
        "schema": {
            "@context": "https:\/\/schema.org",
            "@graph": [
                {
                    "@type": "Article",
                    "@id": "https:\/\/alimagro.es\/2023\/08\/17\/vuelve-la-iv-feria-agro-de-limia\/#article",
                    "isPartOf": {
                        "@id": "https:\/\/alimagro.es\/2023\/08\/17\/vuelve-la-iv-feria-agro-de-limia\/"
                    },
                    "author": {
                        "name": "Aleanny",
                        "@id": "https:\/\/alimagro.es\/#\/schema\/person\/0dada84c4cae6b8f7d9042d214d44f5f"
                    },
                    "headline": "Vuelve la IV Feria Agro de Limia",
                    "datePublished": "2023-08-17T11:38:03+00:00",
                    "dateModified": "2023-08-28T13:04:24+00:00",
                    "mainEntityOfPage": {
                        "@id": "https:\/\/alimagro.es\/2023\/08\/17\/vuelve-la-iv-feria-agro-de-limia\/"
                    },
                    "wordCount": 281,
                    "publisher": {
                        "@id": "https:\/\/alimagro.es\/#organization"
                    },
                    "image": {
                        "@id": "https:\/\/alimagro.es\/2023\/08\/17\/vuelve-la-iv-feria-agro-de-limia\/#primaryimage"
                    },
                    "thumbnailUrl": "https:\/\/alimagro.es\/wp-content\/uploads\/2023\/08\/Alimagro-portada-1.jpg",
                    "keywords": [
                        "Alimagro",
                        "Feria da Limia",
                        "Feria da pataca",
                        "Patata",
                        "Patata Gallega",
                        "Xinzo de Limia"
                    ],
                    "articleSection": [
                        "Featured"
                    ],
                    "inLanguage": "es"
                },
                {
                    "@type": "WebPage",
                    "@id": "https:\/\/alimagro.es\/2023\/08\/17\/vuelve-la-iv-feria-agro-de-limia\/",
                    "url": "https:\/\/alimagro.es\/2023\/08\/17\/vuelve-la-iv-feria-agro-de-limia\/",
                    "name": "Vuelve la IV Feria Agro de Limia | Alimagro",
                    "isPartOf": {
                        "@id": "https:\/\/alimagro.es\/#website"
                    },
                    "primaryImageOfPage": {
                        "@id": "https:\/\/alimagro.es\/2023\/08\/17\/vuelve-la-iv-feria-agro-de-limia\/#primaryimage"
                    },
                    "image": {
                        "@id": "https:\/\/alimagro.es\/2023\/08\/17\/vuelve-la-iv-feria-agro-de-limia\/#primaryimage"
                    },
                    "thumbnailUrl": "https:\/\/alimagro.es\/wp-content\/uploads\/2023\/08\/Alimagro-portada-1.jpg",
                    "datePublished": "2023-08-17T11:38:03+00:00",
                    "dateModified": "2023-08-28T13:04:24+00:00",
                    "breadcrumb": {
                        "@id": "https:\/\/alimagro.es\/2023\/08\/17\/vuelve-la-iv-feria-agro-de-limia\/#breadcrumb"
                    },
                    "inLanguage": "es",
                    "potentialAction": [
                        {
                            "@type": "ReadAction",
                            "target": [
                                "https:\/\/alimagro.es\/2023\/08\/17\/vuelve-la-iv-feria-agro-de-limia\/"
                            ]
                        }
                    ]
                },
                {
                    "@type": "ImageObject",
                    "inLanguage": "es",
                    "@id": "https:\/\/alimagro.es\/2023\/08\/17\/vuelve-la-iv-feria-agro-de-limia\/#primaryimage",
                    "url": "https:\/\/alimagro.es\/wp-content\/uploads\/2023\/08\/Alimagro-portada-1.jpg",
                    "contentUrl": "https:\/\/alimagro.es\/wp-content\/uploads\/2023\/08\/Alimagro-portada-1.jpg",
                    "width": 1000,
                    "height": 588
                },
                {
                    "@type": "BreadcrumbList",
                    "@id": "https:\/\/alimagro.es\/2023\/08\/17\/vuelve-la-iv-feria-agro-de-limia\/#breadcrumb",
                    "itemListElement": [
                        {
                            "@type": "ListItem",
                            "position": 1,
                            "name": "Portada",
                            "item": "https:\/\/alimagro.es\/"
                        },
                        {
                            "@type": "ListItem",
                            "position": 2,
                            "name": "Vuelve la IV Feria Agro de Limia"
                        }
                    ]
                },
                {
                    "@type": "WebSite",
                    "@id": "https:\/\/alimagro.es\/#website",
                    "url": "https:\/\/alimagro.es\/",
                    "name": "Alimagro",
                    "description": "Alimagro, un evento referente nacional que aglutina las novedades en cuanto al cultivo de patata y la maquinaria agr\u00edcola.",
                    "publisher": {
                        "@id": "https:\/\/alimagro.es\/#organization"
                    },
                    "alternateName": "Feria del Agro de la Limia",
                    "potentialAction": [
                        {
                            "@type": "SearchAction",
                            "target": {
                                "@type": "EntryPoint",
                                "urlTemplate": "https:\/\/alimagro.es\/?s={search_term_string}"
                            },
                            "query-input": {
                                "@type": "PropertyValueSpecification",
                                "valueRequired": true,
                                "valueName": "search_term_string"
                            }
                        }
                    ],
                    "inLanguage": "es"
                },
                {
                    "@type": "Organization",
                    "@id": "https:\/\/alimagro.es\/#organization",
                    "name": "Alimagro",
                    "url": "https:\/\/alimagro.es\/",
                    "logo": {
                        "@type": "ImageObject",
                        "inLanguage": "es",
                        "@id": "https:\/\/alimagro.es\/#\/schema\/logo\/image\/",
                        "url": "https:\/\/alimagro.es\/wp-content\/uploads\/2023\/07\/alimagro-logo-verde.png",
                        "contentUrl": "https:\/\/alimagro.es\/wp-content\/uploads\/2023\/07\/alimagro-logo-verde.png",
                        "width": 500,
                        "height": 96,
                        "caption": "Alimagro"
                    },
                    "image": {
                        "@id": "https:\/\/alimagro.es\/#\/schema\/logo\/image\/"
                    },
                    "sameAs": [
                        "https:\/\/www.facebook.com\/people\/Alimagro\/100095025612077\/",
                        "https:\/\/www.instagram.com\/alimagro_\/"
                    ]
                },
                {
                    "@type": "Person",
                    "@id": "https:\/\/alimagro.es\/#\/schema\/person\/0dada84c4cae6b8f7d9042d214d44f5f",
                    "name": "Aleanny",
                    "image": {
                        "@type": "ImageObject",
                        "inLanguage": "es",
                        "@id": "https:\/\/alimagro.es\/#\/schema\/person\/image\/",
                        "url": "https:\/\/secure.gravatar.com\/avatar\/1544aab85306f224c87f68de5c747842347b929b2ce65b3c9b4288505c86ee0d?s=96&d=mm&r=g",
                        "contentUrl": "https:\/\/secure.gravatar.com\/avatar\/1544aab85306f224c87f68de5c747842347b929b2ce65b3c9b4288505c86ee0d?s=96&d=mm&r=g",
                        "caption": "Aleanny"
                    },
                    "sameAs": [
                        "https:\/\/alimagro.es"
                    ],
                    "url": "https:\/\/alimagro.es\/es_es\/author\/aleanny\/"
                }
            ]
        }
    },
    "_links": {
        "self": [
            {
                "href": "https:\/\/alimagro.es\/es_es\/wp-json\/wp\/v2\/posts\/439",
                "targetHints": {
                    "allow": [
                        "GET"
                    ]
                }
            }
        ],
        "collection": [
            {
                "href": "https:\/\/alimagro.es\/es_es\/wp-json\/wp\/v2\/posts"
            }
        ],
        "about": [
            {
                "href": "https:\/\/alimagro.es\/es_es\/wp-json\/wp\/v2\/types\/post"
            }
        ],
        "author": [
            {
                "embeddable": true,
                "href": "https:\/\/alimagro.es\/es_es\/wp-json\/wp\/v2\/users\/1"
            }
        ],
        "replies": [
            {
                "embeddable": true,
                "href": "https:\/\/alimagro.es\/es_es\/wp-json\/wp\/v2\/comments?post=439"
            }
        ],
        "version-history": [
            {
                "count": 1,
                "href": "https:\/\/alimagro.es\/es_es\/wp-json\/wp\/v2\/posts\/439\/revisions"
            }
        ],
        "predecessor-version": [
            {
                "id": 441,
                "href": "https:\/\/alimagro.es\/es_es\/wp-json\/wp\/v2\/posts\/439\/revisions\/441"
            }
        ],
        "wp:featuredmedia": [
            {
                "embeddable": true,
                "href": "https:\/\/alimagro.es\/es_es\/wp-json\/wp\/v2\/media\/440"
            }
        ],
        "wp:attachment": [
            {
                "href": "https:\/\/alimagro.es\/es_es\/wp-json\/wp\/v2\/media?parent=439"
            }
        ],
        "wp:term": [
            {
                "taxonomy": "category",
                "embeddable": true,
                "href": "https:\/\/alimagro.es\/es_es\/wp-json\/wp\/v2\/categories?post=439"
            },
            {
                "taxonomy": "post_tag",
                "embeddable": true,
                "href": "https:\/\/alimagro.es\/es_es\/wp-json\/wp\/v2\/tags?post=439"
            }
        ],
        "curies": [
            {
                "name": "wp",
                "href": "https:\/\/api.w.org\/{rel}",
                "templated": true
            }
        ]
    }
}