{
    "id": 1637,
    "date": "2026-08-31T12:59:49",
    "date_gmt": "2026-08-31T10:59:49",
    "guid": {
        "rendered": "https:\/\/alimagro.es\/?p=1637"
    },
    "modified": "2026-08-31T13:16:45",
    "modified_gmt": "2026-08-31T11:16:45",
    "slug": "la-correduria-de-seguros-pedro-flores-prados-estara-presente-en-alimagro",
    "status": "publish",
    "type": "post",
    "link": "https:\/\/alimagro.es\/es_es\/2026\/08\/31\/la-correduria-de-seguros-pedro-flores-prados-estara-presente-en-alimagro\/",
    "title": {
        "rendered": "Pedro Flores Prados, seis a\u00f1os al lado de Alimagro"
    },
    "content": {
        "rendered": "<p class=\"wp-block-paragraph\">La Corredur\u00eda de Seguros Pedro Flores Prados volver\u00e1 a estar presente en <strong>Alimagro como patrocinador de esta nueva edici\u00f3n<\/strong>, consolidando una colaboraci\u00f3n que se mantiene por sexto a\u00f1o consecutivo y que refleja su estrecha vinculaci\u00f3n con el sector agr\u00edcola, ganadero y agroalimentario.<\/p>\n\n\n\n<p class=\"wp-block-paragraph\">Con <strong>m\u00e1s de 20 a\u00f1os de experiencia <\/strong>como corredores de seguros, Pedro Flores Prados ha desarrollado una especializaci\u00f3n vinculada al medio rural y a las <strong>necesidades espec\u00edficas de agricultores, ganaderos, explotaciones y empresas relacionadas con el sector.<\/strong> Una experiencia que le permite conocer de primera mano los riesgos a los que se enfrentan quienes desarrollan su actividad en el campo y ofrecer soluciones adaptadas a cada caso.<\/p>\n\n\n\n<h2 class=\"wp-block-heading\">Especializaci\u00f3n en seguros agrarios<\/h2>\n\n\n\n<p class=\"wp-block-paragraph\">Entre sus servicios destacan los <strong>seguros agrarios y Agroseguro<\/strong>, as\u00ed como diferentes coberturas dirigidas a explotaciones agr\u00edcolas y ganaderas, naves, maquinaria, veh\u00edculos, responsabilidad civil y empresas vinculadas a la actividad agroalimentaria.<\/p>\n\n\n\n<p class=\"wp-block-paragraph\">La cercan\u00eda y el asesoramiento personalizado forman parte de la filosof\u00eda de Pedro Flores Prados, que apuesta por acompa\u00f1ar a sus clientes y defender sus intereses a trav\u00e9s de un conocimiento especializado del sector y de su realidad.<\/p>\n\n\n\n<p class=\"wp-block-paragraph\">Su presencia un a\u00f1o m\u00e1s en Alimagro supone tambi\u00e9n el respaldo a una feria que tiene entre <strong>sus principales objetivos poner en valor el campo, la ganader\u00eda y la actividad agroalimentaria<\/strong>, as\u00ed como generar un punto de encuentro entre profesionales, empresas, productores y visitantes.<\/p>\n\n\n\n<p class=\"wp-block-paragraph\">Durante la celebraci\u00f3n de Alimagro, los visitantes podr\u00e1n acercarse al stand de Pedro Flores Prados para conocer de primera mano sus servicios y soluciones aseguradoras dirigidas al sector agr\u00edcola, ganadero y agroalimentario.<\/p>",
        "protected": false
    },
    "excerpt": {
        "rendered": "<p>La Corredur\u00eda de Seguros Pedro Flores Prados volver\u00e1 a estar presente en Alimagro como patrocinador de esta nueva edici\u00f3n, consolidando una colaboraci\u00f3n que se mantiene por sexto a\u00f1o consecutivo y que refleja su estrecha vinculaci\u00f3n con el sector agr\u00edcola, ganadero y agroalimentario. Con m\u00e1s de 20 a\u00f1os de experiencia como corredores de seguros, Pedro Flores [&hellip;]<\/p>",
        "protected": false
    },
    "author": 11,
    "featured_media": 1638,
    "comment_status": "closed",
    "ping_status": "closed",
    "sticky": false,
    "template": "",
    "format": "standard",
    "meta": {
        "ngg_post_thumbnail": 0,
        "footnotes": ""
    },
    "categories": [
        1
    ],
    "tags": [
        110,
        108,
        109
    ],
    "class_list": [
        "post-1637",
        "post",
        "type-post",
        "status-publish",
        "format-standard",
        "has-post-thumbnail",
        "category-sin-categoria",
        "tag-correduria-de-seguros",
        "tag-patrocinador",
        "tag-seguros-agrrios"
    ],
    "yoast_head": "<!-- This site is optimized with the Yoast SEO plugin v28.3 - https:\/\/yoast.com\/product\/yoast-seo-wordpress\/ -->\n<title>La Corredur\u00eda de Seguros Pedro Flores Prados estar\u00e1 presente en Alimagro<\/title>\n<meta name=\"description\" content=\"La Corredur\u00eda de Seguros Pedro Flores Prados estar\u00e1 presente en Alimagro\" \/>\n<meta name=\"robots\" content=\"index, follow, max-snippet:-1, max-image-preview:large, max-video-preview:-1\" \/>\n<link rel=\"canonical\" href=\"https:\/\/alimagro.es\/es_es\/2026\/08\/31\/la-correduria-de-seguros-pedro-flores-prados-estara-presente-en-alimagro\/\" \/>\n<meta property=\"og:locale\" content=\"es_ES\" \/>\n<meta property=\"og:type\" content=\"article\" \/>\n<meta property=\"og:title\" content=\"La Corredur\u00eda de Seguros Pedro Flores Prados estar\u00e1 presente en Alimagro\" \/>\n<meta property=\"og:description\" content=\"La Corredur\u00eda de Seguros Pedro Flores Prados estar\u00e1 presente en Alimagro\" \/>\n<meta property=\"og:url\" content=\"https:\/\/alimagro.es\/es_es\/2026\/08\/31\/la-correduria-de-seguros-pedro-flores-prados-estara-presente-en-alimagro\/\" \/>\n<meta property=\"og:site_name\" content=\"Alimagro\" \/>\n<meta property=\"article:publisher\" content=\"https:\/\/www.facebook.com\/people\/Alimagro\/100095025612077\/\" \/>\n<meta property=\"article:published_time\" content=\"2026-08-31T10:59:49+00:00\" \/>\n<meta property=\"article:modified_time\" content=\"2026-08-31T11:16:45+00:00\" \/>\n<meta property=\"og:image\" content=\"https:\/\/alimagro.es\/wp-content\/uploads\/2026\/08\/59505714-BB12-4608-B12B-7176262E918E.jpg\" \/>\n\t<meta property=\"og:image:width\" content=\"1920\" \/>\n\t<meta property=\"og:image:height\" content=\"1080\" \/>\n\t<meta property=\"og:image:type\" content=\"image\/jpeg\" \/>\n<meta name=\"author\" content=\"Natalia Lozano\" \/>\n<meta name=\"twitter:card\" content=\"summary_large_image\" \/>\n<meta name=\"twitter:label1\" content=\"Escrito por\" \/>\n\t<meta name=\"twitter:data1\" content=\"Natalia Lozano\" \/>\n\t<meta name=\"twitter:label2\" content=\"Tiempo de lectura\" \/>\n\t<meta name=\"twitter:data2\" content=\"2 minutos\" \/>\n<script type=\"application\/ld+json\" class=\"yoast-schema-graph\">{\"@context\":\"https:\\\/\\\/schema.org\",\"@graph\":[{\"@type\":\"Article\",\"@id\":\"https:\\\/\\\/alimagro.es\\\/2026\\\/08\\\/31\\\/la-correduria-de-seguros-pedro-flores-prados-estara-presente-en-alimagro\\\/#article\",\"isPartOf\":{\"@id\":\"https:\\\/\\\/alimagro.es\\\/2026\\\/08\\\/31\\\/la-correduria-de-seguros-pedro-flores-prados-estara-presente-en-alimagro\\\/\"},\"author\":{\"name\":\"Natalia Lozano\",\"@id\":\"https:\\\/\\\/alimagro.es\\\/#\\\/schema\\\/person\\\/bc44f5e9369a82c257b6986e3f8975c0\"},\"headline\":\"Pedro Flores Prados, seis a\u00f1os al lado de Alimagro\",\"datePublished\":\"2026-08-31T10:59:49+00:00\",\"dateModified\":\"2026-08-31T11:16:45+00:00\",\"mainEntityOfPage\":{\"@id\":\"https:\\\/\\\/alimagro.es\\\/2026\\\/08\\\/31\\\/la-correduria-de-seguros-pedro-flores-prados-estara-presente-en-alimagro\\\/\"},\"wordCount\":291,\"publisher\":{\"@id\":\"https:\\\/\\\/alimagro.es\\\/#organization\"},\"image\":{\"@id\":\"https:\\\/\\\/alimagro.es\\\/2026\\\/08\\\/31\\\/la-correduria-de-seguros-pedro-flores-prados-estara-presente-en-alimagro\\\/#primaryimage\"},\"thumbnailUrl\":\"https:\\\/\\\/alimagro.es\\\/wp-content\\\/uploads\\\/2026\\\/08\\\/59505714-BB12-4608-B12B-7176262E918E.jpg\",\"keywords\":[\"corredur\u00eda de seguros\",\"patrocinador\",\"seguros agrrios\"],\"inLanguage\":\"es\"},{\"@type\":\"WebPage\",\"@id\":\"https:\\\/\\\/alimagro.es\\\/2026\\\/08\\\/31\\\/la-correduria-de-seguros-pedro-flores-prados-estara-presente-en-alimagro\\\/\",\"url\":\"https:\\\/\\\/alimagro.es\\\/2026\\\/08\\\/31\\\/la-correduria-de-seguros-pedro-flores-prados-estara-presente-en-alimagro\\\/\",\"name\":\"La Corredur\u00eda de Seguros Pedro Flores Prados estar\u00e1 presente en Alimagro\",\"isPartOf\":{\"@id\":\"https:\\\/\\\/alimagro.es\\\/#website\"},\"primaryImageOfPage\":{\"@id\":\"https:\\\/\\\/alimagro.es\\\/2026\\\/08\\\/31\\\/la-correduria-de-seguros-pedro-flores-prados-estara-presente-en-alimagro\\\/#primaryimage\"},\"image\":{\"@id\":\"https:\\\/\\\/alimagro.es\\\/2026\\\/08\\\/31\\\/la-correduria-de-seguros-pedro-flores-prados-estara-presente-en-alimagro\\\/#primaryimage\"},\"thumbnailUrl\":\"https:\\\/\\\/alimagro.es\\\/wp-content\\\/uploads\\\/2026\\\/08\\\/59505714-BB12-4608-B12B-7176262E918E.jpg\",\"datePublished\":\"2026-08-31T10:59:49+00:00\",\"dateModified\":\"2026-08-31T11:16:45+00:00\",\"description\":\"La Corredur\u00eda de Seguros Pedro Flores Prados estar\u00e1 presente en Alimagro\",\"breadcrumb\":{\"@id\":\"https:\\\/\\\/alimagro.es\\\/2026\\\/08\\\/31\\\/la-correduria-de-seguros-pedro-flores-prados-estara-presente-en-alimagro\\\/#breadcrumb\"},\"inLanguage\":\"es\",\"potentialAction\":[{\"@type\":\"ReadAction\",\"target\":[\"https:\\\/\\\/alimagro.es\\\/2026\\\/08\\\/31\\\/la-correduria-de-seguros-pedro-flores-prados-estara-presente-en-alimagro\\\/\"]}]},{\"@type\":\"ImageObject\",\"inLanguage\":\"es\",\"@id\":\"https:\\\/\\\/alimagro.es\\\/2026\\\/08\\\/31\\\/la-correduria-de-seguros-pedro-flores-prados-estara-presente-en-alimagro\\\/#primaryimage\",\"url\":\"https:\\\/\\\/alimagro.es\\\/wp-content\\\/uploads\\\/2026\\\/08\\\/59505714-BB12-4608-B12B-7176262E918E.jpg\",\"contentUrl\":\"https:\\\/\\\/alimagro.es\\\/wp-content\\\/uploads\\\/2026\\\/08\\\/59505714-BB12-4608-B12B-7176262E918E.jpg\",\"width\":1920,\"height\":1080},{\"@type\":\"BreadcrumbList\",\"@id\":\"https:\\\/\\\/alimagro.es\\\/2026\\\/08\\\/31\\\/la-correduria-de-seguros-pedro-flores-prados-estara-presente-en-alimagro\\\/#breadcrumb\",\"itemListElement\":[{\"@type\":\"ListItem\",\"position\":1,\"name\":\"Portada\",\"item\":\"https:\\\/\\\/alimagro.es\\\/\"},{\"@type\":\"ListItem\",\"position\":2,\"name\":\"Pedro Flores Prados, seis a\u00f1os al lado de Alimagro\"}]},{\"@type\":\"WebSite\",\"@id\":\"https:\\\/\\\/alimagro.es\\\/#website\",\"url\":\"https:\\\/\\\/alimagro.es\\\/\",\"name\":\"Alimagro\",\"description\":\"Alimagro, un evento referente nacional que aglutina las novedades en cuanto al cultivo de patata y la maquinaria agr\u00edcola.\",\"publisher\":{\"@id\":\"https:\\\/\\\/alimagro.es\\\/#organization\"},\"alternateName\":\"Feria del Agro de la Limia\",\"potentialAction\":[{\"@type\":\"SearchAction\",\"target\":{\"@type\":\"EntryPoint\",\"urlTemplate\":\"https:\\\/\\\/alimagro.es\\\/?s={search_term_string}\"},\"query-input\":{\"@type\":\"PropertyValueSpecification\",\"valueRequired\":true,\"valueName\":\"search_term_string\"}}],\"inLanguage\":\"es\"},{\"@type\":\"Organization\",\"@id\":\"https:\\\/\\\/alimagro.es\\\/#organization\",\"name\":\"Alimagro\",\"url\":\"https:\\\/\\\/alimagro.es\\\/\",\"logo\":{\"@type\":\"ImageObject\",\"inLanguage\":\"es\",\"@id\":\"https:\\\/\\\/alimagro.es\\\/#\\\/schema\\\/logo\\\/image\\\/\",\"url\":\"https:\\\/\\\/alimagro.es\\\/wp-content\\\/uploads\\\/2023\\\/07\\\/alimagro-logo-verde.png\",\"contentUrl\":\"https:\\\/\\\/alimagro.es\\\/wp-content\\\/uploads\\\/2023\\\/07\\\/alimagro-logo-verde.png\",\"width\":500,\"height\":96,\"caption\":\"Alimagro\"},\"image\":{\"@id\":\"https:\\\/\\\/alimagro.es\\\/#\\\/schema\\\/logo\\\/image\\\/\"},\"sameAs\":[\"https:\\\/\\\/www.facebook.com\\\/people\\\/Alimagro\\\/100095025612077\\\/\",\"https:\\\/\\\/www.instagram.com\\\/alimagro_\\\/\"]},{\"@type\":\"Person\",\"@id\":\"https:\\\/\\\/alimagro.es\\\/#\\\/schema\\\/person\\\/bc44f5e9369a82c257b6986e3f8975c0\",\"name\":\"Natalia Lozano\",\"image\":{\"@type\":\"ImageObject\",\"inLanguage\":\"es\",\"@id\":\"https:\\\/\\\/secure.gravatar.com\\\/avatar\\\/991138ad631ca80bc76a5a37776a93fa95e294a4ec8574aad5d9b638272a4290?s=96&d=mm&r=g\",\"url\":\"https:\\\/\\\/secure.gravatar.com\\\/avatar\\\/991138ad631ca80bc76a5a37776a93fa95e294a4ec8574aad5d9b638272a4290?s=96&d=mm&r=g\",\"contentUrl\":\"https:\\\/\\\/secure.gravatar.com\\\/avatar\\\/991138ad631ca80bc76a5a37776a93fa95e294a4ec8574aad5d9b638272a4290?s=96&d=mm&r=g\",\"caption\":\"Natalia Lozano\"},\"url\":\"https:\\\/\\\/alimagro.es\\\/es_es\\\/author\\\/natali\\\/\"}]}<\/script>\n<!-- \/ Yoast SEO plugin. -->",
    "yoast_head_json": {
        "title": "La Corredur\u00eda de Seguros Pedro Flores Prados estar\u00e1 presente en Alimagro",
        "description": "La Corredur\u00eda de Seguros Pedro Flores Prados estar\u00e1 presente en Alimagro",
        "robots": {
            "index": "index",
            "follow": "follow",
            "max-snippet": "max-snippet:-1",
            "max-image-preview": "max-image-preview:large",
            "max-video-preview": "max-video-preview:-1"
        },
        "canonical": "https:\/\/alimagro.es\/es_es\/2026\/08\/31\/la-correduria-de-seguros-pedro-flores-prados-estara-presente-en-alimagro\/",
        "og_locale": "es_ES",
        "og_type": "article",
        "og_title": "La Corredur\u00eda de Seguros Pedro Flores Prados estar\u00e1 presente en Alimagro",
        "og_description": "La Corredur\u00eda de Seguros Pedro Flores Prados estar\u00e1 presente en Alimagro",
        "og_url": "https:\/\/alimagro.es\/es_es\/2026\/08\/31\/la-correduria-de-seguros-pedro-flores-prados-estara-presente-en-alimagro\/",
        "og_site_name": "Alimagro",
        "article_publisher": "https:\/\/www.facebook.com\/people\/Alimagro\/100095025612077\/",
        "article_published_time": "2026-08-31T10:59:49+00:00",
        "article_modified_time": "2026-08-31T11:16:45+00:00",
        "og_image": [
            {
                "width": 1920,
                "height": 1080,
                "url": "https:\/\/alimagro.es\/wp-content\/uploads\/2026\/08\/59505714-BB12-4608-B12B-7176262E918E.jpg",
                "type": "image\/jpeg"
            }
        ],
        "author": "Natalia Lozano",
        "twitter_card": "summary_large_image",
        "twitter_misc": {
            "Escrito por": "Natalia Lozano",
            "Tiempo de lectura": "2 minutos"
        },
        "schema": {
            "@context": "https:\/\/schema.org",
            "@graph": [
                {
                    "@type": "Article",
                    "@id": "https:\/\/alimagro.es\/2026\/08\/31\/la-correduria-de-seguros-pedro-flores-prados-estara-presente-en-alimagro\/#article",
                    "isPartOf": {
                        "@id": "https:\/\/alimagro.es\/2026\/08\/31\/la-correduria-de-seguros-pedro-flores-prados-estara-presente-en-alimagro\/"
                    },
                    "author": {
                        "name": "Natalia Lozano",
                        "@id": "https:\/\/alimagro.es\/#\/schema\/person\/bc44f5e9369a82c257b6986e3f8975c0"
                    },
                    "headline": "Pedro Flores Prados, seis a\u00f1os al lado de Alimagro",
                    "datePublished": "2026-08-31T10:59:49+00:00",
                    "dateModified": "2026-08-31T11:16:45+00:00",
                    "mainEntityOfPage": {
                        "@id": "https:\/\/alimagro.es\/2026\/08\/31\/la-correduria-de-seguros-pedro-flores-prados-estara-presente-en-alimagro\/"
                    },
                    "wordCount": 291,
                    "publisher": {
                        "@id": "https:\/\/alimagro.es\/#organization"
                    },
                    "image": {
                        "@id": "https:\/\/alimagro.es\/2026\/08\/31\/la-correduria-de-seguros-pedro-flores-prados-estara-presente-en-alimagro\/#primaryimage"
                    },
                    "thumbnailUrl": "https:\/\/alimagro.es\/wp-content\/uploads\/2026\/08\/59505714-BB12-4608-B12B-7176262E918E.jpg",
                    "keywords": [
                        "corredur\u00eda de seguros",
                        "patrocinador",
                        "seguros agrrios"
                    ],
                    "inLanguage": "es"
                },
                {
                    "@type": "WebPage",
                    "@id": "https:\/\/alimagro.es\/2026\/08\/31\/la-correduria-de-seguros-pedro-flores-prados-estara-presente-en-alimagro\/",
                    "url": "https:\/\/alimagro.es\/2026\/08\/31\/la-correduria-de-seguros-pedro-flores-prados-estara-presente-en-alimagro\/",
                    "name": "La Corredur\u00eda de Seguros Pedro Flores Prados estar\u00e1 presente en Alimagro",
                    "isPartOf": {
                        "@id": "https:\/\/alimagro.es\/#website"
                    },
                    "primaryImageOfPage": {
                        "@id": "https:\/\/alimagro.es\/2026\/08\/31\/la-correduria-de-seguros-pedro-flores-prados-estara-presente-en-alimagro\/#primaryimage"
                    },
                    "image": {
                        "@id": "https:\/\/alimagro.es\/2026\/08\/31\/la-correduria-de-seguros-pedro-flores-prados-estara-presente-en-alimagro\/#primaryimage"
                    },
                    "thumbnailUrl": "https:\/\/alimagro.es\/wp-content\/uploads\/2026\/08\/59505714-BB12-4608-B12B-7176262E918E.jpg",
                    "datePublished": "2026-08-31T10:59:49+00:00",
                    "dateModified": "2026-08-31T11:16:45+00:00",
                    "description": "La Corredur\u00eda de Seguros Pedro Flores Prados estar\u00e1 presente en Alimagro",
                    "breadcrumb": {
                        "@id": "https:\/\/alimagro.es\/2026\/08\/31\/la-correduria-de-seguros-pedro-flores-prados-estara-presente-en-alimagro\/#breadcrumb"
                    },
                    "inLanguage": "es",
                    "potentialAction": [
                        {
                            "@type": "ReadAction",
                            "target": [
                                "https:\/\/alimagro.es\/2026\/08\/31\/la-correduria-de-seguros-pedro-flores-prados-estara-presente-en-alimagro\/"
                            ]
                        }
                    ]
                },
                {
                    "@type": "ImageObject",
                    "inLanguage": "es",
                    "@id": "https:\/\/alimagro.es\/2026\/08\/31\/la-correduria-de-seguros-pedro-flores-prados-estara-presente-en-alimagro\/#primaryimage",
                    "url": "https:\/\/alimagro.es\/wp-content\/uploads\/2026\/08\/59505714-BB12-4608-B12B-7176262E918E.jpg",
                    "contentUrl": "https:\/\/alimagro.es\/wp-content\/uploads\/2026\/08\/59505714-BB12-4608-B12B-7176262E918E.jpg",
                    "width": 1920,
                    "height": 1080
                },
                {
                    "@type": "BreadcrumbList",
                    "@id": "https:\/\/alimagro.es\/2026\/08\/31\/la-correduria-de-seguros-pedro-flores-prados-estara-presente-en-alimagro\/#breadcrumb",
                    "itemListElement": [
                        {
                            "@type": "ListItem",
                            "position": 1,
                            "name": "Portada",
                            "item": "https:\/\/alimagro.es\/"
                        },
                        {
                            "@type": "ListItem",
                            "position": 2,
                            "name": "Pedro Flores Prados, seis a\u00f1os al lado de Alimagro"
                        }
                    ]
                },
                {
                    "@type": "WebSite",
                    "@id": "https:\/\/alimagro.es\/#website",
                    "url": "https:\/\/alimagro.es\/",
                    "name": "Alimagro",
                    "description": "Alimagro, un evento referente nacional que aglutina las novedades en cuanto al cultivo de patata y la maquinaria agr\u00edcola.",
                    "publisher": {
                        "@id": "https:\/\/alimagro.es\/#organization"
                    },
                    "alternateName": "Feria del Agro de la Limia",
                    "potentialAction": [
                        {
                            "@type": "SearchAction",
                            "target": {
                                "@type": "EntryPoint",
                                "urlTemplate": "https:\/\/alimagro.es\/?s={search_term_string}"
                            },
                            "query-input": {
                                "@type": "PropertyValueSpecification",
                                "valueRequired": true,
                                "valueName": "search_term_string"
                            }
                        }
                    ],
                    "inLanguage": "es"
                },
                {
                    "@type": "Organization",
                    "@id": "https:\/\/alimagro.es\/#organization",
                    "name": "Alimagro",
                    "url": "https:\/\/alimagro.es\/",
                    "logo": {
                        "@type": "ImageObject",
                        "inLanguage": "es",
                        "@id": "https:\/\/alimagro.es\/#\/schema\/logo\/image\/",
                        "url": "https:\/\/alimagro.es\/wp-content\/uploads\/2023\/07\/alimagro-logo-verde.png",
                        "contentUrl": "https:\/\/alimagro.es\/wp-content\/uploads\/2023\/07\/alimagro-logo-verde.png",
                        "width": 500,
                        "height": 96,
                        "caption": "Alimagro"
                    },
                    "image": {
                        "@id": "https:\/\/alimagro.es\/#\/schema\/logo\/image\/"
                    },
                    "sameAs": [
                        "https:\/\/www.facebook.com\/people\/Alimagro\/100095025612077\/",
                        "https:\/\/www.instagram.com\/alimagro_\/"
                    ]
                },
                {
                    "@type": "Person",
                    "@id": "https:\/\/alimagro.es\/#\/schema\/person\/bc44f5e9369a82c257b6986e3f8975c0",
                    "name": "Natalia Lozano",
                    "image": {
                        "@type": "ImageObject",
                        "inLanguage": "es",
                        "@id": "https:\/\/secure.gravatar.com\/avatar\/991138ad631ca80bc76a5a37776a93fa95e294a4ec8574aad5d9b638272a4290?s=96&d=mm&r=g",
                        "url": "https:\/\/secure.gravatar.com\/avatar\/991138ad631ca80bc76a5a37776a93fa95e294a4ec8574aad5d9b638272a4290?s=96&d=mm&r=g",
                        "contentUrl": "https:\/\/secure.gravatar.com\/avatar\/991138ad631ca80bc76a5a37776a93fa95e294a4ec8574aad5d9b638272a4290?s=96&d=mm&r=g",
                        "caption": "Natalia Lozano"
                    },
                    "url": "https:\/\/alimagro.es\/es_es\/author\/natali\/"
                }
            ]
        }
    },
    "_links": {
        "self": [
            {
                "href": "https:\/\/alimagro.es\/es_es\/wp-json\/wp\/v2\/posts\/1637",
                "targetHints": {
                    "allow": [
                        "GET"
                    ]
                }
            }
        ],
        "collection": [
            {
                "href": "https:\/\/alimagro.es\/es_es\/wp-json\/wp\/v2\/posts"
            }
        ],
        "about": [
            {
                "href": "https:\/\/alimagro.es\/es_es\/wp-json\/wp\/v2\/types\/post"
            }
        ],
        "author": [
            {
                "embeddable": true,
                "href": "https:\/\/alimagro.es\/es_es\/wp-json\/wp\/v2\/users\/11"
            }
        ],
        "replies": [
            {
                "embeddable": true,
                "href": "https:\/\/alimagro.es\/es_es\/wp-json\/wp\/v2\/comments?post=1637"
            }
        ],
        "version-history": [
            {
                "count": 3,
                "href": "https:\/\/alimagro.es\/es_es\/wp-json\/wp\/v2\/posts\/1637\/revisions"
            }
        ],
        "predecessor-version": [
            {
                "id": 1642,
                "href": "https:\/\/alimagro.es\/es_es\/wp-json\/wp\/v2\/posts\/1637\/revisions\/1642"
            }
        ],
        "wp:featuredmedia": [
            {
                "embeddable": true,
                "href": "https:\/\/alimagro.es\/es_es\/wp-json\/wp\/v2\/media\/1638"
            }
        ],
        "wp:attachment": [
            {
                "href": "https:\/\/alimagro.es\/es_es\/wp-json\/wp\/v2\/media?parent=1637"
            }
        ],
        "wp:term": [
            {
                "taxonomy": "category",
                "embeddable": true,
                "href": "https:\/\/alimagro.es\/es_es\/wp-json\/wp\/v2\/categories?post=1637"
            },
            {
                "taxonomy": "post_tag",
                "embeddable": true,
                "href": "https:\/\/alimagro.es\/es_es\/wp-json\/wp\/v2\/tags?post=1637"
            }
        ],
        "curies": [
            {
                "name": "wp",
                "href": "https:\/\/api.w.org\/{rel}",
                "templated": true
            }
        ]
    }
}