{
    "id": 1623,
    "date": "2026-08-31T12:26:24",
    "date_gmt": "2026-08-31T10:26:24",
    "guid": {
        "rendered": "https:\/\/alimagro.es\/?p=1623"
    },
    "modified": "2026-08-31T12:32:54",
    "modified_gmt": "2026-08-31T10:32:54",
    "slug": "las-maquinas-que-se-podran-ver-en-funcionamiento-en-demoalimagro",
    "status": "publish",
    "type": "post",
    "link": "https:\/\/alimagro.es\/es_es\/2026\/08\/31\/las-maquinas-que-se-podran-ver-en-funcionamiento-en-demoalimagro\/",
    "title": {
        "rendered": "Las m\u00e1quinas que se podr\u00e1n ver en funcionamiento en Demoalimagro"
    },
    "content": {
        "rendered": "<p class=\"wp-block-paragraph\"><strong>Demoalimagro convertir\u00e1 el campo en un gran escaparate de tecnolog\u00eda agr\u00edcola.<\/strong>&nbsp;La nueva propuesta de Alimagro permitir\u00e1 a agricultores y profesionales ver en funcionamiento diferentes equipos destinados a algunas de las principales fases del trabajo agr\u00edcola y, especialmente, del cultivo de la patata.<\/p>\n\n\n\n<p class=\"wp-block-paragraph\">La demostraci\u00f3n reunir\u00e1 maquinaria de empresas como&nbsp;<strong>Agr\u00edcola Su\u00e1rez, Maquinaria Agr\u00edcola Jaro y Tractolimia<\/strong>, con tractores de alta potencia, equipos para la preparaci\u00f3n del terreno, desbrozadoras y cosechadoras que permitir\u00e1n conocer sobre el terreno las soluciones tecnol\u00f3gicas disponibles para mejorar la eficiencia de las explotaciones.<\/p>\n\n\n\n<p class=\"wp-block-paragraph\">La jornada ofrecer\u00e1 as\u00ed una oportunidad para comprobar directamente el comportamiento de las m\u00e1quinas, sus prestaciones y las posibilidades que ofrecen para las distintas labores agr\u00edcolas.<\/p>\n\n\n\n<h2 class=\"wp-block-heading\"><strong>Tractores y equipos para preparar el terreno<\/strong><\/h2>\n\n\n\n<p class=\"wp-block-paragraph\">Entre las m\u00e1quinas que participar\u00e1n en la demostraci\u00f3n estar\u00e1n varios modelos de&nbsp;<strong>Fendt<\/strong>, entre ellos los tractores&nbsp;<strong>Fendt 313 Vario<\/strong>&nbsp;y&nbsp;<strong>Fendt 718 Vario<\/strong><\/p>\n\n\n\n<figure class=\"wp-block-image size-full\"><img loading=\"lazy\" decoding=\"async\" width=\"663\" height=\"374\" src=\"https:\/\/alimagro.es\/wp-content\/uploads\/2026\/08\/image-1.png\" alt=\"\" class=\"wp-image-1624\" srcset=\"https:\/\/alimagro.es\/wp-content\/uploads\/2026\/08\/image-1.png 663w, https:\/\/alimagro.es\/wp-content\/uploads\/2026\/08\/image-1-300x169-1.png 300w, https:\/\/alimagro.es\/wp-content\/uploads\/2026\/08\/image-1-18x10.png 18w, https:\/\/alimagro.es\/wp-content\/uploads\/2026\/08\/image-1-323x182.png 323w\" sizes=\"auto, (max-width: 663px) 100vw, 663px\" \/><\/figure>\n\n\n\n<p class=\"wp-block-paragraph\">El Fendt 313 Vario incorpora tecnolog\u00edas como\u00a0<strong>DynamicPerformance<\/strong>, que proporciona potencia adicional cuando es necesaria, y el sistema de gesti\u00f3n digital\u00a0<strong>FendtONE<\/strong>. A ello se suman elementos como la cabina VisioPlus, el asiento giratorio y la iluminaci\u00f3n LED, orientados a mejorar la visibilidad, el confort y la seguridad durante el trabajo.<\/p>\n\n\n\n<figure class=\"wp-block-image size-full\"><img loading=\"lazy\" decoding=\"async\" width=\"714\" height=\"402\" src=\"https:\/\/alimagro.es\/wp-content\/uploads\/2026\/08\/image-11.png\" alt=\"\" class=\"wp-image-1625\" srcset=\"https:\/\/alimagro.es\/wp-content\/uploads\/2026\/08\/image-11.png 714w, https:\/\/alimagro.es\/wp-content\/uploads\/2026\/08\/image-11-18x10.png 18w, https:\/\/alimagro.es\/wp-content\/uploads\/2026\/08\/image-11-300x169.png 300w, https:\/\/alimagro.es\/wp-content\/uploads\/2026\/08\/image-11-298x168.png 298w, https:\/\/alimagro.es\/wp-content\/uploads\/2026\/08\/image-11-323x182.png 323w, https:\/\/alimagro.es\/wp-content\/uploads\/2026\/08\/image-11-694x391.png 694w\" sizes=\"auto, (max-width: 714px) 100vw, 714px\" \/><\/figure>\n\n\n\n<p class=\"wp-block-paragraph\">Por su parte, el\u00a0<strong>Fendt 718 Vario<\/strong>\u00a0alcanza hasta 237 CV y combina la transmisi\u00f3n continua VarioDrive con las herramientas digitales de FendtONE. Su versatilidad le permite afrontar labores como el arado, la siembra, la pulverizaci\u00f3n, el empacado o el transporte.<\/p>\n\n\n\n<figure class=\"wp-block-image size-full\"><img loading=\"lazy\" decoding=\"async\" width=\"710\" height=\"400\" src=\"https:\/\/alimagro.es\/wp-content\/uploads\/2026\/08\/image-2.png\" alt=\"\" class=\"wp-image-1626\" srcset=\"https:\/\/alimagro.es\/wp-content\/uploads\/2026\/08\/image-2.png 710w, https:\/\/alimagro.es\/wp-content\/uploads\/2026\/08\/image-2-300x169-1.png 300w, https:\/\/alimagro.es\/wp-content\/uploads\/2026\/08\/image-2-18x10.png 18w, https:\/\/alimagro.es\/wp-content\/uploads\/2026\/08\/image-2-323x182.png 323w, https:\/\/alimagro.es\/wp-content\/uploads\/2026\/08\/image-2-696x392.png 696w\" sizes=\"auto, (max-width: 710px) 100vw, 710px\" \/><\/figure>\n\n\n\n<p class=\"wp-block-paragraph\">La preparaci\u00f3n del suelo contar\u00e1 tambi\u00e9n con la presencia del\u00a0<strong>BEDNAR TN 3000<\/strong>, un subsolador suspendido dise\u00f1ado para trabajar con tractores a partir de 150 CV y alcanzar, seg\u00fan la versi\u00f3n y las condiciones del terreno, profundidades de hasta 65 cent\u00edmetros. Sus sistemas de protecci\u00f3n mec\u00e1nica o hidr\u00e1ulica est\u00e1n orientados a garantizar un trabajo seguro y eficaz.<\/p>\n\n\n\n<figure class=\"wp-block-image size-full\"><img loading=\"lazy\" decoding=\"async\" width=\"695\" height=\"425\" src=\"https:\/\/alimagro.es\/wp-content\/uploads\/2026\/08\/image-10-695x425-1.png\" alt=\"\" class=\"wp-image-1627\" srcset=\"https:\/\/alimagro.es\/wp-content\/uploads\/2026\/08\/image-10-695x425-1.png 695w, https:\/\/alimagro.es\/wp-content\/uploads\/2026\/08\/image-10-695x425-1-18x11.png 18w, https:\/\/alimagro.es\/wp-content\/uploads\/2026\/08\/image-10-695x425-1-300x183.png 300w, https:\/\/alimagro.es\/wp-content\/uploads\/2026\/08\/image-10-695x425-1-299x183.png 299w, https:\/\/alimagro.es\/wp-content\/uploads\/2026\/08\/image-10-695x425-1-324x198.png 324w\" sizes=\"auto, (max-width: 695px) 100vw, 695px\" \/><\/figure>\n\n\n\n<h2 class=\"wp-block-heading\"><strong>Tecnolog\u00eda CLAAS para diferentes trabajos agr\u00edcolas<\/strong><\/h2>\n\n\n\n<p class=\"wp-block-paragraph\">La demostraci\u00f3n incluir\u00e1 adem\u00e1s los tractores\u00a0<strong>CLAAS Arion 660 CMATIC<\/strong>\u00a0y\u00a0<strong>CLAAS Axion 870 CMATIC<\/strong>, distribuidos por Maquinaria Agr\u00edcola Jaro.<\/p>\n\n\n\n<figure class=\"wp-block-image size-full\"><img loading=\"lazy\" decoding=\"async\" width=\"696\" height=\"521\" src=\"https:\/\/alimagro.es\/wp-content\/uploads\/2026\/08\/image-13-696x521-1.png\" alt=\"\" class=\"wp-image-1628\" srcset=\"https:\/\/alimagro.es\/wp-content\/uploads\/2026\/08\/image-13-696x521-1.png 696w, https:\/\/alimagro.es\/wp-content\/uploads\/2026\/08\/image-13-696x521-1-300x225.png 300w, https:\/\/alimagro.es\/wp-content\/uploads\/2026\/08\/image-13-696x521-1-200x150.png 200w, https:\/\/alimagro.es\/wp-content\/uploads\/2026\/08\/image-13-696x521-1-299x224.png 299w, https:\/\/alimagro.es\/wp-content\/uploads\/2026\/08\/image-13-696x521-1-16x12.png 16w, https:\/\/alimagro.es\/wp-content\/uploads\/2026\/08\/image-13-696x521-1-323x242.png 323w, https:\/\/alimagro.es\/wp-content\/uploads\/2026\/08\/image-13-696x521-1-480x359.png 480w\" sizes=\"auto, (max-width: 696px) 100vw, 696px\" \/><\/figure>\n\n\n\n<p class=\"wp-block-paragraph\">El Arion 660 CMATIC combina 205 CV con una transmisi\u00f3n continua dise\u00f1ada para ofrecer un funcionamiento suave, potente y eficiente, tanto en el campo como en los desplazamientos por carretera.<\/p>\n\n\n\n<figure class=\"wp-block-image size-full\"><img loading=\"lazy\" decoding=\"async\" width=\"623\" height=\"467\" src=\"https:\/\/alimagro.es\/wp-content\/uploads\/2026\/08\/image-8.png\" alt=\"\" class=\"wp-image-1629\" srcset=\"https:\/\/alimagro.es\/wp-content\/uploads\/2026\/08\/image-8.png 623w, https:\/\/alimagro.es\/wp-content\/uploads\/2026\/08\/image-8-16x12.png 16w, https:\/\/alimagro.es\/wp-content\/uploads\/2026\/08\/image-8-300x225.png 300w, https:\/\/alimagro.es\/wp-content\/uploads\/2026\/08\/image-8-200x150.png 200w, https:\/\/alimagro.es\/wp-content\/uploads\/2026\/08\/image-8-299x224.png 299w, https:\/\/alimagro.es\/wp-content\/uploads\/2026\/08\/image-8-323x242.png 323w, https:\/\/alimagro.es\/wp-content\/uploads\/2026\/08\/image-8-480x360.png 480w\" sizes=\"auto, (max-width: 623px) 100vw, 623px\" \/><\/figure>\n\n\n\n<p class=\"wp-block-paragraph\">El Axion 870 CMATIC, por su parte, est\u00e1 concebido para las jornadas de trabajo m\u00e1s exigentes, con especial atenci\u00f3n a la tecnolog\u00eda, la facilidad de manejo y el confort de conducci\u00f3n.<\/p>\n\n\n\n<figure class=\"wp-block-image size-full\"><img loading=\"lazy\" decoding=\"async\" width=\"656\" height=\"405\" src=\"https:\/\/alimagro.es\/wp-content\/uploads\/2026\/08\/image-9.png\" alt=\"\" class=\"wp-image-1630\" srcset=\"https:\/\/alimagro.es\/wp-content\/uploads\/2026\/08\/image-9.png 656w, https:\/\/alimagro.es\/wp-content\/uploads\/2026\/08\/image-9-18x11.png 18w, https:\/\/alimagro.es\/wp-content\/uploads\/2026\/08\/image-9-300x185-1.png 300w, https:\/\/alimagro.es\/wp-content\/uploads\/2026\/08\/image-9-324x200.png 324w\" sizes=\"auto, (max-width: 656px) 100vw, 656px\" \/><\/figure>\n\n\n\n<h2 class=\"wp-block-heading\"><strong>De la preparaci\u00f3n del cultivo a la cosecha de la patata<\/strong><\/h2>\n\n\n\n<p class=\"wp-block-paragraph\">La patata tendr\u00e1 un protagonismo especial en Demoalimagro, con maquinaria espec\u00edfica para diferentes momentos del ciclo del cultivo.<\/p>\n\n\n\n<p class=\"wp-block-paragraph\">Agr\u00edcola Su\u00e1rez presentar\u00e1 la\u00a0<strong>AVR Spirit 4*75<\/strong>, una desbrozadora equipada con enganche de tres puntos delantero y trasero que permite diferentes configuraciones de trabajo. Su eje reforzado y su sistema de cuchillas, con una velocidad de rotaci\u00f3n de 1.320 rpm, buscan ofrecer un trabajo eficaz sobre el cultivo.<\/p>\n\n\n\n<p class=\"wp-block-paragraph\"><a href=\"https:\/\/www.revistacampo.es\/wp-content\/uploads\/2026\/08\/image-7.png\"><\/a><\/p>\n\n\n\n<figure class=\"wp-block-image size-full\"><img loading=\"lazy\" decoding=\"async\" width=\"618\" height=\"464\" src=\"https:\/\/alimagro.es\/wp-content\/uploads\/2026\/08\/image-7.png\" alt=\"\" class=\"wp-image-1631\" srcset=\"https:\/\/alimagro.es\/wp-content\/uploads\/2026\/08\/image-7.png 618w, https:\/\/alimagro.es\/wp-content\/uploads\/2026\/08\/image-7-16x12.png 16w, https:\/\/alimagro.es\/wp-content\/uploads\/2026\/08\/image-7-199x149.png 199w, https:\/\/alimagro.es\/wp-content\/uploads\/2026\/08\/image-7-300x225-1.png 300w, https:\/\/alimagro.es\/wp-content\/uploads\/2026\/08\/image-7-324x243.png 324w, https:\/\/alimagro.es\/wp-content\/uploads\/2026\/08\/image-7-479x360.png 479w\" sizes=\"auto, (max-width: 618px) 100vw, 618px\" \/><\/figure>\n\n\n\n<p class=\"wp-block-paragraph\">En el \u00e1mbito de la recolecci\u00f3n, podr\u00e1 verse la\u00a0<strong>AVR Spirit 7200<\/strong>, una cosechadora remolcada de doble hilera y evoluci\u00f3n de la Spirit 6200. La m\u00e1quina incorpora un sistema de cambio r\u00e1pido para adaptarse a diferentes cultivos, adem\u00e1s de una amplia mesa de selecci\u00f3n con capacidad para trabajar hasta seis personas.<\/p>\n\n\n\n<figure class=\"wp-block-image size-full\"><img loading=\"lazy\" decoding=\"async\" width=\"576\" height=\"384\" src=\"https:\/\/alimagro.es\/wp-content\/uploads\/2026\/08\/image-4.png\" alt=\"\" class=\"wp-image-1632\" srcset=\"https:\/\/alimagro.es\/wp-content\/uploads\/2026\/08\/image-4.png 576w, https:\/\/alimagro.es\/wp-content\/uploads\/2026\/08\/image-4-300x200-1.png 300w, https:\/\/alimagro.es\/wp-content\/uploads\/2026\/08\/image-4-18x12.png 18w, https:\/\/alimagro.es\/wp-content\/uploads\/2026\/08\/image-4-324x216.png 324w\" sizes=\"auto, (max-width: 576px) 100vw, 576px\" \/><\/figure>\n\n\n\n<p class=\"wp-block-paragraph\">Tractolimia llevar\u00e1 tambi\u00e9n dos equipos especializados en el cultivo de la patata. La\u00a0<strong>GRIMME KS 75-4<\/strong>\u00a0es una desbrozadora de cuatro hileras dise\u00f1ada para eliminar la parte a\u00e9rea de las plantas antes de la recolecci\u00f3n, facilitando as\u00ed las posteriores operaciones de recogida.<\/p>\n\n\n\n<figure class=\"wp-block-image size-full\"><img loading=\"lazy\" decoding=\"async\" width=\"623\" height=\"623\" src=\"https:\/\/alimagro.es\/wp-content\/uploads\/2026\/08\/image-6.png\" alt=\"\" class=\"wp-image-1633\" srcset=\"https:\/\/alimagro.es\/wp-content\/uploads\/2026\/08\/image-6.png 623w, https:\/\/alimagro.es\/wp-content\/uploads\/2026\/08\/image-6-12x12.png 12w, https:\/\/alimagro.es\/wp-content\/uploads\/2026\/08\/image-6-300x300-1.png 300w, https:\/\/alimagro.es\/wp-content\/uploads\/2026\/08\/image-6-150x150-1.png 150w, https:\/\/alimagro.es\/wp-content\/uploads\/2026\/08\/image-6-324x324.png 324w, https:\/\/alimagro.es\/wp-content\/uploads\/2026\/08\/image-6-360x360.png 360w\" sizes=\"auto, (max-width: 623px) 100vw, 623px\" \/><\/figure>\n\n\n\n<p class=\"wp-block-paragraph\">La demostraci\u00f3n se completar\u00e1 con la\u00a0<strong>GRIMME SE 75-55<\/strong>, una cosechadora de una hilera equipada con una tolva de 5,5 toneladas. Sus sistemas de separaci\u00f3n permiten eliminar hojas, piedras y terrones, mientras que su mesa de clasificaci\u00f3n puede acoger hasta seis personas. Las tecnolog\u00edas CleanControl y Speedtronic facilitan la regulaci\u00f3n de la m\u00e1quina y la protecci\u00f3n de la cosecha.<\/p>\n\n\n\n<figure class=\"wp-block-image size-full\"><img loading=\"lazy\" decoding=\"async\" width=\"645\" height=\"485\" src=\"https:\/\/alimagro.es\/wp-content\/uploads\/2026\/08\/image-5.png\" alt=\"\" class=\"wp-image-1634\" srcset=\"https:\/\/alimagro.es\/wp-content\/uploads\/2026\/08\/image-5.png 645w, https:\/\/alimagro.es\/wp-content\/uploads\/2026\/08\/image-5-300x226.png 300w, https:\/\/alimagro.es\/wp-content\/uploads\/2026\/08\/image-5-16x12.png 16w, https:\/\/alimagro.es\/wp-content\/uploads\/2026\/08\/image-5-199x150.png 199w, https:\/\/alimagro.es\/wp-content\/uploads\/2026\/08\/image-5-299x225.png 299w, https:\/\/alimagro.es\/wp-content\/uploads\/2026\/08\/image-5-323x243.png 323w, https:\/\/alimagro.es\/wp-content\/uploads\/2026\/08\/image-5-478x359.png 478w\" sizes=\"auto, (max-width: 645px) 100vw, 645px\" \/><\/figure>\n\n\n\n<h2 class=\"wp-block-heading\"><strong>Una oportunidad para ver la maquinaria trabajando<\/strong><\/h2>\n\n\n\n<p class=\"wp-block-paragraph\">M\u00e1s all\u00e1 de conocer las caracter\u00edsticas t\u00e9cnicas de cada modelo, el principal atractivo de Demoalimagro ser\u00e1 la posibilidad de&nbsp;<strong>ver la maquinaria en funcionamiento y en condiciones reales de trabajo<\/strong>.<\/p>\n\n\n\n<p class=\"wp-block-paragraph\">La iniciativa se estrena este a\u00f1o dentro de la programaci\u00f3n de Alimagro y trasladar\u00e1 parte de la feria directamente al terreno de cultivo. Tractores, equipos de preparaci\u00f3n del suelo, desbrozadoras y cosechadoras permitir\u00e1n mostrar sobre el campo algunas de las tecnolog\u00edas que est\u00e1n contribuyendo a transformar la mecanizaci\u00f3n agr\u00edcola.<\/p>\n\n\n\n<p class=\"wp-block-paragraph\"><strong>Demoalimagro se celebrar\u00e1 el s\u00e1bado 5 de septiembre, de 10:00 a 13:30 horas<\/strong>, en la&nbsp;<strong>finca de ensayo de INORDE<\/strong>&nbsp;en Xinzo de Limia, como una de las principales novedades de la s\u00e9ptima edici\u00f3n de Alimagro.<\/p>",
        "protected": false
    },
    "excerpt": {
        "rendered": "<p>Demoalimagro convertir\u00e1 el campo en un gran escaparate de tecnolog\u00eda agr\u00edcola.&nbsp;La nueva propuesta de Alimagro permitir\u00e1 a agricultores y profesionales ver en funcionamiento diferentes equipos destinados a algunas de las principales fases del trabajo agr\u00edcola y, especialmente, del cultivo de la patata. La demostraci\u00f3n reunir\u00e1 maquinaria de empresas como&nbsp;Agr\u00edcola Su\u00e1rez, Maquinaria Agr\u00edcola Jaro y Tractolimia, [&hellip;]<\/p>",
        "protected": false
    },
    "author": 11,
    "featured_media": 1635,
    "comment_status": "closed",
    "ping_status": "closed",
    "sticky": false,
    "template": "",
    "format": "standard",
    "meta": {
        "ngg_post_thumbnail": 0,
        "footnotes": ""
    },
    "categories": [
        1
    ],
    "tags": [
        18,
        79
    ],
    "class_list": [
        "post-1623",
        "post",
        "type-post",
        "status-publish",
        "format-standard",
        "has-post-thumbnail",
        "category-sin-categoria",
        "tag-alimagro",
        "tag-maquinaria"
    ],
    "yoast_head": "<!-- This site is optimized with the Yoast SEO plugin v28.3 - https:\/\/yoast.com\/product\/yoast-seo-wordpress\/ -->\n<title>Las m\u00e1quinas que se podr\u00e1n ver en funcionamiento en Demoalimagro | Alimagro<\/title>\n<meta name=\"robots\" content=\"index, follow, max-snippet:-1, max-image-preview:large, max-video-preview:-1\" \/>\n<link rel=\"canonical\" href=\"https:\/\/alimagro.es\/es_es\/2026\/08\/31\/las-maquinas-que-se-podran-ver-en-funcionamiento-en-demoalimagro\/\" \/>\n<meta property=\"og:locale\" content=\"es_ES\" \/>\n<meta property=\"og:type\" content=\"article\" \/>\n<meta property=\"og:title\" content=\"Las m\u00e1quinas que se podr\u00e1n ver en funcionamiento en Demoalimagro | Alimagro\" \/>\n<meta property=\"og:description\" content=\"Demoalimagro convertir\u00e1 el campo en un gran escaparate de tecnolog\u00eda agr\u00edcola.&nbsp;La nueva propuesta de Alimagro permitir\u00e1 a agricultores y profesionales ver en funcionamiento diferentes equipos destinados a algunas de las principales fases del trabajo agr\u00edcola y, especialmente, del cultivo de la patata. La demostraci\u00f3n reunir\u00e1 maquinaria de empresas como&nbsp;Agr\u00edcola Su\u00e1rez, Maquinaria Agr\u00edcola Jaro y Tractolimia, [&hellip;]\" \/>\n<meta property=\"og:url\" content=\"https:\/\/alimagro.es\/es_es\/2026\/08\/31\/las-maquinas-que-se-podran-ver-en-funcionamiento-en-demoalimagro\/\" \/>\n<meta property=\"og:site_name\" content=\"Alimagro\" \/>\n<meta property=\"article:publisher\" content=\"https:\/\/www.facebook.com\/people\/Alimagro\/100095025612077\/\" \/>\n<meta property=\"article:published_time\" content=\"2026-08-31T10:26:24+00:00\" \/>\n<meta property=\"article:modified_time\" content=\"2026-08-31T10:32:54+00:00\" \/>\n<meta property=\"og:image\" content=\"https:\/\/alimagro.es\/wp-content\/uploads\/2026\/08\/image-13.png\" \/>\n\t<meta property=\"og:image:width\" content=\"708\" \/>\n\t<meta property=\"og:image:height\" content=\"530\" \/>\n\t<meta property=\"og:image:type\" content=\"image\/png\" \/>\n<meta name=\"author\" content=\"Natalia Lozano\" \/>\n<meta name=\"twitter:card\" content=\"summary_large_image\" \/>\n<meta name=\"twitter:label1\" content=\"Escrito por\" \/>\n\t<meta name=\"twitter:data1\" content=\"Natalia Lozano\" \/>\n\t<meta name=\"twitter:label2\" content=\"Tiempo de lectura\" \/>\n\t<meta name=\"twitter:data2\" content=\"6 minutos\" \/>\n<script type=\"application\/ld+json\" class=\"yoast-schema-graph\">{\"@context\":\"https:\\\/\\\/schema.org\",\"@graph\":[{\"@type\":\"Article\",\"@id\":\"https:\\\/\\\/alimagro.es\\\/2026\\\/08\\\/31\\\/las-maquinas-que-se-podran-ver-en-funcionamiento-en-demoalimagro\\\/#article\",\"isPartOf\":{\"@id\":\"https:\\\/\\\/alimagro.es\\\/2026\\\/08\\\/31\\\/las-maquinas-que-se-podran-ver-en-funcionamiento-en-demoalimagro\\\/\"},\"author\":{\"name\":\"Natalia Lozano\",\"@id\":\"https:\\\/\\\/alimagro.es\\\/#\\\/schema\\\/person\\\/bc44f5e9369a82c257b6986e3f8975c0\"},\"headline\":\"Las m\u00e1quinas que se podr\u00e1n ver en funcionamiento en Demoalimagro\",\"datePublished\":\"2026-08-31T10:26:24+00:00\",\"dateModified\":\"2026-08-31T10:32:54+00:00\",\"mainEntityOfPage\":{\"@id\":\"https:\\\/\\\/alimagro.es\\\/2026\\\/08\\\/31\\\/las-maquinas-que-se-podran-ver-en-funcionamiento-en-demoalimagro\\\/\"},\"wordCount\":810,\"publisher\":{\"@id\":\"https:\\\/\\\/alimagro.es\\\/#organization\"},\"image\":{\"@id\":\"https:\\\/\\\/alimagro.es\\\/2026\\\/08\\\/31\\\/las-maquinas-que-se-podran-ver-en-funcionamiento-en-demoalimagro\\\/#primaryimage\"},\"thumbnailUrl\":\"https:\\\/\\\/alimagro.es\\\/wp-content\\\/uploads\\\/2026\\\/08\\\/image-13.png\",\"keywords\":[\"Alimagro\",\"maquinaria\"],\"inLanguage\":\"es\"},{\"@type\":\"WebPage\",\"@id\":\"https:\\\/\\\/alimagro.es\\\/2026\\\/08\\\/31\\\/las-maquinas-que-se-podran-ver-en-funcionamiento-en-demoalimagro\\\/\",\"url\":\"https:\\\/\\\/alimagro.es\\\/2026\\\/08\\\/31\\\/las-maquinas-que-se-podran-ver-en-funcionamiento-en-demoalimagro\\\/\",\"name\":\"Las m\u00e1quinas que se podr\u00e1n ver en funcionamiento en Demoalimagro | Alimagro\",\"isPartOf\":{\"@id\":\"https:\\\/\\\/alimagro.es\\\/#website\"},\"primaryImageOfPage\":{\"@id\":\"https:\\\/\\\/alimagro.es\\\/2026\\\/08\\\/31\\\/las-maquinas-que-se-podran-ver-en-funcionamiento-en-demoalimagro\\\/#primaryimage\"},\"image\":{\"@id\":\"https:\\\/\\\/alimagro.es\\\/2026\\\/08\\\/31\\\/las-maquinas-que-se-podran-ver-en-funcionamiento-en-demoalimagro\\\/#primaryimage\"},\"thumbnailUrl\":\"https:\\\/\\\/alimagro.es\\\/wp-content\\\/uploads\\\/2026\\\/08\\\/image-13.png\",\"datePublished\":\"2026-08-31T10:26:24+00:00\",\"dateModified\":\"2026-08-31T10:32:54+00:00\",\"breadcrumb\":{\"@id\":\"https:\\\/\\\/alimagro.es\\\/2026\\\/08\\\/31\\\/las-maquinas-que-se-podran-ver-en-funcionamiento-en-demoalimagro\\\/#breadcrumb\"},\"inLanguage\":\"es\",\"potentialAction\":[{\"@type\":\"ReadAction\",\"target\":[\"https:\\\/\\\/alimagro.es\\\/2026\\\/08\\\/31\\\/las-maquinas-que-se-podran-ver-en-funcionamiento-en-demoalimagro\\\/\"]}]},{\"@type\":\"ImageObject\",\"inLanguage\":\"es\",\"@id\":\"https:\\\/\\\/alimagro.es\\\/2026\\\/08\\\/31\\\/las-maquinas-que-se-podran-ver-en-funcionamiento-en-demoalimagro\\\/#primaryimage\",\"url\":\"https:\\\/\\\/alimagro.es\\\/wp-content\\\/uploads\\\/2026\\\/08\\\/image-13.png\",\"contentUrl\":\"https:\\\/\\\/alimagro.es\\\/wp-content\\\/uploads\\\/2026\\\/08\\\/image-13.png\",\"width\":708,\"height\":530},{\"@type\":\"BreadcrumbList\",\"@id\":\"https:\\\/\\\/alimagro.es\\\/2026\\\/08\\\/31\\\/las-maquinas-que-se-podran-ver-en-funcionamiento-en-demoalimagro\\\/#breadcrumb\",\"itemListElement\":[{\"@type\":\"ListItem\",\"position\":1,\"name\":\"Portada\",\"item\":\"https:\\\/\\\/alimagro.es\\\/\"},{\"@type\":\"ListItem\",\"position\":2,\"name\":\"Las m\u00e1quinas que se podr\u00e1n ver en funcionamiento en Demoalimagro\"}]},{\"@type\":\"WebSite\",\"@id\":\"https:\\\/\\\/alimagro.es\\\/#website\",\"url\":\"https:\\\/\\\/alimagro.es\\\/\",\"name\":\"Alimagro\",\"description\":\"Alimagro, un evento referente nacional que aglutina las novedades en cuanto al cultivo de patata y la maquinaria agr\u00edcola.\",\"publisher\":{\"@id\":\"https:\\\/\\\/alimagro.es\\\/#organization\"},\"alternateName\":\"Feria del Agro de la Limia\",\"potentialAction\":[{\"@type\":\"SearchAction\",\"target\":{\"@type\":\"EntryPoint\",\"urlTemplate\":\"https:\\\/\\\/alimagro.es\\\/?s={search_term_string}\"},\"query-input\":{\"@type\":\"PropertyValueSpecification\",\"valueRequired\":true,\"valueName\":\"search_term_string\"}}],\"inLanguage\":\"es\"},{\"@type\":\"Organization\",\"@id\":\"https:\\\/\\\/alimagro.es\\\/#organization\",\"name\":\"Alimagro\",\"url\":\"https:\\\/\\\/alimagro.es\\\/\",\"logo\":{\"@type\":\"ImageObject\",\"inLanguage\":\"es\",\"@id\":\"https:\\\/\\\/alimagro.es\\\/#\\\/schema\\\/logo\\\/image\\\/\",\"url\":\"https:\\\/\\\/alimagro.es\\\/wp-content\\\/uploads\\\/2023\\\/07\\\/alimagro-logo-verde.png\",\"contentUrl\":\"https:\\\/\\\/alimagro.es\\\/wp-content\\\/uploads\\\/2023\\\/07\\\/alimagro-logo-verde.png\",\"width\":500,\"height\":96,\"caption\":\"Alimagro\"},\"image\":{\"@id\":\"https:\\\/\\\/alimagro.es\\\/#\\\/schema\\\/logo\\\/image\\\/\"},\"sameAs\":[\"https:\\\/\\\/www.facebook.com\\\/people\\\/Alimagro\\\/100095025612077\\\/\",\"https:\\\/\\\/www.instagram.com\\\/alimagro_\\\/\"]},{\"@type\":\"Person\",\"@id\":\"https:\\\/\\\/alimagro.es\\\/#\\\/schema\\\/person\\\/bc44f5e9369a82c257b6986e3f8975c0\",\"name\":\"Natalia Lozano\",\"image\":{\"@type\":\"ImageObject\",\"inLanguage\":\"es\",\"@id\":\"https:\\\/\\\/secure.gravatar.com\\\/avatar\\\/991138ad631ca80bc76a5a37776a93fa95e294a4ec8574aad5d9b638272a4290?s=96&d=mm&r=g\",\"url\":\"https:\\\/\\\/secure.gravatar.com\\\/avatar\\\/991138ad631ca80bc76a5a37776a93fa95e294a4ec8574aad5d9b638272a4290?s=96&d=mm&r=g\",\"contentUrl\":\"https:\\\/\\\/secure.gravatar.com\\\/avatar\\\/991138ad631ca80bc76a5a37776a93fa95e294a4ec8574aad5d9b638272a4290?s=96&d=mm&r=g\",\"caption\":\"Natalia Lozano\"},\"url\":\"https:\\\/\\\/alimagro.es\\\/es_es\\\/author\\\/natali\\\/\"}]}<\/script>\n<!-- \/ Yoast SEO plugin. -->",
    "yoast_head_json": {
        "title": "Las m\u00e1quinas que se podr\u00e1n ver en funcionamiento en Demoalimagro | Alimagro",
        "robots": {
            "index": "index",
            "follow": "follow",
            "max-snippet": "max-snippet:-1",
            "max-image-preview": "max-image-preview:large",
            "max-video-preview": "max-video-preview:-1"
        },
        "canonical": "https:\/\/alimagro.es\/es_es\/2026\/08\/31\/las-maquinas-que-se-podran-ver-en-funcionamiento-en-demoalimagro\/",
        "og_locale": "es_ES",
        "og_type": "article",
        "og_title": "Las m\u00e1quinas que se podr\u00e1n ver en funcionamiento en Demoalimagro | Alimagro",
        "og_description": "Demoalimagro convertir\u00e1 el campo en un gran escaparate de tecnolog\u00eda agr\u00edcola.&nbsp;La nueva propuesta de Alimagro permitir\u00e1 a agricultores y profesionales ver en funcionamiento diferentes equipos destinados a algunas de las principales fases del trabajo agr\u00edcola y, especialmente, del cultivo de la patata. La demostraci\u00f3n reunir\u00e1 maquinaria de empresas como&nbsp;Agr\u00edcola Su\u00e1rez, Maquinaria Agr\u00edcola Jaro y Tractolimia, [&hellip;]",
        "og_url": "https:\/\/alimagro.es\/es_es\/2026\/08\/31\/las-maquinas-que-se-podran-ver-en-funcionamiento-en-demoalimagro\/",
        "og_site_name": "Alimagro",
        "article_publisher": "https:\/\/www.facebook.com\/people\/Alimagro\/100095025612077\/",
        "article_published_time": "2026-08-31T10:26:24+00:00",
        "article_modified_time": "2026-08-31T10:32:54+00:00",
        "og_image": [
            {
                "width": 708,
                "height": 530,
                "url": "https:\/\/alimagro.es\/wp-content\/uploads\/2026\/08\/image-13.png",
                "type": "image\/png"
            }
        ],
        "author": "Natalia Lozano",
        "twitter_card": "summary_large_image",
        "twitter_misc": {
            "Escrito por": "Natalia Lozano",
            "Tiempo de lectura": "6 minutos"
        },
        "schema": {
            "@context": "https:\/\/schema.org",
            "@graph": [
                {
                    "@type": "Article",
                    "@id": "https:\/\/alimagro.es\/2026\/08\/31\/las-maquinas-que-se-podran-ver-en-funcionamiento-en-demoalimagro\/#article",
                    "isPartOf": {
                        "@id": "https:\/\/alimagro.es\/2026\/08\/31\/las-maquinas-que-se-podran-ver-en-funcionamiento-en-demoalimagro\/"
                    },
                    "author": {
                        "name": "Natalia Lozano",
                        "@id": "https:\/\/alimagro.es\/#\/schema\/person\/bc44f5e9369a82c257b6986e3f8975c0"
                    },
                    "headline": "Las m\u00e1quinas que se podr\u00e1n ver en funcionamiento en Demoalimagro",
                    "datePublished": "2026-08-31T10:26:24+00:00",
                    "dateModified": "2026-08-31T10:32:54+00:00",
                    "mainEntityOfPage": {
                        "@id": "https:\/\/alimagro.es\/2026\/08\/31\/las-maquinas-que-se-podran-ver-en-funcionamiento-en-demoalimagro\/"
                    },
                    "wordCount": 810,
                    "publisher": {
                        "@id": "https:\/\/alimagro.es\/#organization"
                    },
                    "image": {
                        "@id": "https:\/\/alimagro.es\/2026\/08\/31\/las-maquinas-que-se-podran-ver-en-funcionamiento-en-demoalimagro\/#primaryimage"
                    },
                    "thumbnailUrl": "https:\/\/alimagro.es\/wp-content\/uploads\/2026\/08\/image-13.png",
                    "keywords": [
                        "Alimagro",
                        "maquinaria"
                    ],
                    "inLanguage": "es"
                },
                {
                    "@type": "WebPage",
                    "@id": "https:\/\/alimagro.es\/2026\/08\/31\/las-maquinas-que-se-podran-ver-en-funcionamiento-en-demoalimagro\/",
                    "url": "https:\/\/alimagro.es\/2026\/08\/31\/las-maquinas-que-se-podran-ver-en-funcionamiento-en-demoalimagro\/",
                    "name": "Las m\u00e1quinas que se podr\u00e1n ver en funcionamiento en Demoalimagro | Alimagro",
                    "isPartOf": {
                        "@id": "https:\/\/alimagro.es\/#website"
                    },
                    "primaryImageOfPage": {
                        "@id": "https:\/\/alimagro.es\/2026\/08\/31\/las-maquinas-que-se-podran-ver-en-funcionamiento-en-demoalimagro\/#primaryimage"
                    },
                    "image": {
                        "@id": "https:\/\/alimagro.es\/2026\/08\/31\/las-maquinas-que-se-podran-ver-en-funcionamiento-en-demoalimagro\/#primaryimage"
                    },
                    "thumbnailUrl": "https:\/\/alimagro.es\/wp-content\/uploads\/2026\/08\/image-13.png",
                    "datePublished": "2026-08-31T10:26:24+00:00",
                    "dateModified": "2026-08-31T10:32:54+00:00",
                    "breadcrumb": {
                        "@id": "https:\/\/alimagro.es\/2026\/08\/31\/las-maquinas-que-se-podran-ver-en-funcionamiento-en-demoalimagro\/#breadcrumb"
                    },
                    "inLanguage": "es",
                    "potentialAction": [
                        {
                            "@type": "ReadAction",
                            "target": [
                                "https:\/\/alimagro.es\/2026\/08\/31\/las-maquinas-que-se-podran-ver-en-funcionamiento-en-demoalimagro\/"
                            ]
                        }
                    ]
                },
                {
                    "@type": "ImageObject",
                    "inLanguage": "es",
                    "@id": "https:\/\/alimagro.es\/2026\/08\/31\/las-maquinas-que-se-podran-ver-en-funcionamiento-en-demoalimagro\/#primaryimage",
                    "url": "https:\/\/alimagro.es\/wp-content\/uploads\/2026\/08\/image-13.png",
                    "contentUrl": "https:\/\/alimagro.es\/wp-content\/uploads\/2026\/08\/image-13.png",
                    "width": 708,
                    "height": 530
                },
                {
                    "@type": "BreadcrumbList",
                    "@id": "https:\/\/alimagro.es\/2026\/08\/31\/las-maquinas-que-se-podran-ver-en-funcionamiento-en-demoalimagro\/#breadcrumb",
                    "itemListElement": [
                        {
                            "@type": "ListItem",
                            "position": 1,
                            "name": "Portada",
                            "item": "https:\/\/alimagro.es\/"
                        },
                        {
                            "@type": "ListItem",
                            "position": 2,
                            "name": "Las m\u00e1quinas que se podr\u00e1n ver en funcionamiento en Demoalimagro"
                        }
                    ]
                },
                {
                    "@type": "WebSite",
                    "@id": "https:\/\/alimagro.es\/#website",
                    "url": "https:\/\/alimagro.es\/",
                    "name": "Alimagro",
                    "description": "Alimagro, un evento referente nacional que aglutina las novedades en cuanto al cultivo de patata y la maquinaria agr\u00edcola.",
                    "publisher": {
                        "@id": "https:\/\/alimagro.es\/#organization"
                    },
                    "alternateName": "Feria del Agro de la Limia",
                    "potentialAction": [
                        {
                            "@type": "SearchAction",
                            "target": {
                                "@type": "EntryPoint",
                                "urlTemplate": "https:\/\/alimagro.es\/?s={search_term_string}"
                            },
                            "query-input": {
                                "@type": "PropertyValueSpecification",
                                "valueRequired": true,
                                "valueName": "search_term_string"
                            }
                        }
                    ],
                    "inLanguage": "es"
                },
                {
                    "@type": "Organization",
                    "@id": "https:\/\/alimagro.es\/#organization",
                    "name": "Alimagro",
                    "url": "https:\/\/alimagro.es\/",
                    "logo": {
                        "@type": "ImageObject",
                        "inLanguage": "es",
                        "@id": "https:\/\/alimagro.es\/#\/schema\/logo\/image\/",
                        "url": "https:\/\/alimagro.es\/wp-content\/uploads\/2023\/07\/alimagro-logo-verde.png",
                        "contentUrl": "https:\/\/alimagro.es\/wp-content\/uploads\/2023\/07\/alimagro-logo-verde.png",
                        "width": 500,
                        "height": 96,
                        "caption": "Alimagro"
                    },
                    "image": {
                        "@id": "https:\/\/alimagro.es\/#\/schema\/logo\/image\/"
                    },
                    "sameAs": [
                        "https:\/\/www.facebook.com\/people\/Alimagro\/100095025612077\/",
                        "https:\/\/www.instagram.com\/alimagro_\/"
                    ]
                },
                {
                    "@type": "Person",
                    "@id": "https:\/\/alimagro.es\/#\/schema\/person\/bc44f5e9369a82c257b6986e3f8975c0",
                    "name": "Natalia Lozano",
                    "image": {
                        "@type": "ImageObject",
                        "inLanguage": "es",
                        "@id": "https:\/\/secure.gravatar.com\/avatar\/991138ad631ca80bc76a5a37776a93fa95e294a4ec8574aad5d9b638272a4290?s=96&d=mm&r=g",
                        "url": "https:\/\/secure.gravatar.com\/avatar\/991138ad631ca80bc76a5a37776a93fa95e294a4ec8574aad5d9b638272a4290?s=96&d=mm&r=g",
                        "contentUrl": "https:\/\/secure.gravatar.com\/avatar\/991138ad631ca80bc76a5a37776a93fa95e294a4ec8574aad5d9b638272a4290?s=96&d=mm&r=g",
                        "caption": "Natalia Lozano"
                    },
                    "url": "https:\/\/alimagro.es\/es_es\/author\/natali\/"
                }
            ]
        }
    },
    "_links": {
        "self": [
            {
                "href": "https:\/\/alimagro.es\/es_es\/wp-json\/wp\/v2\/posts\/1623",
                "targetHints": {
                    "allow": [
                        "GET"
                    ]
                }
            }
        ],
        "collection": [
            {
                "href": "https:\/\/alimagro.es\/es_es\/wp-json\/wp\/v2\/posts"
            }
        ],
        "about": [
            {
                "href": "https:\/\/alimagro.es\/es_es\/wp-json\/wp\/v2\/types\/post"
            }
        ],
        "author": [
            {
                "embeddable": true,
                "href": "https:\/\/alimagro.es\/es_es\/wp-json\/wp\/v2\/users\/11"
            }
        ],
        "replies": [
            {
                "embeddable": true,
                "href": "https:\/\/alimagro.es\/es_es\/wp-json\/wp\/v2\/comments?post=1623"
            }
        ],
        "version-history": [
            {
                "count": 1,
                "href": "https:\/\/alimagro.es\/es_es\/wp-json\/wp\/v2\/posts\/1623\/revisions"
            }
        ],
        "predecessor-version": [
            {
                "id": 1636,
                "href": "https:\/\/alimagro.es\/es_es\/wp-json\/wp\/v2\/posts\/1623\/revisions\/1636"
            }
        ],
        "wp:featuredmedia": [
            {
                "embeddable": true,
                "href": "https:\/\/alimagro.es\/es_es\/wp-json\/wp\/v2\/media\/1635"
            }
        ],
        "wp:attachment": [
            {
                "href": "https:\/\/alimagro.es\/es_es\/wp-json\/wp\/v2\/media?parent=1623"
            }
        ],
        "wp:term": [
            {
                "taxonomy": "category",
                "embeddable": true,
                "href": "https:\/\/alimagro.es\/es_es\/wp-json\/wp\/v2\/categories?post=1623"
            },
            {
                "taxonomy": "post_tag",
                "embeddable": true,
                "href": "https:\/\/alimagro.es\/es_es\/wp-json\/wp\/v2\/tags?post=1623"
            }
        ],
        "curies": [
            {
                "name": "wp",
                "href": "https:\/\/api.w.org\/{rel}",
                "templated": true
            }
        ]
    }
}