{
    "id": 1366,
    "date": "2025-09-15T14:58:35",
    "date_gmt": "2025-09-15T12:58:35",
    "guid": {
        "rendered": "https:\/\/alimagro.es\/?p=1366"
    },
    "modified": "2025-09-15T14:58:37",
    "modified_gmt": "2025-09-15T12:58:37",
    "slug": "la-sexta-edicion-de-alimagro-vuelve-a-ser-un-exito",
    "status": "publish",
    "type": "post",
    "link": "https:\/\/alimagro.es\/es_es\/2025\/09\/15\/la-sexta-edicion-de-alimagro-vuelve-a-ser-un-exito\/",
    "title": {
        "rendered": "La sexta edici\u00f3n de Alimagro vuelve a ser un \u00e9xito"
    },
    "content": {
        "rendered": "<p><strong>Esta feria, ya consolidada en el calendario del sector de la patata ha reunido a productores, empresas y administraciones en torno a uno de los cultivos m\u00e1s emblem\u00e1ticos de la comarca<\/strong><\/p>\n\n\n\n<p>La feria que acogi\u00f3 en el primer fin de semana de septiembre a miles de visitantes es ya un evento reconocido a nivel nacional.<\/p>\n\n\n\n<p>Alimagro congreg\u00f3 a agricultores, productores y t\u00e9cnicos, tanto gallegos como llegados de otras partes de Espa\u00f1a que pudieron disfrutar y participar en las diferentes actividades propuestas. La jornada t\u00e9cnica de la patata, que abri\u00f3 la feria, reuni\u00f3 a profesionales y especialistas del sector patatero, all\u00ed se abordaron temas de gran relevancia para la producci\u00f3n de patatas a trav\u00e9s de un completo programa t\u00e9cnico y un debate con expertos.<\/p>\n\n\n\n<p>Los visitantes pudieron disfrutar de diversas actividades, talleres y entre ellas una cata para seleccionar la \u201cmejor patata del a\u00f1o\u201d. Adem\u00e1s, pudieron conocer de primera mano las diferentes innovaciones y novedades en maquinaria agraria.<\/p>\n\n\n\n<p>Todo un \u00e9xito, en una feria con un programa muy completo para hacer disfrutar tanto a profesionales del sector, como a todos los visitantes que por all\u00ed se pasaron.<\/p>\n\n\n\n<figure class=\"wp-block-image size-large\"><img loading=\"lazy\" decoding=\"async\" width=\"1024\" height=\"768\" src=\"https:\/\/alimagro.es\/wp-content\/uploads\/2025\/09\/543124264_1218107250356493_2497131717726952369_n-1024x768.jpg\" alt=\"\" class=\"wp-image-1370\" srcset=\"https:\/\/alimagro.es\/wp-content\/uploads\/2025\/09\/543124264_1218107250356493_2497131717726952369_n-1024x768.jpg 1024w, https:\/\/alimagro.es\/wp-content\/uploads\/2025\/09\/543124264_1218107250356493_2497131717726952369_n-300x225.jpg 300w, https:\/\/alimagro.es\/wp-content\/uploads\/2025\/09\/543124264_1218107250356493_2497131717726952369_n-768x576.jpg 768w, https:\/\/alimagro.es\/wp-content\/uploads\/2025\/09\/543124264_1218107250356493_2497131717726952369_n-16x12.jpg 16w, https:\/\/alimagro.es\/wp-content\/uploads\/2025\/09\/543124264_1218107250356493_2497131717726952369_n-696x522.jpg 696w, https:\/\/alimagro.es\/wp-content\/uploads\/2025\/09\/543124264_1218107250356493_2497131717726952369_n-1068x801.jpg 1068w, https:\/\/alimagro.es\/wp-content\/uploads\/2025\/09\/543124264_1218107250356493_2497131717726952369_n.jpg 1440w\" sizes=\"auto, (max-width: 1024px) 100vw, 1024px\" \/><\/figure>\n\n\n\n<p><strong>Los distintos medios de comunicaci\u00f3n as\u00ed lo recogieron:<\/strong><\/p>\n\n\n\n<p><strong>La Voz de Galicia <\/strong>hac\u00eda referencia a la importancia del v\u00ednculo entre la comarca y este cultivo. \u201cla comarca de A Limia potencia su v\u00ednculo productivo con la patata y re\u00fanea agricultores, comerciales y empresas de servicios del sector\u201d<\/p>\n\n\n\n<p><strong>El Faro de Vigo <\/strong>se\u00f1alaba las palabras del director de la Axencia Galega da Calidade Alimentaria, Mart\u00edn Alemparte, quien destac\u00f3 \u201cel peso de este tub\u00e9rculo en Galicia, especialmente en la comarca da Limia, donde cuenta con una figura de calidad reconocida: la Indicaci\u00f3n Xeogr\u00e1fica Protexida (IXP) Pataca de Galicia\u201d.<\/p>\n\n\n\n<p>Adem\u00e1s, se\u00f1alaban la consolidaci\u00f3n de Alimagro. \u201cNo solo A Limia, sino tambi\u00e9n su feria, Alimagro se consolida como un espacio clave para el potencial del agro gallego. Esta IXP agrupa actualmente a 80 productores y 13 almacenistas, con una superficie de cultivo cercana a las 600 hect\u00e1reas. Por lo que record\u00f3 que solo en el a\u00f1o 2024 se comercializaron m\u00e1s de 5,2 millones de kilos de patata con esta certificaci\u00f3n, alcanzando un valor econ\u00f3mico estimado de 3,1 millones de euros\u201d.<\/p>\n\n\n\n<p>Desde el <strong>Ayuntamiento de La Rinconada<\/strong> destacaban la consolidaci\u00f3n de Alimagro. \u201cEsta Feria se ha consolidado como un referente del sector agroalimentario a nivel nacional. Este evento anual no solo sirve como un escaparate de la maquinaria agr\u00edcola m\u00e1s innovadora, sino que tambi\u00e9n promueve los productos locales y la riqueza cultural de la comarca. Con una gran afluencia de profesionales y p\u00fablico general, Alimagro se ha convertido en una cita clave para conocer las \u00faltimas tendencias y retos del sector, as\u00ed como para disfrutar de actividades l\u00fadicas y gastron\u00f3micas que giran en torno al mundo de la patata\u201d.<\/p>\n\n\n\n<p>Desde <strong>MSN, portal web de Microsoft<\/strong> indicaban la importancia de poner en valor cultivos como la patata desde estas ferias. \u201cAlimagro es una cita ya consolidada en el calendario del rural gallego, que re\u00fane a productores, empresas y administraciones en torno a uno de los cultivos m\u00e1s emblem\u00e1ticos de la zona\u201d.<\/p>\n\n\n\n<figure class=\"wp-block-image size-large\"><img loading=\"lazy\" decoding=\"async\" width=\"1024\" height=\"768\" src=\"https:\/\/alimagro.es\/wp-content\/uploads\/2025\/09\/545091259_1218107307023154_5845786352165265872_n-1024x768.jpg\" alt=\"\" class=\"wp-image-1368\" srcset=\"https:\/\/alimagro.es\/wp-content\/uploads\/2025\/09\/545091259_1218107307023154_5845786352165265872_n-1024x768.jpg 1024w, https:\/\/alimagro.es\/wp-content\/uploads\/2025\/09\/545091259_1218107307023154_5845786352165265872_n-300x225.jpg 300w, https:\/\/alimagro.es\/wp-content\/uploads\/2025\/09\/545091259_1218107307023154_5845786352165265872_n-768x576.jpg 768w, https:\/\/alimagro.es\/wp-content\/uploads\/2025\/09\/545091259_1218107307023154_5845786352165265872_n-16x12.jpg 16w, https:\/\/alimagro.es\/wp-content\/uploads\/2025\/09\/545091259_1218107307023154_5845786352165265872_n-696x522.jpg 696w, https:\/\/alimagro.es\/wp-content\/uploads\/2025\/09\/545091259_1218107307023154_5845786352165265872_n-1068x801.jpg 1068w, https:\/\/alimagro.es\/wp-content\/uploads\/2025\/09\/545091259_1218107307023154_5845786352165265872_n.jpg 1440w\" sizes=\"auto, (max-width: 1024px) 100vw, 1024px\" \/><\/figure>\n\n\n\n<p>En el programa <strong>Hora Galega<\/strong>, mostraron en directo momentos de la I Cata-Concurso de patata, en la que degustaron 6 variedades diferentes de patata en la que valoraban el aspecto visual, sabor, textura. En las diferentes conexiones se pudieron conocer las diferentes opiniones de algunos de los catadores que estaban participando.<\/p>",
        "protected": false
    },
    "excerpt": {
        "rendered": "<p>Esta feria, ya consolidada en el calendario del sector de la patata ha reunido a productores, empresas y administraciones en torno a uno de los cultivos m\u00e1s emblem\u00e1ticos de la comarca La feria que acogi\u00f3 en el primer fin de semana de septiembre a miles de visitantes es ya un evento reconocido a nivel nacional. [&hellip;]<\/p>",
        "protected": false
    },
    "author": 11,
    "featured_media": 1367,
    "comment_status": "closed",
    "ping_status": "closed",
    "sticky": false,
    "template": "",
    "format": "standard",
    "meta": {
        "ngg_post_thumbnail": 0,
        "footnotes": ""
    },
    "categories": [
        77
    ],
    "tags": [
        102,
        18,
        93,
        21
    ],
    "class_list": {
        "0": "post-1366",
        "1": "post",
        "2": "type-post",
        "3": "status-publish",
        "4": "format-standard",
        "5": "has-post-thumbnail",
        "7": "category-alimagro",
        "8": "tag-agricultores",
        "9": "tag-alimagro",
        "10": "tag-cata",
        "11": "tag-patata"
    },
    "yoast_head": "<!-- This site is optimized with the Yoast SEO plugin v25.8 - https:\/\/yoast.com\/wordpress\/plugins\/seo\/ -->\n<title>La sexta edici\u00f3n de Alimagro vuelve a ser un \u00e9xito | Alimagro<\/title>\n<meta name=\"robots\" content=\"index, follow, max-snippet:-1, max-image-preview:large, max-video-preview:-1\" \/>\n<link rel=\"canonical\" href=\"https:\/\/alimagro.es\/es_es\/2025\/09\/15\/la-sexta-edicion-de-alimagro-vuelve-a-ser-un-exito\/\" \/>\n<meta property=\"og:locale\" content=\"es_ES\" \/>\n<meta property=\"og:type\" content=\"article\" \/>\n<meta property=\"og:title\" content=\"La sexta edici\u00f3n de Alimagro vuelve a ser un \u00e9xito | Alimagro\" \/>\n<meta property=\"og:description\" content=\"Esta feria, ya consolidada en el calendario del sector de la patata ha reunido a productores, empresas y administraciones en torno a uno de los cultivos m\u00e1s emblem\u00e1ticos de la comarca La feria que acogi\u00f3 en el primer fin de semana de septiembre a miles de visitantes es ya un evento reconocido a nivel nacional. [&hellip;]\" \/>\n<meta property=\"og:url\" content=\"https:\/\/alimagro.es\/es_es\/2025\/09\/15\/la-sexta-edicion-de-alimagro-vuelve-a-ser-un-exito\/\" \/>\n<meta property=\"og:site_name\" content=\"Alimagro\" \/>\n<meta property=\"article:publisher\" content=\"https:\/\/www.facebook.com\/people\/Alimagro\/100095025612077\/\" \/>\n<meta property=\"article:published_time\" content=\"2025-09-15T12:58:35+00:00\" \/>\n<meta property=\"article:modified_time\" content=\"2025-09-15T12:58:37+00:00\" \/>\n<meta property=\"og:image\" content=\"https:\/\/alimagro.es\/wp-content\/uploads\/2025\/09\/IMG_0092.jpeg\" \/>\n\t<meta property=\"og:image:width\" content=\"2048\" \/>\n\t<meta property=\"og:image:height\" content=\"1536\" \/>\n\t<meta property=\"og:image:type\" content=\"image\/jpeg\" \/>\n<meta name=\"author\" content=\"Natalia Lozano\" \/>\n<meta name=\"twitter:card\" content=\"summary_large_image\" \/>\n<meta name=\"twitter:label1\" content=\"Escrito por\" \/>\n\t<meta name=\"twitter:data1\" content=\"Natalia Lozano\" \/>\n\t<meta name=\"twitter:label2\" content=\"Tiempo de lectura\" \/>\n\t<meta name=\"twitter:data2\" content=\"4 minutos\" \/>\n<script type=\"application\/ld+json\" class=\"yoast-schema-graph\">{\"@context\":\"https:\/\/schema.org\",\"@graph\":[{\"@type\":\"Article\",\"@id\":\"https:\/\/alimagro.es\/2025\/09\/15\/la-sexta-edicion-de-alimagro-vuelve-a-ser-un-exito\/#article\",\"isPartOf\":{\"@id\":\"https:\/\/alimagro.es\/2025\/09\/15\/la-sexta-edicion-de-alimagro-vuelve-a-ser-un-exito\/\"},\"author\":{\"name\":\"Natalia Lozano\",\"@id\":\"https:\/\/alimagro.es\/#\/schema\/person\/bc44f5e9369a82c257b6986e3f8975c0\"},\"headline\":\"La sexta edici\u00f3n de Alimagro vuelve a ser un \u00e9xito\",\"datePublished\":\"2025-09-15T12:58:35+00:00\",\"dateModified\":\"2025-09-15T12:58:37+00:00\",\"mainEntityOfPage\":{\"@id\":\"https:\/\/alimagro.es\/2025\/09\/15\/la-sexta-edicion-de-alimagro-vuelve-a-ser-un-exito\/\"},\"wordCount\":605,\"publisher\":{\"@id\":\"https:\/\/alimagro.es\/#organization\"},\"image\":{\"@id\":\"https:\/\/alimagro.es\/2025\/09\/15\/la-sexta-edicion-de-alimagro-vuelve-a-ser-un-exito\/#primaryimage\"},\"thumbnailUrl\":\"https:\/\/alimagro.es\/wp-content\/uploads\/2025\/09\/IMG_0092.jpeg\",\"keywords\":[\"agricultores\",\"Alimagro\",\"cata\",\"Patata\"],\"articleSection\":[\"Alimagro\"],\"inLanguage\":\"es\"},{\"@type\":\"WebPage\",\"@id\":\"https:\/\/alimagro.es\/2025\/09\/15\/la-sexta-edicion-de-alimagro-vuelve-a-ser-un-exito\/\",\"url\":\"https:\/\/alimagro.es\/2025\/09\/15\/la-sexta-edicion-de-alimagro-vuelve-a-ser-un-exito\/\",\"name\":\"La sexta edici\u00f3n de Alimagro vuelve a ser un \u00e9xito | Alimagro\",\"isPartOf\":{\"@id\":\"https:\/\/alimagro.es\/#website\"},\"primaryImageOfPage\":{\"@id\":\"https:\/\/alimagro.es\/2025\/09\/15\/la-sexta-edicion-de-alimagro-vuelve-a-ser-un-exito\/#primaryimage\"},\"image\":{\"@id\":\"https:\/\/alimagro.es\/2025\/09\/15\/la-sexta-edicion-de-alimagro-vuelve-a-ser-un-exito\/#primaryimage\"},\"thumbnailUrl\":\"https:\/\/alimagro.es\/wp-content\/uploads\/2025\/09\/IMG_0092.jpeg\",\"datePublished\":\"2025-09-15T12:58:35+00:00\",\"dateModified\":\"2025-09-15T12:58:37+00:00\",\"breadcrumb\":{\"@id\":\"https:\/\/alimagro.es\/2025\/09\/15\/la-sexta-edicion-de-alimagro-vuelve-a-ser-un-exito\/#breadcrumb\"},\"inLanguage\":\"es\",\"potentialAction\":[{\"@type\":\"ReadAction\",\"target\":[\"https:\/\/alimagro.es\/2025\/09\/15\/la-sexta-edicion-de-alimagro-vuelve-a-ser-un-exito\/\"]}]},{\"@type\":\"ImageObject\",\"inLanguage\":\"es\",\"@id\":\"https:\/\/alimagro.es\/2025\/09\/15\/la-sexta-edicion-de-alimagro-vuelve-a-ser-un-exito\/#primaryimage\",\"url\":\"https:\/\/alimagro.es\/wp-content\/uploads\/2025\/09\/IMG_0092.jpeg\",\"contentUrl\":\"https:\/\/alimagro.es\/wp-content\/uploads\/2025\/09\/IMG_0092.jpeg\",\"width\":2048,\"height\":1536},{\"@type\":\"BreadcrumbList\",\"@id\":\"https:\/\/alimagro.es\/2025\/09\/15\/la-sexta-edicion-de-alimagro-vuelve-a-ser-un-exito\/#breadcrumb\",\"itemListElement\":[{\"@type\":\"ListItem\",\"position\":1,\"name\":\"Portada\",\"item\":\"https:\/\/alimagro.es\/\"},{\"@type\":\"ListItem\",\"position\":2,\"name\":\"La sexta edici\u00f3n de Alimagro vuelve a ser un \u00e9xito\"}]},{\"@type\":\"WebSite\",\"@id\":\"https:\/\/alimagro.es\/#website\",\"url\":\"https:\/\/alimagro.es\/\",\"name\":\"Alimagro\",\"description\":\"Alimagro, un evento referente nacional que aglutina las novedades en cuanto al cultivo de patata y la maquinaria agr\u00edcola.\",\"publisher\":{\"@id\":\"https:\/\/alimagro.es\/#organization\"},\"alternateName\":\"Feria del Agro de la Limia\",\"potentialAction\":[{\"@type\":\"SearchAction\",\"target\":{\"@type\":\"EntryPoint\",\"urlTemplate\":\"https:\/\/alimagro.es\/?s={search_term_string}\"},\"query-input\":{\"@type\":\"PropertyValueSpecification\",\"valueRequired\":true,\"valueName\":\"search_term_string\"}}],\"inLanguage\":\"es\"},{\"@type\":\"Organization\",\"@id\":\"https:\/\/alimagro.es\/#organization\",\"name\":\"Alimagro\",\"url\":\"https:\/\/alimagro.es\/\",\"logo\":{\"@type\":\"ImageObject\",\"inLanguage\":\"es\",\"@id\":\"https:\/\/alimagro.es\/#\/schema\/logo\/image\/\",\"url\":\"https:\/\/alimagro.es\/wp-content\/uploads\/2023\/07\/alimagro-logo-verde.png\",\"contentUrl\":\"https:\/\/alimagro.es\/wp-content\/uploads\/2023\/07\/alimagro-logo-verde.png\",\"width\":500,\"height\":96,\"caption\":\"Alimagro\"},\"image\":{\"@id\":\"https:\/\/alimagro.es\/#\/schema\/logo\/image\/\"},\"sameAs\":[\"https:\/\/www.facebook.com\/people\/Alimagro\/100095025612077\/\",\"https:\/\/www.instagram.com\/alimagro_\/\"]},{\"@type\":\"Person\",\"@id\":\"https:\/\/alimagro.es\/#\/schema\/person\/bc44f5e9369a82c257b6986e3f8975c0\",\"name\":\"Natalia Lozano\",\"image\":{\"@type\":\"ImageObject\",\"inLanguage\":\"es\",\"@id\":\"https:\/\/alimagro.es\/#\/schema\/person\/image\/\",\"url\":\"https:\/\/secure.gravatar.com\/avatar\/991138ad631ca80bc76a5a37776a93fa95e294a4ec8574aad5d9b638272a4290?s=96&d=mm&r=g\",\"contentUrl\":\"https:\/\/secure.gravatar.com\/avatar\/991138ad631ca80bc76a5a37776a93fa95e294a4ec8574aad5d9b638272a4290?s=96&d=mm&r=g\",\"caption\":\"Natalia Lozano\"},\"url\":\"https:\/\/alimagro.es\/es_es\/author\/natali\/\"}]}<\/script>\n<!-- \/ Yoast SEO plugin. -->",
    "yoast_head_json": {
        "title": "La sexta edici\u00f3n de Alimagro vuelve a ser un \u00e9xito | Alimagro",
        "robots": {
            "index": "index",
            "follow": "follow",
            "max-snippet": "max-snippet:-1",
            "max-image-preview": "max-image-preview:large",
            "max-video-preview": "max-video-preview:-1"
        },
        "canonical": "https:\/\/alimagro.es\/es_es\/2025\/09\/15\/la-sexta-edicion-de-alimagro-vuelve-a-ser-un-exito\/",
        "og_locale": "es_ES",
        "og_type": "article",
        "og_title": "La sexta edici\u00f3n de Alimagro vuelve a ser un \u00e9xito | Alimagro",
        "og_description": "Esta feria, ya consolidada en el calendario del sector de la patata ha reunido a productores, empresas y administraciones en torno a uno de los cultivos m\u00e1s emblem\u00e1ticos de la comarca La feria que acogi\u00f3 en el primer fin de semana de septiembre a miles de visitantes es ya un evento reconocido a nivel nacional. [&hellip;]",
        "og_url": "https:\/\/alimagro.es\/es_es\/2025\/09\/15\/la-sexta-edicion-de-alimagro-vuelve-a-ser-un-exito\/",
        "og_site_name": "Alimagro",
        "article_publisher": "https:\/\/www.facebook.com\/people\/Alimagro\/100095025612077\/",
        "article_published_time": "2025-09-15T12:58:35+00:00",
        "article_modified_time": "2025-09-15T12:58:37+00:00",
        "og_image": [
            {
                "width": 2048,
                "height": 1536,
                "url": "https:\/\/alimagro.es\/wp-content\/uploads\/2025\/09\/IMG_0092.jpeg",
                "type": "image\/jpeg"
            }
        ],
        "author": "Natalia Lozano",
        "twitter_card": "summary_large_image",
        "twitter_misc": {
            "Escrito por": "Natalia Lozano",
            "Tiempo de lectura": "4 minutos"
        },
        "schema": {
            "@context": "https:\/\/schema.org",
            "@graph": [
                {
                    "@type": "Article",
                    "@id": "https:\/\/alimagro.es\/2025\/09\/15\/la-sexta-edicion-de-alimagro-vuelve-a-ser-un-exito\/#article",
                    "isPartOf": {
                        "@id": "https:\/\/alimagro.es\/2025\/09\/15\/la-sexta-edicion-de-alimagro-vuelve-a-ser-un-exito\/"
                    },
                    "author": {
                        "name": "Natalia Lozano",
                        "@id": "https:\/\/alimagro.es\/#\/schema\/person\/bc44f5e9369a82c257b6986e3f8975c0"
                    },
                    "headline": "La sexta edici\u00f3n de Alimagro vuelve a ser un \u00e9xito",
                    "datePublished": "2025-09-15T12:58:35+00:00",
                    "dateModified": "2025-09-15T12:58:37+00:00",
                    "mainEntityOfPage": {
                        "@id": "https:\/\/alimagro.es\/2025\/09\/15\/la-sexta-edicion-de-alimagro-vuelve-a-ser-un-exito\/"
                    },
                    "wordCount": 605,
                    "publisher": {
                        "@id": "https:\/\/alimagro.es\/#organization"
                    },
                    "image": {
                        "@id": "https:\/\/alimagro.es\/2025\/09\/15\/la-sexta-edicion-de-alimagro-vuelve-a-ser-un-exito\/#primaryimage"
                    },
                    "thumbnailUrl": "https:\/\/alimagro.es\/wp-content\/uploads\/2025\/09\/IMG_0092.jpeg",
                    "keywords": [
                        "agricultores",
                        "Alimagro",
                        "cata",
                        "Patata"
                    ],
                    "articleSection": [
                        "Alimagro"
                    ],
                    "inLanguage": "es"
                },
                {
                    "@type": "WebPage",
                    "@id": "https:\/\/alimagro.es\/2025\/09\/15\/la-sexta-edicion-de-alimagro-vuelve-a-ser-un-exito\/",
                    "url": "https:\/\/alimagro.es\/2025\/09\/15\/la-sexta-edicion-de-alimagro-vuelve-a-ser-un-exito\/",
                    "name": "La sexta edici\u00f3n de Alimagro vuelve a ser un \u00e9xito | Alimagro",
                    "isPartOf": {
                        "@id": "https:\/\/alimagro.es\/#website"
                    },
                    "primaryImageOfPage": {
                        "@id": "https:\/\/alimagro.es\/2025\/09\/15\/la-sexta-edicion-de-alimagro-vuelve-a-ser-un-exito\/#primaryimage"
                    },
                    "image": {
                        "@id": "https:\/\/alimagro.es\/2025\/09\/15\/la-sexta-edicion-de-alimagro-vuelve-a-ser-un-exito\/#primaryimage"
                    },
                    "thumbnailUrl": "https:\/\/alimagro.es\/wp-content\/uploads\/2025\/09\/IMG_0092.jpeg",
                    "datePublished": "2025-09-15T12:58:35+00:00",
                    "dateModified": "2025-09-15T12:58:37+00:00",
                    "breadcrumb": {
                        "@id": "https:\/\/alimagro.es\/2025\/09\/15\/la-sexta-edicion-de-alimagro-vuelve-a-ser-un-exito\/#breadcrumb"
                    },
                    "inLanguage": "es",
                    "potentialAction": [
                        {
                            "@type": "ReadAction",
                            "target": [
                                "https:\/\/alimagro.es\/2025\/09\/15\/la-sexta-edicion-de-alimagro-vuelve-a-ser-un-exito\/"
                            ]
                        }
                    ]
                },
                {
                    "@type": "ImageObject",
                    "inLanguage": "es",
                    "@id": "https:\/\/alimagro.es\/2025\/09\/15\/la-sexta-edicion-de-alimagro-vuelve-a-ser-un-exito\/#primaryimage",
                    "url": "https:\/\/alimagro.es\/wp-content\/uploads\/2025\/09\/IMG_0092.jpeg",
                    "contentUrl": "https:\/\/alimagro.es\/wp-content\/uploads\/2025\/09\/IMG_0092.jpeg",
                    "width": 2048,
                    "height": 1536
                },
                {
                    "@type": "BreadcrumbList",
                    "@id": "https:\/\/alimagro.es\/2025\/09\/15\/la-sexta-edicion-de-alimagro-vuelve-a-ser-un-exito\/#breadcrumb",
                    "itemListElement": [
                        {
                            "@type": "ListItem",
                            "position": 1,
                            "name": "Portada",
                            "item": "https:\/\/alimagro.es\/"
                        },
                        {
                            "@type": "ListItem",
                            "position": 2,
                            "name": "La sexta edici\u00f3n de Alimagro vuelve a ser un \u00e9xito"
                        }
                    ]
                },
                {
                    "@type": "WebSite",
                    "@id": "https:\/\/alimagro.es\/#website",
                    "url": "https:\/\/alimagro.es\/",
                    "name": "Alimagro",
                    "description": "Alimagro, un evento referente nacional que aglutina las novedades en cuanto al cultivo de patata y la maquinaria agr\u00edcola.",
                    "publisher": {
                        "@id": "https:\/\/alimagro.es\/#organization"
                    },
                    "alternateName": "Feria del Agro de la Limia",
                    "potentialAction": [
                        {
                            "@type": "SearchAction",
                            "target": {
                                "@type": "EntryPoint",
                                "urlTemplate": "https:\/\/alimagro.es\/?s={search_term_string}"
                            },
                            "query-input": {
                                "@type": "PropertyValueSpecification",
                                "valueRequired": true,
                                "valueName": "search_term_string"
                            }
                        }
                    ],
                    "inLanguage": "es"
                },
                {
                    "@type": "Organization",
                    "@id": "https:\/\/alimagro.es\/#organization",
                    "name": "Alimagro",
                    "url": "https:\/\/alimagro.es\/",
                    "logo": {
                        "@type": "ImageObject",
                        "inLanguage": "es",
                        "@id": "https:\/\/alimagro.es\/#\/schema\/logo\/image\/",
                        "url": "https:\/\/alimagro.es\/wp-content\/uploads\/2023\/07\/alimagro-logo-verde.png",
                        "contentUrl": "https:\/\/alimagro.es\/wp-content\/uploads\/2023\/07\/alimagro-logo-verde.png",
                        "width": 500,
                        "height": 96,
                        "caption": "Alimagro"
                    },
                    "image": {
                        "@id": "https:\/\/alimagro.es\/#\/schema\/logo\/image\/"
                    },
                    "sameAs": [
                        "https:\/\/www.facebook.com\/people\/Alimagro\/100095025612077\/",
                        "https:\/\/www.instagram.com\/alimagro_\/"
                    ]
                },
                {
                    "@type": "Person",
                    "@id": "https:\/\/alimagro.es\/#\/schema\/person\/bc44f5e9369a82c257b6986e3f8975c0",
                    "name": "Natalia Lozano",
                    "image": {
                        "@type": "ImageObject",
                        "inLanguage": "es",
                        "@id": "https:\/\/alimagro.es\/#\/schema\/person\/image\/",
                        "url": "https:\/\/secure.gravatar.com\/avatar\/991138ad631ca80bc76a5a37776a93fa95e294a4ec8574aad5d9b638272a4290?s=96&d=mm&r=g",
                        "contentUrl": "https:\/\/secure.gravatar.com\/avatar\/991138ad631ca80bc76a5a37776a93fa95e294a4ec8574aad5d9b638272a4290?s=96&d=mm&r=g",
                        "caption": "Natalia Lozano"
                    },
                    "url": "https:\/\/alimagro.es\/es_es\/author\/natali\/"
                }
            ]
        }
    },
    "_links": {
        "self": [
            {
                "href": "https:\/\/alimagro.es\/es_es\/wp-json\/wp\/v2\/posts\/1366",
                "targetHints": {
                    "allow": [
                        "GET"
                    ]
                }
            }
        ],
        "collection": [
            {
                "href": "https:\/\/alimagro.es\/es_es\/wp-json\/wp\/v2\/posts"
            }
        ],
        "about": [
            {
                "href": "https:\/\/alimagro.es\/es_es\/wp-json\/wp\/v2\/types\/post"
            }
        ],
        "author": [
            {
                "embeddable": true,
                "href": "https:\/\/alimagro.es\/es_es\/wp-json\/wp\/v2\/users\/11"
            }
        ],
        "replies": [
            {
                "embeddable": true,
                "href": "https:\/\/alimagro.es\/es_es\/wp-json\/wp\/v2\/comments?post=1366"
            }
        ],
        "version-history": [
            {
                "count": 2,
                "href": "https:\/\/alimagro.es\/es_es\/wp-json\/wp\/v2\/posts\/1366\/revisions"
            }
        ],
        "predecessor-version": [
            {
                "id": 1372,
                "href": "https:\/\/alimagro.es\/es_es\/wp-json\/wp\/v2\/posts\/1366\/revisions\/1372"
            }
        ],
        "wp:featuredmedia": [
            {
                "embeddable": true,
                "href": "https:\/\/alimagro.es\/es_es\/wp-json\/wp\/v2\/media\/1367"
            }
        ],
        "wp:attachment": [
            {
                "href": "https:\/\/alimagro.es\/es_es\/wp-json\/wp\/v2\/media?parent=1366"
            }
        ],
        "wp:term": [
            {
                "taxonomy": "category",
                "embeddable": true,
                "href": "https:\/\/alimagro.es\/es_es\/wp-json\/wp\/v2\/categories?post=1366"
            },
            {
                "taxonomy": "post_tag",
                "embeddable": true,
                "href": "https:\/\/alimagro.es\/es_es\/wp-json\/wp\/v2\/tags?post=1366"
            }
        ],
        "curies": [
            {
                "name": "wp",
                "href": "https:\/\/api.w.org\/{rel}",
                "templated": true
            }
        ]
    }
}