{
    "id": 1329,
    "date": "2025-09-03T10:59:44",
    "date_gmt": "2025-09-03T08:59:44",
    "guid": {
        "rendered": "https:\/\/alimagro.es\/?p=1329"
    },
    "modified": "2025-09-03T11:42:19",
    "modified_gmt": "2025-09-03T09:42:19",
    "slug": "inscribete-en-la-i-cata-concurso-para-encontrar-la-mejor-patata-del-ano",
    "status": "publish",
    "type": "post",
    "link": "https:\/\/alimagro.es\/es_es\/2025\/09\/03\/inscribete-en-la-i-cata-concurso-para-encontrar-la-mejor-patata-del-ano\/",
    "title": {
        "rendered": "Inscr\u00edbete en la I Cata-Concurso para encontrar la mejor patata del a\u00f1o"
    },
    "content": {
        "rendered": "<p>La Asociaci\u00f3n de Pueblos Productores de Patata ha escogido la Feria Alimagro para celebrar <strong>la I Cata \u2013 Concurso de Patatas<\/strong>. Este certamen, que se celebrar\u00e1 el\u00a0<strong>viernes 5 de septiembre a las 19:00 h.<\/strong>\u00a0en la carpa de la feria, busca reconocer y premiar la excelencia entre las m\u00faltiples variedades que enriquecen nuestra gastronom\u00eda.<\/p>\n\n\n\n<h2 class=\"wp-block-heading\">\u00a1Convi\u00e9rtete en jurado y elige la mejor patata del a\u00f1o!<\/h2>\n\n\n\n<p>Adem\u00e1s de los maestros catadores, se abre la oportunidad a cualquier aficionado a la gastronom\u00eda de participar activamente en el concurso. La Asociaci\u00f3n de Pueblos Productores de Patata invita al p\u00fablico a formar parte del jurado popular y ser protagonista de esta cata hist\u00f3rica.<\/p>\n\n\n\n<p>Si quieres convertirte en catador por un d\u00eda y ayudar a elegir la mejor patata, inscr\u00edbete en el siguiente enlace:&nbsp;<a href=\"https:\/\/pueblosproductoresdepatata.es\/inscripcion-cata\/\" target=\"_blank\" rel=\"noreferrer noopener\"><strong>https:\/\/pueblosproductoresdepatata.es\/inscripcion-cata\/<\/strong><\/a><\/p>\n\n\n\n<p>El evento pondr\u00e1 de relieve el amplio patrimonio de la patata en Espa\u00f1a. Los&nbsp;<strong>maestros catadores<\/strong>&nbsp;evaluar\u00e1n seis variedades, cada una con su textura, sabor y aroma \u00fanicos, presentadas por los pueblos productores. El objetivo es simple pero ambicioso: coronar a una de estas variedades como&nbsp;<strong>la Mejor Patata del A\u00f1o<\/strong>, destacando el valor de la agricultura local y el esfuerzo de los municipios productores que preservan esta riqueza varietal.<\/p>\n\n\n\n<p>Las\u00a0<strong>6 variedades<\/strong>\u00a0que competir\u00e1n en esta primera edici\u00f3n son:<\/p>\n\n\n\n<ul class=\"wp-block-list\">\n<li><strong>Spunta<\/strong>, de Sanl\u00facar de Barrameda (C\u00e1diz)<\/li>\n\n\n\n<li><strong>Soprano<\/strong>, de Cartagena (Murcia)<\/li>\n\n\n\n<li><strong>Donata<\/strong>, de Medina del Campo (Valladolid)<\/li>\n\n\n\n<li><strong>Kennebec<\/strong>, de Coristanco (A Coru\u00f1a)<\/li>\n\n\n\n<li><strong>Agria<\/strong>, de Xinzo de Limia (Ourense)<\/li>\n\n\n\n<li><strong>Cimega<\/strong>, de La Rinconada (Sevilla)<\/li>\n<\/ul>\n\n\n\n<p><strong>Sobre la Asociaci\u00f3n de Pueblos Productores de Patata<\/strong><\/p>\n\n\n\n<p>La Asociaci\u00f3n de Pueblos Productores de Patata es una red de municipios pionera en la pen\u00ednsula ib\u00e9rica. Esta iniciativa busca poner en valor un cultivo tan estrat\u00e9gico y fundamental como es la patata.<\/p>\n\n\n\n<p>Bajo el lema \u00abla uni\u00f3n hace la fuerza\u00bb, la asociaci\u00f3n es consciente de que solo trabajando en conjunto se pueden enfrentar los retos del sector. A trav\u00e9s de esta red, se promueve la defensa del cultivo, se alimenta la cultura gastron\u00f3mica en torno a la patata, se impulsan los intercambios comerciales y se consolida la industria transformadora.<\/p>",
        "protected": false
    },
    "excerpt": {
        "rendered": "<p>La Asociaci\u00f3n de Pueblos Productores de Patata ha escogido la Feria Alimagro para celebrar la I Cata \u2013 Concurso de Patatas. Este certamen, que se celebrar\u00e1 el\u00a0viernes 5 de septiembre a las 19:00 h.\u00a0en la carpa de la feria, busca reconocer y premiar la excelencia entre las m\u00faltiples variedades que enriquecen nuestra gastronom\u00eda. \u00a1Convi\u00e9rtete en [&hellip;]<\/p>",
        "protected": false
    },
    "author": 11,
    "featured_media": 1330,
    "comment_status": "closed",
    "ping_status": "closed",
    "sticky": false,
    "template": "",
    "format": "standard",
    "meta": {
        "ngg_post_thumbnail": 0,
        "footnotes": ""
    },
    "categories": [
        77,
        76
    ],
    "tags": [
        93,
        95,
        97,
        74
    ],
    "class_list": {
        "0": "post-1329",
        "1": "post",
        "2": "type-post",
        "3": "status-publish",
        "4": "format-standard",
        "5": "has-post-thumbnail",
        "7": "category-alimagro",
        "8": "category-general",
        "9": "tag-cata",
        "10": "tag-concurso",
        "11": "tag-jurado",
        "12": "tag-pataca"
    },
    "yoast_head": "<!-- This site is optimized with the Yoast SEO plugin v25.8 - https:\/\/yoast.com\/wordpress\/plugins\/seo\/ -->\n<title>Inscr\u00edbete en la I Cata-Concurso para encontrar la mejor patata del a\u00f1o | Alimagro<\/title>\n<meta name=\"robots\" content=\"index, follow, max-snippet:-1, max-image-preview:large, max-video-preview:-1\" \/>\n<link rel=\"canonical\" href=\"https:\/\/alimagro.es\/es_es\/2025\/09\/03\/inscribete-en-la-i-cata-concurso-para-encontrar-la-mejor-patata-del-ano\/\" \/>\n<meta property=\"og:locale\" content=\"es_ES\" \/>\n<meta property=\"og:type\" content=\"article\" \/>\n<meta property=\"og:title\" content=\"Inscr\u00edbete en la I Cata-Concurso para encontrar la mejor patata del a\u00f1o | Alimagro\" \/>\n<meta property=\"og:description\" content=\"La Asociaci\u00f3n de Pueblos Productores de Patata ha escogido la Feria Alimagro para celebrar la I Cata \u2013 Concurso de Patatas. Este certamen, que se celebrar\u00e1 el\u00a0viernes 5 de septiembre a las 19:00 h.\u00a0en la carpa de la feria, busca reconocer y premiar la excelencia entre las m\u00faltiples variedades que enriquecen nuestra gastronom\u00eda. \u00a1Convi\u00e9rtete en [&hellip;]\" \/>\n<meta property=\"og:url\" content=\"https:\/\/alimagro.es\/es_es\/2025\/09\/03\/inscribete-en-la-i-cata-concurso-para-encontrar-la-mejor-patata-del-ano\/\" \/>\n<meta property=\"og:site_name\" content=\"Alimagro\" \/>\n<meta property=\"article:publisher\" content=\"https:\/\/www.facebook.com\/people\/Alimagro\/100095025612077\/\" \/>\n<meta property=\"article:published_time\" content=\"2025-09-03T08:59:44+00:00\" \/>\n<meta property=\"article:modified_time\" content=\"2025-09-03T09:42:19+00:00\" \/>\n<meta property=\"og:image\" content=\"https:\/\/alimagro.es\/wp-content\/uploads\/2025\/09\/Cata-Pueblos-Productores-de-Patata-Alimagro-2025-4.jpg\" \/>\n\t<meta property=\"og:image:width\" content=\"1001\" \/>\n\t<meta property=\"og:image:height\" content=\"601\" \/>\n\t<meta property=\"og:image:type\" content=\"image\/jpeg\" \/>\n<meta name=\"author\" content=\"Natalia Lozano\" \/>\n<meta name=\"twitter:card\" content=\"summary_large_image\" \/>\n<meta name=\"twitter:label1\" content=\"Escrito por\" \/>\n\t<meta name=\"twitter:data1\" content=\"Natalia Lozano\" \/>\n\t<meta name=\"twitter:label2\" content=\"Tiempo de lectura\" \/>\n\t<meta name=\"twitter:data2\" content=\"2 minutos\" \/>\n<script type=\"application\/ld+json\" class=\"yoast-schema-graph\">{\"@context\":\"https:\/\/schema.org\",\"@graph\":[{\"@type\":\"Article\",\"@id\":\"https:\/\/alimagro.es\/2025\/09\/03\/inscribete-en-la-i-cata-concurso-para-encontrar-la-mejor-patata-del-ano\/#article\",\"isPartOf\":{\"@id\":\"https:\/\/alimagro.es\/2025\/09\/03\/inscribete-en-la-i-cata-concurso-para-encontrar-la-mejor-patata-del-ano\/\"},\"author\":{\"name\":\"Natalia Lozano\",\"@id\":\"https:\/\/alimagro.es\/#\/schema\/person\/bc44f5e9369a82c257b6986e3f8975c0\"},\"headline\":\"Inscr\u00edbete en la I Cata-Concurso para encontrar la mejor patata del a\u00f1o\",\"datePublished\":\"2025-09-03T08:59:44+00:00\",\"dateModified\":\"2025-09-03T09:42:19+00:00\",\"mainEntityOfPage\":{\"@id\":\"https:\/\/alimagro.es\/2025\/09\/03\/inscribete-en-la-i-cata-concurso-para-encontrar-la-mejor-patata-del-ano\/\"},\"wordCount\":386,\"publisher\":{\"@id\":\"https:\/\/alimagro.es\/#organization\"},\"image\":{\"@id\":\"https:\/\/alimagro.es\/2025\/09\/03\/inscribete-en-la-i-cata-concurso-para-encontrar-la-mejor-patata-del-ano\/#primaryimage\"},\"thumbnailUrl\":\"https:\/\/alimagro.es\/wp-content\/uploads\/2025\/09\/Cata-Pueblos-Productores-de-Patata-Alimagro-2025-4.jpg\",\"keywords\":[\"cata\",\"concurso\",\"jurado\",\"pataca\"],\"articleSection\":[\"Alimagro\",\"General\"],\"inLanguage\":\"es\"},{\"@type\":\"WebPage\",\"@id\":\"https:\/\/alimagro.es\/2025\/09\/03\/inscribete-en-la-i-cata-concurso-para-encontrar-la-mejor-patata-del-ano\/\",\"url\":\"https:\/\/alimagro.es\/2025\/09\/03\/inscribete-en-la-i-cata-concurso-para-encontrar-la-mejor-patata-del-ano\/\",\"name\":\"Inscr\u00edbete en la I Cata-Concurso para encontrar la mejor patata del a\u00f1o | Alimagro\",\"isPartOf\":{\"@id\":\"https:\/\/alimagro.es\/#website\"},\"primaryImageOfPage\":{\"@id\":\"https:\/\/alimagro.es\/2025\/09\/03\/inscribete-en-la-i-cata-concurso-para-encontrar-la-mejor-patata-del-ano\/#primaryimage\"},\"image\":{\"@id\":\"https:\/\/alimagro.es\/2025\/09\/03\/inscribete-en-la-i-cata-concurso-para-encontrar-la-mejor-patata-del-ano\/#primaryimage\"},\"thumbnailUrl\":\"https:\/\/alimagro.es\/wp-content\/uploads\/2025\/09\/Cata-Pueblos-Productores-de-Patata-Alimagro-2025-4.jpg\",\"datePublished\":\"2025-09-03T08:59:44+00:00\",\"dateModified\":\"2025-09-03T09:42:19+00:00\",\"breadcrumb\":{\"@id\":\"https:\/\/alimagro.es\/2025\/09\/03\/inscribete-en-la-i-cata-concurso-para-encontrar-la-mejor-patata-del-ano\/#breadcrumb\"},\"inLanguage\":\"es\",\"potentialAction\":[{\"@type\":\"ReadAction\",\"target\":[\"https:\/\/alimagro.es\/2025\/09\/03\/inscribete-en-la-i-cata-concurso-para-encontrar-la-mejor-patata-del-ano\/\"]}]},{\"@type\":\"ImageObject\",\"inLanguage\":\"es\",\"@id\":\"https:\/\/alimagro.es\/2025\/09\/03\/inscribete-en-la-i-cata-concurso-para-encontrar-la-mejor-patata-del-ano\/#primaryimage\",\"url\":\"https:\/\/alimagro.es\/wp-content\/uploads\/2025\/09\/Cata-Pueblos-Productores-de-Patata-Alimagro-2025-4.jpg\",\"contentUrl\":\"https:\/\/alimagro.es\/wp-content\/uploads\/2025\/09\/Cata-Pueblos-Productores-de-Patata-Alimagro-2025-4.jpg\",\"width\":1001,\"height\":601},{\"@type\":\"BreadcrumbList\",\"@id\":\"https:\/\/alimagro.es\/2025\/09\/03\/inscribete-en-la-i-cata-concurso-para-encontrar-la-mejor-patata-del-ano\/#breadcrumb\",\"itemListElement\":[{\"@type\":\"ListItem\",\"position\":1,\"name\":\"Portada\",\"item\":\"https:\/\/alimagro.es\/\"},{\"@type\":\"ListItem\",\"position\":2,\"name\":\"Inscr\u00edbete en la I Cata-Concurso para encontrar la mejor patata del a\u00f1o\"}]},{\"@type\":\"WebSite\",\"@id\":\"https:\/\/alimagro.es\/#website\",\"url\":\"https:\/\/alimagro.es\/\",\"name\":\"Alimagro\",\"description\":\"Alimagro, un evento referente nacional que aglutina las novedades en cuanto al cultivo de patata y la maquinaria agr\u00edcola.\",\"publisher\":{\"@id\":\"https:\/\/alimagro.es\/#organization\"},\"alternateName\":\"Feria del Agro de la Limia\",\"potentialAction\":[{\"@type\":\"SearchAction\",\"target\":{\"@type\":\"EntryPoint\",\"urlTemplate\":\"https:\/\/alimagro.es\/?s={search_term_string}\"},\"query-input\":{\"@type\":\"PropertyValueSpecification\",\"valueRequired\":true,\"valueName\":\"search_term_string\"}}],\"inLanguage\":\"es\"},{\"@type\":\"Organization\",\"@id\":\"https:\/\/alimagro.es\/#organization\",\"name\":\"Alimagro\",\"url\":\"https:\/\/alimagro.es\/\",\"logo\":{\"@type\":\"ImageObject\",\"inLanguage\":\"es\",\"@id\":\"https:\/\/alimagro.es\/#\/schema\/logo\/image\/\",\"url\":\"https:\/\/alimagro.es\/wp-content\/uploads\/2023\/07\/alimagro-logo-verde.png\",\"contentUrl\":\"https:\/\/alimagro.es\/wp-content\/uploads\/2023\/07\/alimagro-logo-verde.png\",\"width\":500,\"height\":96,\"caption\":\"Alimagro\"},\"image\":{\"@id\":\"https:\/\/alimagro.es\/#\/schema\/logo\/image\/\"},\"sameAs\":[\"https:\/\/www.facebook.com\/people\/Alimagro\/100095025612077\/\",\"https:\/\/www.instagram.com\/alimagro_\/\"]},{\"@type\":\"Person\",\"@id\":\"https:\/\/alimagro.es\/#\/schema\/person\/bc44f5e9369a82c257b6986e3f8975c0\",\"name\":\"Natalia Lozano\",\"image\":{\"@type\":\"ImageObject\",\"inLanguage\":\"es\",\"@id\":\"https:\/\/alimagro.es\/#\/schema\/person\/image\/\",\"url\":\"https:\/\/secure.gravatar.com\/avatar\/991138ad631ca80bc76a5a37776a93fa95e294a4ec8574aad5d9b638272a4290?s=96&d=mm&r=g\",\"contentUrl\":\"https:\/\/secure.gravatar.com\/avatar\/991138ad631ca80bc76a5a37776a93fa95e294a4ec8574aad5d9b638272a4290?s=96&d=mm&r=g\",\"caption\":\"Natalia Lozano\"},\"url\":\"https:\/\/alimagro.es\/es_es\/author\/natali\/\"}]}<\/script>\n<!-- \/ Yoast SEO plugin. -->",
    "yoast_head_json": {
        "title": "Inscr\u00edbete en la I Cata-Concurso para encontrar la mejor patata del a\u00f1o | Alimagro",
        "robots": {
            "index": "index",
            "follow": "follow",
            "max-snippet": "max-snippet:-1",
            "max-image-preview": "max-image-preview:large",
            "max-video-preview": "max-video-preview:-1"
        },
        "canonical": "https:\/\/alimagro.es\/es_es\/2025\/09\/03\/inscribete-en-la-i-cata-concurso-para-encontrar-la-mejor-patata-del-ano\/",
        "og_locale": "es_ES",
        "og_type": "article",
        "og_title": "Inscr\u00edbete en la I Cata-Concurso para encontrar la mejor patata del a\u00f1o | Alimagro",
        "og_description": "La Asociaci\u00f3n de Pueblos Productores de Patata ha escogido la Feria Alimagro para celebrar la I Cata \u2013 Concurso de Patatas. Este certamen, que se celebrar\u00e1 el\u00a0viernes 5 de septiembre a las 19:00 h.\u00a0en la carpa de la feria, busca reconocer y premiar la excelencia entre las m\u00faltiples variedades que enriquecen nuestra gastronom\u00eda. \u00a1Convi\u00e9rtete en [&hellip;]",
        "og_url": "https:\/\/alimagro.es\/es_es\/2025\/09\/03\/inscribete-en-la-i-cata-concurso-para-encontrar-la-mejor-patata-del-ano\/",
        "og_site_name": "Alimagro",
        "article_publisher": "https:\/\/www.facebook.com\/people\/Alimagro\/100095025612077\/",
        "article_published_time": "2025-09-03T08:59:44+00:00",
        "article_modified_time": "2025-09-03T09:42:19+00:00",
        "og_image": [
            {
                "width": 1001,
                "height": 601,
                "url": "https:\/\/alimagro.es\/wp-content\/uploads\/2025\/09\/Cata-Pueblos-Productores-de-Patata-Alimagro-2025-4.jpg",
                "type": "image\/jpeg"
            }
        ],
        "author": "Natalia Lozano",
        "twitter_card": "summary_large_image",
        "twitter_misc": {
            "Escrito por": "Natalia Lozano",
            "Tiempo de lectura": "2 minutos"
        },
        "schema": {
            "@context": "https:\/\/schema.org",
            "@graph": [
                {
                    "@type": "Article",
                    "@id": "https:\/\/alimagro.es\/2025\/09\/03\/inscribete-en-la-i-cata-concurso-para-encontrar-la-mejor-patata-del-ano\/#article",
                    "isPartOf": {
                        "@id": "https:\/\/alimagro.es\/2025\/09\/03\/inscribete-en-la-i-cata-concurso-para-encontrar-la-mejor-patata-del-ano\/"
                    },
                    "author": {
                        "name": "Natalia Lozano",
                        "@id": "https:\/\/alimagro.es\/#\/schema\/person\/bc44f5e9369a82c257b6986e3f8975c0"
                    },
                    "headline": "Inscr\u00edbete en la I Cata-Concurso para encontrar la mejor patata del a\u00f1o",
                    "datePublished": "2025-09-03T08:59:44+00:00",
                    "dateModified": "2025-09-03T09:42:19+00:00",
                    "mainEntityOfPage": {
                        "@id": "https:\/\/alimagro.es\/2025\/09\/03\/inscribete-en-la-i-cata-concurso-para-encontrar-la-mejor-patata-del-ano\/"
                    },
                    "wordCount": 386,
                    "publisher": {
                        "@id": "https:\/\/alimagro.es\/#organization"
                    },
                    "image": {
                        "@id": "https:\/\/alimagro.es\/2025\/09\/03\/inscribete-en-la-i-cata-concurso-para-encontrar-la-mejor-patata-del-ano\/#primaryimage"
                    },
                    "thumbnailUrl": "https:\/\/alimagro.es\/wp-content\/uploads\/2025\/09\/Cata-Pueblos-Productores-de-Patata-Alimagro-2025-4.jpg",
                    "keywords": [
                        "cata",
                        "concurso",
                        "jurado",
                        "pataca"
                    ],
                    "articleSection": [
                        "Alimagro",
                        "General"
                    ],
                    "inLanguage": "es"
                },
                {
                    "@type": "WebPage",
                    "@id": "https:\/\/alimagro.es\/2025\/09\/03\/inscribete-en-la-i-cata-concurso-para-encontrar-la-mejor-patata-del-ano\/",
                    "url": "https:\/\/alimagro.es\/2025\/09\/03\/inscribete-en-la-i-cata-concurso-para-encontrar-la-mejor-patata-del-ano\/",
                    "name": "Inscr\u00edbete en la I Cata-Concurso para encontrar la mejor patata del a\u00f1o | Alimagro",
                    "isPartOf": {
                        "@id": "https:\/\/alimagro.es\/#website"
                    },
                    "primaryImageOfPage": {
                        "@id": "https:\/\/alimagro.es\/2025\/09\/03\/inscribete-en-la-i-cata-concurso-para-encontrar-la-mejor-patata-del-ano\/#primaryimage"
                    },
                    "image": {
                        "@id": "https:\/\/alimagro.es\/2025\/09\/03\/inscribete-en-la-i-cata-concurso-para-encontrar-la-mejor-patata-del-ano\/#primaryimage"
                    },
                    "thumbnailUrl": "https:\/\/alimagro.es\/wp-content\/uploads\/2025\/09\/Cata-Pueblos-Productores-de-Patata-Alimagro-2025-4.jpg",
                    "datePublished": "2025-09-03T08:59:44+00:00",
                    "dateModified": "2025-09-03T09:42:19+00:00",
                    "breadcrumb": {
                        "@id": "https:\/\/alimagro.es\/2025\/09\/03\/inscribete-en-la-i-cata-concurso-para-encontrar-la-mejor-patata-del-ano\/#breadcrumb"
                    },
                    "inLanguage": "es",
                    "potentialAction": [
                        {
                            "@type": "ReadAction",
                            "target": [
                                "https:\/\/alimagro.es\/2025\/09\/03\/inscribete-en-la-i-cata-concurso-para-encontrar-la-mejor-patata-del-ano\/"
                            ]
                        }
                    ]
                },
                {
                    "@type": "ImageObject",
                    "inLanguage": "es",
                    "@id": "https:\/\/alimagro.es\/2025\/09\/03\/inscribete-en-la-i-cata-concurso-para-encontrar-la-mejor-patata-del-ano\/#primaryimage",
                    "url": "https:\/\/alimagro.es\/wp-content\/uploads\/2025\/09\/Cata-Pueblos-Productores-de-Patata-Alimagro-2025-4.jpg",
                    "contentUrl": "https:\/\/alimagro.es\/wp-content\/uploads\/2025\/09\/Cata-Pueblos-Productores-de-Patata-Alimagro-2025-4.jpg",
                    "width": 1001,
                    "height": 601
                },
                {
                    "@type": "BreadcrumbList",
                    "@id": "https:\/\/alimagro.es\/2025\/09\/03\/inscribete-en-la-i-cata-concurso-para-encontrar-la-mejor-patata-del-ano\/#breadcrumb",
                    "itemListElement": [
                        {
                            "@type": "ListItem",
                            "position": 1,
                            "name": "Portada",
                            "item": "https:\/\/alimagro.es\/"
                        },
                        {
                            "@type": "ListItem",
                            "position": 2,
                            "name": "Inscr\u00edbete en la I Cata-Concurso para encontrar la mejor patata del a\u00f1o"
                        }
                    ]
                },
                {
                    "@type": "WebSite",
                    "@id": "https:\/\/alimagro.es\/#website",
                    "url": "https:\/\/alimagro.es\/",
                    "name": "Alimagro",
                    "description": "Alimagro, un evento referente nacional que aglutina las novedades en cuanto al cultivo de patata y la maquinaria agr\u00edcola.",
                    "publisher": {
                        "@id": "https:\/\/alimagro.es\/#organization"
                    },
                    "alternateName": "Feria del Agro de la Limia",
                    "potentialAction": [
                        {
                            "@type": "SearchAction",
                            "target": {
                                "@type": "EntryPoint",
                                "urlTemplate": "https:\/\/alimagro.es\/?s={search_term_string}"
                            },
                            "query-input": {
                                "@type": "PropertyValueSpecification",
                                "valueRequired": true,
                                "valueName": "search_term_string"
                            }
                        }
                    ],
                    "inLanguage": "es"
                },
                {
                    "@type": "Organization",
                    "@id": "https:\/\/alimagro.es\/#organization",
                    "name": "Alimagro",
                    "url": "https:\/\/alimagro.es\/",
                    "logo": {
                        "@type": "ImageObject",
                        "inLanguage": "es",
                        "@id": "https:\/\/alimagro.es\/#\/schema\/logo\/image\/",
                        "url": "https:\/\/alimagro.es\/wp-content\/uploads\/2023\/07\/alimagro-logo-verde.png",
                        "contentUrl": "https:\/\/alimagro.es\/wp-content\/uploads\/2023\/07\/alimagro-logo-verde.png",
                        "width": 500,
                        "height": 96,
                        "caption": "Alimagro"
                    },
                    "image": {
                        "@id": "https:\/\/alimagro.es\/#\/schema\/logo\/image\/"
                    },
                    "sameAs": [
                        "https:\/\/www.facebook.com\/people\/Alimagro\/100095025612077\/",
                        "https:\/\/www.instagram.com\/alimagro_\/"
                    ]
                },
                {
                    "@type": "Person",
                    "@id": "https:\/\/alimagro.es\/#\/schema\/person\/bc44f5e9369a82c257b6986e3f8975c0",
                    "name": "Natalia Lozano",
                    "image": {
                        "@type": "ImageObject",
                        "inLanguage": "es",
                        "@id": "https:\/\/alimagro.es\/#\/schema\/person\/image\/",
                        "url": "https:\/\/secure.gravatar.com\/avatar\/991138ad631ca80bc76a5a37776a93fa95e294a4ec8574aad5d9b638272a4290?s=96&d=mm&r=g",
                        "contentUrl": "https:\/\/secure.gravatar.com\/avatar\/991138ad631ca80bc76a5a37776a93fa95e294a4ec8574aad5d9b638272a4290?s=96&d=mm&r=g",
                        "caption": "Natalia Lozano"
                    },
                    "url": "https:\/\/alimagro.es\/es_es\/author\/natali\/"
                }
            ]
        }
    },
    "_links": {
        "self": [
            {
                "href": "https:\/\/alimagro.es\/es_es\/wp-json\/wp\/v2\/posts\/1329",
                "targetHints": {
                    "allow": [
                        "GET"
                    ]
                }
            }
        ],
        "collection": [
            {
                "href": "https:\/\/alimagro.es\/es_es\/wp-json\/wp\/v2\/posts"
            }
        ],
        "about": [
            {
                "href": "https:\/\/alimagro.es\/es_es\/wp-json\/wp\/v2\/types\/post"
            }
        ],
        "author": [
            {
                "embeddable": true,
                "href": "https:\/\/alimagro.es\/es_es\/wp-json\/wp\/v2\/users\/11"
            }
        ],
        "replies": [
            {
                "embeddable": true,
                "href": "https:\/\/alimagro.es\/es_es\/wp-json\/wp\/v2\/comments?post=1329"
            }
        ],
        "version-history": [
            {
                "count": 2,
                "href": "https:\/\/alimagro.es\/es_es\/wp-json\/wp\/v2\/posts\/1329\/revisions"
            }
        ],
        "predecessor-version": [
            {
                "id": 1333,
                "href": "https:\/\/alimagro.es\/es_es\/wp-json\/wp\/v2\/posts\/1329\/revisions\/1333"
            }
        ],
        "wp:featuredmedia": [
            {
                "embeddable": true,
                "href": "https:\/\/alimagro.es\/es_es\/wp-json\/wp\/v2\/media\/1330"
            }
        ],
        "wp:attachment": [
            {
                "href": "https:\/\/alimagro.es\/es_es\/wp-json\/wp\/v2\/media?parent=1329"
            }
        ],
        "wp:term": [
            {
                "taxonomy": "category",
                "embeddable": true,
                "href": "https:\/\/alimagro.es\/es_es\/wp-json\/wp\/v2\/categories?post=1329"
            },
            {
                "taxonomy": "post_tag",
                "embeddable": true,
                "href": "https:\/\/alimagro.es\/es_es\/wp-json\/wp\/v2\/tags?post=1329"
            }
        ],
        "curies": [
            {
                "name": "wp",
                "href": "https:\/\/api.w.org\/{rel}",
                "templated": true
            }
        ]
    }
}