{
    "id": 1320,
    "date": "2025-08-29T14:02:10",
    "date_gmt": "2025-08-29T12:02:10",
    "guid": {
        "rendered": "https:\/\/alimagro.es\/?p=1320"
    },
    "modified": "2025-08-29T14:02:12",
    "modified_gmt": "2025-08-29T12:02:12",
    "slug": "mildiu-de-la-patata-ciencia-adaptacion-y-resiliencia-en-tiempos-de-cambio",
    "status": "publish",
    "type": "post",
    "link": "https:\/\/alimagro.es\/es_es\/2025\/08\/29\/mildiu-de-la-patata-ciencia-adaptacion-y-resiliencia-en-tiempos-de-cambio\/",
    "title": {
        "rendered": "Mildiu de la patata: ciencia, adaptaci\u00f3n y resiliencia en tiempos de cambio"
    },
    "content": {
        "rendered": "<p><strong>Bajo este titulo Laura Meno Fari\u00f1as, Ingenier\u00eda Agraria Universidad de Vigo, presentar\u00e1 su ponencia, una de las enfermedades m\u00e1s desafiantes para el cultivo de la patata <\/strong><strong><\/strong><\/p>\n\n\n\n<p><br>\u00a0En una de las ponencias de la <strong>tercera edici\u00f3n<\/strong>\u00a0de la\u00a0<strong>Jornada T\u00e9cnica de la Pataca de la Revista Campo<\/strong>, Laura Meno Fari\u00f1as, Ingenier\u00eda Agraria Universidad de Vigo, hablar\u00e1 del mildiu de la patata, una de las enfermedades m\u00e1s importantes y desafiantes para este cultivo. \u201cVamos a recorrer desde la base cient\u00edfica \u2014c\u00f3mo se desarrolla el pat\u00f3geno y qu\u00e9 factores clim\u00e1ticos lo favorecen\u2014 hasta las herramientas actuales de manejo para su prevenci\u00f3n y control\u201d, indica Laura Meno. Adem\u00e1s, se pondr\u00e1n sobre la mesa temas como las pr\u00e1cticas de manejo integrado, el apoyo de modelos de predicci\u00f3n o la respuesta de diferentes variedades y el uso de la tecnolog\u00eda. Tambi\u00e9n, tendr\u00e1n la oportunidad de reflexionar sobre la resiliencia del sector en un contexto de cambio clim\u00e1tico, \u201cdonde los retos aumentan, pero tambi\u00e9n se abren oportunidades para innovar y ser m\u00e1s sostenibles\u201d.<\/p>\n\n\n\n<p>Las principales claves de la charla ser\u00e1n:<\/p>\n\n\n\n<ul class=\"wp-block-list\">\n<li><strong>Comprender al enemigo<\/strong>: c\u00f3mo act\u00faa el mildiu y por qu\u00e9 sigue siendo una amenaza global.<\/li>\n\n\n\n<li><strong>Cambio clim\u00e1tico<\/strong>: c\u00f3mo las nuevas condiciones ambientales pueden modificar la incidencia y severidad de la enfermedad (A favor o en contra).<\/li>\n\n\n\n<li><strong>Herramientas de adaptaci\u00f3n<\/strong>: desde la gen\u00e9tica hasta la digitalizaci\u00f3n y el uso de sistemas de aviso.<\/li>\n\n\n\n<li><strong>Resiliencia del sector<\/strong>: la importancia de la cooperaci\u00f3n entre agricultores, t\u00e9cnicos, centros de investigaci\u00f3n, industria y gobernantes para mantener la competitividad.<\/li>\n<\/ul>\n\n\n\n<h2 class=\"wp-block-heading\"><strong>Aportaci\u00f3n de estas ponencias al sector<\/strong><\/h2>\n\n\n\n<p>Estas charlas son espacios de intercambio muy valiosos donde los agricultores acceden a informaci\u00f3n actualizada y pr\u00e1ctica, que pueden aplicar directamente en sus explotaciones.<\/p>\n\n\n\n<p>\u201cAl agricultor le permite escuchar experiencias de otros, compartir problemas comunes y conocer soluciones innovadoras. Al mismo tiempo, generan un v\u00ednculo entre la ciencia y el campo, haciendo que la investigaci\u00f3n se traduzca en beneficios reales para este sector\u201d, se\u00f1ala la ponente.<\/p>\n\n\n\n<p>Ferias como ALIMAGRO \u201cno solo visibilizan la importancia de la patata en nuestra econom\u00eda y cultura, sino que adem\u00e1s generan comunidad y ponen en contacto a toda la cadena de valor: agricultores, empresas, distribuidores, investigadores, consumidores y autoridades competentes en materia de agricultura\u201d.<\/p>\n\n\n\n<p>&nbsp;Estas jornadas sirven de plataforma para dinamizar el sector, difunden innovaci\u00f3n y ayudan a reforzar el reconocimiento de un cultivo que, aunque cotidiano, requiere de un gran esfuerzo y conocimiento para producirse con calidad y sostenibilidad.<\/p>",
        "protected": false
    },
    "excerpt": {
        "rendered": "<p>Bajo este titulo Laura Meno Fari\u00f1as, Ingenier\u00eda Agraria Universidad de Vigo, presentar\u00e1 su ponencia, una de las enfermedades m\u00e1s desafiantes para el cultivo de la patata \u00a0En una de las ponencias de la tercera edici\u00f3n\u00a0de la\u00a0Jornada T\u00e9cnica de la Pataca de la Revista Campo, Laura Meno Fari\u00f1as, Ingenier\u00eda Agraria Universidad de Vigo, hablar\u00e1 del mildiu [&hellip;]<\/p>",
        "protected": false
    },
    "author": 11,
    "featured_media": 1323,
    "comment_status": "closed",
    "ping_status": "closed",
    "sticky": false,
    "template": "",
    "format": "standard",
    "meta": {
        "ngg_post_thumbnail": 0,
        "footnotes": ""
    },
    "categories": [
        1
    ],
    "tags": [
        18,
        90,
        92,
        89,
        21,
        91
    ],
    "class_list": {
        "0": "post-1320",
        "1": "post",
        "2": "type-post",
        "3": "status-publish",
        "4": "format-standard",
        "5": "has-post-thumbnail",
        "7": "category-sin-categoria",
        "8": "tag-alimagro",
        "9": "tag-jornada",
        "10": "tag-laura-meno",
        "11": "tag-mildiu",
        "12": "tag-patata",
        "13": "tag-ponencias"
    },
    "yoast_head": "<!-- This site is optimized with the Yoast SEO plugin v25.8 - https:\/\/yoast.com\/wordpress\/plugins\/seo\/ -->\n<title>Mildiu de la patata: ciencia, adaptaci\u00f3n y resiliencia en tiempos de cambio | Alimagro<\/title>\n<meta name=\"robots\" content=\"index, follow, max-snippet:-1, max-image-preview:large, max-video-preview:-1\" \/>\n<link rel=\"canonical\" href=\"https:\/\/alimagro.es\/es_es\/2025\/08\/29\/mildiu-de-la-patata-ciencia-adaptacion-y-resiliencia-en-tiempos-de-cambio\/\" \/>\n<meta property=\"og:locale\" content=\"es_ES\" \/>\n<meta property=\"og:type\" content=\"article\" \/>\n<meta property=\"og:title\" content=\"Mildiu de la patata: ciencia, adaptaci\u00f3n y resiliencia en tiempos de cambio | Alimagro\" \/>\n<meta property=\"og:description\" content=\"Bajo este titulo Laura Meno Fari\u00f1as, Ingenier\u00eda Agraria Universidad de Vigo, presentar\u00e1 su ponencia, una de las enfermedades m\u00e1s desafiantes para el cultivo de la patata \u00a0En una de las ponencias de la tercera edici\u00f3n\u00a0de la\u00a0Jornada T\u00e9cnica de la Pataca de la Revista Campo, Laura Meno Fari\u00f1as, Ingenier\u00eda Agraria Universidad de Vigo, hablar\u00e1 del mildiu [&hellip;]\" \/>\n<meta property=\"og:url\" content=\"https:\/\/alimagro.es\/es_es\/2025\/08\/29\/mildiu-de-la-patata-ciencia-adaptacion-y-resiliencia-en-tiempos-de-cambio\/\" \/>\n<meta property=\"og:site_name\" content=\"Alimagro\" \/>\n<meta property=\"article:publisher\" content=\"https:\/\/www.facebook.com\/people\/Alimagro\/100095025612077\/\" \/>\n<meta property=\"article:published_time\" content=\"2025-08-29T12:02:10+00:00\" \/>\n<meta property=\"article:modified_time\" content=\"2025-08-29T12:02:12+00:00\" \/>\n<meta property=\"og:image\" content=\"https:\/\/alimagro.es\/wp-content\/uploads\/2025\/08\/P1010021-scaled.jpg\" \/>\n\t<meta property=\"og:image:width\" content=\"2560\" \/>\n\t<meta property=\"og:image:height\" content=\"1442\" \/>\n\t<meta property=\"og:image:type\" content=\"image\/jpeg\" \/>\n<meta name=\"author\" content=\"Natalia Lozano\" \/>\n<meta name=\"twitter:card\" content=\"summary_large_image\" \/>\n<meta name=\"twitter:label1\" content=\"Escrito por\" \/>\n\t<meta name=\"twitter:data1\" content=\"Natalia Lozano\" \/>\n\t<meta name=\"twitter:label2\" content=\"Tiempo de lectura\" \/>\n\t<meta name=\"twitter:data2\" content=\"3 minutos\" \/>\n<script type=\"application\/ld+json\" class=\"yoast-schema-graph\">{\"@context\":\"https:\/\/schema.org\",\"@graph\":[{\"@type\":\"Article\",\"@id\":\"https:\/\/alimagro.es\/2025\/08\/29\/mildiu-de-la-patata-ciencia-adaptacion-y-resiliencia-en-tiempos-de-cambio\/#article\",\"isPartOf\":{\"@id\":\"https:\/\/alimagro.es\/2025\/08\/29\/mildiu-de-la-patata-ciencia-adaptacion-y-resiliencia-en-tiempos-de-cambio\/\"},\"author\":{\"name\":\"Natalia Lozano\",\"@id\":\"https:\/\/alimagro.es\/#\/schema\/person\/bc44f5e9369a82c257b6986e3f8975c0\"},\"headline\":\"Mildiu de la patata: ciencia, adaptaci\u00f3n y resiliencia en tiempos de cambio\",\"datePublished\":\"2025-08-29T12:02:10+00:00\",\"dateModified\":\"2025-08-29T12:02:12+00:00\",\"mainEntityOfPage\":{\"@id\":\"https:\/\/alimagro.es\/2025\/08\/29\/mildiu-de-la-patata-ciencia-adaptacion-y-resiliencia-en-tiempos-de-cambio\/\"},\"wordCount\":454,\"publisher\":{\"@id\":\"https:\/\/alimagro.es\/#organization\"},\"image\":{\"@id\":\"https:\/\/alimagro.es\/2025\/08\/29\/mildiu-de-la-patata-ciencia-adaptacion-y-resiliencia-en-tiempos-de-cambio\/#primaryimage\"},\"thumbnailUrl\":\"https:\/\/alimagro.es\/wp-content\/uploads\/2025\/08\/P1010021-scaled.jpg\",\"keywords\":[\"Alimagro\",\"jornada\",\"Laura Meno\",\"Mildiu\",\"Patata\",\"ponencias\"],\"inLanguage\":\"es\"},{\"@type\":\"WebPage\",\"@id\":\"https:\/\/alimagro.es\/2025\/08\/29\/mildiu-de-la-patata-ciencia-adaptacion-y-resiliencia-en-tiempos-de-cambio\/\",\"url\":\"https:\/\/alimagro.es\/2025\/08\/29\/mildiu-de-la-patata-ciencia-adaptacion-y-resiliencia-en-tiempos-de-cambio\/\",\"name\":\"Mildiu de la patata: ciencia, adaptaci\u00f3n y resiliencia en tiempos de cambio | Alimagro\",\"isPartOf\":{\"@id\":\"https:\/\/alimagro.es\/#website\"},\"primaryImageOfPage\":{\"@id\":\"https:\/\/alimagro.es\/2025\/08\/29\/mildiu-de-la-patata-ciencia-adaptacion-y-resiliencia-en-tiempos-de-cambio\/#primaryimage\"},\"image\":{\"@id\":\"https:\/\/alimagro.es\/2025\/08\/29\/mildiu-de-la-patata-ciencia-adaptacion-y-resiliencia-en-tiempos-de-cambio\/#primaryimage\"},\"thumbnailUrl\":\"https:\/\/alimagro.es\/wp-content\/uploads\/2025\/08\/P1010021-scaled.jpg\",\"datePublished\":\"2025-08-29T12:02:10+00:00\",\"dateModified\":\"2025-08-29T12:02:12+00:00\",\"breadcrumb\":{\"@id\":\"https:\/\/alimagro.es\/2025\/08\/29\/mildiu-de-la-patata-ciencia-adaptacion-y-resiliencia-en-tiempos-de-cambio\/#breadcrumb\"},\"inLanguage\":\"es\",\"potentialAction\":[{\"@type\":\"ReadAction\",\"target\":[\"https:\/\/alimagro.es\/2025\/08\/29\/mildiu-de-la-patata-ciencia-adaptacion-y-resiliencia-en-tiempos-de-cambio\/\"]}]},{\"@type\":\"ImageObject\",\"inLanguage\":\"es\",\"@id\":\"https:\/\/alimagro.es\/2025\/08\/29\/mildiu-de-la-patata-ciencia-adaptacion-y-resiliencia-en-tiempos-de-cambio\/#primaryimage\",\"url\":\"https:\/\/alimagro.es\/wp-content\/uploads\/2025\/08\/P1010021-scaled.jpg\",\"contentUrl\":\"https:\/\/alimagro.es\/wp-content\/uploads\/2025\/08\/P1010021-scaled.jpg\",\"width\":2560,\"height\":1442},{\"@type\":\"BreadcrumbList\",\"@id\":\"https:\/\/alimagro.es\/2025\/08\/29\/mildiu-de-la-patata-ciencia-adaptacion-y-resiliencia-en-tiempos-de-cambio\/#breadcrumb\",\"itemListElement\":[{\"@type\":\"ListItem\",\"position\":1,\"name\":\"Portada\",\"item\":\"https:\/\/alimagro.es\/\"},{\"@type\":\"ListItem\",\"position\":2,\"name\":\"Mildiu de la patata: ciencia, adaptaci\u00f3n y resiliencia en tiempos de cambio\"}]},{\"@type\":\"WebSite\",\"@id\":\"https:\/\/alimagro.es\/#website\",\"url\":\"https:\/\/alimagro.es\/\",\"name\":\"Alimagro\",\"description\":\"Alimagro, un evento referente nacional que aglutina las novedades en cuanto al cultivo de patata y la maquinaria agr\u00edcola.\",\"publisher\":{\"@id\":\"https:\/\/alimagro.es\/#organization\"},\"alternateName\":\"Feria del Agro de la Limia\",\"potentialAction\":[{\"@type\":\"SearchAction\",\"target\":{\"@type\":\"EntryPoint\",\"urlTemplate\":\"https:\/\/alimagro.es\/?s={search_term_string}\"},\"query-input\":{\"@type\":\"PropertyValueSpecification\",\"valueRequired\":true,\"valueName\":\"search_term_string\"}}],\"inLanguage\":\"es\"},{\"@type\":\"Organization\",\"@id\":\"https:\/\/alimagro.es\/#organization\",\"name\":\"Alimagro\",\"url\":\"https:\/\/alimagro.es\/\",\"logo\":{\"@type\":\"ImageObject\",\"inLanguage\":\"es\",\"@id\":\"https:\/\/alimagro.es\/#\/schema\/logo\/image\/\",\"url\":\"https:\/\/alimagro.es\/wp-content\/uploads\/2023\/07\/alimagro-logo-verde.png\",\"contentUrl\":\"https:\/\/alimagro.es\/wp-content\/uploads\/2023\/07\/alimagro-logo-verde.png\",\"width\":500,\"height\":96,\"caption\":\"Alimagro\"},\"image\":{\"@id\":\"https:\/\/alimagro.es\/#\/schema\/logo\/image\/\"},\"sameAs\":[\"https:\/\/www.facebook.com\/people\/Alimagro\/100095025612077\/\",\"https:\/\/www.instagram.com\/alimagro_\/\"]},{\"@type\":\"Person\",\"@id\":\"https:\/\/alimagro.es\/#\/schema\/person\/bc44f5e9369a82c257b6986e3f8975c0\",\"name\":\"Natalia Lozano\",\"image\":{\"@type\":\"ImageObject\",\"inLanguage\":\"es\",\"@id\":\"https:\/\/alimagro.es\/#\/schema\/person\/image\/\",\"url\":\"https:\/\/secure.gravatar.com\/avatar\/991138ad631ca80bc76a5a37776a93fa95e294a4ec8574aad5d9b638272a4290?s=96&d=mm&r=g\",\"contentUrl\":\"https:\/\/secure.gravatar.com\/avatar\/991138ad631ca80bc76a5a37776a93fa95e294a4ec8574aad5d9b638272a4290?s=96&d=mm&r=g\",\"caption\":\"Natalia Lozano\"},\"url\":\"https:\/\/alimagro.es\/es_es\/author\/natali\/\"}]}<\/script>\n<!-- \/ Yoast SEO plugin. -->",
    "yoast_head_json": {
        "title": "Mildiu de la patata: ciencia, adaptaci\u00f3n y resiliencia en tiempos de cambio | Alimagro",
        "robots": {
            "index": "index",
            "follow": "follow",
            "max-snippet": "max-snippet:-1",
            "max-image-preview": "max-image-preview:large",
            "max-video-preview": "max-video-preview:-1"
        },
        "canonical": "https:\/\/alimagro.es\/es_es\/2025\/08\/29\/mildiu-de-la-patata-ciencia-adaptacion-y-resiliencia-en-tiempos-de-cambio\/",
        "og_locale": "es_ES",
        "og_type": "article",
        "og_title": "Mildiu de la patata: ciencia, adaptaci\u00f3n y resiliencia en tiempos de cambio | Alimagro",
        "og_description": "Bajo este titulo Laura Meno Fari\u00f1as, Ingenier\u00eda Agraria Universidad de Vigo, presentar\u00e1 su ponencia, una de las enfermedades m\u00e1s desafiantes para el cultivo de la patata \u00a0En una de las ponencias de la tercera edici\u00f3n\u00a0de la\u00a0Jornada T\u00e9cnica de la Pataca de la Revista Campo, Laura Meno Fari\u00f1as, Ingenier\u00eda Agraria Universidad de Vigo, hablar\u00e1 del mildiu [&hellip;]",
        "og_url": "https:\/\/alimagro.es\/es_es\/2025\/08\/29\/mildiu-de-la-patata-ciencia-adaptacion-y-resiliencia-en-tiempos-de-cambio\/",
        "og_site_name": "Alimagro",
        "article_publisher": "https:\/\/www.facebook.com\/people\/Alimagro\/100095025612077\/",
        "article_published_time": "2025-08-29T12:02:10+00:00",
        "article_modified_time": "2025-08-29T12:02:12+00:00",
        "og_image": [
            {
                "width": 2560,
                "height": 1442,
                "url": "https:\/\/alimagro.es\/wp-content\/uploads\/2025\/08\/P1010021-scaled.jpg",
                "type": "image\/jpeg"
            }
        ],
        "author": "Natalia Lozano",
        "twitter_card": "summary_large_image",
        "twitter_misc": {
            "Escrito por": "Natalia Lozano",
            "Tiempo de lectura": "3 minutos"
        },
        "schema": {
            "@context": "https:\/\/schema.org",
            "@graph": [
                {
                    "@type": "Article",
                    "@id": "https:\/\/alimagro.es\/2025\/08\/29\/mildiu-de-la-patata-ciencia-adaptacion-y-resiliencia-en-tiempos-de-cambio\/#article",
                    "isPartOf": {
                        "@id": "https:\/\/alimagro.es\/2025\/08\/29\/mildiu-de-la-patata-ciencia-adaptacion-y-resiliencia-en-tiempos-de-cambio\/"
                    },
                    "author": {
                        "name": "Natalia Lozano",
                        "@id": "https:\/\/alimagro.es\/#\/schema\/person\/bc44f5e9369a82c257b6986e3f8975c0"
                    },
                    "headline": "Mildiu de la patata: ciencia, adaptaci\u00f3n y resiliencia en tiempos de cambio",
                    "datePublished": "2025-08-29T12:02:10+00:00",
                    "dateModified": "2025-08-29T12:02:12+00:00",
                    "mainEntityOfPage": {
                        "@id": "https:\/\/alimagro.es\/2025\/08\/29\/mildiu-de-la-patata-ciencia-adaptacion-y-resiliencia-en-tiempos-de-cambio\/"
                    },
                    "wordCount": 454,
                    "publisher": {
                        "@id": "https:\/\/alimagro.es\/#organization"
                    },
                    "image": {
                        "@id": "https:\/\/alimagro.es\/2025\/08\/29\/mildiu-de-la-patata-ciencia-adaptacion-y-resiliencia-en-tiempos-de-cambio\/#primaryimage"
                    },
                    "thumbnailUrl": "https:\/\/alimagro.es\/wp-content\/uploads\/2025\/08\/P1010021-scaled.jpg",
                    "keywords": [
                        "Alimagro",
                        "jornada",
                        "Laura Meno",
                        "Mildiu",
                        "Patata",
                        "ponencias"
                    ],
                    "inLanguage": "es"
                },
                {
                    "@type": "WebPage",
                    "@id": "https:\/\/alimagro.es\/2025\/08\/29\/mildiu-de-la-patata-ciencia-adaptacion-y-resiliencia-en-tiempos-de-cambio\/",
                    "url": "https:\/\/alimagro.es\/2025\/08\/29\/mildiu-de-la-patata-ciencia-adaptacion-y-resiliencia-en-tiempos-de-cambio\/",
                    "name": "Mildiu de la patata: ciencia, adaptaci\u00f3n y resiliencia en tiempos de cambio | Alimagro",
                    "isPartOf": {
                        "@id": "https:\/\/alimagro.es\/#website"
                    },
                    "primaryImageOfPage": {
                        "@id": "https:\/\/alimagro.es\/2025\/08\/29\/mildiu-de-la-patata-ciencia-adaptacion-y-resiliencia-en-tiempos-de-cambio\/#primaryimage"
                    },
                    "image": {
                        "@id": "https:\/\/alimagro.es\/2025\/08\/29\/mildiu-de-la-patata-ciencia-adaptacion-y-resiliencia-en-tiempos-de-cambio\/#primaryimage"
                    },
                    "thumbnailUrl": "https:\/\/alimagro.es\/wp-content\/uploads\/2025\/08\/P1010021-scaled.jpg",
                    "datePublished": "2025-08-29T12:02:10+00:00",
                    "dateModified": "2025-08-29T12:02:12+00:00",
                    "breadcrumb": {
                        "@id": "https:\/\/alimagro.es\/2025\/08\/29\/mildiu-de-la-patata-ciencia-adaptacion-y-resiliencia-en-tiempos-de-cambio\/#breadcrumb"
                    },
                    "inLanguage": "es",
                    "potentialAction": [
                        {
                            "@type": "ReadAction",
                            "target": [
                                "https:\/\/alimagro.es\/2025\/08\/29\/mildiu-de-la-patata-ciencia-adaptacion-y-resiliencia-en-tiempos-de-cambio\/"
                            ]
                        }
                    ]
                },
                {
                    "@type": "ImageObject",
                    "inLanguage": "es",
                    "@id": "https:\/\/alimagro.es\/2025\/08\/29\/mildiu-de-la-patata-ciencia-adaptacion-y-resiliencia-en-tiempos-de-cambio\/#primaryimage",
                    "url": "https:\/\/alimagro.es\/wp-content\/uploads\/2025\/08\/P1010021-scaled.jpg",
                    "contentUrl": "https:\/\/alimagro.es\/wp-content\/uploads\/2025\/08\/P1010021-scaled.jpg",
                    "width": 2560,
                    "height": 1442
                },
                {
                    "@type": "BreadcrumbList",
                    "@id": "https:\/\/alimagro.es\/2025\/08\/29\/mildiu-de-la-patata-ciencia-adaptacion-y-resiliencia-en-tiempos-de-cambio\/#breadcrumb",
                    "itemListElement": [
                        {
                            "@type": "ListItem",
                            "position": 1,
                            "name": "Portada",
                            "item": "https:\/\/alimagro.es\/"
                        },
                        {
                            "@type": "ListItem",
                            "position": 2,
                            "name": "Mildiu de la patata: ciencia, adaptaci\u00f3n y resiliencia en tiempos de cambio"
                        }
                    ]
                },
                {
                    "@type": "WebSite",
                    "@id": "https:\/\/alimagro.es\/#website",
                    "url": "https:\/\/alimagro.es\/",
                    "name": "Alimagro",
                    "description": "Alimagro, un evento referente nacional que aglutina las novedades en cuanto al cultivo de patata y la maquinaria agr\u00edcola.",
                    "publisher": {
                        "@id": "https:\/\/alimagro.es\/#organization"
                    },
                    "alternateName": "Feria del Agro de la Limia",
                    "potentialAction": [
                        {
                            "@type": "SearchAction",
                            "target": {
                                "@type": "EntryPoint",
                                "urlTemplate": "https:\/\/alimagro.es\/?s={search_term_string}"
                            },
                            "query-input": {
                                "@type": "PropertyValueSpecification",
                                "valueRequired": true,
                                "valueName": "search_term_string"
                            }
                        }
                    ],
                    "inLanguage": "es"
                },
                {
                    "@type": "Organization",
                    "@id": "https:\/\/alimagro.es\/#organization",
                    "name": "Alimagro",
                    "url": "https:\/\/alimagro.es\/",
                    "logo": {
                        "@type": "ImageObject",
                        "inLanguage": "es",
                        "@id": "https:\/\/alimagro.es\/#\/schema\/logo\/image\/",
                        "url": "https:\/\/alimagro.es\/wp-content\/uploads\/2023\/07\/alimagro-logo-verde.png",
                        "contentUrl": "https:\/\/alimagro.es\/wp-content\/uploads\/2023\/07\/alimagro-logo-verde.png",
                        "width": 500,
                        "height": 96,
                        "caption": "Alimagro"
                    },
                    "image": {
                        "@id": "https:\/\/alimagro.es\/#\/schema\/logo\/image\/"
                    },
                    "sameAs": [
                        "https:\/\/www.facebook.com\/people\/Alimagro\/100095025612077\/",
                        "https:\/\/www.instagram.com\/alimagro_\/"
                    ]
                },
                {
                    "@type": "Person",
                    "@id": "https:\/\/alimagro.es\/#\/schema\/person\/bc44f5e9369a82c257b6986e3f8975c0",
                    "name": "Natalia Lozano",
                    "image": {
                        "@type": "ImageObject",
                        "inLanguage": "es",
                        "@id": "https:\/\/alimagro.es\/#\/schema\/person\/image\/",
                        "url": "https:\/\/secure.gravatar.com\/avatar\/991138ad631ca80bc76a5a37776a93fa95e294a4ec8574aad5d9b638272a4290?s=96&d=mm&r=g",
                        "contentUrl": "https:\/\/secure.gravatar.com\/avatar\/991138ad631ca80bc76a5a37776a93fa95e294a4ec8574aad5d9b638272a4290?s=96&d=mm&r=g",
                        "caption": "Natalia Lozano"
                    },
                    "url": "https:\/\/alimagro.es\/es_es\/author\/natali\/"
                }
            ]
        }
    },
    "_links": {
        "self": [
            {
                "href": "https:\/\/alimagro.es\/es_es\/wp-json\/wp\/v2\/posts\/1320",
                "targetHints": {
                    "allow": [
                        "GET"
                    ]
                }
            }
        ],
        "collection": [
            {
                "href": "https:\/\/alimagro.es\/es_es\/wp-json\/wp\/v2\/posts"
            }
        ],
        "about": [
            {
                "href": "https:\/\/alimagro.es\/es_es\/wp-json\/wp\/v2\/types\/post"
            }
        ],
        "author": [
            {
                "embeddable": true,
                "href": "https:\/\/alimagro.es\/es_es\/wp-json\/wp\/v2\/users\/11"
            }
        ],
        "replies": [
            {
                "embeddable": true,
                "href": "https:\/\/alimagro.es\/es_es\/wp-json\/wp\/v2\/comments?post=1320"
            }
        ],
        "version-history": [
            {
                "count": 2,
                "href": "https:\/\/alimagro.es\/es_es\/wp-json\/wp\/v2\/posts\/1320\/revisions"
            }
        ],
        "predecessor-version": [
            {
                "id": 1324,
                "href": "https:\/\/alimagro.es\/es_es\/wp-json\/wp\/v2\/posts\/1320\/revisions\/1324"
            }
        ],
        "wp:featuredmedia": [
            {
                "embeddable": true,
                "href": "https:\/\/alimagro.es\/es_es\/wp-json\/wp\/v2\/media\/1323"
            }
        ],
        "wp:attachment": [
            {
                "href": "https:\/\/alimagro.es\/es_es\/wp-json\/wp\/v2\/media?parent=1320"
            }
        ],
        "wp:term": [
            {
                "taxonomy": "category",
                "embeddable": true,
                "href": "https:\/\/alimagro.es\/es_es\/wp-json\/wp\/v2\/categories?post=1320"
            },
            {
                "taxonomy": "post_tag",
                "embeddable": true,
                "href": "https:\/\/alimagro.es\/es_es\/wp-json\/wp\/v2\/tags?post=1320"
            }
        ],
        "curies": [
            {
                "name": "wp",
                "href": "https:\/\/api.w.org\/{rel}",
                "templated": true
            }
        ]
    }
}