{
    "id": 1307,
    "date": "2025-08-28T14:46:27",
    "date_gmt": "2025-08-28T12:46:27",
    "guid": {
        "rendered": "https:\/\/alimagro.es\/?p=1307"
    },
    "modified": "2025-08-28T14:56:28",
    "modified_gmt": "2025-08-28T12:56:28",
    "slug": "estas-jornadas-son-necesarias-para-conocer-las-diversas-realidades-que-tiene-el-sector",
    "status": "publish",
    "type": "post",
    "link": "https:\/\/alimagro.es\/es_es\/2025\/08\/28\/estas-jornadas-son-necesarias-para-conocer-las-diversas-realidades-que-tiene-el-sector\/",
    "title": {
        "rendered": "\u201cEstas jornadas son necesarias para conocer las diversas realidades que tiene el sector\u201d"
    },
    "content": {
        "rendered": "<p><\/p>\n\n\n\n<p>Jos\u00e9 Cortijo de Fertiberia ser\u00e1 el encargado de abrir la Jornada T\u00e9cnica de la Pataca con su ponencia \u00ab\u00bfEstoy en zona vulnerable a Nitratos y ahora qu\u00e9?\u00bb<\/p>\n\n\n\n<p>La tercera edici\u00f3n de la Jornada de la Revista Campo, que se celebrar\u00e1 el pr\u00f3ximo 4 de septiembre en el marco de la feria de Alimagro, servir\u00e1 para <strong>poner en valor uno de los productos estrella de A Limia: la patata.<\/strong><\/p>\n\n\n\n<p>Este evento congregar\u00e1 a agricultores, productores y t\u00e9cnicos, tanto gallegos como llegados de otras partes de Espa\u00f1a, y abordar\u00e1 temas de gran relevancia para la producci\u00f3n patatera a trav\u00e9s de un <strong>completo programa t\u00e9cnico y un debate con expertos del sector.<\/strong><\/p>\n\n\n\n<p>La jornada arrancar\u00e1 a las 19:15 h.&nbsp; de la mano de Jos\u00e9 Cortijo (Fertiberia), quien ofrecer\u00e1 la ponencia \u00ab\u00bfEstoy en zona vulnerable a Nitratos y ahora qu\u00e9?\u00bb.<\/p>\n\n\n\n<p>\u201cEl objetivo es informar a los agricultores y ganaderos que nos acompa\u00f1en, a la III jornada t\u00e9cnica de la pataca, que tienen que tener en cuenta si alguno de los municipios en los que tienen su explotaci\u00f3n agr\u00edcola es declarado como zona vulnerable\u201d, aclara Cortijo.<\/p>\n\n\n\n<p>En la charla de una forma breve, pero a la vez necesaria, explicar\u00e1n que normativas llevan a que haya zonas que se declaren como vulnerables.&nbsp; \u201cUna vez que t\u00fa explotaci\u00f3n es zona vulnerable contaremos que aspectos cambian con respecto a lo que el agricultor estaba haciendo hasta ahora\u201d, indica Cortijo.<\/p>\n\n\n<div class=\"wp-block-image\">\n<figure class=\"alignleft size-large is-resized\"><img loading=\"lazy\" decoding=\"async\" width=\"1024\" height=\"768\" src=\"https:\/\/alimagro.es\/wp-content\/uploads\/2025\/08\/DSCF6228-1024x768.jpg\" alt=\"\" class=\"wp-image-1308\" style=\"width:354px;height:auto\" srcset=\"https:\/\/alimagro.es\/wp-content\/uploads\/2025\/08\/DSCF6228-1024x768.jpg 1024w, https:\/\/alimagro.es\/wp-content\/uploads\/2025\/08\/DSCF6228-300x225.jpg 300w, https:\/\/alimagro.es\/wp-content\/uploads\/2025\/08\/DSCF6228-768x576.jpg 768w, https:\/\/alimagro.es\/wp-content\/uploads\/2025\/08\/DSCF6228-1536x1152.jpg 1536w, https:\/\/alimagro.es\/wp-content\/uploads\/2025\/08\/DSCF6228-2048x1536.jpg 2048w, https:\/\/alimagro.es\/wp-content\/uploads\/2025\/08\/DSCF6228-16x12.jpg 16w, https:\/\/alimagro.es\/wp-content\/uploads\/2025\/08\/DSCF6228-696x522.jpg 696w, https:\/\/alimagro.es\/wp-content\/uploads\/2025\/08\/DSCF6228-1068x801.jpg 1068w, https:\/\/alimagro.es\/wp-content\/uploads\/2025\/08\/DSCF6228-1920x1440.jpg 1920w\" sizes=\"auto, (max-width: 1024px) 100vw, 1024px\" \/><\/figure>\n<\/div>\n\n\n<p>Tambi\u00e9n aclarar\u00e1n aspectos como si al estar en zona vulnerable se pueden seguir aplicando purines y en qu\u00e9 cantidad.<\/p>\n\n\n\n<p>Alimagro se ha convertido en el principal escaparate para los profesionales del sector, gracias a su combinaci\u00f3n de una completa exposici\u00f3n de maquinaria agr\u00edcola de las principales marcas, adem\u00e1s de la promoci\u00f3n de los productos locales y las \u00faltimas innovaciones.<\/p>\n\n\n\n<p><\/p>\n\n\n\n<p>\u201cEstas jornadas son muy necesarias ya que unen a los distintos operadores que gestionan un cultivo tan importante como es la patata\u201d, indica el ponente.<\/p>\n\n\n\n<p>Adem\u00e1s, Cortijo resalta un aspecto positivo de estas jornadas. \u201cJuntar en un mismo encuentro a productores de patata de zonas muy distintas como puede ser Castilla y Le\u00f3n, Galicia y Canarias esto hace enriquecer de una forma muy grande el conocimiento de las diversas realidades que tiene el sector\u201d.<\/p>",
        "protected": false
    },
    "excerpt": {
        "rendered": "<p>Jos\u00e9 Cortijo de Fertiberia ser\u00e1 el encargado de abrir la Jornada T\u00e9cnica de la Pataca con su ponencia \u00ab\u00bfEstoy en zona vulnerable a Nitratos y ahora qu\u00e9?\u00bb La tercera edici\u00f3n de la Jornada de la Revista Campo, que se celebrar\u00e1 el pr\u00f3ximo 4 de septiembre en el marco de la feria de Alimagro, servir\u00e1 para [&hellip;]<\/p>",
        "protected": false
    },
    "author": 11,
    "featured_media": 1309,
    "comment_status": "closed",
    "ping_status": "closed",
    "sticky": false,
    "template": "",
    "format": "standard",
    "meta": {
        "ngg_post_thumbnail": 0,
        "footnotes": ""
    },
    "categories": [
        77
    ],
    "tags": [],
    "class_list": {
        "0": "post-1307",
        "1": "post",
        "2": "type-post",
        "3": "status-publish",
        "4": "format-standard",
        "5": "has-post-thumbnail",
        "7": "category-alimagro"
    },
    "yoast_head": "<!-- This site is optimized with the Yoast SEO plugin v25.8 - https:\/\/yoast.com\/wordpress\/plugins\/seo\/ -->\n<title>\u201cEstas jornadas son necesarias para conocer las diversas realidades que tiene el sector\u201d | Alimagro<\/title>\n<meta name=\"robots\" content=\"index, follow, max-snippet:-1, max-image-preview:large, max-video-preview:-1\" \/>\n<link rel=\"canonical\" href=\"https:\/\/alimagro.es\/es_es\/2025\/08\/28\/estas-jornadas-son-necesarias-para-conocer-las-diversas-realidades-que-tiene-el-sector\/\" \/>\n<meta property=\"og:locale\" content=\"es_ES\" \/>\n<meta property=\"og:type\" content=\"article\" \/>\n<meta property=\"og:title\" content=\"\u201cEstas jornadas son necesarias para conocer las diversas realidades que tiene el sector\u201d | Alimagro\" \/>\n<meta property=\"og:description\" content=\"Jos\u00e9 Cortijo de Fertiberia ser\u00e1 el encargado de abrir la Jornada T\u00e9cnica de la Pataca con su ponencia \u00ab\u00bfEstoy en zona vulnerable a Nitratos y ahora qu\u00e9?\u00bb La tercera edici\u00f3n de la Jornada de la Revista Campo, que se celebrar\u00e1 el pr\u00f3ximo 4 de septiembre en el marco de la feria de Alimagro, servir\u00e1 para [&hellip;]\" \/>\n<meta property=\"og:url\" content=\"https:\/\/alimagro.es\/es_es\/2025\/08\/28\/estas-jornadas-son-necesarias-para-conocer-las-diversas-realidades-que-tiene-el-sector\/\" \/>\n<meta property=\"og:site_name\" content=\"Alimagro\" \/>\n<meta property=\"article:publisher\" content=\"https:\/\/www.facebook.com\/people\/Alimagro\/100095025612077\/\" \/>\n<meta property=\"article:published_time\" content=\"2025-08-28T12:46:27+00:00\" \/>\n<meta property=\"article:modified_time\" content=\"2025-08-28T12:56:28+00:00\" \/>\n<meta property=\"og:image\" content=\"https:\/\/alimagro.es\/wp-content\/uploads\/2025\/08\/alimagro-jornada-tecnica-5.jpg\" \/>\n\t<meta property=\"og:image:width\" content=\"1400\" \/>\n\t<meta property=\"og:image:height\" content=\"789\" \/>\n\t<meta property=\"og:image:type\" content=\"image\/jpeg\" \/>\n<meta name=\"author\" content=\"Natalia Lozano\" \/>\n<meta name=\"twitter:card\" content=\"summary_large_image\" \/>\n<meta name=\"twitter:label1\" content=\"Escrito por\" \/>\n\t<meta name=\"twitter:data1\" content=\"Natalia Lozano\" \/>\n\t<meta name=\"twitter:label2\" content=\"Tiempo de lectura\" \/>\n\t<meta name=\"twitter:data2\" content=\"3 minutos\" \/>\n<script type=\"application\/ld+json\" class=\"yoast-schema-graph\">{\"@context\":\"https:\/\/schema.org\",\"@graph\":[{\"@type\":\"Article\",\"@id\":\"https:\/\/alimagro.es\/2025\/08\/28\/estas-jornadas-son-necesarias-para-conocer-las-diversas-realidades-que-tiene-el-sector\/#article\",\"isPartOf\":{\"@id\":\"https:\/\/alimagro.es\/2025\/08\/28\/estas-jornadas-son-necesarias-para-conocer-las-diversas-realidades-que-tiene-el-sector\/\"},\"author\":{\"name\":\"Natalia Lozano\",\"@id\":\"https:\/\/alimagro.es\/#\/schema\/person\/bc44f5e9369a82c257b6986e3f8975c0\"},\"headline\":\"\u201cEstas jornadas son necesarias para conocer las diversas realidades que tiene el sector\u201d\",\"datePublished\":\"2025-08-28T12:46:27+00:00\",\"dateModified\":\"2025-08-28T12:56:28+00:00\",\"mainEntityOfPage\":{\"@id\":\"https:\/\/alimagro.es\/2025\/08\/28\/estas-jornadas-son-necesarias-para-conocer-las-diversas-realidades-que-tiene-el-sector\/\"},\"wordCount\":400,\"publisher\":{\"@id\":\"https:\/\/alimagro.es\/#organization\"},\"image\":{\"@id\":\"https:\/\/alimagro.es\/2025\/08\/28\/estas-jornadas-son-necesarias-para-conocer-las-diversas-realidades-que-tiene-el-sector\/#primaryimage\"},\"thumbnailUrl\":\"https:\/\/alimagro.es\/wp-content\/uploads\/2025\/08\/alimagro-jornada-tecnica-5.jpg\",\"articleSection\":[\"Alimagro\"],\"inLanguage\":\"es\"},{\"@type\":\"WebPage\",\"@id\":\"https:\/\/alimagro.es\/2025\/08\/28\/estas-jornadas-son-necesarias-para-conocer-las-diversas-realidades-que-tiene-el-sector\/\",\"url\":\"https:\/\/alimagro.es\/2025\/08\/28\/estas-jornadas-son-necesarias-para-conocer-las-diversas-realidades-que-tiene-el-sector\/\",\"name\":\"\u201cEstas jornadas son necesarias para conocer las diversas realidades que tiene el sector\u201d | Alimagro\",\"isPartOf\":{\"@id\":\"https:\/\/alimagro.es\/#website\"},\"primaryImageOfPage\":{\"@id\":\"https:\/\/alimagro.es\/2025\/08\/28\/estas-jornadas-son-necesarias-para-conocer-las-diversas-realidades-que-tiene-el-sector\/#primaryimage\"},\"image\":{\"@id\":\"https:\/\/alimagro.es\/2025\/08\/28\/estas-jornadas-son-necesarias-para-conocer-las-diversas-realidades-que-tiene-el-sector\/#primaryimage\"},\"thumbnailUrl\":\"https:\/\/alimagro.es\/wp-content\/uploads\/2025\/08\/alimagro-jornada-tecnica-5.jpg\",\"datePublished\":\"2025-08-28T12:46:27+00:00\",\"dateModified\":\"2025-08-28T12:56:28+00:00\",\"breadcrumb\":{\"@id\":\"https:\/\/alimagro.es\/2025\/08\/28\/estas-jornadas-son-necesarias-para-conocer-las-diversas-realidades-que-tiene-el-sector\/#breadcrumb\"},\"inLanguage\":\"es\",\"potentialAction\":[{\"@type\":\"ReadAction\",\"target\":[\"https:\/\/alimagro.es\/2025\/08\/28\/estas-jornadas-son-necesarias-para-conocer-las-diversas-realidades-que-tiene-el-sector\/\"]}]},{\"@type\":\"ImageObject\",\"inLanguage\":\"es\",\"@id\":\"https:\/\/alimagro.es\/2025\/08\/28\/estas-jornadas-son-necesarias-para-conocer-las-diversas-realidades-que-tiene-el-sector\/#primaryimage\",\"url\":\"https:\/\/alimagro.es\/wp-content\/uploads\/2025\/08\/alimagro-jornada-tecnica-5.jpg\",\"contentUrl\":\"https:\/\/alimagro.es\/wp-content\/uploads\/2025\/08\/alimagro-jornada-tecnica-5.jpg\",\"width\":1400,\"height\":789},{\"@type\":\"BreadcrumbList\",\"@id\":\"https:\/\/alimagro.es\/2025\/08\/28\/estas-jornadas-son-necesarias-para-conocer-las-diversas-realidades-que-tiene-el-sector\/#breadcrumb\",\"itemListElement\":[{\"@type\":\"ListItem\",\"position\":1,\"name\":\"Portada\",\"item\":\"https:\/\/alimagro.es\/\"},{\"@type\":\"ListItem\",\"position\":2,\"name\":\"\u201cEstas jornadas son necesarias para conocer las diversas realidades que tiene el sector\u201d\"}]},{\"@type\":\"WebSite\",\"@id\":\"https:\/\/alimagro.es\/#website\",\"url\":\"https:\/\/alimagro.es\/\",\"name\":\"Alimagro\",\"description\":\"Alimagro, un evento referente nacional que aglutina las novedades en cuanto al cultivo de patata y la maquinaria agr\u00edcola.\",\"publisher\":{\"@id\":\"https:\/\/alimagro.es\/#organization\"},\"alternateName\":\"Feria del Agro de la Limia\",\"potentialAction\":[{\"@type\":\"SearchAction\",\"target\":{\"@type\":\"EntryPoint\",\"urlTemplate\":\"https:\/\/alimagro.es\/?s={search_term_string}\"},\"query-input\":{\"@type\":\"PropertyValueSpecification\",\"valueRequired\":true,\"valueName\":\"search_term_string\"}}],\"inLanguage\":\"es\"},{\"@type\":\"Organization\",\"@id\":\"https:\/\/alimagro.es\/#organization\",\"name\":\"Alimagro\",\"url\":\"https:\/\/alimagro.es\/\",\"logo\":{\"@type\":\"ImageObject\",\"inLanguage\":\"es\",\"@id\":\"https:\/\/alimagro.es\/#\/schema\/logo\/image\/\",\"url\":\"https:\/\/alimagro.es\/wp-content\/uploads\/2023\/07\/alimagro-logo-verde.png\",\"contentUrl\":\"https:\/\/alimagro.es\/wp-content\/uploads\/2023\/07\/alimagro-logo-verde.png\",\"width\":500,\"height\":96,\"caption\":\"Alimagro\"},\"image\":{\"@id\":\"https:\/\/alimagro.es\/#\/schema\/logo\/image\/\"},\"sameAs\":[\"https:\/\/www.facebook.com\/people\/Alimagro\/100095025612077\/\",\"https:\/\/www.instagram.com\/alimagro_\/\"]},{\"@type\":\"Person\",\"@id\":\"https:\/\/alimagro.es\/#\/schema\/person\/bc44f5e9369a82c257b6986e3f8975c0\",\"name\":\"Natalia Lozano\",\"image\":{\"@type\":\"ImageObject\",\"inLanguage\":\"es\",\"@id\":\"https:\/\/alimagro.es\/#\/schema\/person\/image\/\",\"url\":\"https:\/\/secure.gravatar.com\/avatar\/991138ad631ca80bc76a5a37776a93fa95e294a4ec8574aad5d9b638272a4290?s=96&d=mm&r=g\",\"contentUrl\":\"https:\/\/secure.gravatar.com\/avatar\/991138ad631ca80bc76a5a37776a93fa95e294a4ec8574aad5d9b638272a4290?s=96&d=mm&r=g\",\"caption\":\"Natalia Lozano\"},\"url\":\"https:\/\/alimagro.es\/es_es\/author\/natali\/\"}]}<\/script>\n<!-- \/ Yoast SEO plugin. -->",
    "yoast_head_json": {
        "title": "\u201cEstas jornadas son necesarias para conocer las diversas realidades que tiene el sector\u201d | Alimagro",
        "robots": {
            "index": "index",
            "follow": "follow",
            "max-snippet": "max-snippet:-1",
            "max-image-preview": "max-image-preview:large",
            "max-video-preview": "max-video-preview:-1"
        },
        "canonical": "https:\/\/alimagro.es\/es_es\/2025\/08\/28\/estas-jornadas-son-necesarias-para-conocer-las-diversas-realidades-que-tiene-el-sector\/",
        "og_locale": "es_ES",
        "og_type": "article",
        "og_title": "\u201cEstas jornadas son necesarias para conocer las diversas realidades que tiene el sector\u201d | Alimagro",
        "og_description": "Jos\u00e9 Cortijo de Fertiberia ser\u00e1 el encargado de abrir la Jornada T\u00e9cnica de la Pataca con su ponencia \u00ab\u00bfEstoy en zona vulnerable a Nitratos y ahora qu\u00e9?\u00bb La tercera edici\u00f3n de la Jornada de la Revista Campo, que se celebrar\u00e1 el pr\u00f3ximo 4 de septiembre en el marco de la feria de Alimagro, servir\u00e1 para [&hellip;]",
        "og_url": "https:\/\/alimagro.es\/es_es\/2025\/08\/28\/estas-jornadas-son-necesarias-para-conocer-las-diversas-realidades-que-tiene-el-sector\/",
        "og_site_name": "Alimagro",
        "article_publisher": "https:\/\/www.facebook.com\/people\/Alimagro\/100095025612077\/",
        "article_published_time": "2025-08-28T12:46:27+00:00",
        "article_modified_time": "2025-08-28T12:56:28+00:00",
        "og_image": [
            {
                "width": 1400,
                "height": 789,
                "url": "https:\/\/alimagro.es\/wp-content\/uploads\/2025\/08\/alimagro-jornada-tecnica-5.jpg",
                "type": "image\/jpeg"
            }
        ],
        "author": "Natalia Lozano",
        "twitter_card": "summary_large_image",
        "twitter_misc": {
            "Escrito por": "Natalia Lozano",
            "Tiempo de lectura": "3 minutos"
        },
        "schema": {
            "@context": "https:\/\/schema.org",
            "@graph": [
                {
                    "@type": "Article",
                    "@id": "https:\/\/alimagro.es\/2025\/08\/28\/estas-jornadas-son-necesarias-para-conocer-las-diversas-realidades-que-tiene-el-sector\/#article",
                    "isPartOf": {
                        "@id": "https:\/\/alimagro.es\/2025\/08\/28\/estas-jornadas-son-necesarias-para-conocer-las-diversas-realidades-que-tiene-el-sector\/"
                    },
                    "author": {
                        "name": "Natalia Lozano",
                        "@id": "https:\/\/alimagro.es\/#\/schema\/person\/bc44f5e9369a82c257b6986e3f8975c0"
                    },
                    "headline": "\u201cEstas jornadas son necesarias para conocer las diversas realidades que tiene el sector\u201d",
                    "datePublished": "2025-08-28T12:46:27+00:00",
                    "dateModified": "2025-08-28T12:56:28+00:00",
                    "mainEntityOfPage": {
                        "@id": "https:\/\/alimagro.es\/2025\/08\/28\/estas-jornadas-son-necesarias-para-conocer-las-diversas-realidades-que-tiene-el-sector\/"
                    },
                    "wordCount": 400,
                    "publisher": {
                        "@id": "https:\/\/alimagro.es\/#organization"
                    },
                    "image": {
                        "@id": "https:\/\/alimagro.es\/2025\/08\/28\/estas-jornadas-son-necesarias-para-conocer-las-diversas-realidades-que-tiene-el-sector\/#primaryimage"
                    },
                    "thumbnailUrl": "https:\/\/alimagro.es\/wp-content\/uploads\/2025\/08\/alimagro-jornada-tecnica-5.jpg",
                    "articleSection": [
                        "Alimagro"
                    ],
                    "inLanguage": "es"
                },
                {
                    "@type": "WebPage",
                    "@id": "https:\/\/alimagro.es\/2025\/08\/28\/estas-jornadas-son-necesarias-para-conocer-las-diversas-realidades-que-tiene-el-sector\/",
                    "url": "https:\/\/alimagro.es\/2025\/08\/28\/estas-jornadas-son-necesarias-para-conocer-las-diversas-realidades-que-tiene-el-sector\/",
                    "name": "\u201cEstas jornadas son necesarias para conocer las diversas realidades que tiene el sector\u201d | Alimagro",
                    "isPartOf": {
                        "@id": "https:\/\/alimagro.es\/#website"
                    },
                    "primaryImageOfPage": {
                        "@id": "https:\/\/alimagro.es\/2025\/08\/28\/estas-jornadas-son-necesarias-para-conocer-las-diversas-realidades-que-tiene-el-sector\/#primaryimage"
                    },
                    "image": {
                        "@id": "https:\/\/alimagro.es\/2025\/08\/28\/estas-jornadas-son-necesarias-para-conocer-las-diversas-realidades-que-tiene-el-sector\/#primaryimage"
                    },
                    "thumbnailUrl": "https:\/\/alimagro.es\/wp-content\/uploads\/2025\/08\/alimagro-jornada-tecnica-5.jpg",
                    "datePublished": "2025-08-28T12:46:27+00:00",
                    "dateModified": "2025-08-28T12:56:28+00:00",
                    "breadcrumb": {
                        "@id": "https:\/\/alimagro.es\/2025\/08\/28\/estas-jornadas-son-necesarias-para-conocer-las-diversas-realidades-que-tiene-el-sector\/#breadcrumb"
                    },
                    "inLanguage": "es",
                    "potentialAction": [
                        {
                            "@type": "ReadAction",
                            "target": [
                                "https:\/\/alimagro.es\/2025\/08\/28\/estas-jornadas-son-necesarias-para-conocer-las-diversas-realidades-que-tiene-el-sector\/"
                            ]
                        }
                    ]
                },
                {
                    "@type": "ImageObject",
                    "inLanguage": "es",
                    "@id": "https:\/\/alimagro.es\/2025\/08\/28\/estas-jornadas-son-necesarias-para-conocer-las-diversas-realidades-que-tiene-el-sector\/#primaryimage",
                    "url": "https:\/\/alimagro.es\/wp-content\/uploads\/2025\/08\/alimagro-jornada-tecnica-5.jpg",
                    "contentUrl": "https:\/\/alimagro.es\/wp-content\/uploads\/2025\/08\/alimagro-jornada-tecnica-5.jpg",
                    "width": 1400,
                    "height": 789
                },
                {
                    "@type": "BreadcrumbList",
                    "@id": "https:\/\/alimagro.es\/2025\/08\/28\/estas-jornadas-son-necesarias-para-conocer-las-diversas-realidades-que-tiene-el-sector\/#breadcrumb",
                    "itemListElement": [
                        {
                            "@type": "ListItem",
                            "position": 1,
                            "name": "Portada",
                            "item": "https:\/\/alimagro.es\/"
                        },
                        {
                            "@type": "ListItem",
                            "position": 2,
                            "name": "\u201cEstas jornadas son necesarias para conocer las diversas realidades que tiene el sector\u201d"
                        }
                    ]
                },
                {
                    "@type": "WebSite",
                    "@id": "https:\/\/alimagro.es\/#website",
                    "url": "https:\/\/alimagro.es\/",
                    "name": "Alimagro",
                    "description": "Alimagro, un evento referente nacional que aglutina las novedades en cuanto al cultivo de patata y la maquinaria agr\u00edcola.",
                    "publisher": {
                        "@id": "https:\/\/alimagro.es\/#organization"
                    },
                    "alternateName": "Feria del Agro de la Limia",
                    "potentialAction": [
                        {
                            "@type": "SearchAction",
                            "target": {
                                "@type": "EntryPoint",
                                "urlTemplate": "https:\/\/alimagro.es\/?s={search_term_string}"
                            },
                            "query-input": {
                                "@type": "PropertyValueSpecification",
                                "valueRequired": true,
                                "valueName": "search_term_string"
                            }
                        }
                    ],
                    "inLanguage": "es"
                },
                {
                    "@type": "Organization",
                    "@id": "https:\/\/alimagro.es\/#organization",
                    "name": "Alimagro",
                    "url": "https:\/\/alimagro.es\/",
                    "logo": {
                        "@type": "ImageObject",
                        "inLanguage": "es",
                        "@id": "https:\/\/alimagro.es\/#\/schema\/logo\/image\/",
                        "url": "https:\/\/alimagro.es\/wp-content\/uploads\/2023\/07\/alimagro-logo-verde.png",
                        "contentUrl": "https:\/\/alimagro.es\/wp-content\/uploads\/2023\/07\/alimagro-logo-verde.png",
                        "width": 500,
                        "height": 96,
                        "caption": "Alimagro"
                    },
                    "image": {
                        "@id": "https:\/\/alimagro.es\/#\/schema\/logo\/image\/"
                    },
                    "sameAs": [
                        "https:\/\/www.facebook.com\/people\/Alimagro\/100095025612077\/",
                        "https:\/\/www.instagram.com\/alimagro_\/"
                    ]
                },
                {
                    "@type": "Person",
                    "@id": "https:\/\/alimagro.es\/#\/schema\/person\/bc44f5e9369a82c257b6986e3f8975c0",
                    "name": "Natalia Lozano",
                    "image": {
                        "@type": "ImageObject",
                        "inLanguage": "es",
                        "@id": "https:\/\/alimagro.es\/#\/schema\/person\/image\/",
                        "url": "https:\/\/secure.gravatar.com\/avatar\/991138ad631ca80bc76a5a37776a93fa95e294a4ec8574aad5d9b638272a4290?s=96&d=mm&r=g",
                        "contentUrl": "https:\/\/secure.gravatar.com\/avatar\/991138ad631ca80bc76a5a37776a93fa95e294a4ec8574aad5d9b638272a4290?s=96&d=mm&r=g",
                        "caption": "Natalia Lozano"
                    },
                    "url": "https:\/\/alimagro.es\/es_es\/author\/natali\/"
                }
            ]
        }
    },
    "_links": {
        "self": [
            {
                "href": "https:\/\/alimagro.es\/es_es\/wp-json\/wp\/v2\/posts\/1307",
                "targetHints": {
                    "allow": [
                        "GET"
                    ]
                }
            }
        ],
        "collection": [
            {
                "href": "https:\/\/alimagro.es\/es_es\/wp-json\/wp\/v2\/posts"
            }
        ],
        "about": [
            {
                "href": "https:\/\/alimagro.es\/es_es\/wp-json\/wp\/v2\/types\/post"
            }
        ],
        "author": [
            {
                "embeddable": true,
                "href": "https:\/\/alimagro.es\/es_es\/wp-json\/wp\/v2\/users\/11"
            }
        ],
        "replies": [
            {
                "embeddable": true,
                "href": "https:\/\/alimagro.es\/es_es\/wp-json\/wp\/v2\/comments?post=1307"
            }
        ],
        "version-history": [
            {
                "count": 2,
                "href": "https:\/\/alimagro.es\/es_es\/wp-json\/wp\/v2\/posts\/1307\/revisions"
            }
        ],
        "predecessor-version": [
            {
                "id": 1311,
                "href": "https:\/\/alimagro.es\/es_es\/wp-json\/wp\/v2\/posts\/1307\/revisions\/1311"
            }
        ],
        "wp:featuredmedia": [
            {
                "embeddable": true,
                "href": "https:\/\/alimagro.es\/es_es\/wp-json\/wp\/v2\/media\/1309"
            }
        ],
        "wp:attachment": [
            {
                "href": "https:\/\/alimagro.es\/es_es\/wp-json\/wp\/v2\/media?parent=1307"
            }
        ],
        "wp:term": [
            {
                "taxonomy": "category",
                "embeddable": true,
                "href": "https:\/\/alimagro.es\/es_es\/wp-json\/wp\/v2\/categories?post=1307"
            },
            {
                "taxonomy": "post_tag",
                "embeddable": true,
                "href": "https:\/\/alimagro.es\/es_es\/wp-json\/wp\/v2\/tags?post=1307"
            }
        ],
        "curies": [
            {
                "name": "wp",
                "href": "https:\/\/api.w.org\/{rel}",
                "templated": true
            }
        ]
    }
}