{
    "id": 1274,
    "date": "2025-08-22T12:45:36",
    "date_gmt": "2025-08-22T10:45:36",
    "guid": {
        "rendered": "https:\/\/alimagro.es\/?p=1274"
    },
    "modified": "2025-08-27T14:28:43",
    "modified_gmt": "2025-08-27T12:28:43",
    "slug": "digitalizacion-y-uso-eficiente-del-agua-de-la-mano-de-mooxvice-solutions",
    "status": "publish",
    "type": "post",
    "link": "https:\/\/alimagro.es\/es_es\/2025\/08\/22\/digitalizacion-y-uso-eficiente-del-agua-de-la-mano-de-mooxvice-solutions\/",
    "title": {
        "rendered": "Digitalizaci\u00f3n y uso eficiente del agua de la mano de Mooxvice Solutions"
    },
    "content": {
        "rendered": "<p>Mooxvice Solutions es una de las empresa que estar\u00e1 presente en la sexta edici\u00f3n de Alimagro. Enfocada a la ingenier\u00eda especializada en la implementaci\u00f3n y despliegue de soluciones de digitalizaci\u00f3n IoT en entornos profesionales. All\u00ed, mostrar\u00e1n sus novedosos equipos enfocados a la digitalizaci\u00f3n de los cultivos y la automatizaci\u00f3n del regad\u00edo.<\/p>\n\n\n\n<p>En su stand, los visitantes podr\u00e1n ver de primera mano los equipos de riego dise\u00f1ados y fabricados en Galicia, junto con sus componentes principales: Electrov\u00e1lvulas, sensores de humedad, sensores de presi\u00f3n y estaciones meteorol\u00f3gicas.<\/p>\n\n\n\n<figure class=\"wp-block-image size-large\"><img loading=\"lazy\" decoding=\"async\" width=\"576\" height=\"1024\" src=\"https:\/\/alimagro.es\/wp-content\/uploads\/2025\/08\/WhatsApp-Image-2025-08-22-at-12.11.17-576x1024.jpeg\" alt=\"\" class=\"wp-image-1275\" srcset=\"https:\/\/alimagro.es\/wp-content\/uploads\/2025\/08\/WhatsApp-Image-2025-08-22-at-12.11.17-576x1024.jpeg 576w, https:\/\/alimagro.es\/wp-content\/uploads\/2025\/08\/WhatsApp-Image-2025-08-22-at-12.11.17-169x300.jpeg 169w, https:\/\/alimagro.es\/wp-content\/uploads\/2025\/08\/WhatsApp-Image-2025-08-22-at-12.11.17-768x1365.jpeg 768w, https:\/\/alimagro.es\/wp-content\/uploads\/2025\/08\/WhatsApp-Image-2025-08-22-at-12.11.17-864x1536.jpeg 864w, https:\/\/alimagro.es\/wp-content\/uploads\/2025\/08\/WhatsApp-Image-2025-08-22-at-12.11.17-7x12.jpeg 7w, https:\/\/alimagro.es\/wp-content\/uploads\/2025\/08\/WhatsApp-Image-2025-08-22-at-12.11.17-300x533.jpeg 300w, https:\/\/alimagro.es\/wp-content\/uploads\/2025\/08\/WhatsApp-Image-2025-08-22-at-12.11.17-696x1237.jpeg 696w, https:\/\/alimagro.es\/wp-content\/uploads\/2025\/08\/WhatsApp-Image-2025-08-22-at-12.11.17.jpeg 900w\" sizes=\"auto, (max-width: 576px) 100vw, 576px\" \/><\/figure>\n\n\n\n<h2 class=\"wp-block-heading\"><strong>Demostraciones pr\u00e1cticas<\/strong><\/h2>\n\n\n\n<p>Adem\u00e1s, mostrar\u00e1n equipos de riego en funcionamiento, preparados para simular una instalaci\u00f3n real. \u201cLos montaremos sobre postes de aluminio con sus paneles solares, tal como se instalar\u00edan en el campo, para que el agricultor pueda ver todo al detalle\u201d, asegura Pablo Gonz\u00e1lez, socio fundador de Mooxvice. Tambi\u00e9n, habr\u00e1 demostraciones pr\u00e1cticas de sensores, como los de humedad del suelo, humedad foliar y estaciones meteorol\u00f3gicas, que les permitir\u00e1n ver en tiempo real c\u00f3mo se recopilan y transmiten los datos.<\/p>\n\n\n\n<p>En el stand de la empresa tambi\u00e9n se podr\u00e1 ver una pantalla interactiva donde podr\u00e1n visualizar la plataforma de datos. \u201cMostraremos en directo la informaci\u00f3n generada por los equipos instalados en el propio stand, para que los visitantes puedan comprobar la gran utilidad real de esta tecnolog\u00eda\u201d, indica Pablo Gonz\u00e1lez.<\/p>\n\n\n\n<figure class=\"wp-block-image size-large\"><img loading=\"lazy\" decoding=\"async\" width=\"1024\" height=\"596\" src=\"https:\/\/alimagro.es\/wp-content\/uploads\/2025\/08\/WhatsApp-Image-2025-08-22-at-12.11.55-1024x596.jpeg\" alt=\"\" class=\"wp-image-1276\" srcset=\"https:\/\/alimagro.es\/wp-content\/uploads\/2025\/08\/WhatsApp-Image-2025-08-22-at-12.11.55-1024x596.jpeg 1024w, https:\/\/alimagro.es\/wp-content\/uploads\/2025\/08\/WhatsApp-Image-2025-08-22-at-12.11.55-300x175.jpeg 300w, https:\/\/alimagro.es\/wp-content\/uploads\/2025\/08\/WhatsApp-Image-2025-08-22-at-12.11.55-768x447.jpeg 768w, https:\/\/alimagro.es\/wp-content\/uploads\/2025\/08\/WhatsApp-Image-2025-08-22-at-12.11.55-1536x894.jpeg 1536w, https:\/\/alimagro.es\/wp-content\/uploads\/2025\/08\/WhatsApp-Image-2025-08-22-at-12.11.55-18x10.jpeg 18w, https:\/\/alimagro.es\/wp-content\/uploads\/2025\/08\/WhatsApp-Image-2025-08-22-at-12.11.55-696x405.jpeg 696w, https:\/\/alimagro.es\/wp-content\/uploads\/2025\/08\/WhatsApp-Image-2025-08-22-at-12.11.55-1068x621.jpeg 1068w, https:\/\/alimagro.es\/wp-content\/uploads\/2025\/08\/WhatsApp-Image-2025-08-22-at-12.11.55.jpeg 1600w\" sizes=\"auto, (max-width: 1024px) 100vw, 1024px\" \/><\/figure>\n\n\n\n<h2 class=\"wp-block-heading\"><strong>Alimagro, cita indispensable para Mooxvice Solutions<\/strong><\/h2>\n\n\n\n<p>Para Mooxvice Solutions, participar en Alimagro representa un paso muy importante en su trayectoria. \u201cTras un 2024 en el que instalamos el primer equipo en una parcela piloto y un 2025 en el que consolidamos nuestra soluci\u00f3n con nuevas instalaciones y clientes, esta feria llega en un momento clave para nosotros\u201d, asegura Gonz\u00e1lez.<\/p>\n\n\n\n<p>\u201cEstamos convencidos de que nuestra tecnolog\u00eda puede aportar valor a\u00f1adido a los agricultores de la comarca de A Limia\u201d, comenta el fundador.&nbsp; En la feria demostrar\u00e1n que se puede llegar a reducir los costes, a hacer un uso m\u00e1s eficiente del agua y, sobre todo, una tenr una mayor comodidad en el trabajo diario.<\/p>\n\n\n\n<p>Por ello, Alimagro es mucho m\u00e1s que un punto de encuentro para Mooxvice. \u201cEs un escaparate estrat\u00e9gico que nos permite dar a conocer nuestra propuesta a un p\u00fablico profesional y un trampol\u00edn esencial para dar un gran salto en la campa\u00f1a 2026\u201d.<\/p>\n\n\n\n<figure class=\"wp-block-image size-large\"><img loading=\"lazy\" decoding=\"async\" width=\"1024\" height=\"587\" src=\"https:\/\/alimagro.es\/wp-content\/uploads\/2025\/08\/WhatsApp-Image-2025-08-22-at-12.11.30-1024x587.jpeg\" alt=\"\" class=\"wp-image-1277\" srcset=\"https:\/\/alimagro.es\/wp-content\/uploads\/2025\/08\/WhatsApp-Image-2025-08-22-at-12.11.30-1024x587.jpeg 1024w, https:\/\/alimagro.es\/wp-content\/uploads\/2025\/08\/WhatsApp-Image-2025-08-22-at-12.11.30-300x172.jpeg 300w, https:\/\/alimagro.es\/wp-content\/uploads\/2025\/08\/WhatsApp-Image-2025-08-22-at-12.11.30-768x441.jpeg 768w, https:\/\/alimagro.es\/wp-content\/uploads\/2025\/08\/WhatsApp-Image-2025-08-22-at-12.11.30-18x10.jpeg 18w, https:\/\/alimagro.es\/wp-content\/uploads\/2025\/08\/WhatsApp-Image-2025-08-22-at-12.11.30-696x399.jpeg 696w, https:\/\/alimagro.es\/wp-content\/uploads\/2025\/08\/WhatsApp-Image-2025-08-22-at-12.11.30-1068x613.jpeg 1068w, https:\/\/alimagro.es\/wp-content\/uploads\/2025\/08\/WhatsApp-Image-2025-08-22-at-12.11.30.jpeg 1400w\" sizes=\"auto, (max-width: 1024px) 100vw, 1024px\" \/><\/figure>",
        "protected": false
    },
    "excerpt": {
        "rendered": "<p>Mooxvice Solutions es una de las empresa que estar\u00e1 presente en la sexta edici\u00f3n de Alimagro. Enfocada a la ingenier\u00eda especializada en la implementaci\u00f3n y despliegue de soluciones de digitalizaci\u00f3n IoT en entornos profesionales. All\u00ed, mostrar\u00e1n sus novedosos equipos enfocados a la digitalizaci\u00f3n de los cultivos y la automatizaci\u00f3n del regad\u00edo. En su stand, los [&hellip;]<\/p>",
        "protected": false
    },
    "author": 7,
    "featured_media": 1279,
    "comment_status": "closed",
    "ping_status": "closed",
    "sticky": false,
    "template": "",
    "format": "standard",
    "meta": {
        "ngg_post_thumbnail": 0,
        "footnotes": ""
    },
    "categories": [
        77,
        76
    ],
    "tags": [
        18,
        85,
        60,
        84,
        83,
        56
    ],
    "class_list": {
        "0": "post-1274",
        "1": "post",
        "2": "type-post",
        "3": "status-publish",
        "4": "format-standard",
        "5": "has-post-thumbnail",
        "7": "category-alimagro",
        "8": "category-general",
        "9": "tag-alimagro",
        "10": "tag-demostracion",
        "11": "tag-digitalizacion",
        "12": "tag-eficiencia",
        "13": "tag-mooxvice",
        "14": "tag-riego"
    },
    "yoast_head": "<!-- This site is optimized with the Yoast SEO plugin v25.8 - https:\/\/yoast.com\/wordpress\/plugins\/seo\/ -->\n<title>Digitalizaci\u00f3n y uso eficiente del agua de la mano de Mooxvice Solutions | Alimagro<\/title>\n<meta name=\"robots\" content=\"index, follow, max-snippet:-1, max-image-preview:large, max-video-preview:-1\" \/>\n<link rel=\"canonical\" href=\"https:\/\/alimagro.es\/es_es\/2025\/08\/22\/digitalizacion-y-uso-eficiente-del-agua-de-la-mano-de-mooxvice-solutions\/\" \/>\n<meta property=\"og:locale\" content=\"es_ES\" \/>\n<meta property=\"og:type\" content=\"article\" \/>\n<meta property=\"og:title\" content=\"Digitalizaci\u00f3n y uso eficiente del agua de la mano de Mooxvice Solutions | Alimagro\" \/>\n<meta property=\"og:description\" content=\"Mooxvice Solutions es una de las empresa que estar\u00e1 presente en la sexta edici\u00f3n de Alimagro. Enfocada a la ingenier\u00eda especializada en la implementaci\u00f3n y despliegue de soluciones de digitalizaci\u00f3n IoT en entornos profesionales. All\u00ed, mostrar\u00e1n sus novedosos equipos enfocados a la digitalizaci\u00f3n de los cultivos y la automatizaci\u00f3n del regad\u00edo. En su stand, los [&hellip;]\" \/>\n<meta property=\"og:url\" content=\"https:\/\/alimagro.es\/es_es\/2025\/08\/22\/digitalizacion-y-uso-eficiente-del-agua-de-la-mano-de-mooxvice-solutions\/\" \/>\n<meta property=\"og:site_name\" content=\"Alimagro\" \/>\n<meta property=\"article:publisher\" content=\"https:\/\/www.facebook.com\/people\/Alimagro\/100095025612077\/\" \/>\n<meta property=\"article:published_time\" content=\"2025-08-22T10:45:36+00:00\" \/>\n<meta property=\"article:modified_time\" content=\"2025-08-27T12:28:43+00:00\" \/>\n<meta property=\"og:image\" content=\"https:\/\/alimagro.es\/wp-content\/uploads\/2025\/08\/WhatsApp-Image-2025-08-22-at-12.09.54.jpeg\" \/>\n\t<meta property=\"og:image:width\" content=\"1600\" \/>\n\t<meta property=\"og:image:height\" content=\"900\" \/>\n\t<meta property=\"og:image:type\" content=\"image\/jpeg\" \/>\n<meta name=\"author\" content=\"Mar\u00eda \u00c1lvarez\" \/>\n<meta name=\"twitter:card\" content=\"summary_large_image\" \/>\n<meta name=\"twitter:label1\" content=\"Escrito por\" \/>\n\t<meta name=\"twitter:data1\" content=\"Mar\u00eda \u00c1lvarez\" \/>\n\t<meta name=\"twitter:label2\" content=\"Tiempo de lectura\" \/>\n\t<meta name=\"twitter:data2\" content=\"3 minutos\" \/>\n<script type=\"application\/ld+json\" class=\"yoast-schema-graph\">{\"@context\":\"https:\/\/schema.org\",\"@graph\":[{\"@type\":\"Article\",\"@id\":\"https:\/\/alimagro.es\/2025\/08\/22\/digitalizacion-y-uso-eficiente-del-agua-de-la-mano-de-mooxvice-solutions\/#article\",\"isPartOf\":{\"@id\":\"https:\/\/alimagro.es\/2025\/08\/22\/digitalizacion-y-uso-eficiente-del-agua-de-la-mano-de-mooxvice-solutions\/\"},\"author\":{\"name\":\"Mar\u00eda \u00c1lvarez\",\"@id\":\"https:\/\/alimagro.es\/#\/schema\/person\/89860ad1bd667547b21c7a338776d78b\"},\"headline\":\"Digitalizaci\u00f3n y uso eficiente del agua de la mano de Mooxvice Solutions\",\"datePublished\":\"2025-08-22T10:45:36+00:00\",\"dateModified\":\"2025-08-27T12:28:43+00:00\",\"mainEntityOfPage\":{\"@id\":\"https:\/\/alimagro.es\/2025\/08\/22\/digitalizacion-y-uso-eficiente-del-agua-de-la-mano-de-mooxvice-solutions\/\"},\"wordCount\":420,\"publisher\":{\"@id\":\"https:\/\/alimagro.es\/#organization\"},\"image\":{\"@id\":\"https:\/\/alimagro.es\/2025\/08\/22\/digitalizacion-y-uso-eficiente-del-agua-de-la-mano-de-mooxvice-solutions\/#primaryimage\"},\"thumbnailUrl\":\"https:\/\/alimagro.es\/wp-content\/uploads\/2025\/08\/WhatsApp-Image-2025-08-22-at-12.09.54.jpeg\",\"keywords\":[\"Alimagro\",\"demostraci\u00f3n\",\"digitalizaci\u00f3n\",\"eficiencia\",\"mooxvice\",\"riego\"],\"articleSection\":[\"Alimagro\",\"General\"],\"inLanguage\":\"es\"},{\"@type\":\"WebPage\",\"@id\":\"https:\/\/alimagro.es\/2025\/08\/22\/digitalizacion-y-uso-eficiente-del-agua-de-la-mano-de-mooxvice-solutions\/\",\"url\":\"https:\/\/alimagro.es\/2025\/08\/22\/digitalizacion-y-uso-eficiente-del-agua-de-la-mano-de-mooxvice-solutions\/\",\"name\":\"Digitalizaci\u00f3n y uso eficiente del agua de la mano de Mooxvice Solutions | Alimagro\",\"isPartOf\":{\"@id\":\"https:\/\/alimagro.es\/#website\"},\"primaryImageOfPage\":{\"@id\":\"https:\/\/alimagro.es\/2025\/08\/22\/digitalizacion-y-uso-eficiente-del-agua-de-la-mano-de-mooxvice-solutions\/#primaryimage\"},\"image\":{\"@id\":\"https:\/\/alimagro.es\/2025\/08\/22\/digitalizacion-y-uso-eficiente-del-agua-de-la-mano-de-mooxvice-solutions\/#primaryimage\"},\"thumbnailUrl\":\"https:\/\/alimagro.es\/wp-content\/uploads\/2025\/08\/WhatsApp-Image-2025-08-22-at-12.09.54.jpeg\",\"datePublished\":\"2025-08-22T10:45:36+00:00\",\"dateModified\":\"2025-08-27T12:28:43+00:00\",\"breadcrumb\":{\"@id\":\"https:\/\/alimagro.es\/2025\/08\/22\/digitalizacion-y-uso-eficiente-del-agua-de-la-mano-de-mooxvice-solutions\/#breadcrumb\"},\"inLanguage\":\"es\",\"potentialAction\":[{\"@type\":\"ReadAction\",\"target\":[\"https:\/\/alimagro.es\/2025\/08\/22\/digitalizacion-y-uso-eficiente-del-agua-de-la-mano-de-mooxvice-solutions\/\"]}]},{\"@type\":\"ImageObject\",\"inLanguage\":\"es\",\"@id\":\"https:\/\/alimagro.es\/2025\/08\/22\/digitalizacion-y-uso-eficiente-del-agua-de-la-mano-de-mooxvice-solutions\/#primaryimage\",\"url\":\"https:\/\/alimagro.es\/wp-content\/uploads\/2025\/08\/WhatsApp-Image-2025-08-22-at-12.09.54.jpeg\",\"contentUrl\":\"https:\/\/alimagro.es\/wp-content\/uploads\/2025\/08\/WhatsApp-Image-2025-08-22-at-12.09.54.jpeg\",\"width\":1600,\"height\":900},{\"@type\":\"BreadcrumbList\",\"@id\":\"https:\/\/alimagro.es\/2025\/08\/22\/digitalizacion-y-uso-eficiente-del-agua-de-la-mano-de-mooxvice-solutions\/#breadcrumb\",\"itemListElement\":[{\"@type\":\"ListItem\",\"position\":1,\"name\":\"Portada\",\"item\":\"https:\/\/alimagro.es\/\"},{\"@type\":\"ListItem\",\"position\":2,\"name\":\"Digitalizaci\u00f3n y uso eficiente del agua de la mano de Mooxvice Solutions\"}]},{\"@type\":\"WebSite\",\"@id\":\"https:\/\/alimagro.es\/#website\",\"url\":\"https:\/\/alimagro.es\/\",\"name\":\"Alimagro\",\"description\":\"Alimagro, un evento referente nacional que aglutina las novedades en cuanto al cultivo de patata y la maquinaria agr\u00edcola.\",\"publisher\":{\"@id\":\"https:\/\/alimagro.es\/#organization\"},\"alternateName\":\"Feria del Agro de la Limia\",\"potentialAction\":[{\"@type\":\"SearchAction\",\"target\":{\"@type\":\"EntryPoint\",\"urlTemplate\":\"https:\/\/alimagro.es\/?s={search_term_string}\"},\"query-input\":{\"@type\":\"PropertyValueSpecification\",\"valueRequired\":true,\"valueName\":\"search_term_string\"}}],\"inLanguage\":\"es\"},{\"@type\":\"Organization\",\"@id\":\"https:\/\/alimagro.es\/#organization\",\"name\":\"Alimagro\",\"url\":\"https:\/\/alimagro.es\/\",\"logo\":{\"@type\":\"ImageObject\",\"inLanguage\":\"es\",\"@id\":\"https:\/\/alimagro.es\/#\/schema\/logo\/image\/\",\"url\":\"https:\/\/alimagro.es\/wp-content\/uploads\/2023\/07\/alimagro-logo-verde.png\",\"contentUrl\":\"https:\/\/alimagro.es\/wp-content\/uploads\/2023\/07\/alimagro-logo-verde.png\",\"width\":500,\"height\":96,\"caption\":\"Alimagro\"},\"image\":{\"@id\":\"https:\/\/alimagro.es\/#\/schema\/logo\/image\/\"},\"sameAs\":[\"https:\/\/www.facebook.com\/people\/Alimagro\/100095025612077\/\",\"https:\/\/www.instagram.com\/alimagro_\/\"]},{\"@type\":\"Person\",\"@id\":\"https:\/\/alimagro.es\/#\/schema\/person\/89860ad1bd667547b21c7a338776d78b\",\"name\":\"Mar\u00eda \u00c1lvarez\",\"image\":{\"@type\":\"ImageObject\",\"inLanguage\":\"es\",\"@id\":\"https:\/\/alimagro.es\/#\/schema\/person\/image\/\",\"url\":\"https:\/\/secure.gravatar.com\/avatar\/073a70519b527b7f5caacb635da42b6721e0828f6a6609c38e1663e2b4ab460f?s=96&d=mm&r=g\",\"contentUrl\":\"https:\/\/secure.gravatar.com\/avatar\/073a70519b527b7f5caacb635da42b6721e0828f6a6609c38e1663e2b4ab460f?s=96&d=mm&r=g\",\"caption\":\"Mar\u00eda \u00c1lvarez\"},\"url\":\"https:\/\/alimagro.es\/es_es\/author\/maria\/\"}]}<\/script>\n<!-- \/ Yoast SEO plugin. -->",
    "yoast_head_json": {
        "title": "Digitalizaci\u00f3n y uso eficiente del agua de la mano de Mooxvice Solutions | Alimagro",
        "robots": {
            "index": "index",
            "follow": "follow",
            "max-snippet": "max-snippet:-1",
            "max-image-preview": "max-image-preview:large",
            "max-video-preview": "max-video-preview:-1"
        },
        "canonical": "https:\/\/alimagro.es\/es_es\/2025\/08\/22\/digitalizacion-y-uso-eficiente-del-agua-de-la-mano-de-mooxvice-solutions\/",
        "og_locale": "es_ES",
        "og_type": "article",
        "og_title": "Digitalizaci\u00f3n y uso eficiente del agua de la mano de Mooxvice Solutions | Alimagro",
        "og_description": "Mooxvice Solutions es una de las empresa que estar\u00e1 presente en la sexta edici\u00f3n de Alimagro. Enfocada a la ingenier\u00eda especializada en la implementaci\u00f3n y despliegue de soluciones de digitalizaci\u00f3n IoT en entornos profesionales. All\u00ed, mostrar\u00e1n sus novedosos equipos enfocados a la digitalizaci\u00f3n de los cultivos y la automatizaci\u00f3n del regad\u00edo. En su stand, los [&hellip;]",
        "og_url": "https:\/\/alimagro.es\/es_es\/2025\/08\/22\/digitalizacion-y-uso-eficiente-del-agua-de-la-mano-de-mooxvice-solutions\/",
        "og_site_name": "Alimagro",
        "article_publisher": "https:\/\/www.facebook.com\/people\/Alimagro\/100095025612077\/",
        "article_published_time": "2025-08-22T10:45:36+00:00",
        "article_modified_time": "2025-08-27T12:28:43+00:00",
        "og_image": [
            {
                "width": 1600,
                "height": 900,
                "url": "https:\/\/alimagro.es\/wp-content\/uploads\/2025\/08\/WhatsApp-Image-2025-08-22-at-12.09.54.jpeg",
                "type": "image\/jpeg"
            }
        ],
        "author": "Mar\u00eda \u00c1lvarez",
        "twitter_card": "summary_large_image",
        "twitter_misc": {
            "Escrito por": "Mar\u00eda \u00c1lvarez",
            "Tiempo de lectura": "3 minutos"
        },
        "schema": {
            "@context": "https:\/\/schema.org",
            "@graph": [
                {
                    "@type": "Article",
                    "@id": "https:\/\/alimagro.es\/2025\/08\/22\/digitalizacion-y-uso-eficiente-del-agua-de-la-mano-de-mooxvice-solutions\/#article",
                    "isPartOf": {
                        "@id": "https:\/\/alimagro.es\/2025\/08\/22\/digitalizacion-y-uso-eficiente-del-agua-de-la-mano-de-mooxvice-solutions\/"
                    },
                    "author": {
                        "name": "Mar\u00eda \u00c1lvarez",
                        "@id": "https:\/\/alimagro.es\/#\/schema\/person\/89860ad1bd667547b21c7a338776d78b"
                    },
                    "headline": "Digitalizaci\u00f3n y uso eficiente del agua de la mano de Mooxvice Solutions",
                    "datePublished": "2025-08-22T10:45:36+00:00",
                    "dateModified": "2025-08-27T12:28:43+00:00",
                    "mainEntityOfPage": {
                        "@id": "https:\/\/alimagro.es\/2025\/08\/22\/digitalizacion-y-uso-eficiente-del-agua-de-la-mano-de-mooxvice-solutions\/"
                    },
                    "wordCount": 420,
                    "publisher": {
                        "@id": "https:\/\/alimagro.es\/#organization"
                    },
                    "image": {
                        "@id": "https:\/\/alimagro.es\/2025\/08\/22\/digitalizacion-y-uso-eficiente-del-agua-de-la-mano-de-mooxvice-solutions\/#primaryimage"
                    },
                    "thumbnailUrl": "https:\/\/alimagro.es\/wp-content\/uploads\/2025\/08\/WhatsApp-Image-2025-08-22-at-12.09.54.jpeg",
                    "keywords": [
                        "Alimagro",
                        "demostraci\u00f3n",
                        "digitalizaci\u00f3n",
                        "eficiencia",
                        "mooxvice",
                        "riego"
                    ],
                    "articleSection": [
                        "Alimagro",
                        "General"
                    ],
                    "inLanguage": "es"
                },
                {
                    "@type": "WebPage",
                    "@id": "https:\/\/alimagro.es\/2025\/08\/22\/digitalizacion-y-uso-eficiente-del-agua-de-la-mano-de-mooxvice-solutions\/",
                    "url": "https:\/\/alimagro.es\/2025\/08\/22\/digitalizacion-y-uso-eficiente-del-agua-de-la-mano-de-mooxvice-solutions\/",
                    "name": "Digitalizaci\u00f3n y uso eficiente del agua de la mano de Mooxvice Solutions | Alimagro",
                    "isPartOf": {
                        "@id": "https:\/\/alimagro.es\/#website"
                    },
                    "primaryImageOfPage": {
                        "@id": "https:\/\/alimagro.es\/2025\/08\/22\/digitalizacion-y-uso-eficiente-del-agua-de-la-mano-de-mooxvice-solutions\/#primaryimage"
                    },
                    "image": {
                        "@id": "https:\/\/alimagro.es\/2025\/08\/22\/digitalizacion-y-uso-eficiente-del-agua-de-la-mano-de-mooxvice-solutions\/#primaryimage"
                    },
                    "thumbnailUrl": "https:\/\/alimagro.es\/wp-content\/uploads\/2025\/08\/WhatsApp-Image-2025-08-22-at-12.09.54.jpeg",
                    "datePublished": "2025-08-22T10:45:36+00:00",
                    "dateModified": "2025-08-27T12:28:43+00:00",
                    "breadcrumb": {
                        "@id": "https:\/\/alimagro.es\/2025\/08\/22\/digitalizacion-y-uso-eficiente-del-agua-de-la-mano-de-mooxvice-solutions\/#breadcrumb"
                    },
                    "inLanguage": "es",
                    "potentialAction": [
                        {
                            "@type": "ReadAction",
                            "target": [
                                "https:\/\/alimagro.es\/2025\/08\/22\/digitalizacion-y-uso-eficiente-del-agua-de-la-mano-de-mooxvice-solutions\/"
                            ]
                        }
                    ]
                },
                {
                    "@type": "ImageObject",
                    "inLanguage": "es",
                    "@id": "https:\/\/alimagro.es\/2025\/08\/22\/digitalizacion-y-uso-eficiente-del-agua-de-la-mano-de-mooxvice-solutions\/#primaryimage",
                    "url": "https:\/\/alimagro.es\/wp-content\/uploads\/2025\/08\/WhatsApp-Image-2025-08-22-at-12.09.54.jpeg",
                    "contentUrl": "https:\/\/alimagro.es\/wp-content\/uploads\/2025\/08\/WhatsApp-Image-2025-08-22-at-12.09.54.jpeg",
                    "width": 1600,
                    "height": 900
                },
                {
                    "@type": "BreadcrumbList",
                    "@id": "https:\/\/alimagro.es\/2025\/08\/22\/digitalizacion-y-uso-eficiente-del-agua-de-la-mano-de-mooxvice-solutions\/#breadcrumb",
                    "itemListElement": [
                        {
                            "@type": "ListItem",
                            "position": 1,
                            "name": "Portada",
                            "item": "https:\/\/alimagro.es\/"
                        },
                        {
                            "@type": "ListItem",
                            "position": 2,
                            "name": "Digitalizaci\u00f3n y uso eficiente del agua de la mano de Mooxvice Solutions"
                        }
                    ]
                },
                {
                    "@type": "WebSite",
                    "@id": "https:\/\/alimagro.es\/#website",
                    "url": "https:\/\/alimagro.es\/",
                    "name": "Alimagro",
                    "description": "Alimagro, un evento referente nacional que aglutina las novedades en cuanto al cultivo de patata y la maquinaria agr\u00edcola.",
                    "publisher": {
                        "@id": "https:\/\/alimagro.es\/#organization"
                    },
                    "alternateName": "Feria del Agro de la Limia",
                    "potentialAction": [
                        {
                            "@type": "SearchAction",
                            "target": {
                                "@type": "EntryPoint",
                                "urlTemplate": "https:\/\/alimagro.es\/?s={search_term_string}"
                            },
                            "query-input": {
                                "@type": "PropertyValueSpecification",
                                "valueRequired": true,
                                "valueName": "search_term_string"
                            }
                        }
                    ],
                    "inLanguage": "es"
                },
                {
                    "@type": "Organization",
                    "@id": "https:\/\/alimagro.es\/#organization",
                    "name": "Alimagro",
                    "url": "https:\/\/alimagro.es\/",
                    "logo": {
                        "@type": "ImageObject",
                        "inLanguage": "es",
                        "@id": "https:\/\/alimagro.es\/#\/schema\/logo\/image\/",
                        "url": "https:\/\/alimagro.es\/wp-content\/uploads\/2023\/07\/alimagro-logo-verde.png",
                        "contentUrl": "https:\/\/alimagro.es\/wp-content\/uploads\/2023\/07\/alimagro-logo-verde.png",
                        "width": 500,
                        "height": 96,
                        "caption": "Alimagro"
                    },
                    "image": {
                        "@id": "https:\/\/alimagro.es\/#\/schema\/logo\/image\/"
                    },
                    "sameAs": [
                        "https:\/\/www.facebook.com\/people\/Alimagro\/100095025612077\/",
                        "https:\/\/www.instagram.com\/alimagro_\/"
                    ]
                },
                {
                    "@type": "Person",
                    "@id": "https:\/\/alimagro.es\/#\/schema\/person\/89860ad1bd667547b21c7a338776d78b",
                    "name": "Mar\u00eda \u00c1lvarez",
                    "image": {
                        "@type": "ImageObject",
                        "inLanguage": "es",
                        "@id": "https:\/\/alimagro.es\/#\/schema\/person\/image\/",
                        "url": "https:\/\/secure.gravatar.com\/avatar\/073a70519b527b7f5caacb635da42b6721e0828f6a6609c38e1663e2b4ab460f?s=96&d=mm&r=g",
                        "contentUrl": "https:\/\/secure.gravatar.com\/avatar\/073a70519b527b7f5caacb635da42b6721e0828f6a6609c38e1663e2b4ab460f?s=96&d=mm&r=g",
                        "caption": "Mar\u00eda \u00c1lvarez"
                    },
                    "url": "https:\/\/alimagro.es\/es_es\/author\/maria\/"
                }
            ]
        }
    },
    "_links": {
        "self": [
            {
                "href": "https:\/\/alimagro.es\/es_es\/wp-json\/wp\/v2\/posts\/1274",
                "targetHints": {
                    "allow": [
                        "GET"
                    ]
                }
            }
        ],
        "collection": [
            {
                "href": "https:\/\/alimagro.es\/es_es\/wp-json\/wp\/v2\/posts"
            }
        ],
        "about": [
            {
                "href": "https:\/\/alimagro.es\/es_es\/wp-json\/wp\/v2\/types\/post"
            }
        ],
        "author": [
            {
                "embeddable": true,
                "href": "https:\/\/alimagro.es\/es_es\/wp-json\/wp\/v2\/users\/7"
            }
        ],
        "replies": [
            {
                "embeddable": true,
                "href": "https:\/\/alimagro.es\/es_es\/wp-json\/wp\/v2\/comments?post=1274"
            }
        ],
        "version-history": [
            {
                "count": 3,
                "href": "https:\/\/alimagro.es\/es_es\/wp-json\/wp\/v2\/posts\/1274\/revisions"
            }
        ],
        "predecessor-version": [
            {
                "id": 1304,
                "href": "https:\/\/alimagro.es\/es_es\/wp-json\/wp\/v2\/posts\/1274\/revisions\/1304"
            }
        ],
        "wp:featuredmedia": [
            {
                "embeddable": true,
                "href": "https:\/\/alimagro.es\/es_es\/wp-json\/wp\/v2\/media\/1279"
            }
        ],
        "wp:attachment": [
            {
                "href": "https:\/\/alimagro.es\/es_es\/wp-json\/wp\/v2\/media?parent=1274"
            }
        ],
        "wp:term": [
            {
                "taxonomy": "category",
                "embeddable": true,
                "href": "https:\/\/alimagro.es\/es_es\/wp-json\/wp\/v2\/categories?post=1274"
            },
            {
                "taxonomy": "post_tag",
                "embeddable": true,
                "href": "https:\/\/alimagro.es\/es_es\/wp-json\/wp\/v2\/tags?post=1274"
            }
        ],
        "curies": [
            {
                "name": "wp",
                "href": "https:\/\/api.w.org\/{rel}",
                "templated": true
            }
        ]
    }
}