{
    "id": 1254,
    "date": "2025-08-20T11:44:04",
    "date_gmt": "2025-08-20T09:44:04",
    "guid": {
        "rendered": "https:\/\/alimagro.es\/?p=1254"
    },
    "modified": "2025-08-20T11:44:06",
    "modified_gmt": "2025-08-20T09:44:06",
    "slug": "comercial-agricola-guerra-apuesta-por-la-innovacion-y-la-agricultura-de-precision",
    "status": "publish",
    "type": "post",
    "link": "https:\/\/alimagro.es\/es_es\/2025\/08\/20\/comercial-agricola-guerra-apuesta-por-la-innovacion-y-la-agricultura-de-precision\/",
    "title": {
        "rendered": "Comercial Agr\u00edcola Guerra apuesta por la innovaci\u00f3n y la agricultura de precisi\u00f3n"
    },
    "content": {
        "rendered": "<p>Comercial Agr\u00edcola Guerra, empresa familiar, con m\u00e1s de 60 a\u00f1os de trayectoria, fundada por Antonio Guerra y con sedes en Viana do Bolo y Xinzo de Limia, se ha consolidado como un referente en Galicia gracias a su compromiso con la calidad, la innovaci\u00f3n y un servicio postventa \u00e1gil y personalizado.<\/p>\n\n\n\n<p>La empresa ourensana presentar\u00e1 en Alimagro 2025 los d\u00edas 5, 6 y 7 de septiembre las \u00faltimas novedades en maquinaria agr\u00edcola y sus servicios especializados de reparaci\u00f3n y recambios.<\/p>\n\n\n\n<figure class=\"wp-block-image size-full\"><img loading=\"lazy\" decoding=\"async\" width=\"562\" height=\"419\" src=\"https:\/\/alimagro.es\/wp-content\/uploads\/2025\/08\/Alimagro-foto-1.jpg\" alt=\"\" class=\"wp-image-1258\" srcset=\"https:\/\/alimagro.es\/wp-content\/uploads\/2025\/08\/Alimagro-foto-1.jpg 562w, https:\/\/alimagro.es\/wp-content\/uploads\/2025\/08\/Alimagro-foto-1-300x224.jpg 300w, https:\/\/alimagro.es\/wp-content\/uploads\/2025\/08\/Alimagro-foto-1-16x12.jpg 16w\" sizes=\"auto, (max-width: 562px) 100vw, 562px\" \/><\/figure>\n\n\n\n<p>Durante la feria, los visitantes podr\u00e1n descubrir equipos punteros de marcas l\u00edderes como New Holland, Industrias David, Kuhn, Ma\u00f1ez Lozano o FACMA, que ofrecen soluciones para todo el ciclo productivo: desde tractores y sistemas de recolecci\u00f3n, hasta atomizadores y aperos especializados para vi\u00f1edos, frutales y frutos secos.<\/p>\n\n\n\n<p><strong>En concreto, en su expositor podr\u00e1n ver:<\/strong><\/p>\n\n\n\n<p><strong>Tractores New Holland:<\/strong> desde compactos para vi\u00f1edo y frutal hasta modelos de gran potencia.<\/p>\n\n\n\n<p><strong>Vendimiadora New Holland: <\/strong>Se caracteriza por proporcionar una recolecci\u00f3n eficiente y de alta calidad, con la \u00faltima tecnolog\u00eda en limpieza y rendimiento.<\/p>\n\n\n\n<p><strong>Equipos de Industrias David:<\/strong> Soluciones innovadoras para vi\u00f1edo, como pre-podadoras y despuntadoras.<\/p>\n\n\n\n<p><strong>Atomizadores Ma\u00f1ez Lozano:<\/strong> tratamientos fitosanitarios precisos, con ahorro de producto y mejor cobertura.<\/p>\n\n\n\n<p><strong>Recolectoras FACMA:<\/strong> especializadas en frutos secos, agilizan la recogida y reducen costes de mano de obra.<\/p>\n\n\n\n<p><strong>Trituradoras y brazos desbrozadores Orsi:<\/strong> Indicadas para mantenimiento de fincas y limpieza de maleza.<\/p>\n\n\n\n<p>Entre toda esta maquinaria, desde Comercial Agr\u00edcola Guerra destacan la apuesta por la innovaci\u00f3n y la agricultura de precisi\u00f3n que mostrar\u00e1n en Alimagro 2025. All\u00ed los visitantes podr\u00e1n ver entre otra maquinaria, la vendimiadora New Holland y los sistemas de guiado GPS integrados en tractores.<\/p>\n\n\n\n<figure class=\"wp-block-image size-full\"><img loading=\"lazy\" decoding=\"async\" width=\"558\" height=\"697\" src=\"https:\/\/alimagro.es\/wp-content\/uploads\/2025\/08\/Alimagro-foto-3.jpg\" alt=\"\" class=\"wp-image-1256\" srcset=\"https:\/\/alimagro.es\/wp-content\/uploads\/2025\/08\/Alimagro-foto-3.jpg 558w, https:\/\/alimagro.es\/wp-content\/uploads\/2025\/08\/Alimagro-foto-3-240x300.jpg 240w, https:\/\/alimagro.es\/wp-content\/uploads\/2025\/08\/Alimagro-foto-3-10x12.jpg 10w, https:\/\/alimagro.es\/wp-content\/uploads\/2025\/08\/Alimagro-foto-3-300x375.jpg 300w\" sizes=\"auto, (max-width: 558px) 100vw, 558px\" \/><\/figure>\n\n\n\n<p>Uno de los principales objetivos de la empresa es la incorporaci\u00f3n de soluciones tecnol\u00f3gicas y digitales, que permiten optimizar el rendimiento, facilitar el trabajo diario y reducir costes en las explotaciones. \u201cPara nosotros, participar en Alimagro 2025 es una oportunidad para acercar a los agricultores las tecnolog\u00edas que marcar\u00e1n el futuro del sector. Queremos que vean de primera mano c\u00f3mo la innovaci\u00f3n puede mejorar su d\u00eda a d\u00eda en el campo\u201d, explica Tom\u00e1s Guerra, director comercial de Comercial Agr\u00edcola Guerra.<\/p>\n\n\n\n<figure class=\"wp-block-image size-full\"><img loading=\"lazy\" decoding=\"async\" width=\"746\" height=\"559\" src=\"https:\/\/alimagro.es\/wp-content\/uploads\/2025\/08\/Alimagro-foto-2-1.jpg\" alt=\"\" class=\"wp-image-1260\" srcset=\"https:\/\/alimagro.es\/wp-content\/uploads\/2025\/08\/Alimagro-foto-2-1.jpg 746w, https:\/\/alimagro.es\/wp-content\/uploads\/2025\/08\/Alimagro-foto-2-1-300x225.jpg 300w, https:\/\/alimagro.es\/wp-content\/uploads\/2025\/08\/Alimagro-foto-2-1-16x12.jpg 16w, https:\/\/alimagro.es\/wp-content\/uploads\/2025\/08\/Alimagro-foto-2-1-696x522.jpg 696w\" sizes=\"auto, (max-width: 746px) 100vw, 746px\" \/><\/figure>\n\n\n\n<p>La presencia en Alimagro 2025 reafirma el compromiso de la compa\u00f1\u00eda con el sector agr\u00edcola del noroeste peninsular y su voluntad de ofrecer herramientas adaptadas a las nuevas demandas del mercado. Adem\u00e1s, tendr\u00e1n promociones exclusivas para los visitantes de la feria que se pasen por su stand.<\/p>",
        "protected": false
    },
    "excerpt": {
        "rendered": "<p>Comercial Agr\u00edcola Guerra, empresa familiar, con m\u00e1s de 60 a\u00f1os de trayectoria, fundada por Antonio Guerra y con sedes en Viana do Bolo y Xinzo de Limia, se ha consolidado como un referente en Galicia gracias a su compromiso con la calidad, la innovaci\u00f3n y un servicio postventa \u00e1gil y personalizado. La empresa ourensana presentar\u00e1 [&hellip;]<\/p>",
        "protected": false
    },
    "author": 7,
    "featured_media": 1255,
    "comment_status": "closed",
    "ping_status": "closed",
    "sticky": false,
    "template": "",
    "format": "standard",
    "meta": {
        "ngg_post_thumbnail": 0,
        "footnotes": ""
    },
    "categories": [
        77,
        76
    ],
    "tags": [
        80,
        18,
        78,
        81,
        82
    ],
    "class_list": {
        "0": "post-1254",
        "1": "post",
        "2": "type-post",
        "3": "status-publish",
        "4": "format-standard",
        "5": "has-post-thumbnail",
        "7": "category-alimagro",
        "8": "category-general",
        "9": "tag-agricola",
        "10": "tag-alimagro",
        "11": "tag-feria",
        "12": "tag-tractores",
        "13": "tag-vendimiadora"
    },
    "yoast_head": "<!-- This site is optimized with the Yoast SEO plugin v25.8 - https:\/\/yoast.com\/wordpress\/plugins\/seo\/ -->\n<title>Comercial Agr\u00edcola Guerra apuesta por la innovaci\u00f3n y la agricultura de precisi\u00f3n | Alimagro<\/title>\n<meta name=\"robots\" content=\"index, follow, max-snippet:-1, max-image-preview:large, max-video-preview:-1\" \/>\n<link rel=\"canonical\" href=\"https:\/\/alimagro.es\/es_es\/2025\/08\/20\/comercial-agricola-guerra-apuesta-por-la-innovacion-y-la-agricultura-de-precision\/\" \/>\n<meta property=\"og:locale\" content=\"es_ES\" \/>\n<meta property=\"og:type\" content=\"article\" \/>\n<meta property=\"og:title\" content=\"Comercial Agr\u00edcola Guerra apuesta por la innovaci\u00f3n y la agricultura de precisi\u00f3n | Alimagro\" \/>\n<meta property=\"og:description\" content=\"Comercial Agr\u00edcola Guerra, empresa familiar, con m\u00e1s de 60 a\u00f1os de trayectoria, fundada por Antonio Guerra y con sedes en Viana do Bolo y Xinzo de Limia, se ha consolidado como un referente en Galicia gracias a su compromiso con la calidad, la innovaci\u00f3n y un servicio postventa \u00e1gil y personalizado. La empresa ourensana presentar\u00e1 [&hellip;]\" \/>\n<meta property=\"og:url\" content=\"https:\/\/alimagro.es\/es_es\/2025\/08\/20\/comercial-agricola-guerra-apuesta-por-la-innovacion-y-la-agricultura-de-precision\/\" \/>\n<meta property=\"og:site_name\" content=\"Alimagro\" \/>\n<meta property=\"article:publisher\" content=\"https:\/\/www.facebook.com\/people\/Alimagro\/100095025612077\/\" \/>\n<meta property=\"article:published_time\" content=\"2025-08-20T09:44:04+00:00\" \/>\n<meta property=\"article:modified_time\" content=\"2025-08-20T09:44:06+00:00\" \/>\n<meta property=\"og:image\" content=\"https:\/\/alimagro.es\/wp-content\/uploads\/2025\/08\/Alimagro-foto-4.jpg\" \/>\n\t<meta property=\"og:image:width\" content=\"560\" \/>\n\t<meta property=\"og:image:height\" content=\"421\" \/>\n\t<meta property=\"og:image:type\" content=\"image\/jpeg\" \/>\n<meta name=\"author\" content=\"Mar\u00eda \u00c1lvarez\" \/>\n<meta name=\"twitter:card\" content=\"summary_large_image\" \/>\n<meta name=\"twitter:label1\" content=\"Escrito por\" \/>\n\t<meta name=\"twitter:data1\" content=\"Mar\u00eda \u00c1lvarez\" \/>\n\t<meta name=\"twitter:label2\" content=\"Tiempo de lectura\" \/>\n\t<meta name=\"twitter:data2\" content=\"3 minutos\" \/>\n<script type=\"application\/ld+json\" class=\"yoast-schema-graph\">{\"@context\":\"https:\/\/schema.org\",\"@graph\":[{\"@type\":\"Article\",\"@id\":\"https:\/\/alimagro.es\/2025\/08\/20\/comercial-agricola-guerra-apuesta-por-la-innovacion-y-la-agricultura-de-precision\/#article\",\"isPartOf\":{\"@id\":\"https:\/\/alimagro.es\/2025\/08\/20\/comercial-agricola-guerra-apuesta-por-la-innovacion-y-la-agricultura-de-precision\/\"},\"author\":{\"name\":\"Mar\u00eda \u00c1lvarez\",\"@id\":\"https:\/\/alimagro.es\/#\/schema\/person\/89860ad1bd667547b21c7a338776d78b\"},\"headline\":\"Comercial Agr\u00edcola Guerra apuesta por la innovaci\u00f3n y la agricultura de precisi\u00f3n\",\"datePublished\":\"2025-08-20T09:44:04+00:00\",\"dateModified\":\"2025-08-20T09:44:06+00:00\",\"mainEntityOfPage\":{\"@id\":\"https:\/\/alimagro.es\/2025\/08\/20\/comercial-agricola-guerra-apuesta-por-la-innovacion-y-la-agricultura-de-precision\/\"},\"wordCount\":441,\"publisher\":{\"@id\":\"https:\/\/alimagro.es\/#organization\"},\"image\":{\"@id\":\"https:\/\/alimagro.es\/2025\/08\/20\/comercial-agricola-guerra-apuesta-por-la-innovacion-y-la-agricultura-de-precision\/#primaryimage\"},\"thumbnailUrl\":\"https:\/\/alimagro.es\/wp-content\/uploads\/2025\/08\/Alimagro-foto-4.jpg\",\"keywords\":[\"agr\u00edcola\",\"Alimagro\",\"feria\",\"tractores\",\"vendimiadora\"],\"articleSection\":[\"Alimagro\",\"General\"],\"inLanguage\":\"es\"},{\"@type\":\"WebPage\",\"@id\":\"https:\/\/alimagro.es\/2025\/08\/20\/comercial-agricola-guerra-apuesta-por-la-innovacion-y-la-agricultura-de-precision\/\",\"url\":\"https:\/\/alimagro.es\/2025\/08\/20\/comercial-agricola-guerra-apuesta-por-la-innovacion-y-la-agricultura-de-precision\/\",\"name\":\"Comercial Agr\u00edcola Guerra apuesta por la innovaci\u00f3n y la agricultura de precisi\u00f3n | Alimagro\",\"isPartOf\":{\"@id\":\"https:\/\/alimagro.es\/#website\"},\"primaryImageOfPage\":{\"@id\":\"https:\/\/alimagro.es\/2025\/08\/20\/comercial-agricola-guerra-apuesta-por-la-innovacion-y-la-agricultura-de-precision\/#primaryimage\"},\"image\":{\"@id\":\"https:\/\/alimagro.es\/2025\/08\/20\/comercial-agricola-guerra-apuesta-por-la-innovacion-y-la-agricultura-de-precision\/#primaryimage\"},\"thumbnailUrl\":\"https:\/\/alimagro.es\/wp-content\/uploads\/2025\/08\/Alimagro-foto-4.jpg\",\"datePublished\":\"2025-08-20T09:44:04+00:00\",\"dateModified\":\"2025-08-20T09:44:06+00:00\",\"breadcrumb\":{\"@id\":\"https:\/\/alimagro.es\/2025\/08\/20\/comercial-agricola-guerra-apuesta-por-la-innovacion-y-la-agricultura-de-precision\/#breadcrumb\"},\"inLanguage\":\"es\",\"potentialAction\":[{\"@type\":\"ReadAction\",\"target\":[\"https:\/\/alimagro.es\/2025\/08\/20\/comercial-agricola-guerra-apuesta-por-la-innovacion-y-la-agricultura-de-precision\/\"]}]},{\"@type\":\"ImageObject\",\"inLanguage\":\"es\",\"@id\":\"https:\/\/alimagro.es\/2025\/08\/20\/comercial-agricola-guerra-apuesta-por-la-innovacion-y-la-agricultura-de-precision\/#primaryimage\",\"url\":\"https:\/\/alimagro.es\/wp-content\/uploads\/2025\/08\/Alimagro-foto-4.jpg\",\"contentUrl\":\"https:\/\/alimagro.es\/wp-content\/uploads\/2025\/08\/Alimagro-foto-4.jpg\",\"width\":560,\"height\":421},{\"@type\":\"BreadcrumbList\",\"@id\":\"https:\/\/alimagro.es\/2025\/08\/20\/comercial-agricola-guerra-apuesta-por-la-innovacion-y-la-agricultura-de-precision\/#breadcrumb\",\"itemListElement\":[{\"@type\":\"ListItem\",\"position\":1,\"name\":\"Portada\",\"item\":\"https:\/\/alimagro.es\/\"},{\"@type\":\"ListItem\",\"position\":2,\"name\":\"Comercial Agr\u00edcola Guerra apuesta por la innovaci\u00f3n y la agricultura de precisi\u00f3n\"}]},{\"@type\":\"WebSite\",\"@id\":\"https:\/\/alimagro.es\/#website\",\"url\":\"https:\/\/alimagro.es\/\",\"name\":\"Alimagro\",\"description\":\"Alimagro, un evento referente nacional que aglutina las novedades en cuanto al cultivo de patata y la maquinaria agr\u00edcola.\",\"publisher\":{\"@id\":\"https:\/\/alimagro.es\/#organization\"},\"alternateName\":\"Feria del Agro de la Limia\",\"potentialAction\":[{\"@type\":\"SearchAction\",\"target\":{\"@type\":\"EntryPoint\",\"urlTemplate\":\"https:\/\/alimagro.es\/?s={search_term_string}\"},\"query-input\":{\"@type\":\"PropertyValueSpecification\",\"valueRequired\":true,\"valueName\":\"search_term_string\"}}],\"inLanguage\":\"es\"},{\"@type\":\"Organization\",\"@id\":\"https:\/\/alimagro.es\/#organization\",\"name\":\"Alimagro\",\"url\":\"https:\/\/alimagro.es\/\",\"logo\":{\"@type\":\"ImageObject\",\"inLanguage\":\"es\",\"@id\":\"https:\/\/alimagro.es\/#\/schema\/logo\/image\/\",\"url\":\"https:\/\/alimagro.es\/wp-content\/uploads\/2023\/07\/alimagro-logo-verde.png\",\"contentUrl\":\"https:\/\/alimagro.es\/wp-content\/uploads\/2023\/07\/alimagro-logo-verde.png\",\"width\":500,\"height\":96,\"caption\":\"Alimagro\"},\"image\":{\"@id\":\"https:\/\/alimagro.es\/#\/schema\/logo\/image\/\"},\"sameAs\":[\"https:\/\/www.facebook.com\/people\/Alimagro\/100095025612077\/\",\"https:\/\/www.instagram.com\/alimagro_\/\"]},{\"@type\":\"Person\",\"@id\":\"https:\/\/alimagro.es\/#\/schema\/person\/89860ad1bd667547b21c7a338776d78b\",\"name\":\"Mar\u00eda \u00c1lvarez\",\"image\":{\"@type\":\"ImageObject\",\"inLanguage\":\"es\",\"@id\":\"https:\/\/alimagro.es\/#\/schema\/person\/image\/\",\"url\":\"https:\/\/secure.gravatar.com\/avatar\/073a70519b527b7f5caacb635da42b6721e0828f6a6609c38e1663e2b4ab460f?s=96&d=mm&r=g\",\"contentUrl\":\"https:\/\/secure.gravatar.com\/avatar\/073a70519b527b7f5caacb635da42b6721e0828f6a6609c38e1663e2b4ab460f?s=96&d=mm&r=g\",\"caption\":\"Mar\u00eda \u00c1lvarez\"},\"url\":\"https:\/\/alimagro.es\/es_es\/author\/maria\/\"}]}<\/script>\n<!-- \/ Yoast SEO plugin. -->",
    "yoast_head_json": {
        "title": "Comercial Agr\u00edcola Guerra apuesta por la innovaci\u00f3n y la agricultura de precisi\u00f3n | Alimagro",
        "robots": {
            "index": "index",
            "follow": "follow",
            "max-snippet": "max-snippet:-1",
            "max-image-preview": "max-image-preview:large",
            "max-video-preview": "max-video-preview:-1"
        },
        "canonical": "https:\/\/alimagro.es\/es_es\/2025\/08\/20\/comercial-agricola-guerra-apuesta-por-la-innovacion-y-la-agricultura-de-precision\/",
        "og_locale": "es_ES",
        "og_type": "article",
        "og_title": "Comercial Agr\u00edcola Guerra apuesta por la innovaci\u00f3n y la agricultura de precisi\u00f3n | Alimagro",
        "og_description": "Comercial Agr\u00edcola Guerra, empresa familiar, con m\u00e1s de 60 a\u00f1os de trayectoria, fundada por Antonio Guerra y con sedes en Viana do Bolo y Xinzo de Limia, se ha consolidado como un referente en Galicia gracias a su compromiso con la calidad, la innovaci\u00f3n y un servicio postventa \u00e1gil y personalizado. La empresa ourensana presentar\u00e1 [&hellip;]",
        "og_url": "https:\/\/alimagro.es\/es_es\/2025\/08\/20\/comercial-agricola-guerra-apuesta-por-la-innovacion-y-la-agricultura-de-precision\/",
        "og_site_name": "Alimagro",
        "article_publisher": "https:\/\/www.facebook.com\/people\/Alimagro\/100095025612077\/",
        "article_published_time": "2025-08-20T09:44:04+00:00",
        "article_modified_time": "2025-08-20T09:44:06+00:00",
        "og_image": [
            {
                "width": 560,
                "height": 421,
                "url": "https:\/\/alimagro.es\/wp-content\/uploads\/2025\/08\/Alimagro-foto-4.jpg",
                "type": "image\/jpeg"
            }
        ],
        "author": "Mar\u00eda \u00c1lvarez",
        "twitter_card": "summary_large_image",
        "twitter_misc": {
            "Escrito por": "Mar\u00eda \u00c1lvarez",
            "Tiempo de lectura": "3 minutos"
        },
        "schema": {
            "@context": "https:\/\/schema.org",
            "@graph": [
                {
                    "@type": "Article",
                    "@id": "https:\/\/alimagro.es\/2025\/08\/20\/comercial-agricola-guerra-apuesta-por-la-innovacion-y-la-agricultura-de-precision\/#article",
                    "isPartOf": {
                        "@id": "https:\/\/alimagro.es\/2025\/08\/20\/comercial-agricola-guerra-apuesta-por-la-innovacion-y-la-agricultura-de-precision\/"
                    },
                    "author": {
                        "name": "Mar\u00eda \u00c1lvarez",
                        "@id": "https:\/\/alimagro.es\/#\/schema\/person\/89860ad1bd667547b21c7a338776d78b"
                    },
                    "headline": "Comercial Agr\u00edcola Guerra apuesta por la innovaci\u00f3n y la agricultura de precisi\u00f3n",
                    "datePublished": "2025-08-20T09:44:04+00:00",
                    "dateModified": "2025-08-20T09:44:06+00:00",
                    "mainEntityOfPage": {
                        "@id": "https:\/\/alimagro.es\/2025\/08\/20\/comercial-agricola-guerra-apuesta-por-la-innovacion-y-la-agricultura-de-precision\/"
                    },
                    "wordCount": 441,
                    "publisher": {
                        "@id": "https:\/\/alimagro.es\/#organization"
                    },
                    "image": {
                        "@id": "https:\/\/alimagro.es\/2025\/08\/20\/comercial-agricola-guerra-apuesta-por-la-innovacion-y-la-agricultura-de-precision\/#primaryimage"
                    },
                    "thumbnailUrl": "https:\/\/alimagro.es\/wp-content\/uploads\/2025\/08\/Alimagro-foto-4.jpg",
                    "keywords": [
                        "agr\u00edcola",
                        "Alimagro",
                        "feria",
                        "tractores",
                        "vendimiadora"
                    ],
                    "articleSection": [
                        "Alimagro",
                        "General"
                    ],
                    "inLanguage": "es"
                },
                {
                    "@type": "WebPage",
                    "@id": "https:\/\/alimagro.es\/2025\/08\/20\/comercial-agricola-guerra-apuesta-por-la-innovacion-y-la-agricultura-de-precision\/",
                    "url": "https:\/\/alimagro.es\/2025\/08\/20\/comercial-agricola-guerra-apuesta-por-la-innovacion-y-la-agricultura-de-precision\/",
                    "name": "Comercial Agr\u00edcola Guerra apuesta por la innovaci\u00f3n y la agricultura de precisi\u00f3n | Alimagro",
                    "isPartOf": {
                        "@id": "https:\/\/alimagro.es\/#website"
                    },
                    "primaryImageOfPage": {
                        "@id": "https:\/\/alimagro.es\/2025\/08\/20\/comercial-agricola-guerra-apuesta-por-la-innovacion-y-la-agricultura-de-precision\/#primaryimage"
                    },
                    "image": {
                        "@id": "https:\/\/alimagro.es\/2025\/08\/20\/comercial-agricola-guerra-apuesta-por-la-innovacion-y-la-agricultura-de-precision\/#primaryimage"
                    },
                    "thumbnailUrl": "https:\/\/alimagro.es\/wp-content\/uploads\/2025\/08\/Alimagro-foto-4.jpg",
                    "datePublished": "2025-08-20T09:44:04+00:00",
                    "dateModified": "2025-08-20T09:44:06+00:00",
                    "breadcrumb": {
                        "@id": "https:\/\/alimagro.es\/2025\/08\/20\/comercial-agricola-guerra-apuesta-por-la-innovacion-y-la-agricultura-de-precision\/#breadcrumb"
                    },
                    "inLanguage": "es",
                    "potentialAction": [
                        {
                            "@type": "ReadAction",
                            "target": [
                                "https:\/\/alimagro.es\/2025\/08\/20\/comercial-agricola-guerra-apuesta-por-la-innovacion-y-la-agricultura-de-precision\/"
                            ]
                        }
                    ]
                },
                {
                    "@type": "ImageObject",
                    "inLanguage": "es",
                    "@id": "https:\/\/alimagro.es\/2025\/08\/20\/comercial-agricola-guerra-apuesta-por-la-innovacion-y-la-agricultura-de-precision\/#primaryimage",
                    "url": "https:\/\/alimagro.es\/wp-content\/uploads\/2025\/08\/Alimagro-foto-4.jpg",
                    "contentUrl": "https:\/\/alimagro.es\/wp-content\/uploads\/2025\/08\/Alimagro-foto-4.jpg",
                    "width": 560,
                    "height": 421
                },
                {
                    "@type": "BreadcrumbList",
                    "@id": "https:\/\/alimagro.es\/2025\/08\/20\/comercial-agricola-guerra-apuesta-por-la-innovacion-y-la-agricultura-de-precision\/#breadcrumb",
                    "itemListElement": [
                        {
                            "@type": "ListItem",
                            "position": 1,
                            "name": "Portada",
                            "item": "https:\/\/alimagro.es\/"
                        },
                        {
                            "@type": "ListItem",
                            "position": 2,
                            "name": "Comercial Agr\u00edcola Guerra apuesta por la innovaci\u00f3n y la agricultura de precisi\u00f3n"
                        }
                    ]
                },
                {
                    "@type": "WebSite",
                    "@id": "https:\/\/alimagro.es\/#website",
                    "url": "https:\/\/alimagro.es\/",
                    "name": "Alimagro",
                    "description": "Alimagro, un evento referente nacional que aglutina las novedades en cuanto al cultivo de patata y la maquinaria agr\u00edcola.",
                    "publisher": {
                        "@id": "https:\/\/alimagro.es\/#organization"
                    },
                    "alternateName": "Feria del Agro de la Limia",
                    "potentialAction": [
                        {
                            "@type": "SearchAction",
                            "target": {
                                "@type": "EntryPoint",
                                "urlTemplate": "https:\/\/alimagro.es\/?s={search_term_string}"
                            },
                            "query-input": {
                                "@type": "PropertyValueSpecification",
                                "valueRequired": true,
                                "valueName": "search_term_string"
                            }
                        }
                    ],
                    "inLanguage": "es"
                },
                {
                    "@type": "Organization",
                    "@id": "https:\/\/alimagro.es\/#organization",
                    "name": "Alimagro",
                    "url": "https:\/\/alimagro.es\/",
                    "logo": {
                        "@type": "ImageObject",
                        "inLanguage": "es",
                        "@id": "https:\/\/alimagro.es\/#\/schema\/logo\/image\/",
                        "url": "https:\/\/alimagro.es\/wp-content\/uploads\/2023\/07\/alimagro-logo-verde.png",
                        "contentUrl": "https:\/\/alimagro.es\/wp-content\/uploads\/2023\/07\/alimagro-logo-verde.png",
                        "width": 500,
                        "height": 96,
                        "caption": "Alimagro"
                    },
                    "image": {
                        "@id": "https:\/\/alimagro.es\/#\/schema\/logo\/image\/"
                    },
                    "sameAs": [
                        "https:\/\/www.facebook.com\/people\/Alimagro\/100095025612077\/",
                        "https:\/\/www.instagram.com\/alimagro_\/"
                    ]
                },
                {
                    "@type": "Person",
                    "@id": "https:\/\/alimagro.es\/#\/schema\/person\/89860ad1bd667547b21c7a338776d78b",
                    "name": "Mar\u00eda \u00c1lvarez",
                    "image": {
                        "@type": "ImageObject",
                        "inLanguage": "es",
                        "@id": "https:\/\/alimagro.es\/#\/schema\/person\/image\/",
                        "url": "https:\/\/secure.gravatar.com\/avatar\/073a70519b527b7f5caacb635da42b6721e0828f6a6609c38e1663e2b4ab460f?s=96&d=mm&r=g",
                        "contentUrl": "https:\/\/secure.gravatar.com\/avatar\/073a70519b527b7f5caacb635da42b6721e0828f6a6609c38e1663e2b4ab460f?s=96&d=mm&r=g",
                        "caption": "Mar\u00eda \u00c1lvarez"
                    },
                    "url": "https:\/\/alimagro.es\/es_es\/author\/maria\/"
                }
            ]
        }
    },
    "_links": {
        "self": [
            {
                "href": "https:\/\/alimagro.es\/es_es\/wp-json\/wp\/v2\/posts\/1254",
                "targetHints": {
                    "allow": [
                        "GET"
                    ]
                }
            }
        ],
        "collection": [
            {
                "href": "https:\/\/alimagro.es\/es_es\/wp-json\/wp\/v2\/posts"
            }
        ],
        "about": [
            {
                "href": "https:\/\/alimagro.es\/es_es\/wp-json\/wp\/v2\/types\/post"
            }
        ],
        "author": [
            {
                "embeddable": true,
                "href": "https:\/\/alimagro.es\/es_es\/wp-json\/wp\/v2\/users\/7"
            }
        ],
        "replies": [
            {
                "embeddable": true,
                "href": "https:\/\/alimagro.es\/es_es\/wp-json\/wp\/v2\/comments?post=1254"
            }
        ],
        "version-history": [
            {
                "count": 1,
                "href": "https:\/\/alimagro.es\/es_es\/wp-json\/wp\/v2\/posts\/1254\/revisions"
            }
        ],
        "predecessor-version": [
            {
                "id": 1261,
                "href": "https:\/\/alimagro.es\/es_es\/wp-json\/wp\/v2\/posts\/1254\/revisions\/1261"
            }
        ],
        "wp:featuredmedia": [
            {
                "embeddable": true,
                "href": "https:\/\/alimagro.es\/es_es\/wp-json\/wp\/v2\/media\/1255"
            }
        ],
        "wp:attachment": [
            {
                "href": "https:\/\/alimagro.es\/es_es\/wp-json\/wp\/v2\/media?parent=1254"
            }
        ],
        "wp:term": [
            {
                "taxonomy": "category",
                "embeddable": true,
                "href": "https:\/\/alimagro.es\/es_es\/wp-json\/wp\/v2\/categories?post=1254"
            },
            {
                "taxonomy": "post_tag",
                "embeddable": true,
                "href": "https:\/\/alimagro.es\/es_es\/wp-json\/wp\/v2\/tags?post=1254"
            }
        ],
        "curies": [
            {
                "name": "wp",
                "href": "https:\/\/api.w.org\/{rel}",
                "templated": true
            }
        ]
    }
}