{
    "id": 1213,
    "date": "2025-08-14T15:05:43",
    "date_gmt": "2025-08-14T13:05:43",
    "guid": {
        "rendered": "https:\/\/alimagro.es\/?p=1213"
    },
    "modified": "2025-08-19T14:43:50",
    "modified_gmt": "2025-08-19T12:43:50",
    "slug": "la-patata-protagonista-del-mes-de-septiembre-en-galicia",
    "status": "publish",
    "type": "post",
    "link": "https:\/\/alimagro.es\/es_es\/2025\/08\/14\/la-patata-protagonista-del-mes-de-septiembre-en-galicia\/",
    "title": {
        "rendered": "La patata, protagonista del mes de septiembre en Galicia"
    },
    "content": {
        "rendered": "<p>La patata en Galicia arranca su campa\u00f1a de recolecci\u00f3n y sus dos zonas de producci\u00f3n m\u00e1s importantes se visten de gala. Ambos eventos son una cita ya marcada en el calendario para lo amantes de este cultivo.<\/p>\n\n\n\n<p><strong>Alimagro<\/strong> primero en el calendario, se ha convertido en un evento de referencia nacional. Xinzo de Limia espera recibir seg\u00fan Amador D\u00edaz, alcalde de la localidad, a \u201cmiles de personas, incluso superando jornadas anteriores\u201d. Esta nueva edici\u00f3n se celebra del viernes 5 al domingo 7 de septiembre y su programa incluye la Feira da Pataca y la Feira da Maquinaria con una amplia exposici\u00f3n con las \u00faltimas novedades presentes en el mercado. Alimagro \u201ces el reflejo de la comarca agr\u00edcola m\u00e1s importante de Galicia y su celebraci\u00f3n procura la promoci\u00f3n de una patata que tiene ya un reconocimiento a nivel nacional\u201d, asegura el alcalde.<\/p>\n\n\n\n<p>Adem\u00e1s, como novedad, la red de municipios de pueblos productores de patata, representados por Cartagena, pueblo invitado Alimagro 2025, organizar\u00e1n una cata abierta y popular de sus variedades m\u00e1s destacadas. \u201cEsta novedad creo que va a gustar mucho debido a la gran representaci\u00f3n de agricultores que nos visitan de todo el territorio nacional\u201d, indica D\u00edaz.<\/p>\n\n\n\n<p>Adem\u00e1s, se va a escenificar el primer arranque de patata en Xinzo de Limia. \u201cEsta es otra de las actividades significativas y puede ayudar a que la patata gallega comience a consumirse\u201d, asegura Amador.<\/p>\n\n\n\n<figure class=\"wp-block-image size-large is-resized\"><img loading=\"lazy\" decoding=\"async\" width=\"1024\" height=\"683\" src=\"https:\/\/alimagro.es\/wp-content\/uploads\/2025\/08\/Amador-Diaz-Asociacion-de-Productores-de-Patata-de-A-Limia-1024x683.jpg\" alt=\"\" class=\"wp-image-1216\" style=\"width:605px;height:auto\" srcset=\"https:\/\/alimagro.es\/wp-content\/uploads\/2025\/08\/Amador-Diaz-Asociacion-de-Productores-de-Patata-de-A-Limia-1024x683.jpg 1024w, https:\/\/alimagro.es\/wp-content\/uploads\/2025\/08\/Amador-Diaz-Asociacion-de-Productores-de-Patata-de-A-Limia-300x200.jpg 300w, https:\/\/alimagro.es\/wp-content\/uploads\/2025\/08\/Amador-Diaz-Asociacion-de-Productores-de-Patata-de-A-Limia-768x512.jpg 768w, https:\/\/alimagro.es\/wp-content\/uploads\/2025\/08\/Amador-Diaz-Asociacion-de-Productores-de-Patata-de-A-Limia-1536x1024.jpg 1536w, https:\/\/alimagro.es\/wp-content\/uploads\/2025\/08\/Amador-Diaz-Asociacion-de-Productores-de-Patata-de-A-Limia-2048x1365.jpg 2048w, https:\/\/alimagro.es\/wp-content\/uploads\/2025\/08\/Amador-Diaz-Asociacion-de-Productores-de-Patata-de-A-Limia-18x12.jpg 18w, https:\/\/alimagro.es\/wp-content\/uploads\/2025\/08\/Amador-Diaz-Asociacion-de-Productores-de-Patata-de-A-Limia-696x464.jpg 696w, https:\/\/alimagro.es\/wp-content\/uploads\/2025\/08\/Amador-Diaz-Asociacion-de-Productores-de-Patata-de-A-Limia-1068x712.jpg 1068w, https:\/\/alimagro.es\/wp-content\/uploads\/2025\/08\/Amador-Diaz-Asociacion-de-Productores-de-Patata-de-A-Limia-1920x1280.jpg 1920w\" sizes=\"auto, (max-width: 1024px) 100vw, 1024px\" \/><figcaption class=\"wp-element-caption\">Amador D\u00edaz, alcalde de Xinzo de Limia<\/figcaption><\/figure>\n\n\n\n<h2 class=\"wp-block-heading\"><strong>\u00bfD\u00f3nde se celebra?<\/strong><\/h2>\n\n\n\n<p>El evento se caracteriza por contar con una amplia variedad de actividades donde se puede disfrutar de la maquinaria que all\u00ed mostrar\u00e1n las principales empresas y marcas del sector del cultivo de la patata, tanto a nivel regional como nacional. Presentar\u00e1n sus \u00faltimas innovaciones, productos y t\u00e9cnicas agr\u00edcolas. \u201cHay que rese\u00f1ar que a nivel de tractores es una de las m\u00e1s importantes a nivel nacional\u201d, a\u00f1ad\u00eda D\u00edaz. La Feira da Maquinaria rodear\u00e1 el Parque do Toural y se extender\u00e1 a lo largo de la calle Dos de Mayo. El resto de las actividades se celebrar\u00e1n en el \u201cpavillon de deportes\u201d.<\/p>\n\n\n\n<h2 class=\"wp-block-heading\"><strong>Jornada T\u00e9cnica<\/strong><\/h2>\n\n\n\n<p>El jueves 4 de septiembre la feria contar\u00e1 con un pr\u00f3logo centrado en la producci\u00f3n y la comercializaci\u00f3n de la patata. Es la tercera Jornada T\u00e9cnica de la Pataca, organizada por la Revista Campo y que dedicar\u00e1 especial atenci\u00f3n a la sanidad vegetal, a la eficiencia en la fertilizaci\u00f3n y a la calidad y cantidad de agua para el riego.<\/p>\n\n\n\n<p>En esta feria se quiere destacar la importancia de Galicia en el cultivo de la patata y promueve la&nbsp;<strong>profesionalizaci\u00f3n del sector<\/strong>&nbsp;a trav\u00e9s de distintas ponencias y mesas debate en las que profesionales gallegos y del \u00e1mbito nacional analizar\u00e1n cuestiones de especial relevancia. El objetivo de estos encuentros no es otro que trasladar el \u00e9xito de la patata gallega al resto de Espa\u00f1a.<\/p>\n\n\n\n<p>Para realizar la inscripci\u00f3n a la jornada t\u00e9cnica puedes hacerlo en el siguiente enlace &nbsp;<a href=\"https:\/\/alimagro.es\/gl\/\">https:\/\/alimagro.es\/gl\/<\/a><\/p>\n\n\n\n<h2 class=\"wp-block-heading\"><strong>Coristanco: La festa da pataca<\/strong><\/h2>\n\n\n\n<p>Del 19 de septiembre al 21 en Galicia, en concreto en Coristanco, la patata vuelve a ser la principal protagonista. &nbsp;<\/p>\n\n\n\n<p>La patata es el cultivo por excelencia de Coristanco. Y un a\u00f1o m\u00e1s y ya van 43, <strong>la Festa da Pataca exaltar\u00e1 el tub\u00e9rculo como se\u00f1a<\/strong>&nbsp;de identidad del pueblo, en dos d\u00edas llenos de actividades, se pondr\u00e1 en valor, la excelencia y la calidad de este cultivo en la zona. Estas caracter\u00edsticas son precisamente los factores diferenciales de este producto que se obtiene en este municipio coru\u00f1\u00e9s. \u201cEl mercado reconoce las caracter\u00edsticas de nuestra patata. Genera econom\u00eda, cultura y orgullo para nuestro municipio\u201d, reconoce el alcalde de Coristanco, Juan Carlos Garc\u00eda.<\/p>\n\n\n\n<figure class=\"wp-block-image size-full\"><img loading=\"lazy\" decoding=\"async\" width=\"480\" height=\"270\" src=\"https:\/\/alimagro.es\/wp-content\/uploads\/2025\/08\/CA25C4F1_1.webp\" alt=\"\" class=\"wp-image-1215\" srcset=\"https:\/\/alimagro.es\/wp-content\/uploads\/2025\/08\/CA25C4F1_1.webp 480w, https:\/\/alimagro.es\/wp-content\/uploads\/2025\/08\/CA25C4F1_1-300x169.webp 300w, https:\/\/alimagro.es\/wp-content\/uploads\/2025\/08\/CA25C4F1_1-18x10.webp 18w\" sizes=\"auto, (max-width: 480px) 100vw, 480px\" \/><figcaption class=\"wp-element-caption\">Juan Carlos Garc\u00eda, alcalde de Coristanco<\/figcaption><\/figure>\n\n\n\n<p>Esta edici\u00f3n mostrar\u00e1 a los visitantes la forma de cultivar el producto en Coristanco.<\/p>\n\n\n\n<p>La feria espera contar con m\u00e1s de 5.000 asistentes en unas jornadas en las que se podr\u00e1 disfrutar de actividades, concursos gastron\u00f3micos, exposiciones fotogr\u00e1ficas y actuaciones musicales. \u201cSe involucra a los ni\u00f1os y a los mayores del municipio en las distintas actividades, si algo caracteriza a Coristanco es la patata de secano y la variedad Kennebec en concreto y estos d\u00edas son especiales para todos\u201d, indica Garc\u00eda. La Feria da Pataca re\u00fane la agricultura, la gastronom\u00eda y la tradici\u00f3n alrededor del tub\u00e9rculo.<\/p>\n\n\n\n<p><strong>I ENCUENTRO AGROPROFESIONAL DE LA PATACA DE CORISTANCO.<\/strong> Una jornada imprescindible para agricultores, t\u00e9cnicos, investigadores y todos los profesionales interesados en este cultivo tradicional gallego con gran potencial futuro.Esta iniciativa busca impulsar y profesionalizar el sector de la pataca en la regi\u00f3n. En \u00e9l se har\u00e1 un an\u00e1lisis agron\u00f3mico de mercado, adem\u00e1s se pondr\u00e1 en valor el cultivo de la patata y el principal objetivo; mostrar al consumidor la calidad y reconozca la marca de patata de Coristanco. Este encuentro es una oportunidad \u00fanica para reunirse, abordar temas que son del inter\u00e9s de todo el sector patatero y conocer los nuevos retos. En esta jornada se va a hacer una radiograf\u00eda de lo que est\u00e1 pasando y hacia donde va el sector\u201d, asegura el alcalde de Coristanco.<\/p>",
        "protected": false
    },
    "excerpt": {
        "rendered": "<p>La patata en Galicia arranca su campa\u00f1a de recolecci\u00f3n y sus dos zonas de producci\u00f3n m\u00e1s importantes se visten de gala. Ambos eventos son una cita ya marcada en el calendario para lo amantes de este cultivo. Alimagro primero en el calendario, se ha convertido en un evento de referencia nacional. Xinzo de Limia espera [&hellip;]<\/p>",
        "protected": false
    },
    "author": 11,
    "featured_media": 1214,
    "comment_status": "closed",
    "ping_status": "closed",
    "sticky": false,
    "template": "",
    "format": "standard",
    "meta": {
        "ngg_post_thumbnail": 0,
        "footnotes": ""
    },
    "categories": [
        1
    ],
    "tags": [],
    "class_list": {
        "0": "post-1213",
        "1": "post",
        "2": "type-post",
        "3": "status-publish",
        "4": "format-standard",
        "5": "has-post-thumbnail",
        "7": "category-sin-categoria"
    },
    "yoast_head": "<!-- This site is optimized with the Yoast SEO plugin v25.8 - https:\/\/yoast.com\/wordpress\/plugins\/seo\/ -->\n<title>La patata, protagonista del mes de septiembre en Galicia | Alimagro<\/title>\n<meta name=\"robots\" content=\"index, follow, max-snippet:-1, max-image-preview:large, max-video-preview:-1\" \/>\n<link rel=\"canonical\" href=\"https:\/\/alimagro.es\/es_es\/2025\/08\/14\/la-patata-protagonista-del-mes-de-septiembre-en-galicia\/\" \/>\n<meta property=\"og:locale\" content=\"es_ES\" \/>\n<meta property=\"og:type\" content=\"article\" \/>\n<meta property=\"og:title\" content=\"La patata, protagonista del mes de septiembre en Galicia | Alimagro\" \/>\n<meta property=\"og:description\" content=\"La patata en Galicia arranca su campa\u00f1a de recolecci\u00f3n y sus dos zonas de producci\u00f3n m\u00e1s importantes se visten de gala. Ambos eventos son una cita ya marcada en el calendario para lo amantes de este cultivo. Alimagro primero en el calendario, se ha convertido en un evento de referencia nacional. Xinzo de Limia espera [&hellip;]\" \/>\n<meta property=\"og:url\" content=\"https:\/\/alimagro.es\/es_es\/2025\/08\/14\/la-patata-protagonista-del-mes-de-septiembre-en-galicia\/\" \/>\n<meta property=\"og:site_name\" content=\"Alimagro\" \/>\n<meta property=\"article:publisher\" content=\"https:\/\/www.facebook.com\/people\/Alimagro\/100095025612077\/\" \/>\n<meta property=\"article:published_time\" content=\"2025-08-14T13:05:43+00:00\" \/>\n<meta property=\"article:modified_time\" content=\"2025-08-19T12:43:50+00:00\" \/>\n<meta property=\"og:image\" content=\"https:\/\/alimagro.es\/wp-content\/uploads\/2025\/08\/P1010362-1068x801-1.jpg\" \/>\n\t<meta property=\"og:image:width\" content=\"1068\" \/>\n\t<meta property=\"og:image:height\" content=\"801\" \/>\n\t<meta property=\"og:image:type\" content=\"image\/jpeg\" \/>\n<meta name=\"author\" content=\"Natalia Lozano\" \/>\n<meta name=\"twitter:card\" content=\"summary_large_image\" \/>\n<meta name=\"twitter:label1\" content=\"Escrito por\" \/>\n\t<meta name=\"twitter:data1\" content=\"Natalia Lozano\" \/>\n\t<meta name=\"twitter:label2\" content=\"Tiempo de lectura\" \/>\n\t<meta name=\"twitter:data2\" content=\"5 minutos\" \/>\n<script type=\"application\/ld+json\" class=\"yoast-schema-graph\">{\"@context\":\"https:\/\/schema.org\",\"@graph\":[{\"@type\":\"Article\",\"@id\":\"https:\/\/alimagro.es\/2025\/08\/14\/la-patata-protagonista-del-mes-de-septiembre-en-galicia\/#article\",\"isPartOf\":{\"@id\":\"https:\/\/alimagro.es\/2025\/08\/14\/la-patata-protagonista-del-mes-de-septiembre-en-galicia\/\"},\"author\":{\"name\":\"Natalia Lozano\",\"@id\":\"https:\/\/alimagro.es\/#\/schema\/person\/bc44f5e9369a82c257b6986e3f8975c0\"},\"headline\":\"La patata, protagonista del mes de septiembre en Galicia\",\"datePublished\":\"2025-08-14T13:05:43+00:00\",\"dateModified\":\"2025-08-19T12:43:50+00:00\",\"mainEntityOfPage\":{\"@id\":\"https:\/\/alimagro.es\/2025\/08\/14\/la-patata-protagonista-del-mes-de-septiembre-en-galicia\/\"},\"wordCount\":909,\"publisher\":{\"@id\":\"https:\/\/alimagro.es\/#organization\"},\"image\":{\"@id\":\"https:\/\/alimagro.es\/2025\/08\/14\/la-patata-protagonista-del-mes-de-septiembre-en-galicia\/#primaryimage\"},\"thumbnailUrl\":\"https:\/\/alimagro.es\/wp-content\/uploads\/2025\/08\/P1010362-1068x801-1.jpg\",\"inLanguage\":\"es\"},{\"@type\":\"WebPage\",\"@id\":\"https:\/\/alimagro.es\/2025\/08\/14\/la-patata-protagonista-del-mes-de-septiembre-en-galicia\/\",\"url\":\"https:\/\/alimagro.es\/2025\/08\/14\/la-patata-protagonista-del-mes-de-septiembre-en-galicia\/\",\"name\":\"La patata, protagonista del mes de septiembre en Galicia | Alimagro\",\"isPartOf\":{\"@id\":\"https:\/\/alimagro.es\/#website\"},\"primaryImageOfPage\":{\"@id\":\"https:\/\/alimagro.es\/2025\/08\/14\/la-patata-protagonista-del-mes-de-septiembre-en-galicia\/#primaryimage\"},\"image\":{\"@id\":\"https:\/\/alimagro.es\/2025\/08\/14\/la-patata-protagonista-del-mes-de-septiembre-en-galicia\/#primaryimage\"},\"thumbnailUrl\":\"https:\/\/alimagro.es\/wp-content\/uploads\/2025\/08\/P1010362-1068x801-1.jpg\",\"datePublished\":\"2025-08-14T13:05:43+00:00\",\"dateModified\":\"2025-08-19T12:43:50+00:00\",\"breadcrumb\":{\"@id\":\"https:\/\/alimagro.es\/2025\/08\/14\/la-patata-protagonista-del-mes-de-septiembre-en-galicia\/#breadcrumb\"},\"inLanguage\":\"es\",\"potentialAction\":[{\"@type\":\"ReadAction\",\"target\":[\"https:\/\/alimagro.es\/2025\/08\/14\/la-patata-protagonista-del-mes-de-septiembre-en-galicia\/\"]}]},{\"@type\":\"ImageObject\",\"inLanguage\":\"es\",\"@id\":\"https:\/\/alimagro.es\/2025\/08\/14\/la-patata-protagonista-del-mes-de-septiembre-en-galicia\/#primaryimage\",\"url\":\"https:\/\/alimagro.es\/wp-content\/uploads\/2025\/08\/P1010362-1068x801-1.jpg\",\"contentUrl\":\"https:\/\/alimagro.es\/wp-content\/uploads\/2025\/08\/P1010362-1068x801-1.jpg\",\"width\":1068,\"height\":801},{\"@type\":\"BreadcrumbList\",\"@id\":\"https:\/\/alimagro.es\/2025\/08\/14\/la-patata-protagonista-del-mes-de-septiembre-en-galicia\/#breadcrumb\",\"itemListElement\":[{\"@type\":\"ListItem\",\"position\":1,\"name\":\"Portada\",\"item\":\"https:\/\/alimagro.es\/\"},{\"@type\":\"ListItem\",\"position\":2,\"name\":\"La patata, protagonista del mes de septiembre en Galicia\"}]},{\"@type\":\"WebSite\",\"@id\":\"https:\/\/alimagro.es\/#website\",\"url\":\"https:\/\/alimagro.es\/\",\"name\":\"Alimagro\",\"description\":\"Alimagro, un evento referente nacional que aglutina las novedades en cuanto al cultivo de patata y la maquinaria agr\u00edcola.\",\"publisher\":{\"@id\":\"https:\/\/alimagro.es\/#organization\"},\"alternateName\":\"Feria del Agro de la Limia\",\"potentialAction\":[{\"@type\":\"SearchAction\",\"target\":{\"@type\":\"EntryPoint\",\"urlTemplate\":\"https:\/\/alimagro.es\/?s={search_term_string}\"},\"query-input\":{\"@type\":\"PropertyValueSpecification\",\"valueRequired\":true,\"valueName\":\"search_term_string\"}}],\"inLanguage\":\"es\"},{\"@type\":\"Organization\",\"@id\":\"https:\/\/alimagro.es\/#organization\",\"name\":\"Alimagro\",\"url\":\"https:\/\/alimagro.es\/\",\"logo\":{\"@type\":\"ImageObject\",\"inLanguage\":\"es\",\"@id\":\"https:\/\/alimagro.es\/#\/schema\/logo\/image\/\",\"url\":\"https:\/\/alimagro.es\/wp-content\/uploads\/2023\/07\/alimagro-logo-verde.png\",\"contentUrl\":\"https:\/\/alimagro.es\/wp-content\/uploads\/2023\/07\/alimagro-logo-verde.png\",\"width\":500,\"height\":96,\"caption\":\"Alimagro\"},\"image\":{\"@id\":\"https:\/\/alimagro.es\/#\/schema\/logo\/image\/\"},\"sameAs\":[\"https:\/\/www.facebook.com\/people\/Alimagro\/100095025612077\/\",\"https:\/\/www.instagram.com\/alimagro_\/\"]},{\"@type\":\"Person\",\"@id\":\"https:\/\/alimagro.es\/#\/schema\/person\/bc44f5e9369a82c257b6986e3f8975c0\",\"name\":\"Natalia Lozano\",\"image\":{\"@type\":\"ImageObject\",\"inLanguage\":\"es\",\"@id\":\"https:\/\/alimagro.es\/#\/schema\/person\/image\/\",\"url\":\"https:\/\/secure.gravatar.com\/avatar\/991138ad631ca80bc76a5a37776a93fa95e294a4ec8574aad5d9b638272a4290?s=96&d=mm&r=g\",\"contentUrl\":\"https:\/\/secure.gravatar.com\/avatar\/991138ad631ca80bc76a5a37776a93fa95e294a4ec8574aad5d9b638272a4290?s=96&d=mm&r=g\",\"caption\":\"Natalia Lozano\"},\"url\":\"https:\/\/alimagro.es\/es_es\/author\/natali\/\"}]}<\/script>\n<!-- \/ Yoast SEO plugin. -->",
    "yoast_head_json": {
        "title": "La patata, protagonista del mes de septiembre en Galicia | Alimagro",
        "robots": {
            "index": "index",
            "follow": "follow",
            "max-snippet": "max-snippet:-1",
            "max-image-preview": "max-image-preview:large",
            "max-video-preview": "max-video-preview:-1"
        },
        "canonical": "https:\/\/alimagro.es\/es_es\/2025\/08\/14\/la-patata-protagonista-del-mes-de-septiembre-en-galicia\/",
        "og_locale": "es_ES",
        "og_type": "article",
        "og_title": "La patata, protagonista del mes de septiembre en Galicia | Alimagro",
        "og_description": "La patata en Galicia arranca su campa\u00f1a de recolecci\u00f3n y sus dos zonas de producci\u00f3n m\u00e1s importantes se visten de gala. Ambos eventos son una cita ya marcada en el calendario para lo amantes de este cultivo. Alimagro primero en el calendario, se ha convertido en un evento de referencia nacional. Xinzo de Limia espera [&hellip;]",
        "og_url": "https:\/\/alimagro.es\/es_es\/2025\/08\/14\/la-patata-protagonista-del-mes-de-septiembre-en-galicia\/",
        "og_site_name": "Alimagro",
        "article_publisher": "https:\/\/www.facebook.com\/people\/Alimagro\/100095025612077\/",
        "article_published_time": "2025-08-14T13:05:43+00:00",
        "article_modified_time": "2025-08-19T12:43:50+00:00",
        "og_image": [
            {
                "width": 1068,
                "height": 801,
                "url": "https:\/\/alimagro.es\/wp-content\/uploads\/2025\/08\/P1010362-1068x801-1.jpg",
                "type": "image\/jpeg"
            }
        ],
        "author": "Natalia Lozano",
        "twitter_card": "summary_large_image",
        "twitter_misc": {
            "Escrito por": "Natalia Lozano",
            "Tiempo de lectura": "5 minutos"
        },
        "schema": {
            "@context": "https:\/\/schema.org",
            "@graph": [
                {
                    "@type": "Article",
                    "@id": "https:\/\/alimagro.es\/2025\/08\/14\/la-patata-protagonista-del-mes-de-septiembre-en-galicia\/#article",
                    "isPartOf": {
                        "@id": "https:\/\/alimagro.es\/2025\/08\/14\/la-patata-protagonista-del-mes-de-septiembre-en-galicia\/"
                    },
                    "author": {
                        "name": "Natalia Lozano",
                        "@id": "https:\/\/alimagro.es\/#\/schema\/person\/bc44f5e9369a82c257b6986e3f8975c0"
                    },
                    "headline": "La patata, protagonista del mes de septiembre en Galicia",
                    "datePublished": "2025-08-14T13:05:43+00:00",
                    "dateModified": "2025-08-19T12:43:50+00:00",
                    "mainEntityOfPage": {
                        "@id": "https:\/\/alimagro.es\/2025\/08\/14\/la-patata-protagonista-del-mes-de-septiembre-en-galicia\/"
                    },
                    "wordCount": 909,
                    "publisher": {
                        "@id": "https:\/\/alimagro.es\/#organization"
                    },
                    "image": {
                        "@id": "https:\/\/alimagro.es\/2025\/08\/14\/la-patata-protagonista-del-mes-de-septiembre-en-galicia\/#primaryimage"
                    },
                    "thumbnailUrl": "https:\/\/alimagro.es\/wp-content\/uploads\/2025\/08\/P1010362-1068x801-1.jpg",
                    "inLanguage": "es"
                },
                {
                    "@type": "WebPage",
                    "@id": "https:\/\/alimagro.es\/2025\/08\/14\/la-patata-protagonista-del-mes-de-septiembre-en-galicia\/",
                    "url": "https:\/\/alimagro.es\/2025\/08\/14\/la-patata-protagonista-del-mes-de-septiembre-en-galicia\/",
                    "name": "La patata, protagonista del mes de septiembre en Galicia | Alimagro",
                    "isPartOf": {
                        "@id": "https:\/\/alimagro.es\/#website"
                    },
                    "primaryImageOfPage": {
                        "@id": "https:\/\/alimagro.es\/2025\/08\/14\/la-patata-protagonista-del-mes-de-septiembre-en-galicia\/#primaryimage"
                    },
                    "image": {
                        "@id": "https:\/\/alimagro.es\/2025\/08\/14\/la-patata-protagonista-del-mes-de-septiembre-en-galicia\/#primaryimage"
                    },
                    "thumbnailUrl": "https:\/\/alimagro.es\/wp-content\/uploads\/2025\/08\/P1010362-1068x801-1.jpg",
                    "datePublished": "2025-08-14T13:05:43+00:00",
                    "dateModified": "2025-08-19T12:43:50+00:00",
                    "breadcrumb": {
                        "@id": "https:\/\/alimagro.es\/2025\/08\/14\/la-patata-protagonista-del-mes-de-septiembre-en-galicia\/#breadcrumb"
                    },
                    "inLanguage": "es",
                    "potentialAction": [
                        {
                            "@type": "ReadAction",
                            "target": [
                                "https:\/\/alimagro.es\/2025\/08\/14\/la-patata-protagonista-del-mes-de-septiembre-en-galicia\/"
                            ]
                        }
                    ]
                },
                {
                    "@type": "ImageObject",
                    "inLanguage": "es",
                    "@id": "https:\/\/alimagro.es\/2025\/08\/14\/la-patata-protagonista-del-mes-de-septiembre-en-galicia\/#primaryimage",
                    "url": "https:\/\/alimagro.es\/wp-content\/uploads\/2025\/08\/P1010362-1068x801-1.jpg",
                    "contentUrl": "https:\/\/alimagro.es\/wp-content\/uploads\/2025\/08\/P1010362-1068x801-1.jpg",
                    "width": 1068,
                    "height": 801
                },
                {
                    "@type": "BreadcrumbList",
                    "@id": "https:\/\/alimagro.es\/2025\/08\/14\/la-patata-protagonista-del-mes-de-septiembre-en-galicia\/#breadcrumb",
                    "itemListElement": [
                        {
                            "@type": "ListItem",
                            "position": 1,
                            "name": "Portada",
                            "item": "https:\/\/alimagro.es\/"
                        },
                        {
                            "@type": "ListItem",
                            "position": 2,
                            "name": "La patata, protagonista del mes de septiembre en Galicia"
                        }
                    ]
                },
                {
                    "@type": "WebSite",
                    "@id": "https:\/\/alimagro.es\/#website",
                    "url": "https:\/\/alimagro.es\/",
                    "name": "Alimagro",
                    "description": "Alimagro, un evento referente nacional que aglutina las novedades en cuanto al cultivo de patata y la maquinaria agr\u00edcola.",
                    "publisher": {
                        "@id": "https:\/\/alimagro.es\/#organization"
                    },
                    "alternateName": "Feria del Agro de la Limia",
                    "potentialAction": [
                        {
                            "@type": "SearchAction",
                            "target": {
                                "@type": "EntryPoint",
                                "urlTemplate": "https:\/\/alimagro.es\/?s={search_term_string}"
                            },
                            "query-input": {
                                "@type": "PropertyValueSpecification",
                                "valueRequired": true,
                                "valueName": "search_term_string"
                            }
                        }
                    ],
                    "inLanguage": "es"
                },
                {
                    "@type": "Organization",
                    "@id": "https:\/\/alimagro.es\/#organization",
                    "name": "Alimagro",
                    "url": "https:\/\/alimagro.es\/",
                    "logo": {
                        "@type": "ImageObject",
                        "inLanguage": "es",
                        "@id": "https:\/\/alimagro.es\/#\/schema\/logo\/image\/",
                        "url": "https:\/\/alimagro.es\/wp-content\/uploads\/2023\/07\/alimagro-logo-verde.png",
                        "contentUrl": "https:\/\/alimagro.es\/wp-content\/uploads\/2023\/07\/alimagro-logo-verde.png",
                        "width": 500,
                        "height": 96,
                        "caption": "Alimagro"
                    },
                    "image": {
                        "@id": "https:\/\/alimagro.es\/#\/schema\/logo\/image\/"
                    },
                    "sameAs": [
                        "https:\/\/www.facebook.com\/people\/Alimagro\/100095025612077\/",
                        "https:\/\/www.instagram.com\/alimagro_\/"
                    ]
                },
                {
                    "@type": "Person",
                    "@id": "https:\/\/alimagro.es\/#\/schema\/person\/bc44f5e9369a82c257b6986e3f8975c0",
                    "name": "Natalia Lozano",
                    "image": {
                        "@type": "ImageObject",
                        "inLanguage": "es",
                        "@id": "https:\/\/alimagro.es\/#\/schema\/person\/image\/",
                        "url": "https:\/\/secure.gravatar.com\/avatar\/991138ad631ca80bc76a5a37776a93fa95e294a4ec8574aad5d9b638272a4290?s=96&d=mm&r=g",
                        "contentUrl": "https:\/\/secure.gravatar.com\/avatar\/991138ad631ca80bc76a5a37776a93fa95e294a4ec8574aad5d9b638272a4290?s=96&d=mm&r=g",
                        "caption": "Natalia Lozano"
                    },
                    "url": "https:\/\/alimagro.es\/es_es\/author\/natali\/"
                }
            ]
        }
    },
    "_links": {
        "self": [
            {
                "href": "https:\/\/alimagro.es\/es_es\/wp-json\/wp\/v2\/posts\/1213",
                "targetHints": {
                    "allow": [
                        "GET"
                    ]
                }
            }
        ],
        "collection": [
            {
                "href": "https:\/\/alimagro.es\/es_es\/wp-json\/wp\/v2\/posts"
            }
        ],
        "about": [
            {
                "href": "https:\/\/alimagro.es\/es_es\/wp-json\/wp\/v2\/types\/post"
            }
        ],
        "author": [
            {
                "embeddable": true,
                "href": "https:\/\/alimagro.es\/es_es\/wp-json\/wp\/v2\/users\/11"
            }
        ],
        "replies": [
            {
                "embeddable": true,
                "href": "https:\/\/alimagro.es\/es_es\/wp-json\/wp\/v2\/comments?post=1213"
            }
        ],
        "version-history": [
            {
                "count": 2,
                "href": "https:\/\/alimagro.es\/es_es\/wp-json\/wp\/v2\/posts\/1213\/revisions"
            }
        ],
        "predecessor-version": [
            {
                "id": 1225,
                "href": "https:\/\/alimagro.es\/es_es\/wp-json\/wp\/v2\/posts\/1213\/revisions\/1225"
            }
        ],
        "wp:featuredmedia": [
            {
                "embeddable": true,
                "href": "https:\/\/alimagro.es\/es_es\/wp-json\/wp\/v2\/media\/1214"
            }
        ],
        "wp:attachment": [
            {
                "href": "https:\/\/alimagro.es\/es_es\/wp-json\/wp\/v2\/media?parent=1213"
            }
        ],
        "wp:term": [
            {
                "taxonomy": "category",
                "embeddable": true,
                "href": "https:\/\/alimagro.es\/es_es\/wp-json\/wp\/v2\/categories?post=1213"
            },
            {
                "taxonomy": "post_tag",
                "embeddable": true,
                "href": "https:\/\/alimagro.es\/es_es\/wp-json\/wp\/v2\/tags?post=1213"
            }
        ],
        "curies": [
            {
                "name": "wp",
                "href": "https:\/\/api.w.org\/{rel}",
                "templated": true
            }
        ]
    }
}