{
    "id": 1114,
    "date": "2024-08-28T10:03:54",
    "date_gmt": "2024-08-28T08:03:54",
    "guid": {
        "rendered": "https:\/\/alimagro.es\/?p=1114"
    },
    "modified": "2024-08-28T10:03:57",
    "modified_gmt": "2024-08-28T08:03:57",
    "slug": "patatas-conde-repite-experiencia-en-alimagro-2024-y-presenta-su-packaging-de-uno-de-sus-productos-estrellas",
    "status": "publish",
    "type": "post",
    "link": "https:\/\/alimagro.es\/es_es\/2024\/08\/28\/patatas-conde-repite-experiencia-en-alimagro-2024-y-presenta-su-packaging-de-uno-de-sus-productos-estrellas\/",
    "title": {
        "rendered": "Patatas Conde repite experiencia en Alimagro 2024 y presenta su packaging de uno de sus productos estrellas"
    },
    "content": {
        "rendered": "<p>En menos de una semana podremos disfrutar de Alimagro, el evento referente en cuanto al cultivo de patata y maquinaria, que tendr\u00e1 lugar en Xinzo de Limia (Ourense).<\/p>\n\n\n\n<p>Patatas Conde, uno de los expositores de este evento, es un almac\u00e9n de patatas dedicado a la distribuci\u00f3n de este producto. Sus primeros pasos datan de la d\u00e9cada de los 70 y con apenas unos sacos, mucho tes\u00f3n y trabajo duro naci\u00f3 esta empresa. Todo esto permiti\u00f3 que en la d\u00e9cada de los 80 ampliara su campo social a la venta de patatas al por mayor en la comarca de A Limia, hasta la actualidad.<\/p>\n\n\n\n<p>En Alimagro quieren presentar su <em>packaging <\/em>de su producto estrella que son los cachelos. Para ellos supone una oportunidad especial hacerlo en esta feria puesto que consideran un referente este evento. \u201cA\u00f1o tras a\u00f1o, Alimagro contin\u00faa. No ha quedado en un momento puntual, sino que despu\u00e9s de 5 a\u00f1os sigue. Adem\u00e1s, consideramos de esta una oportunidad necesaria para posicionar a la comarca, porque la gente conoce nuestro producto y solo nos faltaba una feria y aqu\u00ed la tenemos\u201d, se\u00f1ala Diego Conde<\/p>\n\n\n\n<p>\u201cEsperamos que todos los profesionales del sector de la patata acudan a esta cita ineludible como es Alimagro, donde tenemos el privilegio de encontrarnos y poder compartir con vosotros nuestra experiencia en el sector\u201d, manifiesta Diego Cid.<\/p>",
        "protected": false
    },
    "excerpt": {
        "rendered": "<p>En menos de una semana podremos disfrutar de Alimagro, el evento referente en cuanto al cultivo de patata y maquinaria, que tendr\u00e1 lugar en Xinzo de Limia (Ourense). Patatas Conde, uno de los expositores de este evento, es un almac\u00e9n de patatas dedicado a la distribuci\u00f3n de este producto. Sus primeros pasos datan de la [&hellip;]<\/p>",
        "protected": false
    },
    "author": 4,
    "featured_media": 1115,
    "comment_status": "closed",
    "ping_status": "closed",
    "sticky": false,
    "template": "",
    "format": "standard",
    "meta": {
        "ngg_post_thumbnail": 0,
        "footnotes": ""
    },
    "categories": [
        1
    ],
    "tags": [],
    "class_list": {
        "0": "post-1114",
        "1": "post",
        "2": "type-post",
        "3": "status-publish",
        "4": "format-standard",
        "5": "has-post-thumbnail",
        "7": "category-sin-categoria"
    },
    "yoast_head": "<!-- This site is optimized with the Yoast SEO plugin v25.8 - https:\/\/yoast.com\/wordpress\/plugins\/seo\/ -->\n<title>Patatas Conde repite experiencia en Alimagro 2024 y presenta su packaging de uno de sus productos estrellas | Alimagro<\/title>\n<meta name=\"robots\" content=\"index, follow, max-snippet:-1, max-image-preview:large, max-video-preview:-1\" \/>\n<link rel=\"canonical\" href=\"https:\/\/alimagro.es\/es_es\/2024\/08\/28\/patatas-conde-repite-experiencia-en-alimagro-2024-y-presenta-su-packaging-de-uno-de-sus-productos-estrellas\/\" \/>\n<meta property=\"og:locale\" content=\"es_ES\" \/>\n<meta property=\"og:type\" content=\"article\" \/>\n<meta property=\"og:title\" content=\"Patatas Conde repite experiencia en Alimagro 2024 y presenta su packaging de uno de sus productos estrellas | Alimagro\" \/>\n<meta property=\"og:description\" content=\"En menos de una semana podremos disfrutar de Alimagro, el evento referente en cuanto al cultivo de patata y maquinaria, que tendr\u00e1 lugar en Xinzo de Limia (Ourense). Patatas Conde, uno de los expositores de este evento, es un almac\u00e9n de patatas dedicado a la distribuci\u00f3n de este producto. Sus primeros pasos datan de la [&hellip;]\" \/>\n<meta property=\"og:url\" content=\"https:\/\/alimagro.es\/es_es\/2024\/08\/28\/patatas-conde-repite-experiencia-en-alimagro-2024-y-presenta-su-packaging-de-uno-de-sus-productos-estrellas\/\" \/>\n<meta property=\"og:site_name\" content=\"Alimagro\" \/>\n<meta property=\"article:publisher\" content=\"https:\/\/www.facebook.com\/people\/Alimagro\/100095025612077\/\" \/>\n<meta property=\"article:published_time\" content=\"2024-08-28T08:03:54+00:00\" \/>\n<meta property=\"article:modified_time\" content=\"2024-08-28T08:03:57+00:00\" \/>\n<meta property=\"og:image\" content=\"https:\/\/alimagro.es\/wp-content\/uploads\/2024\/08\/patacasconde-fotografias201811-gama-producto-patatas.jpg\" \/>\n\t<meta property=\"og:image:width\" content=\"1400\" \/>\n\t<meta property=\"og:image:height\" content=\"933\" \/>\n\t<meta property=\"og:image:type\" content=\"image\/jpeg\" \/>\n<meta name=\"author\" content=\"Enrique\" \/>\n<meta name=\"twitter:card\" content=\"summary_large_image\" \/>\n<meta name=\"twitter:label1\" content=\"Escrito por\" \/>\n\t<meta name=\"twitter:data1\" content=\"Enrique\" \/>\n\t<meta name=\"twitter:label2\" content=\"Tiempo de lectura\" \/>\n\t<meta name=\"twitter:data2\" content=\"2 minutos\" \/>\n<script type=\"application\/ld+json\" class=\"yoast-schema-graph\">{\"@context\":\"https:\/\/schema.org\",\"@graph\":[{\"@type\":\"Article\",\"@id\":\"https:\/\/alimagro.es\/2024\/08\/28\/patatas-conde-repite-experiencia-en-alimagro-2024-y-presenta-su-packaging-de-uno-de-sus-productos-estrellas\/#article\",\"isPartOf\":{\"@id\":\"https:\/\/alimagro.es\/2024\/08\/28\/patatas-conde-repite-experiencia-en-alimagro-2024-y-presenta-su-packaging-de-uno-de-sus-productos-estrellas\/\"},\"author\":{\"name\":\"Enrique\",\"@id\":\"https:\/\/alimagro.es\/#\/schema\/person\/30f3189553bc200fd83cdfda07962a67\"},\"headline\":\"Patatas Conde repite experiencia en Alimagro 2024 y presenta su packaging de uno de sus productos estrellas\",\"datePublished\":\"2024-08-28T08:03:54+00:00\",\"dateModified\":\"2024-08-28T08:03:57+00:00\",\"mainEntityOfPage\":{\"@id\":\"https:\/\/alimagro.es\/2024\/08\/28\/patatas-conde-repite-experiencia-en-alimagro-2024-y-presenta-su-packaging-de-uno-de-sus-productos-estrellas\/\"},\"wordCount\":246,\"publisher\":{\"@id\":\"https:\/\/alimagro.es\/#organization\"},\"image\":{\"@id\":\"https:\/\/alimagro.es\/2024\/08\/28\/patatas-conde-repite-experiencia-en-alimagro-2024-y-presenta-su-packaging-de-uno-de-sus-productos-estrellas\/#primaryimage\"},\"thumbnailUrl\":\"https:\/\/alimagro.es\/wp-content\/uploads\/2024\/08\/patacasconde-fotografias201811-gama-producto-patatas.jpg\",\"inLanguage\":\"es\"},{\"@type\":\"WebPage\",\"@id\":\"https:\/\/alimagro.es\/2024\/08\/28\/patatas-conde-repite-experiencia-en-alimagro-2024-y-presenta-su-packaging-de-uno-de-sus-productos-estrellas\/\",\"url\":\"https:\/\/alimagro.es\/2024\/08\/28\/patatas-conde-repite-experiencia-en-alimagro-2024-y-presenta-su-packaging-de-uno-de-sus-productos-estrellas\/\",\"name\":\"Patatas Conde repite experiencia en Alimagro 2024 y presenta su packaging de uno de sus productos estrellas | Alimagro\",\"isPartOf\":{\"@id\":\"https:\/\/alimagro.es\/#website\"},\"primaryImageOfPage\":{\"@id\":\"https:\/\/alimagro.es\/2024\/08\/28\/patatas-conde-repite-experiencia-en-alimagro-2024-y-presenta-su-packaging-de-uno-de-sus-productos-estrellas\/#primaryimage\"},\"image\":{\"@id\":\"https:\/\/alimagro.es\/2024\/08\/28\/patatas-conde-repite-experiencia-en-alimagro-2024-y-presenta-su-packaging-de-uno-de-sus-productos-estrellas\/#primaryimage\"},\"thumbnailUrl\":\"https:\/\/alimagro.es\/wp-content\/uploads\/2024\/08\/patacasconde-fotografias201811-gama-producto-patatas.jpg\",\"datePublished\":\"2024-08-28T08:03:54+00:00\",\"dateModified\":\"2024-08-28T08:03:57+00:00\",\"breadcrumb\":{\"@id\":\"https:\/\/alimagro.es\/2024\/08\/28\/patatas-conde-repite-experiencia-en-alimagro-2024-y-presenta-su-packaging-de-uno-de-sus-productos-estrellas\/#breadcrumb\"},\"inLanguage\":\"es\",\"potentialAction\":[{\"@type\":\"ReadAction\",\"target\":[\"https:\/\/alimagro.es\/2024\/08\/28\/patatas-conde-repite-experiencia-en-alimagro-2024-y-presenta-su-packaging-de-uno-de-sus-productos-estrellas\/\"]}]},{\"@type\":\"ImageObject\",\"inLanguage\":\"es\",\"@id\":\"https:\/\/alimagro.es\/2024\/08\/28\/patatas-conde-repite-experiencia-en-alimagro-2024-y-presenta-su-packaging-de-uno-de-sus-productos-estrellas\/#primaryimage\",\"url\":\"https:\/\/alimagro.es\/wp-content\/uploads\/2024\/08\/patacasconde-fotografias201811-gama-producto-patatas.jpg\",\"contentUrl\":\"https:\/\/alimagro.es\/wp-content\/uploads\/2024\/08\/patacasconde-fotografias201811-gama-producto-patatas.jpg\",\"width\":1400,\"height\":933},{\"@type\":\"BreadcrumbList\",\"@id\":\"https:\/\/alimagro.es\/2024\/08\/28\/patatas-conde-repite-experiencia-en-alimagro-2024-y-presenta-su-packaging-de-uno-de-sus-productos-estrellas\/#breadcrumb\",\"itemListElement\":[{\"@type\":\"ListItem\",\"position\":1,\"name\":\"Portada\",\"item\":\"https:\/\/alimagro.es\/\"},{\"@type\":\"ListItem\",\"position\":2,\"name\":\"Patatas Conde repite experiencia en Alimagro 2024 y presenta su packaging de uno de sus productos estrellas\"}]},{\"@type\":\"WebSite\",\"@id\":\"https:\/\/alimagro.es\/#website\",\"url\":\"https:\/\/alimagro.es\/\",\"name\":\"Alimagro\",\"description\":\"Alimagro, un evento referente nacional que aglutina las novedades en cuanto al cultivo de patata y la maquinaria agr\u00edcola.\",\"publisher\":{\"@id\":\"https:\/\/alimagro.es\/#organization\"},\"alternateName\":\"Feria del Agro de la Limia\",\"potentialAction\":[{\"@type\":\"SearchAction\",\"target\":{\"@type\":\"EntryPoint\",\"urlTemplate\":\"https:\/\/alimagro.es\/?s={search_term_string}\"},\"query-input\":{\"@type\":\"PropertyValueSpecification\",\"valueRequired\":true,\"valueName\":\"search_term_string\"}}],\"inLanguage\":\"es\"},{\"@type\":\"Organization\",\"@id\":\"https:\/\/alimagro.es\/#organization\",\"name\":\"Alimagro\",\"url\":\"https:\/\/alimagro.es\/\",\"logo\":{\"@type\":\"ImageObject\",\"inLanguage\":\"es\",\"@id\":\"https:\/\/alimagro.es\/#\/schema\/logo\/image\/\",\"url\":\"https:\/\/alimagro.es\/wp-content\/uploads\/2023\/07\/alimagro-logo-verde.png\",\"contentUrl\":\"https:\/\/alimagro.es\/wp-content\/uploads\/2023\/07\/alimagro-logo-verde.png\",\"width\":500,\"height\":96,\"caption\":\"Alimagro\"},\"image\":{\"@id\":\"https:\/\/alimagro.es\/#\/schema\/logo\/image\/\"},\"sameAs\":[\"https:\/\/www.facebook.com\/people\/Alimagro\/100095025612077\/\",\"https:\/\/www.instagram.com\/alimagro_\/\"]},{\"@type\":\"Person\",\"@id\":\"https:\/\/alimagro.es\/#\/schema\/person\/30f3189553bc200fd83cdfda07962a67\",\"name\":\"Enrique\",\"image\":{\"@type\":\"ImageObject\",\"inLanguage\":\"es\",\"@id\":\"https:\/\/alimagro.es\/#\/schema\/person\/image\/\",\"url\":\"https:\/\/secure.gravatar.com\/avatar\/a1519c85f5ee8976b593de61a2b9b0b1c86701350844c9798fe2757b11c73f2c?s=96&d=mm&r=g\",\"contentUrl\":\"https:\/\/secure.gravatar.com\/avatar\/a1519c85f5ee8976b593de61a2b9b0b1c86701350844c9798fe2757b11c73f2c?s=96&d=mm&r=g\",\"caption\":\"Enrique\"},\"url\":\"https:\/\/alimagro.es\/es_es\/author\/maquetacion\/\"}]}<\/script>\n<!-- \/ Yoast SEO plugin. -->",
    "yoast_head_json": {
        "title": "Patatas Conde repite experiencia en Alimagro 2024 y presenta su packaging de uno de sus productos estrellas | Alimagro",
        "robots": {
            "index": "index",
            "follow": "follow",
            "max-snippet": "max-snippet:-1",
            "max-image-preview": "max-image-preview:large",
            "max-video-preview": "max-video-preview:-1"
        },
        "canonical": "https:\/\/alimagro.es\/es_es\/2024\/08\/28\/patatas-conde-repite-experiencia-en-alimagro-2024-y-presenta-su-packaging-de-uno-de-sus-productos-estrellas\/",
        "og_locale": "es_ES",
        "og_type": "article",
        "og_title": "Patatas Conde repite experiencia en Alimagro 2024 y presenta su packaging de uno de sus productos estrellas | Alimagro",
        "og_description": "En menos de una semana podremos disfrutar de Alimagro, el evento referente en cuanto al cultivo de patata y maquinaria, que tendr\u00e1 lugar en Xinzo de Limia (Ourense). Patatas Conde, uno de los expositores de este evento, es un almac\u00e9n de patatas dedicado a la distribuci\u00f3n de este producto. Sus primeros pasos datan de la [&hellip;]",
        "og_url": "https:\/\/alimagro.es\/es_es\/2024\/08\/28\/patatas-conde-repite-experiencia-en-alimagro-2024-y-presenta-su-packaging-de-uno-de-sus-productos-estrellas\/",
        "og_site_name": "Alimagro",
        "article_publisher": "https:\/\/www.facebook.com\/people\/Alimagro\/100095025612077\/",
        "article_published_time": "2024-08-28T08:03:54+00:00",
        "article_modified_time": "2024-08-28T08:03:57+00:00",
        "og_image": [
            {
                "width": 1400,
                "height": 933,
                "url": "https:\/\/alimagro.es\/wp-content\/uploads\/2024\/08\/patacasconde-fotografias201811-gama-producto-patatas.jpg",
                "type": "image\/jpeg"
            }
        ],
        "author": "Enrique",
        "twitter_card": "summary_large_image",
        "twitter_misc": {
            "Escrito por": "Enrique",
            "Tiempo de lectura": "2 minutos"
        },
        "schema": {
            "@context": "https:\/\/schema.org",
            "@graph": [
                {
                    "@type": "Article",
                    "@id": "https:\/\/alimagro.es\/2024\/08\/28\/patatas-conde-repite-experiencia-en-alimagro-2024-y-presenta-su-packaging-de-uno-de-sus-productos-estrellas\/#article",
                    "isPartOf": {
                        "@id": "https:\/\/alimagro.es\/2024\/08\/28\/patatas-conde-repite-experiencia-en-alimagro-2024-y-presenta-su-packaging-de-uno-de-sus-productos-estrellas\/"
                    },
                    "author": {
                        "name": "Enrique",
                        "@id": "https:\/\/alimagro.es\/#\/schema\/person\/30f3189553bc200fd83cdfda07962a67"
                    },
                    "headline": "Patatas Conde repite experiencia en Alimagro 2024 y presenta su packaging de uno de sus productos estrellas",
                    "datePublished": "2024-08-28T08:03:54+00:00",
                    "dateModified": "2024-08-28T08:03:57+00:00",
                    "mainEntityOfPage": {
                        "@id": "https:\/\/alimagro.es\/2024\/08\/28\/patatas-conde-repite-experiencia-en-alimagro-2024-y-presenta-su-packaging-de-uno-de-sus-productos-estrellas\/"
                    },
                    "wordCount": 246,
                    "publisher": {
                        "@id": "https:\/\/alimagro.es\/#organization"
                    },
                    "image": {
                        "@id": "https:\/\/alimagro.es\/2024\/08\/28\/patatas-conde-repite-experiencia-en-alimagro-2024-y-presenta-su-packaging-de-uno-de-sus-productos-estrellas\/#primaryimage"
                    },
                    "thumbnailUrl": "https:\/\/alimagro.es\/wp-content\/uploads\/2024\/08\/patacasconde-fotografias201811-gama-producto-patatas.jpg",
                    "inLanguage": "es"
                },
                {
                    "@type": "WebPage",
                    "@id": "https:\/\/alimagro.es\/2024\/08\/28\/patatas-conde-repite-experiencia-en-alimagro-2024-y-presenta-su-packaging-de-uno-de-sus-productos-estrellas\/",
                    "url": "https:\/\/alimagro.es\/2024\/08\/28\/patatas-conde-repite-experiencia-en-alimagro-2024-y-presenta-su-packaging-de-uno-de-sus-productos-estrellas\/",
                    "name": "Patatas Conde repite experiencia en Alimagro 2024 y presenta su packaging de uno de sus productos estrellas | Alimagro",
                    "isPartOf": {
                        "@id": "https:\/\/alimagro.es\/#website"
                    },
                    "primaryImageOfPage": {
                        "@id": "https:\/\/alimagro.es\/2024\/08\/28\/patatas-conde-repite-experiencia-en-alimagro-2024-y-presenta-su-packaging-de-uno-de-sus-productos-estrellas\/#primaryimage"
                    },
                    "image": {
                        "@id": "https:\/\/alimagro.es\/2024\/08\/28\/patatas-conde-repite-experiencia-en-alimagro-2024-y-presenta-su-packaging-de-uno-de-sus-productos-estrellas\/#primaryimage"
                    },
                    "thumbnailUrl": "https:\/\/alimagro.es\/wp-content\/uploads\/2024\/08\/patacasconde-fotografias201811-gama-producto-patatas.jpg",
                    "datePublished": "2024-08-28T08:03:54+00:00",
                    "dateModified": "2024-08-28T08:03:57+00:00",
                    "breadcrumb": {
                        "@id": "https:\/\/alimagro.es\/2024\/08\/28\/patatas-conde-repite-experiencia-en-alimagro-2024-y-presenta-su-packaging-de-uno-de-sus-productos-estrellas\/#breadcrumb"
                    },
                    "inLanguage": "es",
                    "potentialAction": [
                        {
                            "@type": "ReadAction",
                            "target": [
                                "https:\/\/alimagro.es\/2024\/08\/28\/patatas-conde-repite-experiencia-en-alimagro-2024-y-presenta-su-packaging-de-uno-de-sus-productos-estrellas\/"
                            ]
                        }
                    ]
                },
                {
                    "@type": "ImageObject",
                    "inLanguage": "es",
                    "@id": "https:\/\/alimagro.es\/2024\/08\/28\/patatas-conde-repite-experiencia-en-alimagro-2024-y-presenta-su-packaging-de-uno-de-sus-productos-estrellas\/#primaryimage",
                    "url": "https:\/\/alimagro.es\/wp-content\/uploads\/2024\/08\/patacasconde-fotografias201811-gama-producto-patatas.jpg",
                    "contentUrl": "https:\/\/alimagro.es\/wp-content\/uploads\/2024\/08\/patacasconde-fotografias201811-gama-producto-patatas.jpg",
                    "width": 1400,
                    "height": 933
                },
                {
                    "@type": "BreadcrumbList",
                    "@id": "https:\/\/alimagro.es\/2024\/08\/28\/patatas-conde-repite-experiencia-en-alimagro-2024-y-presenta-su-packaging-de-uno-de-sus-productos-estrellas\/#breadcrumb",
                    "itemListElement": [
                        {
                            "@type": "ListItem",
                            "position": 1,
                            "name": "Portada",
                            "item": "https:\/\/alimagro.es\/"
                        },
                        {
                            "@type": "ListItem",
                            "position": 2,
                            "name": "Patatas Conde repite experiencia en Alimagro 2024 y presenta su packaging de uno de sus productos estrellas"
                        }
                    ]
                },
                {
                    "@type": "WebSite",
                    "@id": "https:\/\/alimagro.es\/#website",
                    "url": "https:\/\/alimagro.es\/",
                    "name": "Alimagro",
                    "description": "Alimagro, un evento referente nacional que aglutina las novedades en cuanto al cultivo de patata y la maquinaria agr\u00edcola.",
                    "publisher": {
                        "@id": "https:\/\/alimagro.es\/#organization"
                    },
                    "alternateName": "Feria del Agro de la Limia",
                    "potentialAction": [
                        {
                            "@type": "SearchAction",
                            "target": {
                                "@type": "EntryPoint",
                                "urlTemplate": "https:\/\/alimagro.es\/?s={search_term_string}"
                            },
                            "query-input": {
                                "@type": "PropertyValueSpecification",
                                "valueRequired": true,
                                "valueName": "search_term_string"
                            }
                        }
                    ],
                    "inLanguage": "es"
                },
                {
                    "@type": "Organization",
                    "@id": "https:\/\/alimagro.es\/#organization",
                    "name": "Alimagro",
                    "url": "https:\/\/alimagro.es\/",
                    "logo": {
                        "@type": "ImageObject",
                        "inLanguage": "es",
                        "@id": "https:\/\/alimagro.es\/#\/schema\/logo\/image\/",
                        "url": "https:\/\/alimagro.es\/wp-content\/uploads\/2023\/07\/alimagro-logo-verde.png",
                        "contentUrl": "https:\/\/alimagro.es\/wp-content\/uploads\/2023\/07\/alimagro-logo-verde.png",
                        "width": 500,
                        "height": 96,
                        "caption": "Alimagro"
                    },
                    "image": {
                        "@id": "https:\/\/alimagro.es\/#\/schema\/logo\/image\/"
                    },
                    "sameAs": [
                        "https:\/\/www.facebook.com\/people\/Alimagro\/100095025612077\/",
                        "https:\/\/www.instagram.com\/alimagro_\/"
                    ]
                },
                {
                    "@type": "Person",
                    "@id": "https:\/\/alimagro.es\/#\/schema\/person\/30f3189553bc200fd83cdfda07962a67",
                    "name": "Enrique",
                    "image": {
                        "@type": "ImageObject",
                        "inLanguage": "es",
                        "@id": "https:\/\/alimagro.es\/#\/schema\/person\/image\/",
                        "url": "https:\/\/secure.gravatar.com\/avatar\/a1519c85f5ee8976b593de61a2b9b0b1c86701350844c9798fe2757b11c73f2c?s=96&d=mm&r=g",
                        "contentUrl": "https:\/\/secure.gravatar.com\/avatar\/a1519c85f5ee8976b593de61a2b9b0b1c86701350844c9798fe2757b11c73f2c?s=96&d=mm&r=g",
                        "caption": "Enrique"
                    },
                    "url": "https:\/\/alimagro.es\/es_es\/author\/maquetacion\/"
                }
            ]
        }
    },
    "_links": {
        "self": [
            {
                "href": "https:\/\/alimagro.es\/es_es\/wp-json\/wp\/v2\/posts\/1114",
                "targetHints": {
                    "allow": [
                        "GET"
                    ]
                }
            }
        ],
        "collection": [
            {
                "href": "https:\/\/alimagro.es\/es_es\/wp-json\/wp\/v2\/posts"
            }
        ],
        "about": [
            {
                "href": "https:\/\/alimagro.es\/es_es\/wp-json\/wp\/v2\/types\/post"
            }
        ],
        "author": [
            {
                "embeddable": true,
                "href": "https:\/\/alimagro.es\/es_es\/wp-json\/wp\/v2\/users\/4"
            }
        ],
        "replies": [
            {
                "embeddable": true,
                "href": "https:\/\/alimagro.es\/es_es\/wp-json\/wp\/v2\/comments?post=1114"
            }
        ],
        "version-history": [
            {
                "count": 1,
                "href": "https:\/\/alimagro.es\/es_es\/wp-json\/wp\/v2\/posts\/1114\/revisions"
            }
        ],
        "predecessor-version": [
            {
                "id": 1116,
                "href": "https:\/\/alimagro.es\/es_es\/wp-json\/wp\/v2\/posts\/1114\/revisions\/1116"
            }
        ],
        "wp:featuredmedia": [
            {
                "embeddable": true,
                "href": "https:\/\/alimagro.es\/es_es\/wp-json\/wp\/v2\/media\/1115"
            }
        ],
        "wp:attachment": [
            {
                "href": "https:\/\/alimagro.es\/es_es\/wp-json\/wp\/v2\/media?parent=1114"
            }
        ],
        "wp:term": [
            {
                "taxonomy": "category",
                "embeddable": true,
                "href": "https:\/\/alimagro.es\/es_es\/wp-json\/wp\/v2\/categories?post=1114"
            },
            {
                "taxonomy": "post_tag",
                "embeddable": true,
                "href": "https:\/\/alimagro.es\/es_es\/wp-json\/wp\/v2\/tags?post=1114"
            }
        ],
        "curies": [
            {
                "name": "wp",
                "href": "https:\/\/api.w.org\/{rel}",
                "templated": true
            }
        ]
    }
}