{
    "id": 1089,
    "date": "2024-08-27T14:15:00",
    "date_gmt": "2024-08-27T12:15:00",
    "guid": {
        "rendered": "https:\/\/alimagro.es\/?p=1089"
    },
    "modified": "2024-08-26T13:43:23",
    "modified_gmt": "2024-08-26T11:43:23",
    "slug": "comercial-agricola-guerra-en-alimagro-50-anos-de-compromiso-y-servicio-al-agricultor",
    "status": "publish",
    "type": "post",
    "link": "https:\/\/alimagro.es\/es_es\/2024\/08\/27\/comercial-agricola-guerra-en-alimagro-50-anos-de-compromiso-y-servicio-al-agricultor\/",
    "title": {
        "rendered": "Comercial Agr\u00edcola Guerra en Alimagro: 50 a\u00f1os de compromiso y servicio al agricultor"
    },
    "content": {
        "rendered": "<p class=\"has-text-align-left\">Comercial Agr\u00edcola Guerra sigue consolidando su presencia en el sector agr\u00edcola con su participaci\u00f3n en Alimagro, el evento de referencia nacional que re\u00fane novedades relacionadas con el cultivo de la patata y la maquinaria agr\u00edcola, en el Parque do Toural de Xinzo. Esta colaboraci\u00f3n refuerza el compromiso de Comercial Agr\u00edcola Guerra con las marcas l\u00edderes que representan, como New Holland, Industrias David y Ma\u00f1ez Lozano, entre otras.<\/p>\n\n\n\n<p>Tom\u00e1s Guerra, representante de Comercial Agr\u00edcola Guerra, ha expresado su agradecimiento a la Revista Campo por brindarles la oportunidad de participar en un evento nacional centrado en el \u00e1mbito de la patata.<\/p>\n\n\n\n<figure class=\"wp-block-image size-large\"><img loading=\"lazy\" decoding=\"async\" width=\"1024\" height=\"577\" src=\"https:\/\/alimagro.es\/wp-content\/uploads\/2024\/08\/452958172_18088049671462905_2212025157536484680_n-1024x577.jpg\" alt=\"\" class=\"wp-image-1091\" srcset=\"https:\/\/alimagro.es\/wp-content\/uploads\/2024\/08\/452958172_18088049671462905_2212025157536484680_n-1024x577.jpg 1024w, https:\/\/alimagro.es\/wp-content\/uploads\/2024\/08\/452958172_18088049671462905_2212025157536484680_n-300x169.jpg 300w, https:\/\/alimagro.es\/wp-content\/uploads\/2024\/08\/452958172_18088049671462905_2212025157536484680_n-768x433.jpg 768w, https:\/\/alimagro.es\/wp-content\/uploads\/2024\/08\/452958172_18088049671462905_2212025157536484680_n-18x10.jpg 18w, https:\/\/alimagro.es\/wp-content\/uploads\/2024\/08\/452958172_18088049671462905_2212025157536484680_n-696x392.jpg 696w, https:\/\/alimagro.es\/wp-content\/uploads\/2024\/08\/452958172_18088049671462905_2212025157536484680_n-1068x602.jpg 1068w, https:\/\/alimagro.es\/wp-content\/uploads\/2024\/08\/452958172_18088049671462905_2212025157536484680_n.jpg 1440w\" sizes=\"auto, (max-width: 1024px) 100vw, 1024px\" \/><\/figure>\n\n\n\n<p>Con m\u00e1s de 50 a\u00f1os de experiencia en el sector agr\u00edcola, Comercial Agr\u00edcola Guerra ha consolidado una estrecha relaci\u00f3n con sus clientes, siempre buscando ser el socio perfecto para el agricultor. La reciente apertura de sus nuevas instalaciones en Xinzo es un paso m\u00e1s en su compromiso por reforzar los valores que les han permitido crecer de manera constante a lo largo de los a\u00f1os.<\/p>\n\n\n\n<p class=\"has-text-align-left\">Comercial Agr\u00edcola Guerra, ofrece una gama completa de servicios, que abarca desde el asesoramiento en la venta de maquinaria hasta el servicio postventa, mantenimiento y reparaci\u00f3n. Su objetivo es claro: cubrir al 100% las necesidades de sus clientes, ofreciendo un servicio seguro y fiable. Para lograrlo, cuentan con un equipo altamente cualificado en todas las \u00e1reas, comprometido con la excelencia y la formaci\u00f3n continua. Este enfoque garantiza que tanto t\u00e9cnicos como comerciales y recambistas est\u00e9n siempre al d\u00eda en el conocimiento de los productos, permitiendo ofrecer el mejor servicio posible.<\/p>\n\n\n\n<p><\/p>\n\n\n\n<p class=\"has-text-align-left\"><\/p>\n\n\n\n<p class=\"has-text-align-left\"><\/p>",
        "protected": false
    },
    "excerpt": {
        "rendered": "<p>Comercial Agr\u00edcola Guerra sigue consolidando su presencia en el sector agr\u00edcola con su participaci\u00f3n en Alimagro, el evento de referencia nacional que re\u00fane novedades relacionadas con el cultivo de la patata y la maquinaria agr\u00edcola, en el Parque do Toural de Xinzo. Esta colaboraci\u00f3n refuerza el compromiso de Comercial Agr\u00edcola Guerra con las marcas l\u00edderes [&hellip;]<\/p>",
        "protected": false
    },
    "author": 4,
    "featured_media": 1090,
    "comment_status": "closed",
    "ping_status": "closed",
    "sticky": false,
    "template": "",
    "format": "standard",
    "meta": {
        "ngg_post_thumbnail": 0,
        "footnotes": ""
    },
    "categories": [
        1
    ],
    "tags": [],
    "class_list": {
        "0": "post-1089",
        "1": "post",
        "2": "type-post",
        "3": "status-publish",
        "4": "format-standard",
        "5": "has-post-thumbnail",
        "7": "category-sin-categoria"
    },
    "yoast_head": "<!-- This site is optimized with the Yoast SEO plugin v25.8 - https:\/\/yoast.com\/wordpress\/plugins\/seo\/ -->\n<title>Comercial Agr\u00edcola Guerra en Alimagro: 50 a\u00f1os de compromiso y servicio al agricultor | Alimagro<\/title>\n<meta name=\"robots\" content=\"index, follow, max-snippet:-1, max-image-preview:large, max-video-preview:-1\" \/>\n<link rel=\"canonical\" href=\"https:\/\/alimagro.es\/es_es\/2024\/08\/27\/comercial-agricola-guerra-en-alimagro-50-anos-de-compromiso-y-servicio-al-agricultor\/\" \/>\n<meta property=\"og:locale\" content=\"es_ES\" \/>\n<meta property=\"og:type\" content=\"article\" \/>\n<meta property=\"og:title\" content=\"Comercial Agr\u00edcola Guerra en Alimagro: 50 a\u00f1os de compromiso y servicio al agricultor | Alimagro\" \/>\n<meta property=\"og:description\" content=\"Comercial Agr\u00edcola Guerra sigue consolidando su presencia en el sector agr\u00edcola con su participaci\u00f3n en Alimagro, el evento de referencia nacional que re\u00fane novedades relacionadas con el cultivo de la patata y la maquinaria agr\u00edcola, en el Parque do Toural de Xinzo. Esta colaboraci\u00f3n refuerza el compromiso de Comercial Agr\u00edcola Guerra con las marcas l\u00edderes [&hellip;]\" \/>\n<meta property=\"og:url\" content=\"https:\/\/alimagro.es\/es_es\/2024\/08\/27\/comercial-agricola-guerra-en-alimagro-50-anos-de-compromiso-y-servicio-al-agricultor\/\" \/>\n<meta property=\"og:site_name\" content=\"Alimagro\" \/>\n<meta property=\"article:publisher\" content=\"https:\/\/www.facebook.com\/people\/Alimagro\/100095025612077\/\" \/>\n<meta property=\"article:published_time\" content=\"2024-08-27T12:15:00+00:00\" \/>\n<meta property=\"og:image\" content=\"https:\/\/alimagro.es\/wp-content\/uploads\/2024\/08\/438172829_962270245899857_6614699884657631500_n.jpg\" \/>\n\t<meta property=\"og:image:width\" content=\"2048\" \/>\n\t<meta property=\"og:image:height\" content=\"1152\" \/>\n\t<meta property=\"og:image:type\" content=\"image\/jpeg\" \/>\n<meta name=\"author\" content=\"Enrique\" \/>\n<meta name=\"twitter:card\" content=\"summary_large_image\" \/>\n<meta name=\"twitter:label1\" content=\"Escrito por\" \/>\n\t<meta name=\"twitter:data1\" content=\"Enrique\" \/>\n\t<meta name=\"twitter:label2\" content=\"Tiempo de lectura\" \/>\n\t<meta name=\"twitter:data2\" content=\"2 minutos\" \/>\n<script type=\"application\/ld+json\" class=\"yoast-schema-graph\">{\"@context\":\"https:\/\/schema.org\",\"@graph\":[{\"@type\":\"Article\",\"@id\":\"https:\/\/alimagro.es\/2024\/08\/27\/comercial-agricola-guerra-en-alimagro-50-anos-de-compromiso-y-servicio-al-agricultor\/#article\",\"isPartOf\":{\"@id\":\"https:\/\/alimagro.es\/2024\/08\/27\/comercial-agricola-guerra-en-alimagro-50-anos-de-compromiso-y-servicio-al-agricultor\/\"},\"author\":{\"name\":\"Enrique\",\"@id\":\"https:\/\/alimagro.es\/#\/schema\/person\/30f3189553bc200fd83cdfda07962a67\"},\"headline\":\"Comercial Agr\u00edcola Guerra en Alimagro: 50 a\u00f1os de compromiso y servicio al agricultor\",\"datePublished\":\"2024-08-27T12:15:00+00:00\",\"mainEntityOfPage\":{\"@id\":\"https:\/\/alimagro.es\/2024\/08\/27\/comercial-agricola-guerra-en-alimagro-50-anos-de-compromiso-y-servicio-al-agricultor\/\"},\"wordCount\":290,\"publisher\":{\"@id\":\"https:\/\/alimagro.es\/#organization\"},\"image\":{\"@id\":\"https:\/\/alimagro.es\/2024\/08\/27\/comercial-agricola-guerra-en-alimagro-50-anos-de-compromiso-y-servicio-al-agricultor\/#primaryimage\"},\"thumbnailUrl\":\"https:\/\/alimagro.es\/wp-content\/uploads\/2024\/08\/438172829_962270245899857_6614699884657631500_n.jpg\",\"inLanguage\":\"es\"},{\"@type\":\"WebPage\",\"@id\":\"https:\/\/alimagro.es\/2024\/08\/27\/comercial-agricola-guerra-en-alimagro-50-anos-de-compromiso-y-servicio-al-agricultor\/\",\"url\":\"https:\/\/alimagro.es\/2024\/08\/27\/comercial-agricola-guerra-en-alimagro-50-anos-de-compromiso-y-servicio-al-agricultor\/\",\"name\":\"Comercial Agr\u00edcola Guerra en Alimagro: 50 a\u00f1os de compromiso y servicio al agricultor | Alimagro\",\"isPartOf\":{\"@id\":\"https:\/\/alimagro.es\/#website\"},\"primaryImageOfPage\":{\"@id\":\"https:\/\/alimagro.es\/2024\/08\/27\/comercial-agricola-guerra-en-alimagro-50-anos-de-compromiso-y-servicio-al-agricultor\/#primaryimage\"},\"image\":{\"@id\":\"https:\/\/alimagro.es\/2024\/08\/27\/comercial-agricola-guerra-en-alimagro-50-anos-de-compromiso-y-servicio-al-agricultor\/#primaryimage\"},\"thumbnailUrl\":\"https:\/\/alimagro.es\/wp-content\/uploads\/2024\/08\/438172829_962270245899857_6614699884657631500_n.jpg\",\"datePublished\":\"2024-08-27T12:15:00+00:00\",\"breadcrumb\":{\"@id\":\"https:\/\/alimagro.es\/2024\/08\/27\/comercial-agricola-guerra-en-alimagro-50-anos-de-compromiso-y-servicio-al-agricultor\/#breadcrumb\"},\"inLanguage\":\"es\",\"potentialAction\":[{\"@type\":\"ReadAction\",\"target\":[\"https:\/\/alimagro.es\/2024\/08\/27\/comercial-agricola-guerra-en-alimagro-50-anos-de-compromiso-y-servicio-al-agricultor\/\"]}]},{\"@type\":\"ImageObject\",\"inLanguage\":\"es\",\"@id\":\"https:\/\/alimagro.es\/2024\/08\/27\/comercial-agricola-guerra-en-alimagro-50-anos-de-compromiso-y-servicio-al-agricultor\/#primaryimage\",\"url\":\"https:\/\/alimagro.es\/wp-content\/uploads\/2024\/08\/438172829_962270245899857_6614699884657631500_n.jpg\",\"contentUrl\":\"https:\/\/alimagro.es\/wp-content\/uploads\/2024\/08\/438172829_962270245899857_6614699884657631500_n.jpg\",\"width\":2048,\"height\":1152},{\"@type\":\"BreadcrumbList\",\"@id\":\"https:\/\/alimagro.es\/2024\/08\/27\/comercial-agricola-guerra-en-alimagro-50-anos-de-compromiso-y-servicio-al-agricultor\/#breadcrumb\",\"itemListElement\":[{\"@type\":\"ListItem\",\"position\":1,\"name\":\"Portada\",\"item\":\"https:\/\/alimagro.es\/\"},{\"@type\":\"ListItem\",\"position\":2,\"name\":\"Comercial Agr\u00edcola Guerra en Alimagro: 50 a\u00f1os de compromiso y servicio al agricultor\"}]},{\"@type\":\"WebSite\",\"@id\":\"https:\/\/alimagro.es\/#website\",\"url\":\"https:\/\/alimagro.es\/\",\"name\":\"Alimagro\",\"description\":\"Alimagro, un evento referente nacional que aglutina las novedades en cuanto al cultivo de patata y la maquinaria agr\u00edcola.\",\"publisher\":{\"@id\":\"https:\/\/alimagro.es\/#organization\"},\"alternateName\":\"Feria del Agro de la Limia\",\"potentialAction\":[{\"@type\":\"SearchAction\",\"target\":{\"@type\":\"EntryPoint\",\"urlTemplate\":\"https:\/\/alimagro.es\/?s={search_term_string}\"},\"query-input\":{\"@type\":\"PropertyValueSpecification\",\"valueRequired\":true,\"valueName\":\"search_term_string\"}}],\"inLanguage\":\"es\"},{\"@type\":\"Organization\",\"@id\":\"https:\/\/alimagro.es\/#organization\",\"name\":\"Alimagro\",\"url\":\"https:\/\/alimagro.es\/\",\"logo\":{\"@type\":\"ImageObject\",\"inLanguage\":\"es\",\"@id\":\"https:\/\/alimagro.es\/#\/schema\/logo\/image\/\",\"url\":\"https:\/\/alimagro.es\/wp-content\/uploads\/2023\/07\/alimagro-logo-verde.png\",\"contentUrl\":\"https:\/\/alimagro.es\/wp-content\/uploads\/2023\/07\/alimagro-logo-verde.png\",\"width\":500,\"height\":96,\"caption\":\"Alimagro\"},\"image\":{\"@id\":\"https:\/\/alimagro.es\/#\/schema\/logo\/image\/\"},\"sameAs\":[\"https:\/\/www.facebook.com\/people\/Alimagro\/100095025612077\/\",\"https:\/\/www.instagram.com\/alimagro_\/\"]},{\"@type\":\"Person\",\"@id\":\"https:\/\/alimagro.es\/#\/schema\/person\/30f3189553bc200fd83cdfda07962a67\",\"name\":\"Enrique\",\"image\":{\"@type\":\"ImageObject\",\"inLanguage\":\"es\",\"@id\":\"https:\/\/alimagro.es\/#\/schema\/person\/image\/\",\"url\":\"https:\/\/secure.gravatar.com\/avatar\/a1519c85f5ee8976b593de61a2b9b0b1c86701350844c9798fe2757b11c73f2c?s=96&d=mm&r=g\",\"contentUrl\":\"https:\/\/secure.gravatar.com\/avatar\/a1519c85f5ee8976b593de61a2b9b0b1c86701350844c9798fe2757b11c73f2c?s=96&d=mm&r=g\",\"caption\":\"Enrique\"},\"url\":\"https:\/\/alimagro.es\/es_es\/author\/maquetacion\/\"}]}<\/script>\n<!-- \/ Yoast SEO plugin. -->",
    "yoast_head_json": {
        "title": "Comercial Agr\u00edcola Guerra en Alimagro: 50 a\u00f1os de compromiso y servicio al agricultor | Alimagro",
        "robots": {
            "index": "index",
            "follow": "follow",
            "max-snippet": "max-snippet:-1",
            "max-image-preview": "max-image-preview:large",
            "max-video-preview": "max-video-preview:-1"
        },
        "canonical": "https:\/\/alimagro.es\/es_es\/2024\/08\/27\/comercial-agricola-guerra-en-alimagro-50-anos-de-compromiso-y-servicio-al-agricultor\/",
        "og_locale": "es_ES",
        "og_type": "article",
        "og_title": "Comercial Agr\u00edcola Guerra en Alimagro: 50 a\u00f1os de compromiso y servicio al agricultor | Alimagro",
        "og_description": "Comercial Agr\u00edcola Guerra sigue consolidando su presencia en el sector agr\u00edcola con su participaci\u00f3n en Alimagro, el evento de referencia nacional que re\u00fane novedades relacionadas con el cultivo de la patata y la maquinaria agr\u00edcola, en el Parque do Toural de Xinzo. Esta colaboraci\u00f3n refuerza el compromiso de Comercial Agr\u00edcola Guerra con las marcas l\u00edderes [&hellip;]",
        "og_url": "https:\/\/alimagro.es\/es_es\/2024\/08\/27\/comercial-agricola-guerra-en-alimagro-50-anos-de-compromiso-y-servicio-al-agricultor\/",
        "og_site_name": "Alimagro",
        "article_publisher": "https:\/\/www.facebook.com\/people\/Alimagro\/100095025612077\/",
        "article_published_time": "2024-08-27T12:15:00+00:00",
        "og_image": [
            {
                "width": 2048,
                "height": 1152,
                "url": "https:\/\/alimagro.es\/wp-content\/uploads\/2024\/08\/438172829_962270245899857_6614699884657631500_n.jpg",
                "type": "image\/jpeg"
            }
        ],
        "author": "Enrique",
        "twitter_card": "summary_large_image",
        "twitter_misc": {
            "Escrito por": "Enrique",
            "Tiempo de lectura": "2 minutos"
        },
        "schema": {
            "@context": "https:\/\/schema.org",
            "@graph": [
                {
                    "@type": "Article",
                    "@id": "https:\/\/alimagro.es\/2024\/08\/27\/comercial-agricola-guerra-en-alimagro-50-anos-de-compromiso-y-servicio-al-agricultor\/#article",
                    "isPartOf": {
                        "@id": "https:\/\/alimagro.es\/2024\/08\/27\/comercial-agricola-guerra-en-alimagro-50-anos-de-compromiso-y-servicio-al-agricultor\/"
                    },
                    "author": {
                        "name": "Enrique",
                        "@id": "https:\/\/alimagro.es\/#\/schema\/person\/30f3189553bc200fd83cdfda07962a67"
                    },
                    "headline": "Comercial Agr\u00edcola Guerra en Alimagro: 50 a\u00f1os de compromiso y servicio al agricultor",
                    "datePublished": "2024-08-27T12:15:00+00:00",
                    "mainEntityOfPage": {
                        "@id": "https:\/\/alimagro.es\/2024\/08\/27\/comercial-agricola-guerra-en-alimagro-50-anos-de-compromiso-y-servicio-al-agricultor\/"
                    },
                    "wordCount": 290,
                    "publisher": {
                        "@id": "https:\/\/alimagro.es\/#organization"
                    },
                    "image": {
                        "@id": "https:\/\/alimagro.es\/2024\/08\/27\/comercial-agricola-guerra-en-alimagro-50-anos-de-compromiso-y-servicio-al-agricultor\/#primaryimage"
                    },
                    "thumbnailUrl": "https:\/\/alimagro.es\/wp-content\/uploads\/2024\/08\/438172829_962270245899857_6614699884657631500_n.jpg",
                    "inLanguage": "es"
                },
                {
                    "@type": "WebPage",
                    "@id": "https:\/\/alimagro.es\/2024\/08\/27\/comercial-agricola-guerra-en-alimagro-50-anos-de-compromiso-y-servicio-al-agricultor\/",
                    "url": "https:\/\/alimagro.es\/2024\/08\/27\/comercial-agricola-guerra-en-alimagro-50-anos-de-compromiso-y-servicio-al-agricultor\/",
                    "name": "Comercial Agr\u00edcola Guerra en Alimagro: 50 a\u00f1os de compromiso y servicio al agricultor | Alimagro",
                    "isPartOf": {
                        "@id": "https:\/\/alimagro.es\/#website"
                    },
                    "primaryImageOfPage": {
                        "@id": "https:\/\/alimagro.es\/2024\/08\/27\/comercial-agricola-guerra-en-alimagro-50-anos-de-compromiso-y-servicio-al-agricultor\/#primaryimage"
                    },
                    "image": {
                        "@id": "https:\/\/alimagro.es\/2024\/08\/27\/comercial-agricola-guerra-en-alimagro-50-anos-de-compromiso-y-servicio-al-agricultor\/#primaryimage"
                    },
                    "thumbnailUrl": "https:\/\/alimagro.es\/wp-content\/uploads\/2024\/08\/438172829_962270245899857_6614699884657631500_n.jpg",
                    "datePublished": "2024-08-27T12:15:00+00:00",
                    "breadcrumb": {
                        "@id": "https:\/\/alimagro.es\/2024\/08\/27\/comercial-agricola-guerra-en-alimagro-50-anos-de-compromiso-y-servicio-al-agricultor\/#breadcrumb"
                    },
                    "inLanguage": "es",
                    "potentialAction": [
                        {
                            "@type": "ReadAction",
                            "target": [
                                "https:\/\/alimagro.es\/2024\/08\/27\/comercial-agricola-guerra-en-alimagro-50-anos-de-compromiso-y-servicio-al-agricultor\/"
                            ]
                        }
                    ]
                },
                {
                    "@type": "ImageObject",
                    "inLanguage": "es",
                    "@id": "https:\/\/alimagro.es\/2024\/08\/27\/comercial-agricola-guerra-en-alimagro-50-anos-de-compromiso-y-servicio-al-agricultor\/#primaryimage",
                    "url": "https:\/\/alimagro.es\/wp-content\/uploads\/2024\/08\/438172829_962270245899857_6614699884657631500_n.jpg",
                    "contentUrl": "https:\/\/alimagro.es\/wp-content\/uploads\/2024\/08\/438172829_962270245899857_6614699884657631500_n.jpg",
                    "width": 2048,
                    "height": 1152
                },
                {
                    "@type": "BreadcrumbList",
                    "@id": "https:\/\/alimagro.es\/2024\/08\/27\/comercial-agricola-guerra-en-alimagro-50-anos-de-compromiso-y-servicio-al-agricultor\/#breadcrumb",
                    "itemListElement": [
                        {
                            "@type": "ListItem",
                            "position": 1,
                            "name": "Portada",
                            "item": "https:\/\/alimagro.es\/"
                        },
                        {
                            "@type": "ListItem",
                            "position": 2,
                            "name": "Comercial Agr\u00edcola Guerra en Alimagro: 50 a\u00f1os de compromiso y servicio al agricultor"
                        }
                    ]
                },
                {
                    "@type": "WebSite",
                    "@id": "https:\/\/alimagro.es\/#website",
                    "url": "https:\/\/alimagro.es\/",
                    "name": "Alimagro",
                    "description": "Alimagro, un evento referente nacional que aglutina las novedades en cuanto al cultivo de patata y la maquinaria agr\u00edcola.",
                    "publisher": {
                        "@id": "https:\/\/alimagro.es\/#organization"
                    },
                    "alternateName": "Feria del Agro de la Limia",
                    "potentialAction": [
                        {
                            "@type": "SearchAction",
                            "target": {
                                "@type": "EntryPoint",
                                "urlTemplate": "https:\/\/alimagro.es\/?s={search_term_string}"
                            },
                            "query-input": {
                                "@type": "PropertyValueSpecification",
                                "valueRequired": true,
                                "valueName": "search_term_string"
                            }
                        }
                    ],
                    "inLanguage": "es"
                },
                {
                    "@type": "Organization",
                    "@id": "https:\/\/alimagro.es\/#organization",
                    "name": "Alimagro",
                    "url": "https:\/\/alimagro.es\/",
                    "logo": {
                        "@type": "ImageObject",
                        "inLanguage": "es",
                        "@id": "https:\/\/alimagro.es\/#\/schema\/logo\/image\/",
                        "url": "https:\/\/alimagro.es\/wp-content\/uploads\/2023\/07\/alimagro-logo-verde.png",
                        "contentUrl": "https:\/\/alimagro.es\/wp-content\/uploads\/2023\/07\/alimagro-logo-verde.png",
                        "width": 500,
                        "height": 96,
                        "caption": "Alimagro"
                    },
                    "image": {
                        "@id": "https:\/\/alimagro.es\/#\/schema\/logo\/image\/"
                    },
                    "sameAs": [
                        "https:\/\/www.facebook.com\/people\/Alimagro\/100095025612077\/",
                        "https:\/\/www.instagram.com\/alimagro_\/"
                    ]
                },
                {
                    "@type": "Person",
                    "@id": "https:\/\/alimagro.es\/#\/schema\/person\/30f3189553bc200fd83cdfda07962a67",
                    "name": "Enrique",
                    "image": {
                        "@type": "ImageObject",
                        "inLanguage": "es",
                        "@id": "https:\/\/alimagro.es\/#\/schema\/person\/image\/",
                        "url": "https:\/\/secure.gravatar.com\/avatar\/a1519c85f5ee8976b593de61a2b9b0b1c86701350844c9798fe2757b11c73f2c?s=96&d=mm&r=g",
                        "contentUrl": "https:\/\/secure.gravatar.com\/avatar\/a1519c85f5ee8976b593de61a2b9b0b1c86701350844c9798fe2757b11c73f2c?s=96&d=mm&r=g",
                        "caption": "Enrique"
                    },
                    "url": "https:\/\/alimagro.es\/es_es\/author\/maquetacion\/"
                }
            ]
        }
    },
    "_links": {
        "self": [
            {
                "href": "https:\/\/alimagro.es\/es_es\/wp-json\/wp\/v2\/posts\/1089",
                "targetHints": {
                    "allow": [
                        "GET"
                    ]
                }
            }
        ],
        "collection": [
            {
                "href": "https:\/\/alimagro.es\/es_es\/wp-json\/wp\/v2\/posts"
            }
        ],
        "about": [
            {
                "href": "https:\/\/alimagro.es\/es_es\/wp-json\/wp\/v2\/types\/post"
            }
        ],
        "author": [
            {
                "embeddable": true,
                "href": "https:\/\/alimagro.es\/es_es\/wp-json\/wp\/v2\/users\/4"
            }
        ],
        "replies": [
            {
                "embeddable": true,
                "href": "https:\/\/alimagro.es\/es_es\/wp-json\/wp\/v2\/comments?post=1089"
            }
        ],
        "version-history": [
            {
                "count": 1,
                "href": "https:\/\/alimagro.es\/es_es\/wp-json\/wp\/v2\/posts\/1089\/revisions"
            }
        ],
        "predecessor-version": [
            {
                "id": 1092,
                "href": "https:\/\/alimagro.es\/es_es\/wp-json\/wp\/v2\/posts\/1089\/revisions\/1092"
            }
        ],
        "wp:featuredmedia": [
            {
                "embeddable": true,
                "href": "https:\/\/alimagro.es\/es_es\/wp-json\/wp\/v2\/media\/1090"
            }
        ],
        "wp:attachment": [
            {
                "href": "https:\/\/alimagro.es\/es_es\/wp-json\/wp\/v2\/media?parent=1089"
            }
        ],
        "wp:term": [
            {
                "taxonomy": "category",
                "embeddable": true,
                "href": "https:\/\/alimagro.es\/es_es\/wp-json\/wp\/v2\/categories?post=1089"
            },
            {
                "taxonomy": "post_tag",
                "embeddable": true,
                "href": "https:\/\/alimagro.es\/es_es\/wp-json\/wp\/v2\/tags?post=1089"
            }
        ],
        "curies": [
            {
                "name": "wp",
                "href": "https:\/\/api.w.org\/{rel}",
                "templated": true
            }
        ]
    }
}