{
    "id": 1063,
    "date": "2024-08-24T10:36:00",
    "date_gmt": "2024-08-24T08:36:00",
    "guid": {
        "rendered": "https:\/\/alimagro.es\/?p=1063"
    },
    "modified": "2024-08-26T14:04:39",
    "modified_gmt": "2024-08-26T12:04:39",
    "slug": "blanco-y-oro-trae-los-remolques-mas-versatiles-a-alimagro-2024",
    "status": "publish",
    "type": "post",
    "link": "https:\/\/alimagro.es\/es_es\/2024\/08\/24\/blanco-y-oro-trae-los-remolques-mas-versatiles-a-alimagro-2024\/",
    "title": {
        "rendered": "Blanco y Oro trae los remolques m\u00e1s vers\u00e1tiles a Alimagro 2024"
    },
    "content": {
        "rendered": "<p>Nos encontramos a pocos d\u00edas del inicio de Alimagro 2024, el evento de referencia del cultivo de patata y maquinaria, que tendr\u00e1 lugar en Xinzo de Limia, Ourense. Blanco y Oro, uno de nuestros expositores de esta feria, es una empresa especializada en la fabricaci\u00f3n, venta y mantenimiento de puertas y maquinaria agr\u00edcola.<\/p>\n<p><strong>Blanco y Oro<\/strong> cuenta con m\u00e1s de 40 a\u00f1os de experiencia en el sector y con un equipo de profesionales con amplia destreza tanto en la fabricaci\u00f3n de puertas met\u00e1licas como en la elaboraci\u00f3n de material agr\u00edcola de calidad. Acuden a esta fecha para presentar sus productos de alta calidad y demostrar su compromiso con la innovaci\u00f3n y el desarrollo industrial.<\/p>\n<p>Con instalaciones industriales que abarcan m\u00e1s de 2.500 m\u00b2 y una superficie \u00fatil de 7.000 m\u00b2, Blanco y Oro ha invertido en programas de dise\u00f1o e I+D para optimizar recursos y ofrecer un servicio integral. La empresa, certificada desde 2002 bajo la norma UNE-EN ISO 9001:2000, se adapta a los nuevos desaf\u00edos del mercado a trav\u00e9s de la implementaci\u00f3n de procesos de innovaci\u00f3n industrial.<\/p>\n<p><img loading=\"lazy\" decoding=\"async\" class=\"wp-image-1067 aligncenter\" src=\"https:\/\/alimagro.es\/wp-content\/uploads\/2024\/08\/foto-exposicion-300x225.jpg\" alt=\"\" width=\"767\" height=\"575\" srcset=\"https:\/\/alimagro.es\/wp-content\/uploads\/2024\/08\/foto-exposicion-300x225.jpg 300w, https:\/\/alimagro.es\/wp-content\/uploads\/2024\/08\/foto-exposicion-1024x768.jpg 1024w, https:\/\/alimagro.es\/wp-content\/uploads\/2024\/08\/foto-exposicion-768x576.jpg 768w, https:\/\/alimagro.es\/wp-content\/uploads\/2024\/08\/foto-exposicion-1536x1152.jpg 1536w, https:\/\/alimagro.es\/wp-content\/uploads\/2024\/08\/foto-exposicion-16x12.jpg 16w, https:\/\/alimagro.es\/wp-content\/uploads\/2024\/08\/foto-exposicion-696x522.jpg 696w, https:\/\/alimagro.es\/wp-content\/uploads\/2024\/08\/foto-exposicion-1068x801.jpg 1068w, https:\/\/alimagro.es\/wp-content\/uploads\/2024\/08\/foto-exposicion-1920x1440.jpg 1920w, https:\/\/alimagro.es\/wp-content\/uploads\/2024\/08\/foto-exposicion.jpg 2048w\" sizes=\"auto, (max-width: 767px) 100vw, 767px\" \/><\/p>\n<p>En Alimagro 2024, Blanco y Oro pone especial \u00e9nfasis en sus remolques agr\u00edcolas, presentando modelos como su <strong>Remolque Basculante de 10.000 a 18.000 kg<\/strong>, y el <strong>Remolque Basculante de un eje con capacidad de hasta 3.000 kg<\/strong>, entre otros. La empresa busca captar la atenci\u00f3n de clientes que trabajan en campa\u00f1as agr\u00edcolas espec\u00edficas, como la del ma\u00edz, destacando la funcionalidad y eficiencia de sus remolques peque\u00f1os, que han demostrado ser los m\u00e1s demandados en este tipo de eventos.<\/p>\n<p>\u00abEsperamos que los profesionales puedan ver y probar nuestros remolques, y que elijan aquellos que mejor se adapten a sus necesidades\u00bb, afirma Jes\u00fas Blanco, gerente de Blanco y Oro. \u00abApostamos por ferias como Alimagro para acercar nuestros productos a m\u00e1s profesionales, ofreciendo siempre la mejor relaci\u00f3n calidad-precio\u00bb.<\/p>",
        "protected": false
    },
    "excerpt": {
        "rendered": "<p>Nos encontramos a pocos d\u00edas del inicio de Alimagro 2024, el evento de referencia del cultivo de patata y maquinaria, que tendr\u00e1 lugar en Xinzo de Limia, Ourense. Blanco y Oro, uno de nuestros expositores de esta feria, es una empresa especializada en la fabricaci\u00f3n, venta y mantenimiento de puertas y maquinaria agr\u00edcola. Blanco y [&hellip;]<\/p>",
        "protected": false
    },
    "author": 4,
    "featured_media": 1098,
    "comment_status": "closed",
    "ping_status": "closed",
    "sticky": false,
    "template": "",
    "format": "standard",
    "meta": {
        "ngg_post_thumbnail": 0,
        "footnotes": ""
    },
    "categories": [
        2
    ],
    "tags": [],
    "class_list": {
        "0": "post-1063",
        "1": "post",
        "2": "type-post",
        "3": "status-publish",
        "4": "format-standard",
        "5": "has-post-thumbnail",
        "7": "category-featured"
    },
    "yoast_head": "<!-- This site is optimized with the Yoast SEO plugin v25.8 - https:\/\/yoast.com\/wordpress\/plugins\/seo\/ -->\n<title>Blanco y Oro trae los remolques m\u00e1s vers\u00e1tiles a Alimagro 2024 | Alimagro<\/title>\n<meta name=\"robots\" content=\"index, follow, max-snippet:-1, max-image-preview:large, max-video-preview:-1\" \/>\n<link rel=\"canonical\" href=\"https:\/\/alimagro.es\/es_es\/2024\/08\/24\/blanco-y-oro-trae-los-remolques-mas-versatiles-a-alimagro-2024\/\" \/>\n<meta property=\"og:locale\" content=\"es_ES\" \/>\n<meta property=\"og:type\" content=\"article\" \/>\n<meta property=\"og:title\" content=\"Blanco y Oro trae los remolques m\u00e1s vers\u00e1tiles a Alimagro 2024 | Alimagro\" \/>\n<meta property=\"og:description\" content=\"Nos encontramos a pocos d\u00edas del inicio de Alimagro 2024, el evento de referencia del cultivo de patata y maquinaria, que tendr\u00e1 lugar en Xinzo de Limia, Ourense. Blanco y Oro, uno de nuestros expositores de esta feria, es una empresa especializada en la fabricaci\u00f3n, venta y mantenimiento de puertas y maquinaria agr\u00edcola. Blanco y [&hellip;]\" \/>\n<meta property=\"og:url\" content=\"https:\/\/alimagro.es\/es_es\/2024\/08\/24\/blanco-y-oro-trae-los-remolques-mas-versatiles-a-alimagro-2024\/\" \/>\n<meta property=\"og:site_name\" content=\"Alimagro\" \/>\n<meta property=\"article:publisher\" content=\"https:\/\/www.facebook.com\/people\/Alimagro\/100095025612077\/\" \/>\n<meta property=\"article:published_time\" content=\"2024-08-24T08:36:00+00:00\" \/>\n<meta property=\"article:modified_time\" content=\"2024-08-26T12:04:39+00:00\" \/>\n<meta property=\"og:image\" content=\"https:\/\/alimagro.es\/wp-content\/uploads\/2024\/08\/imagen-alimagro-2024.jpg\" \/>\n\t<meta property=\"og:image:width\" content=\"1000\" \/>\n\t<meta property=\"og:image:height\" content=\"600\" \/>\n\t<meta property=\"og:image:type\" content=\"image\/jpeg\" \/>\n<meta name=\"author\" content=\"Enrique\" \/>\n<meta name=\"twitter:card\" content=\"summary_large_image\" \/>\n<meta name=\"twitter:label1\" content=\"Escrito por\" \/>\n\t<meta name=\"twitter:data1\" content=\"Enrique\" \/>\n\t<meta name=\"twitter:label2\" content=\"Tiempo de lectura\" \/>\n\t<meta name=\"twitter:data2\" content=\"2 minutos\" \/>\n<script type=\"application\/ld+json\" class=\"yoast-schema-graph\">{\"@context\":\"https:\/\/schema.org\",\"@graph\":[{\"@type\":\"Article\",\"@id\":\"https:\/\/alimagro.es\/2024\/08\/24\/blanco-y-oro-trae-los-remolques-mas-versatiles-a-alimagro-2024\/#article\",\"isPartOf\":{\"@id\":\"https:\/\/alimagro.es\/2024\/08\/24\/blanco-y-oro-trae-los-remolques-mas-versatiles-a-alimagro-2024\/\"},\"author\":{\"name\":\"Enrique\",\"@id\":\"https:\/\/alimagro.es\/#\/schema\/person\/30f3189553bc200fd83cdfda07962a67\"},\"headline\":\"Blanco y Oro trae los remolques m\u00e1s vers\u00e1tiles a Alimagro 2024\",\"datePublished\":\"2024-08-24T08:36:00+00:00\",\"dateModified\":\"2024-08-26T12:04:39+00:00\",\"mainEntityOfPage\":{\"@id\":\"https:\/\/alimagro.es\/2024\/08\/24\/blanco-y-oro-trae-los-remolques-mas-versatiles-a-alimagro-2024\/\"},\"wordCount\":333,\"publisher\":{\"@id\":\"https:\/\/alimagro.es\/#organization\"},\"image\":{\"@id\":\"https:\/\/alimagro.es\/2024\/08\/24\/blanco-y-oro-trae-los-remolques-mas-versatiles-a-alimagro-2024\/#primaryimage\"},\"thumbnailUrl\":\"https:\/\/alimagro.es\/wp-content\/uploads\/2024\/08\/imagen-alimagro-2024.jpg\",\"articleSection\":[\"Featured\"],\"inLanguage\":\"es\"},{\"@type\":\"WebPage\",\"@id\":\"https:\/\/alimagro.es\/2024\/08\/24\/blanco-y-oro-trae-los-remolques-mas-versatiles-a-alimagro-2024\/\",\"url\":\"https:\/\/alimagro.es\/2024\/08\/24\/blanco-y-oro-trae-los-remolques-mas-versatiles-a-alimagro-2024\/\",\"name\":\"Blanco y Oro trae los remolques m\u00e1s vers\u00e1tiles a Alimagro 2024 | Alimagro\",\"isPartOf\":{\"@id\":\"https:\/\/alimagro.es\/#website\"},\"primaryImageOfPage\":{\"@id\":\"https:\/\/alimagro.es\/2024\/08\/24\/blanco-y-oro-trae-los-remolques-mas-versatiles-a-alimagro-2024\/#primaryimage\"},\"image\":{\"@id\":\"https:\/\/alimagro.es\/2024\/08\/24\/blanco-y-oro-trae-los-remolques-mas-versatiles-a-alimagro-2024\/#primaryimage\"},\"thumbnailUrl\":\"https:\/\/alimagro.es\/wp-content\/uploads\/2024\/08\/imagen-alimagro-2024.jpg\",\"datePublished\":\"2024-08-24T08:36:00+00:00\",\"dateModified\":\"2024-08-26T12:04:39+00:00\",\"breadcrumb\":{\"@id\":\"https:\/\/alimagro.es\/2024\/08\/24\/blanco-y-oro-trae-los-remolques-mas-versatiles-a-alimagro-2024\/#breadcrumb\"},\"inLanguage\":\"es\",\"potentialAction\":[{\"@type\":\"ReadAction\",\"target\":[\"https:\/\/alimagro.es\/2024\/08\/24\/blanco-y-oro-trae-los-remolques-mas-versatiles-a-alimagro-2024\/\"]}]},{\"@type\":\"ImageObject\",\"inLanguage\":\"es\",\"@id\":\"https:\/\/alimagro.es\/2024\/08\/24\/blanco-y-oro-trae-los-remolques-mas-versatiles-a-alimagro-2024\/#primaryimage\",\"url\":\"https:\/\/alimagro.es\/wp-content\/uploads\/2024\/08\/imagen-alimagro-2024.jpg\",\"contentUrl\":\"https:\/\/alimagro.es\/wp-content\/uploads\/2024\/08\/imagen-alimagro-2024.jpg\",\"width\":1000,\"height\":600},{\"@type\":\"BreadcrumbList\",\"@id\":\"https:\/\/alimagro.es\/2024\/08\/24\/blanco-y-oro-trae-los-remolques-mas-versatiles-a-alimagro-2024\/#breadcrumb\",\"itemListElement\":[{\"@type\":\"ListItem\",\"position\":1,\"name\":\"Portada\",\"item\":\"https:\/\/alimagro.es\/\"},{\"@type\":\"ListItem\",\"position\":2,\"name\":\"Blanco y Oro trae los remolques m\u00e1s vers\u00e1tiles a Alimagro 2024\"}]},{\"@type\":\"WebSite\",\"@id\":\"https:\/\/alimagro.es\/#website\",\"url\":\"https:\/\/alimagro.es\/\",\"name\":\"Alimagro\",\"description\":\"Alimagro, un evento referente nacional que aglutina las novedades en cuanto al cultivo de patata y la maquinaria agr\u00edcola.\",\"publisher\":{\"@id\":\"https:\/\/alimagro.es\/#organization\"},\"alternateName\":\"Feria del Agro de la Limia\",\"potentialAction\":[{\"@type\":\"SearchAction\",\"target\":{\"@type\":\"EntryPoint\",\"urlTemplate\":\"https:\/\/alimagro.es\/?s={search_term_string}\"},\"query-input\":{\"@type\":\"PropertyValueSpecification\",\"valueRequired\":true,\"valueName\":\"search_term_string\"}}],\"inLanguage\":\"es\"},{\"@type\":\"Organization\",\"@id\":\"https:\/\/alimagro.es\/#organization\",\"name\":\"Alimagro\",\"url\":\"https:\/\/alimagro.es\/\",\"logo\":{\"@type\":\"ImageObject\",\"inLanguage\":\"es\",\"@id\":\"https:\/\/alimagro.es\/#\/schema\/logo\/image\/\",\"url\":\"https:\/\/alimagro.es\/wp-content\/uploads\/2023\/07\/alimagro-logo-verde.png\",\"contentUrl\":\"https:\/\/alimagro.es\/wp-content\/uploads\/2023\/07\/alimagro-logo-verde.png\",\"width\":500,\"height\":96,\"caption\":\"Alimagro\"},\"image\":{\"@id\":\"https:\/\/alimagro.es\/#\/schema\/logo\/image\/\"},\"sameAs\":[\"https:\/\/www.facebook.com\/people\/Alimagro\/100095025612077\/\",\"https:\/\/www.instagram.com\/alimagro_\/\"]},{\"@type\":\"Person\",\"@id\":\"https:\/\/alimagro.es\/#\/schema\/person\/30f3189553bc200fd83cdfda07962a67\",\"name\":\"Enrique\",\"image\":{\"@type\":\"ImageObject\",\"inLanguage\":\"es\",\"@id\":\"https:\/\/alimagro.es\/#\/schema\/person\/image\/\",\"url\":\"https:\/\/secure.gravatar.com\/avatar\/a1519c85f5ee8976b593de61a2b9b0b1c86701350844c9798fe2757b11c73f2c?s=96&d=mm&r=g\",\"contentUrl\":\"https:\/\/secure.gravatar.com\/avatar\/a1519c85f5ee8976b593de61a2b9b0b1c86701350844c9798fe2757b11c73f2c?s=96&d=mm&r=g\",\"caption\":\"Enrique\"},\"url\":\"https:\/\/alimagro.es\/es_es\/author\/maquetacion\/\"}]}<\/script>\n<!-- \/ Yoast SEO plugin. -->",
    "yoast_head_json": {
        "title": "Blanco y Oro trae los remolques m\u00e1s vers\u00e1tiles a Alimagro 2024 | Alimagro",
        "robots": {
            "index": "index",
            "follow": "follow",
            "max-snippet": "max-snippet:-1",
            "max-image-preview": "max-image-preview:large",
            "max-video-preview": "max-video-preview:-1"
        },
        "canonical": "https:\/\/alimagro.es\/es_es\/2024\/08\/24\/blanco-y-oro-trae-los-remolques-mas-versatiles-a-alimagro-2024\/",
        "og_locale": "es_ES",
        "og_type": "article",
        "og_title": "Blanco y Oro trae los remolques m\u00e1s vers\u00e1tiles a Alimagro 2024 | Alimagro",
        "og_description": "Nos encontramos a pocos d\u00edas del inicio de Alimagro 2024, el evento de referencia del cultivo de patata y maquinaria, que tendr\u00e1 lugar en Xinzo de Limia, Ourense. Blanco y Oro, uno de nuestros expositores de esta feria, es una empresa especializada en la fabricaci\u00f3n, venta y mantenimiento de puertas y maquinaria agr\u00edcola. Blanco y [&hellip;]",
        "og_url": "https:\/\/alimagro.es\/es_es\/2024\/08\/24\/blanco-y-oro-trae-los-remolques-mas-versatiles-a-alimagro-2024\/",
        "og_site_name": "Alimagro",
        "article_publisher": "https:\/\/www.facebook.com\/people\/Alimagro\/100095025612077\/",
        "article_published_time": "2024-08-24T08:36:00+00:00",
        "article_modified_time": "2024-08-26T12:04:39+00:00",
        "og_image": [
            {
                "width": 1000,
                "height": 600,
                "url": "https:\/\/alimagro.es\/wp-content\/uploads\/2024\/08\/imagen-alimagro-2024.jpg",
                "type": "image\/jpeg"
            }
        ],
        "author": "Enrique",
        "twitter_card": "summary_large_image",
        "twitter_misc": {
            "Escrito por": "Enrique",
            "Tiempo de lectura": "2 minutos"
        },
        "schema": {
            "@context": "https:\/\/schema.org",
            "@graph": [
                {
                    "@type": "Article",
                    "@id": "https:\/\/alimagro.es\/2024\/08\/24\/blanco-y-oro-trae-los-remolques-mas-versatiles-a-alimagro-2024\/#article",
                    "isPartOf": {
                        "@id": "https:\/\/alimagro.es\/2024\/08\/24\/blanco-y-oro-trae-los-remolques-mas-versatiles-a-alimagro-2024\/"
                    },
                    "author": {
                        "name": "Enrique",
                        "@id": "https:\/\/alimagro.es\/#\/schema\/person\/30f3189553bc200fd83cdfda07962a67"
                    },
                    "headline": "Blanco y Oro trae los remolques m\u00e1s vers\u00e1tiles a Alimagro 2024",
                    "datePublished": "2024-08-24T08:36:00+00:00",
                    "dateModified": "2024-08-26T12:04:39+00:00",
                    "mainEntityOfPage": {
                        "@id": "https:\/\/alimagro.es\/2024\/08\/24\/blanco-y-oro-trae-los-remolques-mas-versatiles-a-alimagro-2024\/"
                    },
                    "wordCount": 333,
                    "publisher": {
                        "@id": "https:\/\/alimagro.es\/#organization"
                    },
                    "image": {
                        "@id": "https:\/\/alimagro.es\/2024\/08\/24\/blanco-y-oro-trae-los-remolques-mas-versatiles-a-alimagro-2024\/#primaryimage"
                    },
                    "thumbnailUrl": "https:\/\/alimagro.es\/wp-content\/uploads\/2024\/08\/imagen-alimagro-2024.jpg",
                    "articleSection": [
                        "Featured"
                    ],
                    "inLanguage": "es"
                },
                {
                    "@type": "WebPage",
                    "@id": "https:\/\/alimagro.es\/2024\/08\/24\/blanco-y-oro-trae-los-remolques-mas-versatiles-a-alimagro-2024\/",
                    "url": "https:\/\/alimagro.es\/2024\/08\/24\/blanco-y-oro-trae-los-remolques-mas-versatiles-a-alimagro-2024\/",
                    "name": "Blanco y Oro trae los remolques m\u00e1s vers\u00e1tiles a Alimagro 2024 | Alimagro",
                    "isPartOf": {
                        "@id": "https:\/\/alimagro.es\/#website"
                    },
                    "primaryImageOfPage": {
                        "@id": "https:\/\/alimagro.es\/2024\/08\/24\/blanco-y-oro-trae-los-remolques-mas-versatiles-a-alimagro-2024\/#primaryimage"
                    },
                    "image": {
                        "@id": "https:\/\/alimagro.es\/2024\/08\/24\/blanco-y-oro-trae-los-remolques-mas-versatiles-a-alimagro-2024\/#primaryimage"
                    },
                    "thumbnailUrl": "https:\/\/alimagro.es\/wp-content\/uploads\/2024\/08\/imagen-alimagro-2024.jpg",
                    "datePublished": "2024-08-24T08:36:00+00:00",
                    "dateModified": "2024-08-26T12:04:39+00:00",
                    "breadcrumb": {
                        "@id": "https:\/\/alimagro.es\/2024\/08\/24\/blanco-y-oro-trae-los-remolques-mas-versatiles-a-alimagro-2024\/#breadcrumb"
                    },
                    "inLanguage": "es",
                    "potentialAction": [
                        {
                            "@type": "ReadAction",
                            "target": [
                                "https:\/\/alimagro.es\/2024\/08\/24\/blanco-y-oro-trae-los-remolques-mas-versatiles-a-alimagro-2024\/"
                            ]
                        }
                    ]
                },
                {
                    "@type": "ImageObject",
                    "inLanguage": "es",
                    "@id": "https:\/\/alimagro.es\/2024\/08\/24\/blanco-y-oro-trae-los-remolques-mas-versatiles-a-alimagro-2024\/#primaryimage",
                    "url": "https:\/\/alimagro.es\/wp-content\/uploads\/2024\/08\/imagen-alimagro-2024.jpg",
                    "contentUrl": "https:\/\/alimagro.es\/wp-content\/uploads\/2024\/08\/imagen-alimagro-2024.jpg",
                    "width": 1000,
                    "height": 600
                },
                {
                    "@type": "BreadcrumbList",
                    "@id": "https:\/\/alimagro.es\/2024\/08\/24\/blanco-y-oro-trae-los-remolques-mas-versatiles-a-alimagro-2024\/#breadcrumb",
                    "itemListElement": [
                        {
                            "@type": "ListItem",
                            "position": 1,
                            "name": "Portada",
                            "item": "https:\/\/alimagro.es\/"
                        },
                        {
                            "@type": "ListItem",
                            "position": 2,
                            "name": "Blanco y Oro trae los remolques m\u00e1s vers\u00e1tiles a Alimagro 2024"
                        }
                    ]
                },
                {
                    "@type": "WebSite",
                    "@id": "https:\/\/alimagro.es\/#website",
                    "url": "https:\/\/alimagro.es\/",
                    "name": "Alimagro",
                    "description": "Alimagro, un evento referente nacional que aglutina las novedades en cuanto al cultivo de patata y la maquinaria agr\u00edcola.",
                    "publisher": {
                        "@id": "https:\/\/alimagro.es\/#organization"
                    },
                    "alternateName": "Feria del Agro de la Limia",
                    "potentialAction": [
                        {
                            "@type": "SearchAction",
                            "target": {
                                "@type": "EntryPoint",
                                "urlTemplate": "https:\/\/alimagro.es\/?s={search_term_string}"
                            },
                            "query-input": {
                                "@type": "PropertyValueSpecification",
                                "valueRequired": true,
                                "valueName": "search_term_string"
                            }
                        }
                    ],
                    "inLanguage": "es"
                },
                {
                    "@type": "Organization",
                    "@id": "https:\/\/alimagro.es\/#organization",
                    "name": "Alimagro",
                    "url": "https:\/\/alimagro.es\/",
                    "logo": {
                        "@type": "ImageObject",
                        "inLanguage": "es",
                        "@id": "https:\/\/alimagro.es\/#\/schema\/logo\/image\/",
                        "url": "https:\/\/alimagro.es\/wp-content\/uploads\/2023\/07\/alimagro-logo-verde.png",
                        "contentUrl": "https:\/\/alimagro.es\/wp-content\/uploads\/2023\/07\/alimagro-logo-verde.png",
                        "width": 500,
                        "height": 96,
                        "caption": "Alimagro"
                    },
                    "image": {
                        "@id": "https:\/\/alimagro.es\/#\/schema\/logo\/image\/"
                    },
                    "sameAs": [
                        "https:\/\/www.facebook.com\/people\/Alimagro\/100095025612077\/",
                        "https:\/\/www.instagram.com\/alimagro_\/"
                    ]
                },
                {
                    "@type": "Person",
                    "@id": "https:\/\/alimagro.es\/#\/schema\/person\/30f3189553bc200fd83cdfda07962a67",
                    "name": "Enrique",
                    "image": {
                        "@type": "ImageObject",
                        "inLanguage": "es",
                        "@id": "https:\/\/alimagro.es\/#\/schema\/person\/image\/",
                        "url": "https:\/\/secure.gravatar.com\/avatar\/a1519c85f5ee8976b593de61a2b9b0b1c86701350844c9798fe2757b11c73f2c?s=96&d=mm&r=g",
                        "contentUrl": "https:\/\/secure.gravatar.com\/avatar\/a1519c85f5ee8976b593de61a2b9b0b1c86701350844c9798fe2757b11c73f2c?s=96&d=mm&r=g",
                        "caption": "Enrique"
                    },
                    "url": "https:\/\/alimagro.es\/es_es\/author\/maquetacion\/"
                }
            ]
        }
    },
    "_links": {
        "self": [
            {
                "href": "https:\/\/alimagro.es\/es_es\/wp-json\/wp\/v2\/posts\/1063",
                "targetHints": {
                    "allow": [
                        "GET"
                    ]
                }
            }
        ],
        "collection": [
            {
                "href": "https:\/\/alimagro.es\/es_es\/wp-json\/wp\/v2\/posts"
            }
        ],
        "about": [
            {
                "href": "https:\/\/alimagro.es\/es_es\/wp-json\/wp\/v2\/types\/post"
            }
        ],
        "author": [
            {
                "embeddable": true,
                "href": "https:\/\/alimagro.es\/es_es\/wp-json\/wp\/v2\/users\/4"
            }
        ],
        "replies": [
            {
                "embeddable": true,
                "href": "https:\/\/alimagro.es\/es_es\/wp-json\/wp\/v2\/comments?post=1063"
            }
        ],
        "version-history": [
            {
                "count": 4,
                "href": "https:\/\/alimagro.es\/es_es\/wp-json\/wp\/v2\/posts\/1063\/revisions"
            }
        ],
        "predecessor-version": [
            {
                "id": 1071,
                "href": "https:\/\/alimagro.es\/es_es\/wp-json\/wp\/v2\/posts\/1063\/revisions\/1071"
            }
        ],
        "wp:featuredmedia": [
            {
                "embeddable": true,
                "href": "https:\/\/alimagro.es\/es_es\/wp-json\/wp\/v2\/media\/1098"
            }
        ],
        "wp:attachment": [
            {
                "href": "https:\/\/alimagro.es\/es_es\/wp-json\/wp\/v2\/media?parent=1063"
            }
        ],
        "wp:term": [
            {
                "taxonomy": "category",
                "embeddable": true,
                "href": "https:\/\/alimagro.es\/es_es\/wp-json\/wp\/v2\/categories?post=1063"
            },
            {
                "taxonomy": "post_tag",
                "embeddable": true,
                "href": "https:\/\/alimagro.es\/es_es\/wp-json\/wp\/v2\/tags?post=1063"
            }
        ],
        "curies": [
            {
                "name": "wp",
                "href": "https:\/\/api.w.org\/{rel}",
                "templated": true
            }
        ]
    }
}