{
    "id": 1018,
    "date": "2024-08-21T08:34:21",
    "date_gmt": "2024-08-21T06:34:21",
    "guid": {
        "rendered": "https:\/\/alimagro.es\/?p=1018"
    },
    "modified": "2024-08-23T10:49:46",
    "modified_gmt": "2024-08-23T08:49:46",
    "slug": "ges-seguros-ofrecera-asesoramiento-y-cobertura-de-agroseguros-en-alimagro",
    "status": "publish",
    "type": "post",
    "link": "https:\/\/alimagro.es\/es_es\/2024\/08\/21\/ges-seguros-ofrecera-asesoramiento-y-cobertura-de-agroseguros-en-alimagro\/",
    "title": {
        "rendered": "Ges Seguros ofrecer\u00e1 asesoramiento y cobertura de agroseguros en Alimagro"
    },
    "content": {
        "rendered": "<p>Tan solo faltan 10 d\u00edas para Alimagro 2024, el evento dedicado a la maquinaria y cultivo de patata en Xinzo de Limia (Ourense). Ges Seguros, una compa\u00f1\u00eda de seguros de reconocido prestigio, nos acompa\u00f1a en esta cita. Con m\u00e1s de 23 a\u00f1os de experiencia, se trata de una empresa s\u00f3lida, de capital exclusivamente nacional, y con una red de agentes con dilatada experiencia.<\/p>\n<p>Ges Seguros es una compa\u00f1\u00eda que naci\u00f3 bajo el nombre de Sociedad General Espa\u00f1ola de Seguros y Reaseguros y cuenta con m\u00e1s de 23 a\u00f1os de experiencia en el sector asegurador. Podremos contar con ellos y con sus servicios de asesoramiento en los seguros del sector. Adem\u00e1s, podr\u00e1 actualizarte y resolver las dudas en cuanto a los servicios que prestan y que puedes necesitar. Todo lo que precisas para aportar seguridad y bienestar a tu negocio.<\/p>\n<p>En Alimagro acudir\u00e1n para dar cobertura de sus agroseguros en los cultivos, en maquinaria agr\u00edcola y en sus instalaciones. Adem\u00e1s, podr\u00e1s conocer sus servicios en el sector agroganadero y sus seguros integrales.<\/p>\n<p>Desde Ges Seguro animan a todo el mundo a participar en Alimagro. \u201cEs muy positivo poder conocer todas coberturas para solventar los riesgos del sector y hacerlo de primera mano\u201d, adelanta Pedro Flores, corredor de seguros de Ges Seguro.<\/p>",
        "protected": false
    },
    "excerpt": {
        "rendered": "<p>Tan solo faltan 10 d\u00edas para Alimagro 2024, el evento dedicado a la maquinaria y cultivo de patata en Xinzo de Limia (Ourense). Ges Seguros, una compa\u00f1\u00eda de seguros de reconocido prestigio, nos acompa\u00f1a en esta cita. Con m\u00e1s de 23 a\u00f1os de experiencia, se trata de una empresa s\u00f3lida, de capital exclusivamente nacional, y [&hellip;]<\/p>",
        "protected": false
    },
    "author": 4,
    "featured_media": 1054,
    "comment_status": "closed",
    "ping_status": "closed",
    "sticky": false,
    "template": "",
    "format": "standard",
    "meta": {
        "ngg_post_thumbnail": 0,
        "footnotes": ""
    },
    "categories": [
        1
    ],
    "tags": [],
    "class_list": {
        "0": "post-1018",
        "1": "post",
        "2": "type-post",
        "3": "status-publish",
        "4": "format-standard",
        "5": "has-post-thumbnail",
        "7": "category-sin-categoria"
    },
    "yoast_head": "<!-- This site is optimized with the Yoast SEO plugin v25.8 - https:\/\/yoast.com\/wordpress\/plugins\/seo\/ -->\n<title>Ges Seguros ofrecer\u00e1 asesoramiento y cobertura de agroseguros en Alimagro | Alimagro<\/title>\n<meta name=\"robots\" content=\"index, follow, max-snippet:-1, max-image-preview:large, max-video-preview:-1\" \/>\n<link rel=\"canonical\" href=\"https:\/\/alimagro.es\/es_es\/2024\/08\/21\/ges-seguros-ofrecera-asesoramiento-y-cobertura-de-agroseguros-en-alimagro\/\" \/>\n<meta property=\"og:locale\" content=\"es_ES\" \/>\n<meta property=\"og:type\" content=\"article\" \/>\n<meta property=\"og:title\" content=\"Ges Seguros ofrecer\u00e1 asesoramiento y cobertura de agroseguros en Alimagro | Alimagro\" \/>\n<meta property=\"og:description\" content=\"Tan solo faltan 10 d\u00edas para Alimagro 2024, el evento dedicado a la maquinaria y cultivo de patata en Xinzo de Limia (Ourense). Ges Seguros, una compa\u00f1\u00eda de seguros de reconocido prestigio, nos acompa\u00f1a en esta cita. Con m\u00e1s de 23 a\u00f1os de experiencia, se trata de una empresa s\u00f3lida, de capital exclusivamente nacional, y [&hellip;]\" \/>\n<meta property=\"og:url\" content=\"https:\/\/alimagro.es\/es_es\/2024\/08\/21\/ges-seguros-ofrecera-asesoramiento-y-cobertura-de-agroseguros-en-alimagro\/\" \/>\n<meta property=\"og:site_name\" content=\"Alimagro\" \/>\n<meta property=\"article:publisher\" content=\"https:\/\/www.facebook.com\/people\/Alimagro\/100095025612077\/\" \/>\n<meta property=\"article:published_time\" content=\"2024-08-21T06:34:21+00:00\" \/>\n<meta property=\"article:modified_time\" content=\"2024-08-23T08:49:46+00:00\" \/>\n<meta property=\"og:image\" content=\"https:\/\/alimagro.es\/wp-content\/uploads\/2024\/08\/Foto-equipo-Xinzo-Ges-Seguros-Alimagro-2024-1.jpg\" \/>\n\t<meta property=\"og:image:width\" content=\"1000\" \/>\n\t<meta property=\"og:image:height\" content=\"600\" \/>\n\t<meta property=\"og:image:type\" content=\"image\/jpeg\" \/>\n<meta name=\"author\" content=\"Enrique\" \/>\n<meta name=\"twitter:card\" content=\"summary_large_image\" \/>\n<meta name=\"twitter:label1\" content=\"Escrito por\" \/>\n\t<meta name=\"twitter:data1\" content=\"Enrique\" \/>\n\t<meta name=\"twitter:label2\" content=\"Tiempo de lectura\" \/>\n\t<meta name=\"twitter:data2\" content=\"2 minutos\" \/>\n<script type=\"application\/ld+json\" class=\"yoast-schema-graph\">{\"@context\":\"https:\/\/schema.org\",\"@graph\":[{\"@type\":\"Article\",\"@id\":\"https:\/\/alimagro.es\/2024\/08\/21\/ges-seguros-ofrecera-asesoramiento-y-cobertura-de-agroseguros-en-alimagro\/#article\",\"isPartOf\":{\"@id\":\"https:\/\/alimagro.es\/2024\/08\/21\/ges-seguros-ofrecera-asesoramiento-y-cobertura-de-agroseguros-en-alimagro\/\"},\"author\":{\"name\":\"Enrique\",\"@id\":\"https:\/\/alimagro.es\/#\/schema\/person\/30f3189553bc200fd83cdfda07962a67\"},\"headline\":\"Ges Seguros ofrecer\u00e1 asesoramiento y cobertura de agroseguros en Alimagro\",\"datePublished\":\"2024-08-21T06:34:21+00:00\",\"dateModified\":\"2024-08-23T08:49:46+00:00\",\"mainEntityOfPage\":{\"@id\":\"https:\/\/alimagro.es\/2024\/08\/21\/ges-seguros-ofrecera-asesoramiento-y-cobertura-de-agroseguros-en-alimagro\/\"},\"wordCount\":231,\"publisher\":{\"@id\":\"https:\/\/alimagro.es\/#organization\"},\"image\":{\"@id\":\"https:\/\/alimagro.es\/2024\/08\/21\/ges-seguros-ofrecera-asesoramiento-y-cobertura-de-agroseguros-en-alimagro\/#primaryimage\"},\"thumbnailUrl\":\"https:\/\/alimagro.es\/wp-content\/uploads\/2024\/08\/Foto-equipo-Xinzo-Ges-Seguros-Alimagro-2024-1.jpg\",\"inLanguage\":\"es\"},{\"@type\":\"WebPage\",\"@id\":\"https:\/\/alimagro.es\/2024\/08\/21\/ges-seguros-ofrecera-asesoramiento-y-cobertura-de-agroseguros-en-alimagro\/\",\"url\":\"https:\/\/alimagro.es\/2024\/08\/21\/ges-seguros-ofrecera-asesoramiento-y-cobertura-de-agroseguros-en-alimagro\/\",\"name\":\"Ges Seguros ofrecer\u00e1 asesoramiento y cobertura de agroseguros en Alimagro | Alimagro\",\"isPartOf\":{\"@id\":\"https:\/\/alimagro.es\/#website\"},\"primaryImageOfPage\":{\"@id\":\"https:\/\/alimagro.es\/2024\/08\/21\/ges-seguros-ofrecera-asesoramiento-y-cobertura-de-agroseguros-en-alimagro\/#primaryimage\"},\"image\":{\"@id\":\"https:\/\/alimagro.es\/2024\/08\/21\/ges-seguros-ofrecera-asesoramiento-y-cobertura-de-agroseguros-en-alimagro\/#primaryimage\"},\"thumbnailUrl\":\"https:\/\/alimagro.es\/wp-content\/uploads\/2024\/08\/Foto-equipo-Xinzo-Ges-Seguros-Alimagro-2024-1.jpg\",\"datePublished\":\"2024-08-21T06:34:21+00:00\",\"dateModified\":\"2024-08-23T08:49:46+00:00\",\"breadcrumb\":{\"@id\":\"https:\/\/alimagro.es\/2024\/08\/21\/ges-seguros-ofrecera-asesoramiento-y-cobertura-de-agroseguros-en-alimagro\/#breadcrumb\"},\"inLanguage\":\"es\",\"potentialAction\":[{\"@type\":\"ReadAction\",\"target\":[\"https:\/\/alimagro.es\/2024\/08\/21\/ges-seguros-ofrecera-asesoramiento-y-cobertura-de-agroseguros-en-alimagro\/\"]}]},{\"@type\":\"ImageObject\",\"inLanguage\":\"es\",\"@id\":\"https:\/\/alimagro.es\/2024\/08\/21\/ges-seguros-ofrecera-asesoramiento-y-cobertura-de-agroseguros-en-alimagro\/#primaryimage\",\"url\":\"https:\/\/alimagro.es\/wp-content\/uploads\/2024\/08\/Foto-equipo-Xinzo-Ges-Seguros-Alimagro-2024-1.jpg\",\"contentUrl\":\"https:\/\/alimagro.es\/wp-content\/uploads\/2024\/08\/Foto-equipo-Xinzo-Ges-Seguros-Alimagro-2024-1.jpg\",\"width\":1000,\"height\":600},{\"@type\":\"BreadcrumbList\",\"@id\":\"https:\/\/alimagro.es\/2024\/08\/21\/ges-seguros-ofrecera-asesoramiento-y-cobertura-de-agroseguros-en-alimagro\/#breadcrumb\",\"itemListElement\":[{\"@type\":\"ListItem\",\"position\":1,\"name\":\"Portada\",\"item\":\"https:\/\/alimagro.es\/\"},{\"@type\":\"ListItem\",\"position\":2,\"name\":\"Ges Seguros ofrecer\u00e1 asesoramiento y cobertura de agroseguros en Alimagro\"}]},{\"@type\":\"WebSite\",\"@id\":\"https:\/\/alimagro.es\/#website\",\"url\":\"https:\/\/alimagro.es\/\",\"name\":\"Alimagro\",\"description\":\"Alimagro, un evento referente nacional que aglutina las novedades en cuanto al cultivo de patata y la maquinaria agr\u00edcola.\",\"publisher\":{\"@id\":\"https:\/\/alimagro.es\/#organization\"},\"alternateName\":\"Feria del Agro de la Limia\",\"potentialAction\":[{\"@type\":\"SearchAction\",\"target\":{\"@type\":\"EntryPoint\",\"urlTemplate\":\"https:\/\/alimagro.es\/?s={search_term_string}\"},\"query-input\":{\"@type\":\"PropertyValueSpecification\",\"valueRequired\":true,\"valueName\":\"search_term_string\"}}],\"inLanguage\":\"es\"},{\"@type\":\"Organization\",\"@id\":\"https:\/\/alimagro.es\/#organization\",\"name\":\"Alimagro\",\"url\":\"https:\/\/alimagro.es\/\",\"logo\":{\"@type\":\"ImageObject\",\"inLanguage\":\"es\",\"@id\":\"https:\/\/alimagro.es\/#\/schema\/logo\/image\/\",\"url\":\"https:\/\/alimagro.es\/wp-content\/uploads\/2023\/07\/alimagro-logo-verde.png\",\"contentUrl\":\"https:\/\/alimagro.es\/wp-content\/uploads\/2023\/07\/alimagro-logo-verde.png\",\"width\":500,\"height\":96,\"caption\":\"Alimagro\"},\"image\":{\"@id\":\"https:\/\/alimagro.es\/#\/schema\/logo\/image\/\"},\"sameAs\":[\"https:\/\/www.facebook.com\/people\/Alimagro\/100095025612077\/\",\"https:\/\/www.instagram.com\/alimagro_\/\"]},{\"@type\":\"Person\",\"@id\":\"https:\/\/alimagro.es\/#\/schema\/person\/30f3189553bc200fd83cdfda07962a67\",\"name\":\"Enrique\",\"image\":{\"@type\":\"ImageObject\",\"inLanguage\":\"es\",\"@id\":\"https:\/\/alimagro.es\/#\/schema\/person\/image\/\",\"url\":\"https:\/\/secure.gravatar.com\/avatar\/a1519c85f5ee8976b593de61a2b9b0b1c86701350844c9798fe2757b11c73f2c?s=96&d=mm&r=g\",\"contentUrl\":\"https:\/\/secure.gravatar.com\/avatar\/a1519c85f5ee8976b593de61a2b9b0b1c86701350844c9798fe2757b11c73f2c?s=96&d=mm&r=g\",\"caption\":\"Enrique\"},\"url\":\"https:\/\/alimagro.es\/es_es\/author\/maquetacion\/\"}]}<\/script>\n<!-- \/ Yoast SEO plugin. -->",
    "yoast_head_json": {
        "title": "Ges Seguros ofrecer\u00e1 asesoramiento y cobertura de agroseguros en Alimagro | Alimagro",
        "robots": {
            "index": "index",
            "follow": "follow",
            "max-snippet": "max-snippet:-1",
            "max-image-preview": "max-image-preview:large",
            "max-video-preview": "max-video-preview:-1"
        },
        "canonical": "https:\/\/alimagro.es\/es_es\/2024\/08\/21\/ges-seguros-ofrecera-asesoramiento-y-cobertura-de-agroseguros-en-alimagro\/",
        "og_locale": "es_ES",
        "og_type": "article",
        "og_title": "Ges Seguros ofrecer\u00e1 asesoramiento y cobertura de agroseguros en Alimagro | Alimagro",
        "og_description": "Tan solo faltan 10 d\u00edas para Alimagro 2024, el evento dedicado a la maquinaria y cultivo de patata en Xinzo de Limia (Ourense). Ges Seguros, una compa\u00f1\u00eda de seguros de reconocido prestigio, nos acompa\u00f1a en esta cita. Con m\u00e1s de 23 a\u00f1os de experiencia, se trata de una empresa s\u00f3lida, de capital exclusivamente nacional, y [&hellip;]",
        "og_url": "https:\/\/alimagro.es\/es_es\/2024\/08\/21\/ges-seguros-ofrecera-asesoramiento-y-cobertura-de-agroseguros-en-alimagro\/",
        "og_site_name": "Alimagro",
        "article_publisher": "https:\/\/www.facebook.com\/people\/Alimagro\/100095025612077\/",
        "article_published_time": "2024-08-21T06:34:21+00:00",
        "article_modified_time": "2024-08-23T08:49:46+00:00",
        "og_image": [
            {
                "width": 1000,
                "height": 600,
                "url": "https:\/\/alimagro.es\/wp-content\/uploads\/2024\/08\/Foto-equipo-Xinzo-Ges-Seguros-Alimagro-2024-1.jpg",
                "type": "image\/jpeg"
            }
        ],
        "author": "Enrique",
        "twitter_card": "summary_large_image",
        "twitter_misc": {
            "Escrito por": "Enrique",
            "Tiempo de lectura": "2 minutos"
        },
        "schema": {
            "@context": "https:\/\/schema.org",
            "@graph": [
                {
                    "@type": "Article",
                    "@id": "https:\/\/alimagro.es\/2024\/08\/21\/ges-seguros-ofrecera-asesoramiento-y-cobertura-de-agroseguros-en-alimagro\/#article",
                    "isPartOf": {
                        "@id": "https:\/\/alimagro.es\/2024\/08\/21\/ges-seguros-ofrecera-asesoramiento-y-cobertura-de-agroseguros-en-alimagro\/"
                    },
                    "author": {
                        "name": "Enrique",
                        "@id": "https:\/\/alimagro.es\/#\/schema\/person\/30f3189553bc200fd83cdfda07962a67"
                    },
                    "headline": "Ges Seguros ofrecer\u00e1 asesoramiento y cobertura de agroseguros en Alimagro",
                    "datePublished": "2024-08-21T06:34:21+00:00",
                    "dateModified": "2024-08-23T08:49:46+00:00",
                    "mainEntityOfPage": {
                        "@id": "https:\/\/alimagro.es\/2024\/08\/21\/ges-seguros-ofrecera-asesoramiento-y-cobertura-de-agroseguros-en-alimagro\/"
                    },
                    "wordCount": 231,
                    "publisher": {
                        "@id": "https:\/\/alimagro.es\/#organization"
                    },
                    "image": {
                        "@id": "https:\/\/alimagro.es\/2024\/08\/21\/ges-seguros-ofrecera-asesoramiento-y-cobertura-de-agroseguros-en-alimagro\/#primaryimage"
                    },
                    "thumbnailUrl": "https:\/\/alimagro.es\/wp-content\/uploads\/2024\/08\/Foto-equipo-Xinzo-Ges-Seguros-Alimagro-2024-1.jpg",
                    "inLanguage": "es"
                },
                {
                    "@type": "WebPage",
                    "@id": "https:\/\/alimagro.es\/2024\/08\/21\/ges-seguros-ofrecera-asesoramiento-y-cobertura-de-agroseguros-en-alimagro\/",
                    "url": "https:\/\/alimagro.es\/2024\/08\/21\/ges-seguros-ofrecera-asesoramiento-y-cobertura-de-agroseguros-en-alimagro\/",
                    "name": "Ges Seguros ofrecer\u00e1 asesoramiento y cobertura de agroseguros en Alimagro | Alimagro",
                    "isPartOf": {
                        "@id": "https:\/\/alimagro.es\/#website"
                    },
                    "primaryImageOfPage": {
                        "@id": "https:\/\/alimagro.es\/2024\/08\/21\/ges-seguros-ofrecera-asesoramiento-y-cobertura-de-agroseguros-en-alimagro\/#primaryimage"
                    },
                    "image": {
                        "@id": "https:\/\/alimagro.es\/2024\/08\/21\/ges-seguros-ofrecera-asesoramiento-y-cobertura-de-agroseguros-en-alimagro\/#primaryimage"
                    },
                    "thumbnailUrl": "https:\/\/alimagro.es\/wp-content\/uploads\/2024\/08\/Foto-equipo-Xinzo-Ges-Seguros-Alimagro-2024-1.jpg",
                    "datePublished": "2024-08-21T06:34:21+00:00",
                    "dateModified": "2024-08-23T08:49:46+00:00",
                    "breadcrumb": {
                        "@id": "https:\/\/alimagro.es\/2024\/08\/21\/ges-seguros-ofrecera-asesoramiento-y-cobertura-de-agroseguros-en-alimagro\/#breadcrumb"
                    },
                    "inLanguage": "es",
                    "potentialAction": [
                        {
                            "@type": "ReadAction",
                            "target": [
                                "https:\/\/alimagro.es\/2024\/08\/21\/ges-seguros-ofrecera-asesoramiento-y-cobertura-de-agroseguros-en-alimagro\/"
                            ]
                        }
                    ]
                },
                {
                    "@type": "ImageObject",
                    "inLanguage": "es",
                    "@id": "https:\/\/alimagro.es\/2024\/08\/21\/ges-seguros-ofrecera-asesoramiento-y-cobertura-de-agroseguros-en-alimagro\/#primaryimage",
                    "url": "https:\/\/alimagro.es\/wp-content\/uploads\/2024\/08\/Foto-equipo-Xinzo-Ges-Seguros-Alimagro-2024-1.jpg",
                    "contentUrl": "https:\/\/alimagro.es\/wp-content\/uploads\/2024\/08\/Foto-equipo-Xinzo-Ges-Seguros-Alimagro-2024-1.jpg",
                    "width": 1000,
                    "height": 600
                },
                {
                    "@type": "BreadcrumbList",
                    "@id": "https:\/\/alimagro.es\/2024\/08\/21\/ges-seguros-ofrecera-asesoramiento-y-cobertura-de-agroseguros-en-alimagro\/#breadcrumb",
                    "itemListElement": [
                        {
                            "@type": "ListItem",
                            "position": 1,
                            "name": "Portada",
                            "item": "https:\/\/alimagro.es\/"
                        },
                        {
                            "@type": "ListItem",
                            "position": 2,
                            "name": "Ges Seguros ofrecer\u00e1 asesoramiento y cobertura de agroseguros en Alimagro"
                        }
                    ]
                },
                {
                    "@type": "WebSite",
                    "@id": "https:\/\/alimagro.es\/#website",
                    "url": "https:\/\/alimagro.es\/",
                    "name": "Alimagro",
                    "description": "Alimagro, un evento referente nacional que aglutina las novedades en cuanto al cultivo de patata y la maquinaria agr\u00edcola.",
                    "publisher": {
                        "@id": "https:\/\/alimagro.es\/#organization"
                    },
                    "alternateName": "Feria del Agro de la Limia",
                    "potentialAction": [
                        {
                            "@type": "SearchAction",
                            "target": {
                                "@type": "EntryPoint",
                                "urlTemplate": "https:\/\/alimagro.es\/?s={search_term_string}"
                            },
                            "query-input": {
                                "@type": "PropertyValueSpecification",
                                "valueRequired": true,
                                "valueName": "search_term_string"
                            }
                        }
                    ],
                    "inLanguage": "es"
                },
                {
                    "@type": "Organization",
                    "@id": "https:\/\/alimagro.es\/#organization",
                    "name": "Alimagro",
                    "url": "https:\/\/alimagro.es\/",
                    "logo": {
                        "@type": "ImageObject",
                        "inLanguage": "es",
                        "@id": "https:\/\/alimagro.es\/#\/schema\/logo\/image\/",
                        "url": "https:\/\/alimagro.es\/wp-content\/uploads\/2023\/07\/alimagro-logo-verde.png",
                        "contentUrl": "https:\/\/alimagro.es\/wp-content\/uploads\/2023\/07\/alimagro-logo-verde.png",
                        "width": 500,
                        "height": 96,
                        "caption": "Alimagro"
                    },
                    "image": {
                        "@id": "https:\/\/alimagro.es\/#\/schema\/logo\/image\/"
                    },
                    "sameAs": [
                        "https:\/\/www.facebook.com\/people\/Alimagro\/100095025612077\/",
                        "https:\/\/www.instagram.com\/alimagro_\/"
                    ]
                },
                {
                    "@type": "Person",
                    "@id": "https:\/\/alimagro.es\/#\/schema\/person\/30f3189553bc200fd83cdfda07962a67",
                    "name": "Enrique",
                    "image": {
                        "@type": "ImageObject",
                        "inLanguage": "es",
                        "@id": "https:\/\/alimagro.es\/#\/schema\/person\/image\/",
                        "url": "https:\/\/secure.gravatar.com\/avatar\/a1519c85f5ee8976b593de61a2b9b0b1c86701350844c9798fe2757b11c73f2c?s=96&d=mm&r=g",
                        "contentUrl": "https:\/\/secure.gravatar.com\/avatar\/a1519c85f5ee8976b593de61a2b9b0b1c86701350844c9798fe2757b11c73f2c?s=96&d=mm&r=g",
                        "caption": "Enrique"
                    },
                    "url": "https:\/\/alimagro.es\/es_es\/author\/maquetacion\/"
                }
            ]
        }
    },
    "_links": {
        "self": [
            {
                "href": "https:\/\/alimagro.es\/es_es\/wp-json\/wp\/v2\/posts\/1018",
                "targetHints": {
                    "allow": [
                        "GET"
                    ]
                }
            }
        ],
        "collection": [
            {
                "href": "https:\/\/alimagro.es\/es_es\/wp-json\/wp\/v2\/posts"
            }
        ],
        "about": [
            {
                "href": "https:\/\/alimagro.es\/es_es\/wp-json\/wp\/v2\/types\/post"
            }
        ],
        "author": [
            {
                "embeddable": true,
                "href": "https:\/\/alimagro.es\/es_es\/wp-json\/wp\/v2\/users\/4"
            }
        ],
        "replies": [
            {
                "embeddable": true,
                "href": "https:\/\/alimagro.es\/es_es\/wp-json\/wp\/v2\/comments?post=1018"
            }
        ],
        "version-history": [
            {
                "count": 1,
                "href": "https:\/\/alimagro.es\/es_es\/wp-json\/wp\/v2\/posts\/1018\/revisions"
            }
        ],
        "predecessor-version": [
            {
                "id": 1020,
                "href": "https:\/\/alimagro.es\/es_es\/wp-json\/wp\/v2\/posts\/1018\/revisions\/1020"
            }
        ],
        "wp:featuredmedia": [
            {
                "embeddable": true,
                "href": "https:\/\/alimagro.es\/es_es\/wp-json\/wp\/v2\/media\/1054"
            }
        ],
        "wp:attachment": [
            {
                "href": "https:\/\/alimagro.es\/es_es\/wp-json\/wp\/v2\/media?parent=1018"
            }
        ],
        "wp:term": [
            {
                "taxonomy": "category",
                "embeddable": true,
                "href": "https:\/\/alimagro.es\/es_es\/wp-json\/wp\/v2\/categories?post=1018"
            },
            {
                "taxonomy": "post_tag",
                "embeddable": true,
                "href": "https:\/\/alimagro.es\/es_es\/wp-json\/wp\/v2\/tags?post=1018"
            }
        ],
        "curies": [
            {
                "name": "wp",
                "href": "https:\/\/api.w.org\/{rel}",
                "templated": true
            }
        ]
    }
}