{
    "version": "1.0",
    "provider_name": "Alimagro",
    "provider_url": "https:\/\/alimagro.es\/es_es",
    "author_name": "Enrique Gonz\u00e1lez Tamayo",
    "author_url": "https:\/\/alimagro.es\/es_es\/author\/enriquemax\/",
    "title": "VII Feria del agro de la limia | Alimagro",
    "type": "rich",
    "width": 600,
    "height": 338,
    "html": "<blockquote class=\"wp-embedded-content\" data-secret=\"tVC51ieWXh\"><a href=\"https:\/\/alimagro.es\/es_es\/\">Inicio 2026<\/a><\/blockquote><iframe sandbox=\"allow-scripts\" security=\"restricted\" src=\"https:\/\/alimagro.es\/es_es\/embed\/#?secret=tVC51ieWXh\" width=\"600\" height=\"338\" title=\"\u00abInicio 2026\u00bb \u2014 Alimagro\" data-secret=\"tVC51ieWXh\" frameborder=\"0\" marginwidth=\"0\" marginheight=\"0\" scrolling=\"no\" class=\"wp-embedded-content\"><\/iframe><script>\n\/*! This file is auto-generated *\/\n!function(d,l){\"use strict\";l.querySelector&&d.addEventListener&&\"undefined\"!=typeof URL&&(d.wp=d.wp||{},d.wp.receiveEmbedMessage||(d.wp.receiveEmbedMessage=function(e){var t=e.data;if((t||t.secret||t.message||t.value)&&!\/[^a-zA-Z0-9]\/.test(t.secret)){for(var s,r,n,a=l.querySelectorAll('iframe[data-secret=\"'+t.secret+'\"]'),o=l.querySelectorAll('blockquote[data-secret=\"'+t.secret+'\"]'),c=new RegExp(\"^https?:$\",\"i\"),i=0;i<o.length;i++)o[i].style.display=\"none\";for(i=0;i<a.length;i++)s=a[i],e.source===s.contentWindow&&(s.removeAttribute(\"style\"),\"height\"===t.message?(1e3<(r=parseInt(t.value,10))?r=1e3:~~r<200&&(r=200),s.height=r):\"link\"===t.message&&(r=new URL(s.getAttribute(\"src\")),n=new URL(t.value),c.test(n.protocol))&&n.host===r.host&&l.activeElement===s&&(d.top.location.href=t.value))}},d.addEventListener(\"message\",d.wp.receiveEmbedMessage,!1),l.addEventListener(\"DOMContentLoaded\",function(){for(var e,t,s=l.querySelectorAll(\"iframe.wp-embedded-content\"),r=0;r<s.length;r++)(t=(e=s[r]).getAttribute(\"data-secret\"))||(t=Math.random().toString(36).substring(2,12),e.src+=\"#?secret=\"+t,e.setAttribute(\"data-secret\",t)),e.contentWindow.postMessage({message:\"ready\",secret:t},\"*\")},!1)))}(window,document);\n\/\/# sourceURL=https:\/\/alimagro.es\/wp-includes\/js\/wp-embed.min.js\n<\/script>",
    "thumbnail_url": "https:\/\/alimagro.es\/wp-content\/uploads\/2026\/08\/Cartel-Alimagro-2026-version-horizontal.jpg",
    "thumbnail_width": 1933,
    "thumbnail_height": 1101,
    "description": "La 7\u00aa edici\u00f3n de Alimagro se celebrar\u00e1 los d\u00edas 5 y 6 de septiembre en Xinzo de Limia (Ourense). Esta feria se ha convertido en un escaparate para el sector agr\u00edcola nacional y se sit\u00faa entre los diez eventos m\u00e1s importantes de su categor\u00eda. Entre los aspectos m\u00e1s destacados, se presentar\u00e1n las \u00faltimas innovaciones en maquinaria agr\u00edcola de las principales marcas del mercado."
}